{"id":71662,"date":"2018-02-09T00:00:31","date_gmt":"2018-02-08T22:00:31","guid":{"rendered":"http:\/\/www.noubarris.net\/web40\/?p=71662"},"modified":"2018-02-08T16:48:53","modified_gmt":"2018-02-08T14:48:53","slug":"mes-de-300-veins-de-les-roquetes-es-disfressen-per-viatjar-a-mart","status":"publish","type":"post","link":"https:\/\/www.noubarris.net\/web40\/mes-de-300-veins-de-les-roquetes-es-disfressen-per-viatjar-a-mart\/","title":{"rendered":"M\u00e9s de 300 ve\u00efns de les Roquetes es disfressen per viatjar a Mart"},"content":{"rendered":"<p><strong>La comparsa del barri continua creixent en participaci\u00f3 i implicaci\u00f3<\/strong><\/p>\n<p>Des de fa cinc anys, els ve\u00efns i entitats de les Roquetes uneixen esfor\u00e7os i idees per disfressar-se conjuntament per a la rua del districte de Nou Barris. Uns ve\u00efns cusen, els petits preparen els complements i altres s\u2019encarreguen dels decorats. Tothom t\u00e9 una funci\u00f3. \u00a0Enguany desfilaran 326 marcians amb ganes de deixar aquest planeta i emigrar a Mart per construir una societat millor.<\/p>\n<p>Va comen\u00e7ar com una iniciativa per aprofitar els tallers de costura de l\u2019AV Roquetes alhora que es facilitava una disfressa econ\u00f2mica per a tothom que ho volgu\u00e9s. I ha acabat convertint-se en tot un exemple de participaci\u00f3 ve\u00efnal. La comparsa de les Roquetes aconsegueix cada any implicar els equipaments i centenars de ve\u00efns del barri per \u00a0cosir, tallar, pintar i preparar tot el necessari per a la gran comparsa. \u201cA l\u2019AV Roquetes hi ha cinc tallers de costura, els cinc han cosit. Els del taller del casal Ton i Guida \u00a0tamb\u00e9 han cosit- -afirma Amparo Iturriaga, de l\u2019AV Roquetes- \u00a0A m\u00e9s, ha vingut gent per la tarda que tamb\u00e9 participa cosint, tallant, preparant&#8230; els nens del casal infantil han retallat R de Roquetes, els del MIJAC han retallat naus espacials&#8230; som molts marcians i molt treballadors. Ens anem superant. Es va corrent la veu, la gent ve, i a m\u00e9s que les agrada participar.\u201d<\/p>\n<p>La comparsa va sempre acompanyada d\u2019un to ir\u00f2nic i reivindicatiu. Aquest any el tema triat s\u00f3n els marcians. \u201cSerem 326 marcians que emigrem a Mart. \u2013 explica Amparo &#8211; No ens agrada ja aquest m\u00f3n. Continua havent-hi desnonaments, la gent sense poder menjar,\u2026 hi ha un munt de problemes i hem pensat que marxem cap a Mart que all\u00e0 s\u2019hi estar\u00e0 millor. I iniciarem un nou m\u00f3n i una nova vida.\u201d Aquest nou m\u00f3n comen\u00e7a amb una declaraci\u00f3 d\u2019intencions: les disfresses s\u00f3n unisex, iguals per a tothom.<\/p>\n","protected":false},"excerpt":{"rendered":"<p>La comparsa del barri continua creixent en participaci\u00f3 i implicaci\u00f3 Des de fa cinc anys, els ve\u00efns i entitats de<\/p>\n","protected":false},"author":2,"featured_media":71663,"comment_status":"closed","ping_status":"closed","sticky":false,"template":"","format":"standard","meta":{"colormag_page_layout":"default_layout","_monsterinsights_skip_tracking":false,"_monsterinsights_sitenote_active":false,"_monsterinsights_sitenote_note":"","_monsterinsights_sitenote_category":0,"footnotes":""},"categories":[129,136],"tags":[416,49],"class_list":["post-71662","post","type-post","status-publish","format-standard","has-post-thumbnail","hentry","category-cultura","category-les-roquetes","tag-carnaval","tag-les-roquetes"],"yoast_head":"<!-- This site is optimized with the Yoast SEO plugin v25.3 - https:\/\/yoast.com\/wordpress\/plugins\/seo\/ -->\n<title>M\u00e9s de 300 ve\u00efns de les Roquetes es disfressen per viatjar a Mart - NouBarris.Net<\/title>\n<meta name=\"robots\" content=\"index, follow, max-snippet:-1, max-image-preview:large, max-video-preview:-1\" \/>\n<link rel=\"canonical\" href=\"https:\/\/www.noubarris.net\/web40\/mes-de-300-veins-de-les-roquetes-es-disfressen-per-viatjar-a-mart\/\" \/>\n<meta property=\"og:locale\" content=\"ca_ES\" \/>\n<meta property=\"og:type\" content=\"article\" \/>\n<meta property=\"og:title\" content=\"M\u00e9s de 300 ve\u00efns de les Roquetes es disfressen per viatjar a Mart - NouBarris.Net\" \/>\n<meta property=\"og:description\" content=\"La comparsa del barri continua creixent en participaci\u00f3 i implicaci\u00f3 Des de fa cinc anys, els ve\u00efns i entitats de\" \/>\n<meta property=\"og:url\" content=\"https:\/\/www.noubarris.net\/web40\/mes-de-300-veins-de-les-roquetes-es-disfressen-per-viatjar-a-mart\/\" \/>\n<meta property=\"og:site_name\" content=\"NouBarris.Net\" \/>\n<meta property=\"article:publisher\" content=\"https:\/\/www.facebook.com\/NouBarris.net\/?locale=es_ES\" \/>\n<meta property=\"article:published_time\" content=\"2018-02-08T22:00:31+00:00\" \/>\n<meta property=\"og:image\" content=\"https:\/\/www.noubarris.net\/web40\/wp-content\/uploads\/2018\/02\/090218.jpg\" \/>\n\t<meta property=\"og:image:width\" content=\"768\" \/>\n\t<meta property=\"og:image:height\" content=\"432\" \/>\n\t<meta property=\"og:image:type\" content=\"image\/jpeg\" \/>\n<meta name=\"author\" content=\"Informatius\" \/>\n<meta name=\"twitter:card\" content=\"summary_large_image\" \/>\n<meta name=\"twitter:creator\" content=\"@9BTV\" \/>\n<meta name=\"twitter:site\" content=\"@9BTV\" \/>\n<meta name=\"twitter:label1\" content=\"Escrit per\" \/>\n\t<meta name=\"twitter:data1\" content=\"Informatius\" \/>\n\t<meta name=\"twitter:label2\" content=\"Temps estimat de lectura\" \/>\n\t<meta name=\"twitter:data2\" content=\"2 minuts\" \/>\n<script type=\"application\/ld+json\" class=\"yoast-schema-graph\">{\"@context\":\"https:\/\/schema.org\",\"@graph\":[{\"@type\":\"Article\",\"@id\":\"https:\/\/www.noubarris.net\/web40\/mes-de-300-veins-de-les-roquetes-es-disfressen-per-viatjar-a-mart\/#article\",\"isPartOf\":{\"@id\":\"https:\/\/www.noubarris.net\/web40\/mes-de-300-veins-de-les-roquetes-es-disfressen-per-viatjar-a-mart\/\"},\"author\":{\"name\":\"Informatius\",\"@id\":\"https:\/\/www.noubarris.net\/web40\/#\/schema\/person\/1827f92aaa316c54abbf4dac0de76069\"},\"headline\":\"M\u00e9s de 300 ve\u00efns de les Roquetes es disfressen per viatjar a Mart\",\"datePublished\":\"2018-02-08T22:00:31+00:00\",\"mainEntityOfPage\":{\"@id\":\"https:\/\/www.noubarris.net\/web40\/mes-de-300-veins-de-les-roquetes-es-disfressen-per-viatjar-a-mart\/\"},\"wordCount\":350,\"publisher\":{\"@id\":\"https:\/\/www.noubarris.net\/web40\/#organization\"},\"image\":{\"@id\":\"https:\/\/www.noubarris.net\/web40\/mes-de-300-veins-de-les-roquetes-es-disfressen-per-viatjar-a-mart\/#primaryimage\"},\"thumbnailUrl\":\"https:\/\/www.noubarris.net\/web40\/wp-content\/uploads\/2018\/02\/090218.jpg\",\"keywords\":[\"Carnaval\",\"Les Roquetes\"],\"articleSection\":[\"Cultura\",\"Les Roquetes\"],\"inLanguage\":\"ca\"},{\"@type\":\"WebPage\",\"@id\":\"https:\/\/www.noubarris.net\/web40\/mes-de-300-veins-de-les-roquetes-es-disfressen-per-viatjar-a-mart\/\",\"url\":\"https:\/\/www.noubarris.net\/web40\/mes-de-300-veins-de-les-roquetes-es-disfressen-per-viatjar-a-mart\/\",\"name\":\"M\u00e9s de 300 ve\u00efns de les Roquetes es disfressen per viatjar a Mart - NouBarris.Net\",\"isPartOf\":{\"@id\":\"https:\/\/www.noubarris.net\/web40\/#website\"},\"primaryImageOfPage\":{\"@id\":\"https:\/\/www.noubarris.net\/web40\/mes-de-300-veins-de-les-roquetes-es-disfressen-per-viatjar-a-mart\/#primaryimage\"},\"image\":{\"@id\":\"https:\/\/www.noubarris.net\/web40\/mes-de-300-veins-de-les-roquetes-es-disfressen-per-viatjar-a-mart\/#primaryimage\"},\"thumbnailUrl\":\"https:\/\/www.noubarris.net\/web40\/wp-content\/uploads\/2018\/02\/090218.jpg\",\"datePublished\":\"2018-02-08T22:00:31+00:00\",\"breadcrumb\":{\"@id\":\"https:\/\/www.noubarris.net\/web40\/mes-de-300-veins-de-les-roquetes-es-disfressen-per-viatjar-a-mart\/#breadcrumb\"},\"inLanguage\":\"ca\",\"potentialAction\":[{\"@type\":\"ReadAction\",\"target\":[\"https:\/\/www.noubarris.net\/web40\/mes-de-300-veins-de-les-roquetes-es-disfressen-per-viatjar-a-mart\/\"]}]},{\"@type\":\"ImageObject\",\"inLanguage\":\"ca\",\"@id\":\"https:\/\/www.noubarris.net\/web40\/mes-de-300-veins-de-les-roquetes-es-disfressen-per-viatjar-a-mart\/#primaryimage\",\"url\":\"https:\/\/www.noubarris.net\/web40\/wp-content\/uploads\/2018\/02\/090218.jpg\",\"contentUrl\":\"https:\/\/www.noubarris.net\/web40\/wp-content\/uploads\/2018\/02\/090218.jpg\",\"width\":768,\"height\":432},{\"@type\":\"BreadcrumbList\",\"@id\":\"https:\/\/www.noubarris.net\/web40\/mes-de-300-veins-de-les-roquetes-es-disfressen-per-viatjar-a-mart\/#breadcrumb\",\"itemListElement\":[{\"@type\":\"ListItem\",\"position\":1,\"name\":\"Inici\",\"item\":\"https:\/\/www.noubarris.net\/web40\/\"},{\"@type\":\"ListItem\",\"position\":2,\"name\":\"M\u00e9s de 300 ve\u00efns de les Roquetes es disfressen per viatjar a Mart\"}]},{\"@type\":\"WebSite\",\"@id\":\"https:\/\/www.noubarris.net\/web40\/#website\",\"url\":\"https:\/\/www.noubarris.net\/web40\/\",\"name\":\"NouBarris.Net\",\"description\":\"Seguint la vida de Nou Barris des de 1985\",\"publisher\":{\"@id\":\"https:\/\/www.noubarris.net\/web40\/#organization\"},\"potentialAction\":[{\"@type\":\"SearchAction\",\"target\":{\"@type\":\"EntryPoint\",\"urlTemplate\":\"https:\/\/www.noubarris.net\/web40\/?s={search_term_string}\"},\"query-input\":{\"@type\":\"PropertyValueSpecification\",\"valueRequired\":true,\"valueName\":\"search_term_string\"}}],\"inLanguage\":\"ca\"},{\"@type\":\"Organization\",\"@id\":\"https:\/\/www.noubarris.net\/web40\/#organization\",\"name\":\"NouBarris.Net\",\"url\":\"https:\/\/www.noubarris.net\/web40\/\",\"logo\":{\"@type\":\"ImageObject\",\"inLanguage\":\"ca\",\"@id\":\"https:\/\/www.noubarris.net\/web40\/#\/schema\/logo\/image\/\",\"url\":\"https:\/\/www.noubarris.net\/web40\/wp-content\/uploads\/2024\/11\/cropped-cropped-LOGO_9BTV-2024_Insta-1.jpg\",\"contentUrl\":\"https:\/\/www.noubarris.net\/web40\/wp-content\/uploads\/2024\/11\/cropped-cropped-LOGO_9BTV-2024_Insta-1.jpg\",\"width\":512,\"height\":512,\"caption\":\"NouBarris.Net\"},\"image\":{\"@id\":\"https:\/\/www.noubarris.net\/web40\/#\/schema\/logo\/image\/\"},\"sameAs\":[\"https:\/\/www.facebook.com\/NouBarris.net\/?locale=es_ES\",\"https:\/\/x.com\/9BTV\"]},{\"@type\":\"Person\",\"@id\":\"https:\/\/www.noubarris.net\/web40\/#\/schema\/person\/1827f92aaa316c54abbf4dac0de76069\",\"name\":\"Informatius\",\"image\":{\"@type\":\"ImageObject\",\"inLanguage\":\"ca\",\"@id\":\"https:\/\/www.noubarris.net\/web40\/#\/schema\/person\/image\/\",\"url\":\"https:\/\/secure.gravatar.com\/avatar\/87a3b47928835fc72c6ee5b0e1a7263ef0c2d05003a98189bc14926c5f11bcdb?s=96&d=mm&r=g\",\"contentUrl\":\"https:\/\/secure.gravatar.com\/avatar\/87a3b47928835fc72c6ee5b0e1a7263ef0c2d05003a98189bc14926c5f11bcdb?s=96&d=mm&r=g\",\"caption\":\"Informatius\"},\"url\":\"https:\/\/www.noubarris.net\/web40\/author\/tele\/\"}]}<\/script>\n<!-- \/ Yoast SEO plugin. -->","yoast_head_json":{"title":"M\u00e9s de 300 ve\u00efns de les Roquetes es disfressen per viatjar a Mart - NouBarris.Net","robots":{"index":"index","follow":"follow","max-snippet":"max-snippet:-1","max-image-preview":"max-image-preview:large","max-video-preview":"max-video-preview:-1"},"canonical":"https:\/\/www.noubarris.net\/web40\/mes-de-300-veins-de-les-roquetes-es-disfressen-per-viatjar-a-mart\/","og_locale":"ca_ES","og_type":"article","og_title":"M\u00e9s de 300 ve\u00efns de les Roquetes es disfressen per viatjar a Mart - NouBarris.Net","og_description":"La comparsa del barri continua creixent en participaci\u00f3 i implicaci\u00f3 Des de fa cinc anys, els ve\u00efns i entitats de","og_url":"https:\/\/www.noubarris.net\/web40\/mes-de-300-veins-de-les-roquetes-es-disfressen-per-viatjar-a-mart\/","og_site_name":"NouBarris.Net","article_publisher":"https:\/\/www.facebook.com\/NouBarris.net\/?locale=es_ES","article_published_time":"2018-02-08T22:00:31+00:00","og_image":[{"width":768,"height":432,"url":"https:\/\/www.noubarris.net\/web40\/wp-content\/uploads\/2018\/02\/090218.jpg","type":"image\/jpeg"}],"author":"Informatius","twitter_card":"summary_large_image","twitter_creator":"@9BTV","twitter_site":"@9BTV","twitter_misc":{"Escrit per":"Informatius","Temps estimat de lectura":"2 minuts"},"schema":{"@context":"https:\/\/schema.org","@graph":[{"@type":"Article","@id":"https:\/\/www.noubarris.net\/web40\/mes-de-300-veins-de-les-roquetes-es-disfressen-per-viatjar-a-mart\/#article","isPartOf":{"@id":"https:\/\/www.noubarris.net\/web40\/mes-de-300-veins-de-les-roquetes-es-disfressen-per-viatjar-a-mart\/"},"author":{"name":"Informatius","@id":"https:\/\/www.noubarris.net\/web40\/#\/schema\/person\/1827f92aaa316c54abbf4dac0de76069"},"headline":"M\u00e9s de 300 ve\u00efns de les Roquetes es disfressen per viatjar a Mart","datePublished":"2018-02-08T22:00:31+00:00","mainEntityOfPage":{"@id":"https:\/\/www.noubarris.net\/web40\/mes-de-300-veins-de-les-roquetes-es-disfressen-per-viatjar-a-mart\/"},"wordCount":350,"publisher":{"@id":"https:\/\/www.noubarris.net\/web40\/#organization"},"image":{"@id":"https:\/\/www.noubarris.net\/web40\/mes-de-300-veins-de-les-roquetes-es-disfressen-per-viatjar-a-mart\/#primaryimage"},"thumbnailUrl":"https:\/\/www.noubarris.net\/web40\/wp-content\/uploads\/2018\/02\/090218.jpg","keywords":["Carnaval","Les Roquetes"],"articleSection":["Cultura","Les Roquetes"],"inLanguage":"ca"},{"@type":"WebPage","@id":"https:\/\/www.noubarris.net\/web40\/mes-de-300-veins-de-les-roquetes-es-disfressen-per-viatjar-a-mart\/","url":"https:\/\/www.noubarris.net\/web40\/mes-de-300-veins-de-les-roquetes-es-disfressen-per-viatjar-a-mart\/","name":"M\u00e9s de 300 ve\u00efns de les Roquetes es disfressen per viatjar a Mart - NouBarris.Net","isPartOf":{"@id":"https:\/\/www.noubarris.net\/web40\/#website"},"primaryImageOfPage":{"@id":"https:\/\/www.noubarris.net\/web40\/mes-de-300-veins-de-les-roquetes-es-disfressen-per-viatjar-a-mart\/#primaryimage"},"image":{"@id":"https:\/\/www.noubarris.net\/web40\/mes-de-300-veins-de-les-roquetes-es-disfressen-per-viatjar-a-mart\/#primaryimage"},"thumbnailUrl":"https:\/\/www.noubarris.net\/web40\/wp-content\/uploads\/2018\/02\/090218.jpg","datePublished":"2018-02-08T22:00:31+00:00","breadcrumb":{"@id":"https:\/\/www.noubarris.net\/web40\/mes-de-300-veins-de-les-roquetes-es-disfressen-per-viatjar-a-mart\/#breadcrumb"},"inLanguage":"ca","potentialAction":[{"@type":"ReadAction","target":["https:\/\/www.noubarris.net\/web40\/mes-de-300-veins-de-les-roquetes-es-disfressen-per-viatjar-a-mart\/"]}]},{"@type":"ImageObject","inLanguage":"ca","@id":"https:\/\/www.noubarris.net\/web40\/mes-de-300-veins-de-les-roquetes-es-disfressen-per-viatjar-a-mart\/#primaryimage","url":"https:\/\/www.noubarris.net\/web40\/wp-content\/uploads\/2018\/02\/090218.jpg","contentUrl":"https:\/\/www.noubarris.net\/web40\/wp-content\/uploads\/2018\/02\/090218.jpg","width":768,"height":432},{"@type":"BreadcrumbList","@id":"https:\/\/www.noubarris.net\/web40\/mes-de-300-veins-de-les-roquetes-es-disfressen-per-viatjar-a-mart\/#breadcrumb","itemListElement":[{"@type":"ListItem","position":1,"name":"Inici","item":"https:\/\/www.noubarris.net\/web40\/"},{"@type":"ListItem","position":2,"name":"M\u00e9s de 300 ve\u00efns de les Roquetes es disfressen per viatjar a Mart"}]},{"@type":"WebSite","@id":"https:\/\/www.noubarris.net\/web40\/#website","url":"https:\/\/www.noubarris.net\/web40\/","name":"NouBarris.Net","description":"Seguint la vida de Nou Barris des de 1985","publisher":{"@id":"https:\/\/www.noubarris.net\/web40\/#organization"},"potentialAction":[{"@type":"SearchAction","target":{"@type":"EntryPoint","urlTemplate":"https:\/\/www.noubarris.net\/web40\/?s={search_term_string}"},"query-input":{"@type":"PropertyValueSpecification","valueRequired":true,"valueName":"search_term_string"}}],"inLanguage":"ca"},{"@type":"Organization","@id":"https:\/\/www.noubarris.net\/web40\/#organization","name":"NouBarris.Net","url":"https:\/\/www.noubarris.net\/web40\/","logo":{"@type":"ImageObject","inLanguage":"ca","@id":"https:\/\/www.noubarris.net\/web40\/#\/schema\/logo\/image\/","url":"https:\/\/www.noubarris.net\/web40\/wp-content\/uploads\/2024\/11\/cropped-cropped-LOGO_9BTV-2024_Insta-1.jpg","contentUrl":"https:\/\/www.noubarris.net\/web40\/wp-content\/uploads\/2024\/11\/cropped-cropped-LOGO_9BTV-2024_Insta-1.jpg","width":512,"height":512,"caption":"NouBarris.Net"},"image":{"@id":"https:\/\/www.noubarris.net\/web40\/#\/schema\/logo\/image\/"},"sameAs":["https:\/\/www.facebook.com\/NouBarris.net\/?locale=es_ES","https:\/\/x.com\/9BTV"]},{"@type":"Person","@id":"https:\/\/www.noubarris.net\/web40\/#\/schema\/person\/1827f92aaa316c54abbf4dac0de76069","name":"Informatius","image":{"@type":"ImageObject","inLanguage":"ca","@id":"https:\/\/www.noubarris.net\/web40\/#\/schema\/person\/image\/","url":"https:\/\/secure.gravatar.com\/avatar\/87a3b47928835fc72c6ee5b0e1a7263ef0c2d05003a98189bc14926c5f11bcdb?s=96&d=mm&r=g","contentUrl":"https:\/\/secure.gravatar.com\/avatar\/87a3b47928835fc72c6ee5b0e1a7263ef0c2d05003a98189bc14926c5f11bcdb?s=96&d=mm&r=g","caption":"Informatius"},"url":"https:\/\/www.noubarris.net\/web40\/author\/tele\/"}]}},"_links":{"self":[{"href":"https:\/\/www.noubarris.net\/web40\/wp-json\/wp\/v2\/posts\/71662","targetHints":{"allow":["GET"]}}],"collection":[{"href":"https:\/\/www.noubarris.net\/web40\/wp-json\/wp\/v2\/posts"}],"about":[{"href":"https:\/\/www.noubarris.net\/web40\/wp-json\/wp\/v2\/types\/post"}],"author":[{"embeddable":true,"href":"https:\/\/www.noubarris.net\/web40\/wp-json\/wp\/v2\/users\/2"}],"replies":[{"embeddable":true,"href":"https:\/\/www.noubarris.net\/web40\/wp-json\/wp\/v2\/comments?post=71662"}],"version-history":[{"count":0,"href":"https:\/\/www.noubarris.net\/web40\/wp-json\/wp\/v2\/posts\/71662\/revisions"}],"wp:featuredmedia":[{"embeddable":true,"href":"https:\/\/www.noubarris.net\/web40\/wp-json\/wp\/v2\/media\/71663"}],"wp:attachment":[{"href":"https:\/\/www.noubarris.net\/web40\/wp-json\/wp\/v2\/media?parent=71662"}],"wp:term":[{"taxonomy":"category","embeddable":true,"href":"https:\/\/www.noubarris.net\/web40\/wp-json\/wp\/v2\/categories?post=71662"},{"taxonomy":"post_tag","embeddable":true,"href":"https:\/\/www.noubarris.net\/web40\/wp-json\/wp\/v2\/tags?post=71662"}],"curies":[{"name":"wp","href":"https:\/\/api.w.org\/{rel}","templated":true}]}}