{"id":71666,"date":"2018-02-12T00:00:56","date_gmt":"2018-02-11T22:00:56","guid":{"rendered":"http:\/\/www.noubarris.net\/web40\/?p=71666"},"modified":"2018-02-09T17:55:17","modified_gmt":"2018-02-09T15:55:17","slug":"una-trentena-dalumnes-estrenen-lescola-de-salut-per-gent-gran-de-la-trinitat-nova","status":"publish","type":"post","link":"https:\/\/www.noubarris.net\/web40\/una-trentena-dalumnes-estrenen-lescola-de-salut-per-gent-gran-de-la-trinitat-nova\/","title":{"rendered":"Una trentena d\u2019alumnes estrenen l\u2019escola de salut per a gent gran de la Trinitat Nova"},"content":{"rendered":"<p><strong>El cicle vol fer xarxa, ensenyar a envellir activament i trencar l\u2019a\u00efllament dels ve\u00efns que viuen sols<\/strong><\/p>\n<p>El programa Salut als Barris estrena una nova escola de salut per a gent gran\u00a0 a la Trinitat Nova. Tots els divendres fins al 4 de maig una trentena de persones aprendran com cuidar-se, envellir activament alhora que coneixen els serveis i equipaments del barri. El cicle t\u00e9 dos objectius clars: fer xarxa al barri i alhora, fomentar la relaci\u00f3 entre la gent gran.<\/p>\n<p>\u201cLa Trini creix&#8230; en salut\u201d \u00e9s el nom triat a per a l\u2019escola de salut per a gent gran de la Trinitat Nova. Durant dotze sessions es tractaran temes com la mem\u00f2ria, l\u2019envelliment actiu, la pobresa energ\u00e8tica, la seguretat, i les rutes saludables i equipaments del barri. Totes elles amb el suport i col\u00b7laboraci\u00f3 dels serveis i recursos de la zona, com ara el CAP Xafarines, els Mossos d\u2019Esquadra, el Punt d\u2019Assessorament Energ\u00e8tic de Nou Barris o especialistes. \u00c0ngels Garc\u00eda, participant. \u201cHo trobo fant\u00e0stic, fant\u00e0stic \u2013 afirma \u00c0ngels Garc\u00eda, una de les participants &#8211; \u00a0per poder activar la joventut que encara portem, perqu\u00e8 encara portem joventut, per poder desenvolupar tots els sentiments que tenim, la solitud que hi ha, asseure\u2019ns tots\u201d.<\/p>\n<p>Precisament un dels objectius de l\u2019escola \u00e9s fomentar la relaci\u00f3 social entre els ve\u00efns, despr\u00e9s que un estudi del Pla de Barris diagnostiqu\u00e9s que gran part de la poblaci\u00f3 de la Trinitat Nova \u00e9s femenina, envellida i viu sola, i que la solitud \u00e9s una de les seves preocupacions principals. \u201cUn dels objectiu \u00e9s socialitzar, fer xarxa, que aix\u00f2 a la vegada est\u00e0 relacionat amb un millor estat de salut, que les persones estiguin vinculades amb els ve\u00efns i ve\u00efnes i amb les accions del territori. \u2013 assegura Anna P\u00e9rez, de l\u2019Ag\u00e8ncia Salut Barcelona &#8211; I a banda tamb\u00e9 tractem temes relacionats amb la salut d\u2019una manera molt \u00e0mplia. Social, f\u00edsica i de benestar emocional.\u201d<\/p>\n<p>La de la Trinitat Nova s\u2019estrena aquest curs juntament amb una altra, la de can Peguera i el Tur\u00f3 de la Peira, que es realitza al CAP Tur\u00f3. Les dues segueixen els passos del projecte pioner, la del CAP de la Guineueta.<\/p>\n","protected":false},"excerpt":{"rendered":"<p>El cicle vol fer xarxa, ensenyar a envellir activament i trencar l\u2019a\u00efllament dels ve\u00efns que viuen sols El programa Salut<\/p>\n","protected":false},"author":2,"featured_media":71668,"comment_status":"closed","ping_status":"closed","sticky":false,"template":"","format":"standard","meta":{"colormag_page_layout":"default_layout","_monsterinsights_skip_tracking":false,"_monsterinsights_sitenote_active":false,"_monsterinsights_sitenote_note":"","_monsterinsights_sitenote_category":0,"footnotes":""},"categories":[138,124],"tags":[52,530,272],"class_list":["post-71666","post","type-post","status-publish","format-standard","has-post-thumbnail","hentry","category-la-trinitat-nova","category-societat","tag-la-trinitat-nova","tag-pla-de-barris","tag-salut"],"yoast_head":"<!-- This site is optimized with the Yoast SEO plugin v25.3 - https:\/\/yoast.com\/wordpress\/plugins\/seo\/ -->\n<title>Una trentena d\u2019alumnes estrenen l\u2019escola de salut per a gent gran de la Trinitat Nova - NouBarris.Net<\/title>\n<meta name=\"robots\" content=\"index, follow, max-snippet:-1, max-image-preview:large, max-video-preview:-1\" \/>\n<link rel=\"canonical\" href=\"https:\/\/www.noubarris.net\/web40\/una-trentena-dalumnes-estrenen-lescola-de-salut-per-gent-gran-de-la-trinitat-nova\/\" \/>\n<meta property=\"og:locale\" content=\"ca_ES\" \/>\n<meta property=\"og:type\" content=\"article\" \/>\n<meta property=\"og:title\" content=\"Una trentena d\u2019alumnes estrenen l\u2019escola de salut per a gent gran de la Trinitat Nova - NouBarris.Net\" \/>\n<meta property=\"og:description\" content=\"El cicle vol fer xarxa, ensenyar a envellir activament i trencar l\u2019a\u00efllament dels ve\u00efns que viuen sols El programa Salut\" \/>\n<meta property=\"og:url\" content=\"https:\/\/www.noubarris.net\/web40\/una-trentena-dalumnes-estrenen-lescola-de-salut-per-gent-gran-de-la-trinitat-nova\/\" \/>\n<meta property=\"og:site_name\" content=\"NouBarris.Net\" \/>\n<meta property=\"article:publisher\" content=\"https:\/\/www.facebook.com\/NouBarris.net\/?locale=es_ES\" \/>\n<meta property=\"article:published_time\" content=\"2018-02-11T22:00:56+00:00\" \/>\n<meta property=\"og:image\" content=\"https:\/\/www.noubarris.net\/web40\/wp-content\/uploads\/2018\/02\/120218.jpg\" \/>\n\t<meta property=\"og:image:width\" content=\"768\" \/>\n\t<meta property=\"og:image:height\" content=\"432\" \/>\n\t<meta property=\"og:image:type\" content=\"image\/jpeg\" \/>\n<meta name=\"author\" content=\"Informatius\" \/>\n<meta name=\"twitter:card\" content=\"summary_large_image\" \/>\n<meta name=\"twitter:creator\" content=\"@9BTV\" \/>\n<meta name=\"twitter:site\" content=\"@9BTV\" \/>\n<meta name=\"twitter:label1\" content=\"Escrit per\" \/>\n\t<meta name=\"twitter:data1\" content=\"Informatius\" \/>\n\t<meta name=\"twitter:label2\" content=\"Temps estimat de lectura\" \/>\n\t<meta name=\"twitter:data2\" content=\"2 minuts\" \/>\n<script type=\"application\/ld+json\" class=\"yoast-schema-graph\">{\"@context\":\"https:\/\/schema.org\",\"@graph\":[{\"@type\":\"Article\",\"@id\":\"https:\/\/www.noubarris.net\/web40\/una-trentena-dalumnes-estrenen-lescola-de-salut-per-gent-gran-de-la-trinitat-nova\/#article\",\"isPartOf\":{\"@id\":\"https:\/\/www.noubarris.net\/web40\/una-trentena-dalumnes-estrenen-lescola-de-salut-per-gent-gran-de-la-trinitat-nova\/\"},\"author\":{\"name\":\"Informatius\",\"@id\":\"https:\/\/www.noubarris.net\/web40\/#\/schema\/person\/1827f92aaa316c54abbf4dac0de76069\"},\"headline\":\"Una trentena d\u2019alumnes estrenen l\u2019escola de salut per a gent gran de la Trinitat Nova\",\"datePublished\":\"2018-02-11T22:00:56+00:00\",\"mainEntityOfPage\":{\"@id\":\"https:\/\/www.noubarris.net\/web40\/una-trentena-dalumnes-estrenen-lescola-de-salut-per-gent-gran-de-la-trinitat-nova\/\"},\"wordCount\":401,\"publisher\":{\"@id\":\"https:\/\/www.noubarris.net\/web40\/#organization\"},\"image\":{\"@id\":\"https:\/\/www.noubarris.net\/web40\/una-trentena-dalumnes-estrenen-lescola-de-salut-per-gent-gran-de-la-trinitat-nova\/#primaryimage\"},\"thumbnailUrl\":\"https:\/\/www.noubarris.net\/web40\/wp-content\/uploads\/2018\/02\/120218.jpg\",\"keywords\":[\"La Trinitat Nova\",\"pla de barris\",\"Salut\"],\"articleSection\":[\"La Trinitat Nova\",\"Societat\"],\"inLanguage\":\"ca\"},{\"@type\":\"WebPage\",\"@id\":\"https:\/\/www.noubarris.net\/web40\/una-trentena-dalumnes-estrenen-lescola-de-salut-per-gent-gran-de-la-trinitat-nova\/\",\"url\":\"https:\/\/www.noubarris.net\/web40\/una-trentena-dalumnes-estrenen-lescola-de-salut-per-gent-gran-de-la-trinitat-nova\/\",\"name\":\"Una trentena d\u2019alumnes estrenen l\u2019escola de salut per a gent gran de la Trinitat Nova - NouBarris.Net\",\"isPartOf\":{\"@id\":\"https:\/\/www.noubarris.net\/web40\/#website\"},\"primaryImageOfPage\":{\"@id\":\"https:\/\/www.noubarris.net\/web40\/una-trentena-dalumnes-estrenen-lescola-de-salut-per-gent-gran-de-la-trinitat-nova\/#primaryimage\"},\"image\":{\"@id\":\"https:\/\/www.noubarris.net\/web40\/una-trentena-dalumnes-estrenen-lescola-de-salut-per-gent-gran-de-la-trinitat-nova\/#primaryimage\"},\"thumbnailUrl\":\"https:\/\/www.noubarris.net\/web40\/wp-content\/uploads\/2018\/02\/120218.jpg\",\"datePublished\":\"2018-02-11T22:00:56+00:00\",\"breadcrumb\":{\"@id\":\"https:\/\/www.noubarris.net\/web40\/una-trentena-dalumnes-estrenen-lescola-de-salut-per-gent-gran-de-la-trinitat-nova\/#breadcrumb\"},\"inLanguage\":\"ca\",\"potentialAction\":[{\"@type\":\"ReadAction\",\"target\":[\"https:\/\/www.noubarris.net\/web40\/una-trentena-dalumnes-estrenen-lescola-de-salut-per-gent-gran-de-la-trinitat-nova\/\"]}]},{\"@type\":\"ImageObject\",\"inLanguage\":\"ca\",\"@id\":\"https:\/\/www.noubarris.net\/web40\/una-trentena-dalumnes-estrenen-lescola-de-salut-per-gent-gran-de-la-trinitat-nova\/#primaryimage\",\"url\":\"https:\/\/www.noubarris.net\/web40\/wp-content\/uploads\/2018\/02\/120218.jpg\",\"contentUrl\":\"https:\/\/www.noubarris.net\/web40\/wp-content\/uploads\/2018\/02\/120218.jpg\",\"width\":768,\"height\":432},{\"@type\":\"BreadcrumbList\",\"@id\":\"https:\/\/www.noubarris.net\/web40\/una-trentena-dalumnes-estrenen-lescola-de-salut-per-gent-gran-de-la-trinitat-nova\/#breadcrumb\",\"itemListElement\":[{\"@type\":\"ListItem\",\"position\":1,\"name\":\"Inici\",\"item\":\"https:\/\/www.noubarris.net\/web40\/\"},{\"@type\":\"ListItem\",\"position\":2,\"name\":\"Una trentena d\u2019alumnes estrenen l\u2019escola de salut per a gent gran de la Trinitat Nova\"}]},{\"@type\":\"WebSite\",\"@id\":\"https:\/\/www.noubarris.net\/web40\/#website\",\"url\":\"https:\/\/www.noubarris.net\/web40\/\",\"name\":\"NouBarris.Net\",\"description\":\"Seguint la vida de Nou Barris des de 1985\",\"publisher\":{\"@id\":\"https:\/\/www.noubarris.net\/web40\/#organization\"},\"potentialAction\":[{\"@type\":\"SearchAction\",\"target\":{\"@type\":\"EntryPoint\",\"urlTemplate\":\"https:\/\/www.noubarris.net\/web40\/?s={search_term_string}\"},\"query-input\":{\"@type\":\"PropertyValueSpecification\",\"valueRequired\":true,\"valueName\":\"search_term_string\"}}],\"inLanguage\":\"ca\"},{\"@type\":\"Organization\",\"@id\":\"https:\/\/www.noubarris.net\/web40\/#organization\",\"name\":\"NouBarris.Net\",\"url\":\"https:\/\/www.noubarris.net\/web40\/\",\"logo\":{\"@type\":\"ImageObject\",\"inLanguage\":\"ca\",\"@id\":\"https:\/\/www.noubarris.net\/web40\/#\/schema\/logo\/image\/\",\"url\":\"https:\/\/www.noubarris.net\/web40\/wp-content\/uploads\/2024\/11\/cropped-cropped-LOGO_9BTV-2024_Insta-1.jpg\",\"contentUrl\":\"https:\/\/www.noubarris.net\/web40\/wp-content\/uploads\/2024\/11\/cropped-cropped-LOGO_9BTV-2024_Insta-1.jpg\",\"width\":512,\"height\":512,\"caption\":\"NouBarris.Net\"},\"image\":{\"@id\":\"https:\/\/www.noubarris.net\/web40\/#\/schema\/logo\/image\/\"},\"sameAs\":[\"https:\/\/www.facebook.com\/NouBarris.net\/?locale=es_ES\",\"https:\/\/x.com\/9BTV\"]},{\"@type\":\"Person\",\"@id\":\"https:\/\/www.noubarris.net\/web40\/#\/schema\/person\/1827f92aaa316c54abbf4dac0de76069\",\"name\":\"Informatius\",\"image\":{\"@type\":\"ImageObject\",\"inLanguage\":\"ca\",\"@id\":\"https:\/\/www.noubarris.net\/web40\/#\/schema\/person\/image\/\",\"url\":\"https:\/\/secure.gravatar.com\/avatar\/87a3b47928835fc72c6ee5b0e1a7263ef0c2d05003a98189bc14926c5f11bcdb?s=96&d=mm&r=g\",\"contentUrl\":\"https:\/\/secure.gravatar.com\/avatar\/87a3b47928835fc72c6ee5b0e1a7263ef0c2d05003a98189bc14926c5f11bcdb?s=96&d=mm&r=g\",\"caption\":\"Informatius\"},\"url\":\"https:\/\/www.noubarris.net\/web40\/author\/tele\/\"}]}<\/script>\n<!-- \/ Yoast SEO plugin. -->","yoast_head_json":{"title":"Una trentena d\u2019alumnes estrenen l\u2019escola de salut per a gent gran de la Trinitat Nova - NouBarris.Net","robots":{"index":"index","follow":"follow","max-snippet":"max-snippet:-1","max-image-preview":"max-image-preview:large","max-video-preview":"max-video-preview:-1"},"canonical":"https:\/\/www.noubarris.net\/web40\/una-trentena-dalumnes-estrenen-lescola-de-salut-per-gent-gran-de-la-trinitat-nova\/","og_locale":"ca_ES","og_type":"article","og_title":"Una trentena d\u2019alumnes estrenen l\u2019escola de salut per a gent gran de la Trinitat Nova - NouBarris.Net","og_description":"El cicle vol fer xarxa, ensenyar a envellir activament i trencar l\u2019a\u00efllament dels ve\u00efns que viuen sols El programa Salut","og_url":"https:\/\/www.noubarris.net\/web40\/una-trentena-dalumnes-estrenen-lescola-de-salut-per-gent-gran-de-la-trinitat-nova\/","og_site_name":"NouBarris.Net","article_publisher":"https:\/\/www.facebook.com\/NouBarris.net\/?locale=es_ES","article_published_time":"2018-02-11T22:00:56+00:00","og_image":[{"width":768,"height":432,"url":"https:\/\/www.noubarris.net\/web40\/wp-content\/uploads\/2018\/02\/120218.jpg","type":"image\/jpeg"}],"author":"Informatius","twitter_card":"summary_large_image","twitter_creator":"@9BTV","twitter_site":"@9BTV","twitter_misc":{"Escrit per":"Informatius","Temps estimat de lectura":"2 minuts"},"schema":{"@context":"https:\/\/schema.org","@graph":[{"@type":"Article","@id":"https:\/\/www.noubarris.net\/web40\/una-trentena-dalumnes-estrenen-lescola-de-salut-per-gent-gran-de-la-trinitat-nova\/#article","isPartOf":{"@id":"https:\/\/www.noubarris.net\/web40\/una-trentena-dalumnes-estrenen-lescola-de-salut-per-gent-gran-de-la-trinitat-nova\/"},"author":{"name":"Informatius","@id":"https:\/\/www.noubarris.net\/web40\/#\/schema\/person\/1827f92aaa316c54abbf4dac0de76069"},"headline":"Una trentena d\u2019alumnes estrenen l\u2019escola de salut per a gent gran de la Trinitat Nova","datePublished":"2018-02-11T22:00:56+00:00","mainEntityOfPage":{"@id":"https:\/\/www.noubarris.net\/web40\/una-trentena-dalumnes-estrenen-lescola-de-salut-per-gent-gran-de-la-trinitat-nova\/"},"wordCount":401,"publisher":{"@id":"https:\/\/www.noubarris.net\/web40\/#organization"},"image":{"@id":"https:\/\/www.noubarris.net\/web40\/una-trentena-dalumnes-estrenen-lescola-de-salut-per-gent-gran-de-la-trinitat-nova\/#primaryimage"},"thumbnailUrl":"https:\/\/www.noubarris.net\/web40\/wp-content\/uploads\/2018\/02\/120218.jpg","keywords":["La Trinitat Nova","pla de barris","Salut"],"articleSection":["La Trinitat Nova","Societat"],"inLanguage":"ca"},{"@type":"WebPage","@id":"https:\/\/www.noubarris.net\/web40\/una-trentena-dalumnes-estrenen-lescola-de-salut-per-gent-gran-de-la-trinitat-nova\/","url":"https:\/\/www.noubarris.net\/web40\/una-trentena-dalumnes-estrenen-lescola-de-salut-per-gent-gran-de-la-trinitat-nova\/","name":"Una trentena d\u2019alumnes estrenen l\u2019escola de salut per a gent gran de la Trinitat Nova - NouBarris.Net","isPartOf":{"@id":"https:\/\/www.noubarris.net\/web40\/#website"},"primaryImageOfPage":{"@id":"https:\/\/www.noubarris.net\/web40\/una-trentena-dalumnes-estrenen-lescola-de-salut-per-gent-gran-de-la-trinitat-nova\/#primaryimage"},"image":{"@id":"https:\/\/www.noubarris.net\/web40\/una-trentena-dalumnes-estrenen-lescola-de-salut-per-gent-gran-de-la-trinitat-nova\/#primaryimage"},"thumbnailUrl":"https:\/\/www.noubarris.net\/web40\/wp-content\/uploads\/2018\/02\/120218.jpg","datePublished":"2018-02-11T22:00:56+00:00","breadcrumb":{"@id":"https:\/\/www.noubarris.net\/web40\/una-trentena-dalumnes-estrenen-lescola-de-salut-per-gent-gran-de-la-trinitat-nova\/#breadcrumb"},"inLanguage":"ca","potentialAction":[{"@type":"ReadAction","target":["https:\/\/www.noubarris.net\/web40\/una-trentena-dalumnes-estrenen-lescola-de-salut-per-gent-gran-de-la-trinitat-nova\/"]}]},{"@type":"ImageObject","inLanguage":"ca","@id":"https:\/\/www.noubarris.net\/web40\/una-trentena-dalumnes-estrenen-lescola-de-salut-per-gent-gran-de-la-trinitat-nova\/#primaryimage","url":"https:\/\/www.noubarris.net\/web40\/wp-content\/uploads\/2018\/02\/120218.jpg","contentUrl":"https:\/\/www.noubarris.net\/web40\/wp-content\/uploads\/2018\/02\/120218.jpg","width":768,"height":432},{"@type":"BreadcrumbList","@id":"https:\/\/www.noubarris.net\/web40\/una-trentena-dalumnes-estrenen-lescola-de-salut-per-gent-gran-de-la-trinitat-nova\/#breadcrumb","itemListElement":[{"@type":"ListItem","position":1,"name":"Inici","item":"https:\/\/www.noubarris.net\/web40\/"},{"@type":"ListItem","position":2,"name":"Una trentena d\u2019alumnes estrenen l\u2019escola de salut per a gent gran de la Trinitat Nova"}]},{"@type":"WebSite","@id":"https:\/\/www.noubarris.net\/web40\/#website","url":"https:\/\/www.noubarris.net\/web40\/","name":"NouBarris.Net","description":"Seguint la vida de Nou Barris des de 1985","publisher":{"@id":"https:\/\/www.noubarris.net\/web40\/#organization"},"potentialAction":[{"@type":"SearchAction","target":{"@type":"EntryPoint","urlTemplate":"https:\/\/www.noubarris.net\/web40\/?s={search_term_string}"},"query-input":{"@type":"PropertyValueSpecification","valueRequired":true,"valueName":"search_term_string"}}],"inLanguage":"ca"},{"@type":"Organization","@id":"https:\/\/www.noubarris.net\/web40\/#organization","name":"NouBarris.Net","url":"https:\/\/www.noubarris.net\/web40\/","logo":{"@type":"ImageObject","inLanguage":"ca","@id":"https:\/\/www.noubarris.net\/web40\/#\/schema\/logo\/image\/","url":"https:\/\/www.noubarris.net\/web40\/wp-content\/uploads\/2024\/11\/cropped-cropped-LOGO_9BTV-2024_Insta-1.jpg","contentUrl":"https:\/\/www.noubarris.net\/web40\/wp-content\/uploads\/2024\/11\/cropped-cropped-LOGO_9BTV-2024_Insta-1.jpg","width":512,"height":512,"caption":"NouBarris.Net"},"image":{"@id":"https:\/\/www.noubarris.net\/web40\/#\/schema\/logo\/image\/"},"sameAs":["https:\/\/www.facebook.com\/NouBarris.net\/?locale=es_ES","https:\/\/x.com\/9BTV"]},{"@type":"Person","@id":"https:\/\/www.noubarris.net\/web40\/#\/schema\/person\/1827f92aaa316c54abbf4dac0de76069","name":"Informatius","image":{"@type":"ImageObject","inLanguage":"ca","@id":"https:\/\/www.noubarris.net\/web40\/#\/schema\/person\/image\/","url":"https:\/\/secure.gravatar.com\/avatar\/87a3b47928835fc72c6ee5b0e1a7263ef0c2d05003a98189bc14926c5f11bcdb?s=96&d=mm&r=g","contentUrl":"https:\/\/secure.gravatar.com\/avatar\/87a3b47928835fc72c6ee5b0e1a7263ef0c2d05003a98189bc14926c5f11bcdb?s=96&d=mm&r=g","caption":"Informatius"},"url":"https:\/\/www.noubarris.net\/web40\/author\/tele\/"}]}},"_links":{"self":[{"href":"https:\/\/www.noubarris.net\/web40\/wp-json\/wp\/v2\/posts\/71666","targetHints":{"allow":["GET"]}}],"collection":[{"href":"https:\/\/www.noubarris.net\/web40\/wp-json\/wp\/v2\/posts"}],"about":[{"href":"https:\/\/www.noubarris.net\/web40\/wp-json\/wp\/v2\/types\/post"}],"author":[{"embeddable":true,"href":"https:\/\/www.noubarris.net\/web40\/wp-json\/wp\/v2\/users\/2"}],"replies":[{"embeddable":true,"href":"https:\/\/www.noubarris.net\/web40\/wp-json\/wp\/v2\/comments?post=71666"}],"version-history":[{"count":0,"href":"https:\/\/www.noubarris.net\/web40\/wp-json\/wp\/v2\/posts\/71666\/revisions"}],"wp:featuredmedia":[{"embeddable":true,"href":"https:\/\/www.noubarris.net\/web40\/wp-json\/wp\/v2\/media\/71668"}],"wp:attachment":[{"href":"https:\/\/www.noubarris.net\/web40\/wp-json\/wp\/v2\/media?parent=71666"}],"wp:term":[{"taxonomy":"category","embeddable":true,"href":"https:\/\/www.noubarris.net\/web40\/wp-json\/wp\/v2\/categories?post=71666"},{"taxonomy":"post_tag","embeddable":true,"href":"https:\/\/www.noubarris.net\/web40\/wp-json\/wp\/v2\/tags?post=71666"}],"curies":[{"name":"wp","href":"https:\/\/api.w.org\/{rel}","templated":true}]}}