{"id":71671,"date":"2018-02-11T00:00:01","date_gmt":"2018-02-10T22:00:01","guid":{"rendered":"http:\/\/www.noubarris.net\/web40\/?p=71671"},"modified":"2018-02-09T17:40:56","modified_gmt":"2018-02-09T15:40:56","slug":"sessions-informatives-sobre-la-matriculacio-escolar","status":"publish","type":"post","link":"https:\/\/www.noubarris.net\/web40\/sessions-informatives-sobre-la-matriculacio-escolar\/","title":{"rendered":"Sessions informatives sobre la matriculaci\u00f3 escolar"},"content":{"rendered":"<p><strong>Les reunions es faran\u00a0el 15, 19 i 21 de febrer en tres escenaris<\/strong><\/p>\n<p>S&#8217;apropa l&#8217;hora de matricular els infants que s\u2019incor\u00adporaran a P3, els nois i noies que comen\u00e7aran l\u2019educaci\u00f3 secund\u00e0ria o b\u00e9 aquells que canviaran de centre.. Davant els molts dubtes que generen en els pares aquest tipus de proc\u00e9s,\u00a0 des del Districte de Nou Barris, conjuntament amb la Generalitat de Catalunya i el Consorci d\u2019Educaci\u00f3 de Barcelona, s&#8217;han programat tres sessions informatives per informar sobre els passos i opcions a tenir en compte.<\/p>\n<p>El calendari de les reunions \u00e9s el seg\u00fcent:<\/p>\n<p>15 de febrer, a les 17.30h. Seu del Districte Nou Barris, a la Sala d\u2019actes (2a planta) Hi haur\u00e0 espai d\u2019acollida infantil a la sala de reunions (2a planta)<\/p>\n<p>19 de febrer, a les 17.30h. Espai Jove Les Basses, carrer del\u00a0 Teide, 20. A l&#8217;Auditori. Hi haur\u00e0 espai d\u2019acollida infantil a la 1a planta<\/p>\n<p>21 de febrer, a les 17.30h. A la Biblioteca Zona Nord, a l&#8217;Espai Polivalent. Guarderia a la sala infantil.<\/p>\n<p>Tanmateix, des de l&#8217;Ajuntament es\u00a0 recomana assistir a les sessions informatives dels centres escolars en qu\u00e8 estigueu interessats. All\u00e0 us concretaran el projecte educatiu, funcionament, etc., i tindreu molts m\u00e9s elements que us ajudaran a prendre la decisi\u00f3.\u00a0<a href=\"http:\/\/media-edg.barcelona.cat\/wp-content\/uploads\/2018\/02\/07121137\/Tr%C3%ADptic-A5_2.pdf\" target=\"_blank\" rel=\"noopener\">Aqu\u00ed\u00a0teniu una relaci\u00f3 dels centres educatius de Nou Barris<\/a>.<\/p>\n","protected":false},"excerpt":{"rendered":"<p>Les reunions es faran\u00a0el 15, 19 i 21 de febrer en tres escenaris S&#8217;apropa l&#8217;hora de matricular els infants que<\/p>\n","protected":false},"author":2,"featured_media":71672,"comment_status":"closed","ping_status":"closed","sticky":false,"template":"","format":"standard","meta":{"colormag_page_layout":"default_layout","_monsterinsights_skip_tracking":false,"_monsterinsights_sitenote_active":false,"_monsterinsights_sitenote_note":"","_monsterinsights_sitenote_category":0,"footnotes":""},"categories":[1],"tags":[255,210,319],"class_list":["post-71671","post","type-post","status-publish","format-standard","has-post-thumbnail","hentry","category-nou-barris","tag-educacio","tag-escoles","tag-nou-barris"],"yoast_head":"<!-- This site is optimized with the Yoast SEO plugin v25.3 - https:\/\/yoast.com\/wordpress\/plugins\/seo\/ -->\n<title>Sessions informatives sobre la matriculaci\u00f3 escolar - NouBarris.Net<\/title>\n<meta name=\"robots\" content=\"index, follow, max-snippet:-1, max-image-preview:large, max-video-preview:-1\" \/>\n<link rel=\"canonical\" href=\"https:\/\/www.noubarris.net\/web40\/sessions-informatives-sobre-la-matriculacio-escolar\/\" \/>\n<meta property=\"og:locale\" content=\"ca_ES\" \/>\n<meta property=\"og:type\" content=\"article\" \/>\n<meta property=\"og:title\" content=\"Sessions informatives sobre la matriculaci\u00f3 escolar - NouBarris.Net\" \/>\n<meta property=\"og:description\" content=\"Les reunions es faran\u00a0el 15, 19 i 21 de febrer en tres escenaris S&#8217;apropa l&#8217;hora de matricular els infants que\" \/>\n<meta property=\"og:url\" content=\"https:\/\/www.noubarris.net\/web40\/sessions-informatives-sobre-la-matriculacio-escolar\/\" \/>\n<meta property=\"og:site_name\" content=\"NouBarris.Net\" \/>\n<meta property=\"article:publisher\" content=\"https:\/\/www.facebook.com\/NouBarris.net\/?locale=es_ES\" \/>\n<meta property=\"article:published_time\" content=\"2018-02-10T22:00:01+00:00\" \/>\n<meta property=\"og:image\" content=\"https:\/\/www.noubarris.net\/web40\/wp-content\/uploads\/2018\/02\/110218.jpg\" \/>\n\t<meta property=\"og:image:width\" content=\"768\" \/>\n\t<meta property=\"og:image:height\" content=\"432\" \/>\n\t<meta property=\"og:image:type\" content=\"image\/jpeg\" \/>\n<meta name=\"author\" content=\"Informatius\" \/>\n<meta name=\"twitter:card\" content=\"summary_large_image\" \/>\n<meta name=\"twitter:creator\" content=\"@9BTV\" \/>\n<meta name=\"twitter:site\" content=\"@9BTV\" \/>\n<meta name=\"twitter:label1\" content=\"Escrit per\" \/>\n\t<meta name=\"twitter:data1\" content=\"Informatius\" \/>\n\t<meta name=\"twitter:label2\" content=\"Temps estimat de lectura\" \/>\n\t<meta name=\"twitter:data2\" content=\"1 minut\" \/>\n<script type=\"application\/ld+json\" class=\"yoast-schema-graph\">{\"@context\":\"https:\/\/schema.org\",\"@graph\":[{\"@type\":\"Article\",\"@id\":\"https:\/\/www.noubarris.net\/web40\/sessions-informatives-sobre-la-matriculacio-escolar\/#article\",\"isPartOf\":{\"@id\":\"https:\/\/www.noubarris.net\/web40\/sessions-informatives-sobre-la-matriculacio-escolar\/\"},\"author\":{\"name\":\"Informatius\",\"@id\":\"https:\/\/www.noubarris.net\/web40\/#\/schema\/person\/1827f92aaa316c54abbf4dac0de76069\"},\"headline\":\"Sessions informatives sobre la matriculaci\u00f3 escolar\",\"datePublished\":\"2018-02-10T22:00:01+00:00\",\"mainEntityOfPage\":{\"@id\":\"https:\/\/www.noubarris.net\/web40\/sessions-informatives-sobre-la-matriculacio-escolar\/\"},\"wordCount\":232,\"publisher\":{\"@id\":\"https:\/\/www.noubarris.net\/web40\/#organization\"},\"image\":{\"@id\":\"https:\/\/www.noubarris.net\/web40\/sessions-informatives-sobre-la-matriculacio-escolar\/#primaryimage\"},\"thumbnailUrl\":\"https:\/\/www.noubarris.net\/web40\/wp-content\/uploads\/2018\/02\/110218.jpg\",\"keywords\":[\"Educaci\u00f3\",\"Escoles\",\"Nou Barris\"],\"articleSection\":[\"Nou Barris\"],\"inLanguage\":\"ca\"},{\"@type\":\"WebPage\",\"@id\":\"https:\/\/www.noubarris.net\/web40\/sessions-informatives-sobre-la-matriculacio-escolar\/\",\"url\":\"https:\/\/www.noubarris.net\/web40\/sessions-informatives-sobre-la-matriculacio-escolar\/\",\"name\":\"Sessions informatives sobre la matriculaci\u00f3 escolar - NouBarris.Net\",\"isPartOf\":{\"@id\":\"https:\/\/www.noubarris.net\/web40\/#website\"},\"primaryImageOfPage\":{\"@id\":\"https:\/\/www.noubarris.net\/web40\/sessions-informatives-sobre-la-matriculacio-escolar\/#primaryimage\"},\"image\":{\"@id\":\"https:\/\/www.noubarris.net\/web40\/sessions-informatives-sobre-la-matriculacio-escolar\/#primaryimage\"},\"thumbnailUrl\":\"https:\/\/www.noubarris.net\/web40\/wp-content\/uploads\/2018\/02\/110218.jpg\",\"datePublished\":\"2018-02-10T22:00:01+00:00\",\"breadcrumb\":{\"@id\":\"https:\/\/www.noubarris.net\/web40\/sessions-informatives-sobre-la-matriculacio-escolar\/#breadcrumb\"},\"inLanguage\":\"ca\",\"potentialAction\":[{\"@type\":\"ReadAction\",\"target\":[\"https:\/\/www.noubarris.net\/web40\/sessions-informatives-sobre-la-matriculacio-escolar\/\"]}]},{\"@type\":\"ImageObject\",\"inLanguage\":\"ca\",\"@id\":\"https:\/\/www.noubarris.net\/web40\/sessions-informatives-sobre-la-matriculacio-escolar\/#primaryimage\",\"url\":\"https:\/\/www.noubarris.net\/web40\/wp-content\/uploads\/2018\/02\/110218.jpg\",\"contentUrl\":\"https:\/\/www.noubarris.net\/web40\/wp-content\/uploads\/2018\/02\/110218.jpg\",\"width\":768,\"height\":432},{\"@type\":\"BreadcrumbList\",\"@id\":\"https:\/\/www.noubarris.net\/web40\/sessions-informatives-sobre-la-matriculacio-escolar\/#breadcrumb\",\"itemListElement\":[{\"@type\":\"ListItem\",\"position\":1,\"name\":\"Inici\",\"item\":\"https:\/\/www.noubarris.net\/web40\/\"},{\"@type\":\"ListItem\",\"position\":2,\"name\":\"Sessions informatives sobre la matriculaci\u00f3 escolar\"}]},{\"@type\":\"WebSite\",\"@id\":\"https:\/\/www.noubarris.net\/web40\/#website\",\"url\":\"https:\/\/www.noubarris.net\/web40\/\",\"name\":\"NouBarris.Net\",\"description\":\"Seguint la vida de Nou Barris des de 1985\",\"publisher\":{\"@id\":\"https:\/\/www.noubarris.net\/web40\/#organization\"},\"potentialAction\":[{\"@type\":\"SearchAction\",\"target\":{\"@type\":\"EntryPoint\",\"urlTemplate\":\"https:\/\/www.noubarris.net\/web40\/?s={search_term_string}\"},\"query-input\":{\"@type\":\"PropertyValueSpecification\",\"valueRequired\":true,\"valueName\":\"search_term_string\"}}],\"inLanguage\":\"ca\"},{\"@type\":\"Organization\",\"@id\":\"https:\/\/www.noubarris.net\/web40\/#organization\",\"name\":\"NouBarris.Net\",\"url\":\"https:\/\/www.noubarris.net\/web40\/\",\"logo\":{\"@type\":\"ImageObject\",\"inLanguage\":\"ca\",\"@id\":\"https:\/\/www.noubarris.net\/web40\/#\/schema\/logo\/image\/\",\"url\":\"https:\/\/www.noubarris.net\/web40\/wp-content\/uploads\/2024\/11\/cropped-cropped-LOGO_9BTV-2024_Insta-1.jpg\",\"contentUrl\":\"https:\/\/www.noubarris.net\/web40\/wp-content\/uploads\/2024\/11\/cropped-cropped-LOGO_9BTV-2024_Insta-1.jpg\",\"width\":512,\"height\":512,\"caption\":\"NouBarris.Net\"},\"image\":{\"@id\":\"https:\/\/www.noubarris.net\/web40\/#\/schema\/logo\/image\/\"},\"sameAs\":[\"https:\/\/www.facebook.com\/NouBarris.net\/?locale=es_ES\",\"https:\/\/x.com\/9BTV\"]},{\"@type\":\"Person\",\"@id\":\"https:\/\/www.noubarris.net\/web40\/#\/schema\/person\/1827f92aaa316c54abbf4dac0de76069\",\"name\":\"Informatius\",\"image\":{\"@type\":\"ImageObject\",\"inLanguage\":\"ca\",\"@id\":\"https:\/\/www.noubarris.net\/web40\/#\/schema\/person\/image\/\",\"url\":\"https:\/\/secure.gravatar.com\/avatar\/87a3b47928835fc72c6ee5b0e1a7263ef0c2d05003a98189bc14926c5f11bcdb?s=96&d=mm&r=g\",\"contentUrl\":\"https:\/\/secure.gravatar.com\/avatar\/87a3b47928835fc72c6ee5b0e1a7263ef0c2d05003a98189bc14926c5f11bcdb?s=96&d=mm&r=g\",\"caption\":\"Informatius\"},\"url\":\"https:\/\/www.noubarris.net\/web40\/author\/tele\/\"}]}<\/script>\n<!-- \/ Yoast SEO plugin. -->","yoast_head_json":{"title":"Sessions informatives sobre la matriculaci\u00f3 escolar - NouBarris.Net","robots":{"index":"index","follow":"follow","max-snippet":"max-snippet:-1","max-image-preview":"max-image-preview:large","max-video-preview":"max-video-preview:-1"},"canonical":"https:\/\/www.noubarris.net\/web40\/sessions-informatives-sobre-la-matriculacio-escolar\/","og_locale":"ca_ES","og_type":"article","og_title":"Sessions informatives sobre la matriculaci\u00f3 escolar - NouBarris.Net","og_description":"Les reunions es faran\u00a0el 15, 19 i 21 de febrer en tres escenaris S&#8217;apropa l&#8217;hora de matricular els infants que","og_url":"https:\/\/www.noubarris.net\/web40\/sessions-informatives-sobre-la-matriculacio-escolar\/","og_site_name":"NouBarris.Net","article_publisher":"https:\/\/www.facebook.com\/NouBarris.net\/?locale=es_ES","article_published_time":"2018-02-10T22:00:01+00:00","og_image":[{"width":768,"height":432,"url":"https:\/\/www.noubarris.net\/web40\/wp-content\/uploads\/2018\/02\/110218.jpg","type":"image\/jpeg"}],"author":"Informatius","twitter_card":"summary_large_image","twitter_creator":"@9BTV","twitter_site":"@9BTV","twitter_misc":{"Escrit per":"Informatius","Temps estimat de lectura":"1 minut"},"schema":{"@context":"https:\/\/schema.org","@graph":[{"@type":"Article","@id":"https:\/\/www.noubarris.net\/web40\/sessions-informatives-sobre-la-matriculacio-escolar\/#article","isPartOf":{"@id":"https:\/\/www.noubarris.net\/web40\/sessions-informatives-sobre-la-matriculacio-escolar\/"},"author":{"name":"Informatius","@id":"https:\/\/www.noubarris.net\/web40\/#\/schema\/person\/1827f92aaa316c54abbf4dac0de76069"},"headline":"Sessions informatives sobre la matriculaci\u00f3 escolar","datePublished":"2018-02-10T22:00:01+00:00","mainEntityOfPage":{"@id":"https:\/\/www.noubarris.net\/web40\/sessions-informatives-sobre-la-matriculacio-escolar\/"},"wordCount":232,"publisher":{"@id":"https:\/\/www.noubarris.net\/web40\/#organization"},"image":{"@id":"https:\/\/www.noubarris.net\/web40\/sessions-informatives-sobre-la-matriculacio-escolar\/#primaryimage"},"thumbnailUrl":"https:\/\/www.noubarris.net\/web40\/wp-content\/uploads\/2018\/02\/110218.jpg","keywords":["Educaci\u00f3","Escoles","Nou Barris"],"articleSection":["Nou Barris"],"inLanguage":"ca"},{"@type":"WebPage","@id":"https:\/\/www.noubarris.net\/web40\/sessions-informatives-sobre-la-matriculacio-escolar\/","url":"https:\/\/www.noubarris.net\/web40\/sessions-informatives-sobre-la-matriculacio-escolar\/","name":"Sessions informatives sobre la matriculaci\u00f3 escolar - NouBarris.Net","isPartOf":{"@id":"https:\/\/www.noubarris.net\/web40\/#website"},"primaryImageOfPage":{"@id":"https:\/\/www.noubarris.net\/web40\/sessions-informatives-sobre-la-matriculacio-escolar\/#primaryimage"},"image":{"@id":"https:\/\/www.noubarris.net\/web40\/sessions-informatives-sobre-la-matriculacio-escolar\/#primaryimage"},"thumbnailUrl":"https:\/\/www.noubarris.net\/web40\/wp-content\/uploads\/2018\/02\/110218.jpg","datePublished":"2018-02-10T22:00:01+00:00","breadcrumb":{"@id":"https:\/\/www.noubarris.net\/web40\/sessions-informatives-sobre-la-matriculacio-escolar\/#breadcrumb"},"inLanguage":"ca","potentialAction":[{"@type":"ReadAction","target":["https:\/\/www.noubarris.net\/web40\/sessions-informatives-sobre-la-matriculacio-escolar\/"]}]},{"@type":"ImageObject","inLanguage":"ca","@id":"https:\/\/www.noubarris.net\/web40\/sessions-informatives-sobre-la-matriculacio-escolar\/#primaryimage","url":"https:\/\/www.noubarris.net\/web40\/wp-content\/uploads\/2018\/02\/110218.jpg","contentUrl":"https:\/\/www.noubarris.net\/web40\/wp-content\/uploads\/2018\/02\/110218.jpg","width":768,"height":432},{"@type":"BreadcrumbList","@id":"https:\/\/www.noubarris.net\/web40\/sessions-informatives-sobre-la-matriculacio-escolar\/#breadcrumb","itemListElement":[{"@type":"ListItem","position":1,"name":"Inici","item":"https:\/\/www.noubarris.net\/web40\/"},{"@type":"ListItem","position":2,"name":"Sessions informatives sobre la matriculaci\u00f3 escolar"}]},{"@type":"WebSite","@id":"https:\/\/www.noubarris.net\/web40\/#website","url":"https:\/\/www.noubarris.net\/web40\/","name":"NouBarris.Net","description":"Seguint la vida de Nou Barris des de 1985","publisher":{"@id":"https:\/\/www.noubarris.net\/web40\/#organization"},"potentialAction":[{"@type":"SearchAction","target":{"@type":"EntryPoint","urlTemplate":"https:\/\/www.noubarris.net\/web40\/?s={search_term_string}"},"query-input":{"@type":"PropertyValueSpecification","valueRequired":true,"valueName":"search_term_string"}}],"inLanguage":"ca"},{"@type":"Organization","@id":"https:\/\/www.noubarris.net\/web40\/#organization","name":"NouBarris.Net","url":"https:\/\/www.noubarris.net\/web40\/","logo":{"@type":"ImageObject","inLanguage":"ca","@id":"https:\/\/www.noubarris.net\/web40\/#\/schema\/logo\/image\/","url":"https:\/\/www.noubarris.net\/web40\/wp-content\/uploads\/2024\/11\/cropped-cropped-LOGO_9BTV-2024_Insta-1.jpg","contentUrl":"https:\/\/www.noubarris.net\/web40\/wp-content\/uploads\/2024\/11\/cropped-cropped-LOGO_9BTV-2024_Insta-1.jpg","width":512,"height":512,"caption":"NouBarris.Net"},"image":{"@id":"https:\/\/www.noubarris.net\/web40\/#\/schema\/logo\/image\/"},"sameAs":["https:\/\/www.facebook.com\/NouBarris.net\/?locale=es_ES","https:\/\/x.com\/9BTV"]},{"@type":"Person","@id":"https:\/\/www.noubarris.net\/web40\/#\/schema\/person\/1827f92aaa316c54abbf4dac0de76069","name":"Informatius","image":{"@type":"ImageObject","inLanguage":"ca","@id":"https:\/\/www.noubarris.net\/web40\/#\/schema\/person\/image\/","url":"https:\/\/secure.gravatar.com\/avatar\/87a3b47928835fc72c6ee5b0e1a7263ef0c2d05003a98189bc14926c5f11bcdb?s=96&d=mm&r=g","contentUrl":"https:\/\/secure.gravatar.com\/avatar\/87a3b47928835fc72c6ee5b0e1a7263ef0c2d05003a98189bc14926c5f11bcdb?s=96&d=mm&r=g","caption":"Informatius"},"url":"https:\/\/www.noubarris.net\/web40\/author\/tele\/"}]}},"_links":{"self":[{"href":"https:\/\/www.noubarris.net\/web40\/wp-json\/wp\/v2\/posts\/71671","targetHints":{"allow":["GET"]}}],"collection":[{"href":"https:\/\/www.noubarris.net\/web40\/wp-json\/wp\/v2\/posts"}],"about":[{"href":"https:\/\/www.noubarris.net\/web40\/wp-json\/wp\/v2\/types\/post"}],"author":[{"embeddable":true,"href":"https:\/\/www.noubarris.net\/web40\/wp-json\/wp\/v2\/users\/2"}],"replies":[{"embeddable":true,"href":"https:\/\/www.noubarris.net\/web40\/wp-json\/wp\/v2\/comments?post=71671"}],"version-history":[{"count":0,"href":"https:\/\/www.noubarris.net\/web40\/wp-json\/wp\/v2\/posts\/71671\/revisions"}],"wp:featuredmedia":[{"embeddable":true,"href":"https:\/\/www.noubarris.net\/web40\/wp-json\/wp\/v2\/media\/71672"}],"wp:attachment":[{"href":"https:\/\/www.noubarris.net\/web40\/wp-json\/wp\/v2\/media?parent=71671"}],"wp:term":[{"taxonomy":"category","embeddable":true,"href":"https:\/\/www.noubarris.net\/web40\/wp-json\/wp\/v2\/categories?post=71671"},{"taxonomy":"post_tag","embeddable":true,"href":"https:\/\/www.noubarris.net\/web40\/wp-json\/wp\/v2\/tags?post=71671"}],"curies":[{"name":"wp","href":"https:\/\/api.w.org\/{rel}","templated":true}]}}