{"id":71680,"date":"2018-02-13T00:00:40","date_gmt":"2018-02-12T22:00:40","guid":{"rendered":"http:\/\/www.noubarris.net\/web40\/?p=71680"},"modified":"2018-02-13T17:11:06","modified_gmt":"2018-02-13T15:11:06","slug":"queixes-per-manca-de-manteniment-i-calefaccio-a-la-residencia-davis-la-trinitat","status":"publish","type":"post","link":"https:\/\/www.noubarris.net\/web40\/queixes-per-manca-de-manteniment-i-calefaccio-a-la-residencia-davis-la-trinitat\/","title":{"rendered":"Queixes per manca de manteniment a la Resid\u00e8ncia d\u2019Avis la Trinitat"},"content":{"rendered":"<p><strong>La gestora reconeix que hi ha una avaria a la calefacci\u00f3 per\u00f2 afirma que cap usuari est\u00e0 passant fred<\/strong><\/p>\n<p>Alguns familiars denuncien que en part de les habitacions de la Resid\u00e8ncia Trinitat no funciona el sistema de calefacci\u00f3, des de finals de gener. Des de la gestora de la resid\u00e8ncia, la cooperativa Suara, afirmen que una avaria en una caldera ha afectat part de la calefacci\u00f3 de l&#8217;equipament. \u00c9s per aix\u00f2 que s&#8217;han posat sistemes alternatius com ara bombes de calor i calefactors. Els familiars, per\u00f2, denuncien que aquests sistemes no sempre estan en funcionament i que molts cops s&#8217;han trobat les habitacions fredes.<\/p>\n<p>Alguns familiars afirmen que els calefactors nom\u00e9s s&#8217;encenen a estones per q\u00fcestions de seguretat.\u00a0 A m\u00e9s, asseguren que altres espais comuns com el passad\u00eds tamb\u00e9 han estat sense calefacci\u00f3 alguns dies. La versi\u00f3 dels familiars es contradiu amb la de l&#8217;afirmaci\u00f3 de la gestora, que &#8220;cap usuari passa fred&#8221;. Tamb\u00e9 insisteix que aquesta setmana l&#8217;avaria quedaria solventada.<\/p>\n<p>La incid\u00e8ncia s&#8217;afegeix a l&#8217;avaria d&#8217;aigua calenta que van patir els interns, diverses setmanes al desembre i al gener, i que va propiciar den\u00fancies dels familiars davant Benestar i Fam\u00edlia i el S\u00edndic de Greuges.\u00a0\u00a0Novament la cooperativa ho nega i afirma que el problema amb l&#8217;aigua calenta es limitava a que aquesta &#8220;trigava m\u00e9s estona de l&#8217;habitual en escalfar-se&#8221;.<\/p>\n<p>Representants de l&#8217;AV Trinitat Nova i de les entitats ve\u00efnals del SAP Muntanya, que defensen la qualitat del servei d&#8217;atenci\u00f3 prim\u00e0ria de salut, s&#8217;han reunit avui amb la direcci\u00f3 del centre per tractar aquests i altres queixes sobre el manteniment del centre que els familiars els han fet arribar,\u00a0com ara balcons que no tanquen b\u00e9 o la inexist\u00e8ncia de manetes en alguna porta. Familiars i entitats consideren primordial que totes les habitacions tornin a escalfar-se, sobretot tenint en compte el fred i la baixada de temperatura que hi ha des de fa dies. A m\u00e9s, volen que es convoqui el consell de participaci\u00f3 de la resid\u00e8ncia per tractar la situaci\u00f3 del manteniment al centre.\u00a0 Creuen que alguns problemes s\u00f3n gaireb\u00e9 cr\u00f2nics, com els problemes amb aig\u00fces fecals que apareixen tot sovint per q\u00fcestions infraestructurals. Uns problemes que l&#8217;empresa assegura que es van solucionar el setembre de 2016.<\/p>\n<p>&nbsp;<\/p>\n","protected":false},"excerpt":{"rendered":"<p>La gestora reconeix que hi ha una avaria a la calefacci\u00f3 per\u00f2 afirma que cap usuari est\u00e0 passant fred Alguns<\/p>\n","protected":false},"author":2,"featured_media":71681,"comment_status":"closed","ping_status":"closed","sticky":false,"template":"","format":"standard","meta":{"colormag_page_layout":"default_layout","_monsterinsights_skip_tracking":false,"_monsterinsights_sitenote_active":false,"_monsterinsights_sitenote_note":"","_monsterinsights_sitenote_category":0,"footnotes":""},"categories":[138,124],"tags":[121,316,52,428],"class_list":["post-71680","post","type-post","status-publish","format-standard","has-post-thumbnail","hentry","category-la-trinitat-nova","category-societat","tag-equipaments","tag-gent-gran","tag-la-trinitat-nova","tag-queixes"],"yoast_head":"<!-- This site is optimized with the Yoast SEO plugin v25.3 - https:\/\/yoast.com\/wordpress\/plugins\/seo\/ -->\n<title>Queixes per manca de manteniment a la Resid\u00e8ncia d\u2019Avis la Trinitat - NouBarris.Net<\/title>\n<meta name=\"robots\" content=\"index, follow, max-snippet:-1, max-image-preview:large, max-video-preview:-1\" \/>\n<link rel=\"canonical\" href=\"https:\/\/www.noubarris.net\/web40\/queixes-per-manca-de-manteniment-i-calefaccio-a-la-residencia-davis-la-trinitat\/\" \/>\n<meta property=\"og:locale\" content=\"ca_ES\" \/>\n<meta property=\"og:type\" content=\"article\" \/>\n<meta property=\"og:title\" content=\"Queixes per manca de manteniment a la Resid\u00e8ncia d\u2019Avis la Trinitat - NouBarris.Net\" \/>\n<meta property=\"og:description\" content=\"La gestora reconeix que hi ha una avaria a la calefacci\u00f3 per\u00f2 afirma que cap usuari est\u00e0 passant fred Alguns\" \/>\n<meta property=\"og:url\" content=\"https:\/\/www.noubarris.net\/web40\/queixes-per-manca-de-manteniment-i-calefaccio-a-la-residencia-davis-la-trinitat\/\" \/>\n<meta property=\"og:site_name\" content=\"NouBarris.Net\" \/>\n<meta property=\"article:publisher\" content=\"https:\/\/www.facebook.com\/NouBarris.net\/?locale=es_ES\" \/>\n<meta property=\"article:published_time\" content=\"2018-02-12T22:00:40+00:00\" \/>\n<meta property=\"article:modified_time\" content=\"2018-02-13T15:11:06+00:00\" \/>\n<meta property=\"og:image\" content=\"https:\/\/www.noubarris.net\/web40\/wp-content\/uploads\/2018\/02\/130218.jpg\" \/>\n\t<meta property=\"og:image:width\" content=\"787\" \/>\n\t<meta property=\"og:image:height\" content=\"445\" \/>\n\t<meta property=\"og:image:type\" content=\"image\/jpeg\" \/>\n<meta name=\"author\" content=\"Informatius\" \/>\n<meta name=\"twitter:card\" content=\"summary_large_image\" \/>\n<meta name=\"twitter:creator\" content=\"@9BTV\" \/>\n<meta name=\"twitter:site\" content=\"@9BTV\" \/>\n<meta name=\"twitter:label1\" content=\"Escrit per\" \/>\n\t<meta name=\"twitter:data1\" content=\"Informatius\" \/>\n\t<meta name=\"twitter:label2\" content=\"Temps estimat de lectura\" \/>\n\t<meta name=\"twitter:data2\" content=\"2 minuts\" \/>\n<script type=\"application\/ld+json\" class=\"yoast-schema-graph\">{\"@context\":\"https:\/\/schema.org\",\"@graph\":[{\"@type\":\"Article\",\"@id\":\"https:\/\/www.noubarris.net\/web40\/queixes-per-manca-de-manteniment-i-calefaccio-a-la-residencia-davis-la-trinitat\/#article\",\"isPartOf\":{\"@id\":\"https:\/\/www.noubarris.net\/web40\/queixes-per-manca-de-manteniment-i-calefaccio-a-la-residencia-davis-la-trinitat\/\"},\"author\":{\"name\":\"Informatius\",\"@id\":\"https:\/\/www.noubarris.net\/web40\/#\/schema\/person\/1827f92aaa316c54abbf4dac0de76069\"},\"headline\":\"Queixes per manca de manteniment a la Resid\u00e8ncia d\u2019Avis la Trinitat\",\"datePublished\":\"2018-02-12T22:00:40+00:00\",\"dateModified\":\"2018-02-13T15:11:06+00:00\",\"mainEntityOfPage\":{\"@id\":\"https:\/\/www.noubarris.net\/web40\/queixes-per-manca-de-manteniment-i-calefaccio-a-la-residencia-davis-la-trinitat\/\"},\"wordCount\":417,\"publisher\":{\"@id\":\"https:\/\/www.noubarris.net\/web40\/#organization\"},\"image\":{\"@id\":\"https:\/\/www.noubarris.net\/web40\/queixes-per-manca-de-manteniment-i-calefaccio-a-la-residencia-davis-la-trinitat\/#primaryimage\"},\"thumbnailUrl\":\"https:\/\/www.noubarris.net\/web40\/wp-content\/uploads\/2018\/02\/130218.jpg\",\"keywords\":[\"Equipaments\",\"Gent Gran\",\"La Trinitat Nova\",\"Queixes\"],\"articleSection\":[\"La Trinitat Nova\",\"Societat\"],\"inLanguage\":\"ca\"},{\"@type\":\"WebPage\",\"@id\":\"https:\/\/www.noubarris.net\/web40\/queixes-per-manca-de-manteniment-i-calefaccio-a-la-residencia-davis-la-trinitat\/\",\"url\":\"https:\/\/www.noubarris.net\/web40\/queixes-per-manca-de-manteniment-i-calefaccio-a-la-residencia-davis-la-trinitat\/\",\"name\":\"Queixes per manca de manteniment a la Resid\u00e8ncia d\u2019Avis la Trinitat - NouBarris.Net\",\"isPartOf\":{\"@id\":\"https:\/\/www.noubarris.net\/web40\/#website\"},\"primaryImageOfPage\":{\"@id\":\"https:\/\/www.noubarris.net\/web40\/queixes-per-manca-de-manteniment-i-calefaccio-a-la-residencia-davis-la-trinitat\/#primaryimage\"},\"image\":{\"@id\":\"https:\/\/www.noubarris.net\/web40\/queixes-per-manca-de-manteniment-i-calefaccio-a-la-residencia-davis-la-trinitat\/#primaryimage\"},\"thumbnailUrl\":\"https:\/\/www.noubarris.net\/web40\/wp-content\/uploads\/2018\/02\/130218.jpg\",\"datePublished\":\"2018-02-12T22:00:40+00:00\",\"dateModified\":\"2018-02-13T15:11:06+00:00\",\"breadcrumb\":{\"@id\":\"https:\/\/www.noubarris.net\/web40\/queixes-per-manca-de-manteniment-i-calefaccio-a-la-residencia-davis-la-trinitat\/#breadcrumb\"},\"inLanguage\":\"ca\",\"potentialAction\":[{\"@type\":\"ReadAction\",\"target\":[\"https:\/\/www.noubarris.net\/web40\/queixes-per-manca-de-manteniment-i-calefaccio-a-la-residencia-davis-la-trinitat\/\"]}]},{\"@type\":\"ImageObject\",\"inLanguage\":\"ca\",\"@id\":\"https:\/\/www.noubarris.net\/web40\/queixes-per-manca-de-manteniment-i-calefaccio-a-la-residencia-davis-la-trinitat\/#primaryimage\",\"url\":\"https:\/\/www.noubarris.net\/web40\/wp-content\/uploads\/2018\/02\/130218.jpg\",\"contentUrl\":\"https:\/\/www.noubarris.net\/web40\/wp-content\/uploads\/2018\/02\/130218.jpg\",\"width\":787,\"height\":445},{\"@type\":\"BreadcrumbList\",\"@id\":\"https:\/\/www.noubarris.net\/web40\/queixes-per-manca-de-manteniment-i-calefaccio-a-la-residencia-davis-la-trinitat\/#breadcrumb\",\"itemListElement\":[{\"@type\":\"ListItem\",\"position\":1,\"name\":\"Inici\",\"item\":\"https:\/\/www.noubarris.net\/web40\/\"},{\"@type\":\"ListItem\",\"position\":2,\"name\":\"Queixes per manca de manteniment a la Resid\u00e8ncia d\u2019Avis la Trinitat\"}]},{\"@type\":\"WebSite\",\"@id\":\"https:\/\/www.noubarris.net\/web40\/#website\",\"url\":\"https:\/\/www.noubarris.net\/web40\/\",\"name\":\"NouBarris.Net\",\"description\":\"Seguint la vida de Nou Barris des de 1985\",\"publisher\":{\"@id\":\"https:\/\/www.noubarris.net\/web40\/#organization\"},\"potentialAction\":[{\"@type\":\"SearchAction\",\"target\":{\"@type\":\"EntryPoint\",\"urlTemplate\":\"https:\/\/www.noubarris.net\/web40\/?s={search_term_string}\"},\"query-input\":{\"@type\":\"PropertyValueSpecification\",\"valueRequired\":true,\"valueName\":\"search_term_string\"}}],\"inLanguage\":\"ca\"},{\"@type\":\"Organization\",\"@id\":\"https:\/\/www.noubarris.net\/web40\/#organization\",\"name\":\"NouBarris.Net\",\"url\":\"https:\/\/www.noubarris.net\/web40\/\",\"logo\":{\"@type\":\"ImageObject\",\"inLanguage\":\"ca\",\"@id\":\"https:\/\/www.noubarris.net\/web40\/#\/schema\/logo\/image\/\",\"url\":\"https:\/\/www.noubarris.net\/web40\/wp-content\/uploads\/2024\/11\/cropped-cropped-LOGO_9BTV-2024_Insta-1.jpg\",\"contentUrl\":\"https:\/\/www.noubarris.net\/web40\/wp-content\/uploads\/2024\/11\/cropped-cropped-LOGO_9BTV-2024_Insta-1.jpg\",\"width\":512,\"height\":512,\"caption\":\"NouBarris.Net\"},\"image\":{\"@id\":\"https:\/\/www.noubarris.net\/web40\/#\/schema\/logo\/image\/\"},\"sameAs\":[\"https:\/\/www.facebook.com\/NouBarris.net\/?locale=es_ES\",\"https:\/\/x.com\/9BTV\"]},{\"@type\":\"Person\",\"@id\":\"https:\/\/www.noubarris.net\/web40\/#\/schema\/person\/1827f92aaa316c54abbf4dac0de76069\",\"name\":\"Informatius\",\"image\":{\"@type\":\"ImageObject\",\"inLanguage\":\"ca\",\"@id\":\"https:\/\/www.noubarris.net\/web40\/#\/schema\/person\/image\/\",\"url\":\"https:\/\/secure.gravatar.com\/avatar\/87a3b47928835fc72c6ee5b0e1a7263ef0c2d05003a98189bc14926c5f11bcdb?s=96&d=mm&r=g\",\"contentUrl\":\"https:\/\/secure.gravatar.com\/avatar\/87a3b47928835fc72c6ee5b0e1a7263ef0c2d05003a98189bc14926c5f11bcdb?s=96&d=mm&r=g\",\"caption\":\"Informatius\"},\"url\":\"https:\/\/www.noubarris.net\/web40\/author\/tele\/\"}]}<\/script>\n<!-- \/ Yoast SEO plugin. -->","yoast_head_json":{"title":"Queixes per manca de manteniment a la Resid\u00e8ncia d\u2019Avis la Trinitat - NouBarris.Net","robots":{"index":"index","follow":"follow","max-snippet":"max-snippet:-1","max-image-preview":"max-image-preview:large","max-video-preview":"max-video-preview:-1"},"canonical":"https:\/\/www.noubarris.net\/web40\/queixes-per-manca-de-manteniment-i-calefaccio-a-la-residencia-davis-la-trinitat\/","og_locale":"ca_ES","og_type":"article","og_title":"Queixes per manca de manteniment a la Resid\u00e8ncia d\u2019Avis la Trinitat - NouBarris.Net","og_description":"La gestora reconeix que hi ha una avaria a la calefacci\u00f3 per\u00f2 afirma que cap usuari est\u00e0 passant fred Alguns","og_url":"https:\/\/www.noubarris.net\/web40\/queixes-per-manca-de-manteniment-i-calefaccio-a-la-residencia-davis-la-trinitat\/","og_site_name":"NouBarris.Net","article_publisher":"https:\/\/www.facebook.com\/NouBarris.net\/?locale=es_ES","article_published_time":"2018-02-12T22:00:40+00:00","article_modified_time":"2018-02-13T15:11:06+00:00","og_image":[{"width":787,"height":445,"url":"https:\/\/www.noubarris.net\/web40\/wp-content\/uploads\/2018\/02\/130218.jpg","type":"image\/jpeg"}],"author":"Informatius","twitter_card":"summary_large_image","twitter_creator":"@9BTV","twitter_site":"@9BTV","twitter_misc":{"Escrit per":"Informatius","Temps estimat de lectura":"2 minuts"},"schema":{"@context":"https:\/\/schema.org","@graph":[{"@type":"Article","@id":"https:\/\/www.noubarris.net\/web40\/queixes-per-manca-de-manteniment-i-calefaccio-a-la-residencia-davis-la-trinitat\/#article","isPartOf":{"@id":"https:\/\/www.noubarris.net\/web40\/queixes-per-manca-de-manteniment-i-calefaccio-a-la-residencia-davis-la-trinitat\/"},"author":{"name":"Informatius","@id":"https:\/\/www.noubarris.net\/web40\/#\/schema\/person\/1827f92aaa316c54abbf4dac0de76069"},"headline":"Queixes per manca de manteniment a la Resid\u00e8ncia d\u2019Avis la Trinitat","datePublished":"2018-02-12T22:00:40+00:00","dateModified":"2018-02-13T15:11:06+00:00","mainEntityOfPage":{"@id":"https:\/\/www.noubarris.net\/web40\/queixes-per-manca-de-manteniment-i-calefaccio-a-la-residencia-davis-la-trinitat\/"},"wordCount":417,"publisher":{"@id":"https:\/\/www.noubarris.net\/web40\/#organization"},"image":{"@id":"https:\/\/www.noubarris.net\/web40\/queixes-per-manca-de-manteniment-i-calefaccio-a-la-residencia-davis-la-trinitat\/#primaryimage"},"thumbnailUrl":"https:\/\/www.noubarris.net\/web40\/wp-content\/uploads\/2018\/02\/130218.jpg","keywords":["Equipaments","Gent Gran","La Trinitat Nova","Queixes"],"articleSection":["La Trinitat Nova","Societat"],"inLanguage":"ca"},{"@type":"WebPage","@id":"https:\/\/www.noubarris.net\/web40\/queixes-per-manca-de-manteniment-i-calefaccio-a-la-residencia-davis-la-trinitat\/","url":"https:\/\/www.noubarris.net\/web40\/queixes-per-manca-de-manteniment-i-calefaccio-a-la-residencia-davis-la-trinitat\/","name":"Queixes per manca de manteniment a la Resid\u00e8ncia d\u2019Avis la Trinitat - NouBarris.Net","isPartOf":{"@id":"https:\/\/www.noubarris.net\/web40\/#website"},"primaryImageOfPage":{"@id":"https:\/\/www.noubarris.net\/web40\/queixes-per-manca-de-manteniment-i-calefaccio-a-la-residencia-davis-la-trinitat\/#primaryimage"},"image":{"@id":"https:\/\/www.noubarris.net\/web40\/queixes-per-manca-de-manteniment-i-calefaccio-a-la-residencia-davis-la-trinitat\/#primaryimage"},"thumbnailUrl":"https:\/\/www.noubarris.net\/web40\/wp-content\/uploads\/2018\/02\/130218.jpg","datePublished":"2018-02-12T22:00:40+00:00","dateModified":"2018-02-13T15:11:06+00:00","breadcrumb":{"@id":"https:\/\/www.noubarris.net\/web40\/queixes-per-manca-de-manteniment-i-calefaccio-a-la-residencia-davis-la-trinitat\/#breadcrumb"},"inLanguage":"ca","potentialAction":[{"@type":"ReadAction","target":["https:\/\/www.noubarris.net\/web40\/queixes-per-manca-de-manteniment-i-calefaccio-a-la-residencia-davis-la-trinitat\/"]}]},{"@type":"ImageObject","inLanguage":"ca","@id":"https:\/\/www.noubarris.net\/web40\/queixes-per-manca-de-manteniment-i-calefaccio-a-la-residencia-davis-la-trinitat\/#primaryimage","url":"https:\/\/www.noubarris.net\/web40\/wp-content\/uploads\/2018\/02\/130218.jpg","contentUrl":"https:\/\/www.noubarris.net\/web40\/wp-content\/uploads\/2018\/02\/130218.jpg","width":787,"height":445},{"@type":"BreadcrumbList","@id":"https:\/\/www.noubarris.net\/web40\/queixes-per-manca-de-manteniment-i-calefaccio-a-la-residencia-davis-la-trinitat\/#breadcrumb","itemListElement":[{"@type":"ListItem","position":1,"name":"Inici","item":"https:\/\/www.noubarris.net\/web40\/"},{"@type":"ListItem","position":2,"name":"Queixes per manca de manteniment a la Resid\u00e8ncia d\u2019Avis la Trinitat"}]},{"@type":"WebSite","@id":"https:\/\/www.noubarris.net\/web40\/#website","url":"https:\/\/www.noubarris.net\/web40\/","name":"NouBarris.Net","description":"Seguint la vida de Nou Barris des de 1985","publisher":{"@id":"https:\/\/www.noubarris.net\/web40\/#organization"},"potentialAction":[{"@type":"SearchAction","target":{"@type":"EntryPoint","urlTemplate":"https:\/\/www.noubarris.net\/web40\/?s={search_term_string}"},"query-input":{"@type":"PropertyValueSpecification","valueRequired":true,"valueName":"search_term_string"}}],"inLanguage":"ca"},{"@type":"Organization","@id":"https:\/\/www.noubarris.net\/web40\/#organization","name":"NouBarris.Net","url":"https:\/\/www.noubarris.net\/web40\/","logo":{"@type":"ImageObject","inLanguage":"ca","@id":"https:\/\/www.noubarris.net\/web40\/#\/schema\/logo\/image\/","url":"https:\/\/www.noubarris.net\/web40\/wp-content\/uploads\/2024\/11\/cropped-cropped-LOGO_9BTV-2024_Insta-1.jpg","contentUrl":"https:\/\/www.noubarris.net\/web40\/wp-content\/uploads\/2024\/11\/cropped-cropped-LOGO_9BTV-2024_Insta-1.jpg","width":512,"height":512,"caption":"NouBarris.Net"},"image":{"@id":"https:\/\/www.noubarris.net\/web40\/#\/schema\/logo\/image\/"},"sameAs":["https:\/\/www.facebook.com\/NouBarris.net\/?locale=es_ES","https:\/\/x.com\/9BTV"]},{"@type":"Person","@id":"https:\/\/www.noubarris.net\/web40\/#\/schema\/person\/1827f92aaa316c54abbf4dac0de76069","name":"Informatius","image":{"@type":"ImageObject","inLanguage":"ca","@id":"https:\/\/www.noubarris.net\/web40\/#\/schema\/person\/image\/","url":"https:\/\/secure.gravatar.com\/avatar\/87a3b47928835fc72c6ee5b0e1a7263ef0c2d05003a98189bc14926c5f11bcdb?s=96&d=mm&r=g","contentUrl":"https:\/\/secure.gravatar.com\/avatar\/87a3b47928835fc72c6ee5b0e1a7263ef0c2d05003a98189bc14926c5f11bcdb?s=96&d=mm&r=g","caption":"Informatius"},"url":"https:\/\/www.noubarris.net\/web40\/author\/tele\/"}]}},"_links":{"self":[{"href":"https:\/\/www.noubarris.net\/web40\/wp-json\/wp\/v2\/posts\/71680","targetHints":{"allow":["GET"]}}],"collection":[{"href":"https:\/\/www.noubarris.net\/web40\/wp-json\/wp\/v2\/posts"}],"about":[{"href":"https:\/\/www.noubarris.net\/web40\/wp-json\/wp\/v2\/types\/post"}],"author":[{"embeddable":true,"href":"https:\/\/www.noubarris.net\/web40\/wp-json\/wp\/v2\/users\/2"}],"replies":[{"embeddable":true,"href":"https:\/\/www.noubarris.net\/web40\/wp-json\/wp\/v2\/comments?post=71680"}],"version-history":[{"count":0,"href":"https:\/\/www.noubarris.net\/web40\/wp-json\/wp\/v2\/posts\/71680\/revisions"}],"wp:featuredmedia":[{"embeddable":true,"href":"https:\/\/www.noubarris.net\/web40\/wp-json\/wp\/v2\/media\/71681"}],"wp:attachment":[{"href":"https:\/\/www.noubarris.net\/web40\/wp-json\/wp\/v2\/media?parent=71680"}],"wp:term":[{"taxonomy":"category","embeddable":true,"href":"https:\/\/www.noubarris.net\/web40\/wp-json\/wp\/v2\/categories?post=71680"},{"taxonomy":"post_tag","embeddable":true,"href":"https:\/\/www.noubarris.net\/web40\/wp-json\/wp\/v2\/tags?post=71680"}],"curies":[{"name":"wp","href":"https:\/\/api.w.org\/{rel}","templated":true}]}}