{"id":71700,"date":"2018-02-14T00:00:56","date_gmt":"2018-02-13T22:00:56","guid":{"rendered":"http:\/\/www.noubarris.net\/web40\/?p=71700"},"modified":"2018-02-13T18:08:07","modified_gmt":"2018-02-13T16:08:07","slug":"la-prosperitat-comenca-a-definir-el-solar-de-la-plastica-flor","status":"publish","type":"post","link":"https:\/\/www.noubarris.net\/web40\/la-prosperitat-comenca-a-definir-el-solar-de-la-plastica-flor\/","title":{"rendered":"La Prosperitat comen\u00e7a a definir el solar de la Pl\u00e1stica Flor"},"content":{"rendered":"<p><strong>L&#8217;Ajuntament convoca la primera reuni\u00f3 del proc\u00e9s participatiu avui a les 19h\u00a0<\/strong><\/p>\n<p>L&#8217;Escola Prosperitat acull aquest vespre, a les 19h, la primera sessi\u00f3 del proc\u00e9s participatiu sobre el futur del solar de la Pl\u00e1stica Flor, situat al passeig de Valldaura, 223. Es tracta d&#8217;una primera assemblea oberta per recollir les opinions de les ve\u00efnes i ve\u00efns i de les entitats sobre\u00a0quines s\u00f3n les necessitats d\u2019equipaments al barri, per tal de fer un diagn\u00f2stic que ajudi a saber com s\u2019ha d\u2019enfocar l&#8217;equipament o equipaments que es construeixin. En aquesta reuni\u00f3 l\u2019Ajuntament tamb\u00e9 aportar\u00e0 la seva opini\u00f3 i, si \u00e9s el cas, avan\u00e7ar\u00e0 la seva proposta, a petici\u00f3 de les mateixes entitats.<\/p>\n<p>Aquesta illa de 4.500 metres quadrats va acollir una f\u00e0brica de flors ornamentals de pl\u00e0stic des del 1956 fins al 2009, quan es va enderrocar. Actualment \u00e9s un aparcament provisional i una zona de jocs infantils. Els\u00a0 ve\u00efns de la Prosperitat sempre han reclamat l&#8217;espai per a equipaments que podrien incloure una biblioteca de barri, un pavell\u00f3 esportiu, una sala polivalent que faci d\u2019auditori,\u2026 Ser\u00e0 un debat obert als ve\u00efns i entitats de la Prosperitat per\u00f2 tamb\u00e9 a la resta de ve\u00efns de l\u2019entorn d\u2019influ\u00e8ncia, com el barri de Porta, l\u2019associaci\u00f3 de comerciants del passeig de Valldaura i les AMPAS de les escoles properes.<\/p>\n<p>De fet avui \u00e9s la primera jornada, en qu\u00e8 hi podran participar directament el ve\u00efnat i les entitats. M\u00e9s tard,\u00a0el dijous 1 de mar\u00e7 es dur\u00e0 a terme una sessi\u00f3 oberta al Casal de Barri, a les 19h, en la qual es debatran i recolliran les propostes del ve\u00efnat. Els criteris per seleccionar les propostes finals seran dos: que siguin viables t\u00e8cnicament, i que no suposin una duplicitat d\u2019equipaments innecess\u00e0ria. Tot plegat es plasmar\u00e0 en un informe.<\/p>\n<p>La seg\u00fcent fase, la de retorn, es comunicar\u00e0 a la Comissi\u00f3 de Seguiment, al Consell de Barri i al web del Districte, i l\u2019avaluaci\u00f3 es realitzar\u00e0 al Consell de Barri i a la Comissi\u00f3 de Seguiment.<\/p>\n<p>En paral\u00b7lel a la sessi\u00f3 d&#8217;avui, la fase de diagnosi inclou una s\u00e8rie de tallers participatius amb infants i joves per con\u00e8ixer millor les seves necessitats en quant a equipaments i escoltar les seves propostes. Els infants van fer el taller\u00a0el passat 25 de gener sobre qu\u00e8 els agradaria fer i no poden al barri, i sobre qu\u00e8 creuen que podrien fer en un nou equipament.\u00a0Els joves es van trobar un dia abans, el 24 de gener, i van tractar les seves propostes i necessitats espec\u00edfiques en quant a equipaments.\u00a0Finalment, les entitats dedicades a la inf\u00e0ncia es van reunir el passat 30 de gener per con\u00e8ixer les dificultats principals amb qu\u00e8 es troben a l\u2019hora de dur a terme la seva tasca al barri, i quines d\u2019aquestes dificultats es poden veure pal\u00b7liades amb un nou equipament al solar.<\/p>\n","protected":false},"excerpt":{"rendered":"<p>L&#8217;Ajuntament convoca la primera reuni\u00f3 del proc\u00e9s participatiu avui a les 19h\u00a0 L&#8217;Escola Prosperitat acull aquest vespre, a les 19h,<\/p>\n","protected":false},"author":2,"featured_media":71702,"comment_status":"closed","ping_status":"closed","sticky":false,"template":"","format":"standard","meta":{"colormag_page_layout":"default_layout","_monsterinsights_skip_tracking":false,"_monsterinsights_sitenote_active":false,"_monsterinsights_sitenote_note":"","_monsterinsights_sitenote_category":0,"footnotes":""},"categories":[135,484],"tags":[51,327,69],"class_list":["post-71700","post","type-post","status-publish","format-standard","has-post-thumbnail","hentry","category-la-prosperitat","category-participacio","tag-la-prosperitat","tag-participacio","tag-urbanisme"],"yoast_head":"<!-- This site is optimized with the Yoast SEO plugin v25.3 - https:\/\/yoast.com\/wordpress\/plugins\/seo\/ -->\n<title>La Prosperitat comen\u00e7a a definir el solar de la Pl\u00e1stica Flor - NouBarris.Net<\/title>\n<meta name=\"robots\" content=\"index, follow, max-snippet:-1, max-image-preview:large, max-video-preview:-1\" \/>\n<link rel=\"canonical\" href=\"https:\/\/www.noubarris.net\/web40\/la-prosperitat-comenca-a-definir-el-solar-de-la-plastica-flor\/\" \/>\n<meta property=\"og:locale\" content=\"ca_ES\" \/>\n<meta property=\"og:type\" content=\"article\" \/>\n<meta property=\"og:title\" content=\"La Prosperitat comen\u00e7a a definir el solar de la Pl\u00e1stica Flor - NouBarris.Net\" \/>\n<meta property=\"og:description\" content=\"L&#8217;Ajuntament convoca la primera reuni\u00f3 del proc\u00e9s participatiu avui a les 19h\u00a0 L&#8217;Escola Prosperitat acull aquest vespre, a les 19h,\" \/>\n<meta property=\"og:url\" content=\"https:\/\/www.noubarris.net\/web40\/la-prosperitat-comenca-a-definir-el-solar-de-la-plastica-flor\/\" \/>\n<meta property=\"og:site_name\" content=\"NouBarris.Net\" \/>\n<meta property=\"article:publisher\" content=\"https:\/\/www.facebook.com\/NouBarris.net\/?locale=es_ES\" \/>\n<meta property=\"article:published_time\" content=\"2018-02-13T22:00:56+00:00\" \/>\n<meta property=\"og:image\" content=\"https:\/\/www.noubarris.net\/web40\/wp-content\/uploads\/2018\/02\/140218.jpg\" \/>\n\t<meta property=\"og:image:width\" content=\"787\" \/>\n\t<meta property=\"og:image:height\" content=\"445\" \/>\n\t<meta property=\"og:image:type\" content=\"image\/jpeg\" \/>\n<meta name=\"author\" content=\"Informatius\" \/>\n<meta name=\"twitter:card\" content=\"summary_large_image\" \/>\n<meta name=\"twitter:creator\" content=\"@9BTV\" \/>\n<meta name=\"twitter:site\" content=\"@9BTV\" \/>\n<meta name=\"twitter:label1\" content=\"Escrit per\" \/>\n\t<meta name=\"twitter:data1\" content=\"Informatius\" \/>\n\t<meta name=\"twitter:label2\" content=\"Temps estimat de lectura\" \/>\n\t<meta name=\"twitter:data2\" content=\"3 minuts\" \/>\n<script type=\"application\/ld+json\" class=\"yoast-schema-graph\">{\"@context\":\"https:\/\/schema.org\",\"@graph\":[{\"@type\":\"Article\",\"@id\":\"https:\/\/www.noubarris.net\/web40\/la-prosperitat-comenca-a-definir-el-solar-de-la-plastica-flor\/#article\",\"isPartOf\":{\"@id\":\"https:\/\/www.noubarris.net\/web40\/la-prosperitat-comenca-a-definir-el-solar-de-la-plastica-flor\/\"},\"author\":{\"name\":\"Informatius\",\"@id\":\"https:\/\/www.noubarris.net\/web40\/#\/schema\/person\/1827f92aaa316c54abbf4dac0de76069\"},\"headline\":\"La Prosperitat comen\u00e7a a definir el solar de la Pl\u00e1stica Flor\",\"datePublished\":\"2018-02-13T22:00:56+00:00\",\"mainEntityOfPage\":{\"@id\":\"https:\/\/www.noubarris.net\/web40\/la-prosperitat-comenca-a-definir-el-solar-de-la-plastica-flor\/\"},\"wordCount\":520,\"publisher\":{\"@id\":\"https:\/\/www.noubarris.net\/web40\/#organization\"},\"image\":{\"@id\":\"https:\/\/www.noubarris.net\/web40\/la-prosperitat-comenca-a-definir-el-solar-de-la-plastica-flor\/#primaryimage\"},\"thumbnailUrl\":\"https:\/\/www.noubarris.net\/web40\/wp-content\/uploads\/2018\/02\/140218.jpg\",\"keywords\":[\"La Prosperitat\",\"Participaci\u00f3\",\"Urbanisme\"],\"articleSection\":[\"La Prosperitat\",\"Participaci\u00f3\"],\"inLanguage\":\"ca\"},{\"@type\":\"WebPage\",\"@id\":\"https:\/\/www.noubarris.net\/web40\/la-prosperitat-comenca-a-definir-el-solar-de-la-plastica-flor\/\",\"url\":\"https:\/\/www.noubarris.net\/web40\/la-prosperitat-comenca-a-definir-el-solar-de-la-plastica-flor\/\",\"name\":\"La Prosperitat comen\u00e7a a definir el solar de la Pl\u00e1stica Flor - NouBarris.Net\",\"isPartOf\":{\"@id\":\"https:\/\/www.noubarris.net\/web40\/#website\"},\"primaryImageOfPage\":{\"@id\":\"https:\/\/www.noubarris.net\/web40\/la-prosperitat-comenca-a-definir-el-solar-de-la-plastica-flor\/#primaryimage\"},\"image\":{\"@id\":\"https:\/\/www.noubarris.net\/web40\/la-prosperitat-comenca-a-definir-el-solar-de-la-plastica-flor\/#primaryimage\"},\"thumbnailUrl\":\"https:\/\/www.noubarris.net\/web40\/wp-content\/uploads\/2018\/02\/140218.jpg\",\"datePublished\":\"2018-02-13T22:00:56+00:00\",\"breadcrumb\":{\"@id\":\"https:\/\/www.noubarris.net\/web40\/la-prosperitat-comenca-a-definir-el-solar-de-la-plastica-flor\/#breadcrumb\"},\"inLanguage\":\"ca\",\"potentialAction\":[{\"@type\":\"ReadAction\",\"target\":[\"https:\/\/www.noubarris.net\/web40\/la-prosperitat-comenca-a-definir-el-solar-de-la-plastica-flor\/\"]}]},{\"@type\":\"ImageObject\",\"inLanguage\":\"ca\",\"@id\":\"https:\/\/www.noubarris.net\/web40\/la-prosperitat-comenca-a-definir-el-solar-de-la-plastica-flor\/#primaryimage\",\"url\":\"https:\/\/www.noubarris.net\/web40\/wp-content\/uploads\/2018\/02\/140218.jpg\",\"contentUrl\":\"https:\/\/www.noubarris.net\/web40\/wp-content\/uploads\/2018\/02\/140218.jpg\",\"width\":787,\"height\":445},{\"@type\":\"BreadcrumbList\",\"@id\":\"https:\/\/www.noubarris.net\/web40\/la-prosperitat-comenca-a-definir-el-solar-de-la-plastica-flor\/#breadcrumb\",\"itemListElement\":[{\"@type\":\"ListItem\",\"position\":1,\"name\":\"Inici\",\"item\":\"https:\/\/www.noubarris.net\/web40\/\"},{\"@type\":\"ListItem\",\"position\":2,\"name\":\"La Prosperitat comen\u00e7a a definir el solar de la Pl\u00e1stica Flor\"}]},{\"@type\":\"WebSite\",\"@id\":\"https:\/\/www.noubarris.net\/web40\/#website\",\"url\":\"https:\/\/www.noubarris.net\/web40\/\",\"name\":\"NouBarris.Net\",\"description\":\"Seguint la vida de Nou Barris des de 1985\",\"publisher\":{\"@id\":\"https:\/\/www.noubarris.net\/web40\/#organization\"},\"potentialAction\":[{\"@type\":\"SearchAction\",\"target\":{\"@type\":\"EntryPoint\",\"urlTemplate\":\"https:\/\/www.noubarris.net\/web40\/?s={search_term_string}\"},\"query-input\":{\"@type\":\"PropertyValueSpecification\",\"valueRequired\":true,\"valueName\":\"search_term_string\"}}],\"inLanguage\":\"ca\"},{\"@type\":\"Organization\",\"@id\":\"https:\/\/www.noubarris.net\/web40\/#organization\",\"name\":\"NouBarris.Net\",\"url\":\"https:\/\/www.noubarris.net\/web40\/\",\"logo\":{\"@type\":\"ImageObject\",\"inLanguage\":\"ca\",\"@id\":\"https:\/\/www.noubarris.net\/web40\/#\/schema\/logo\/image\/\",\"url\":\"https:\/\/www.noubarris.net\/web40\/wp-content\/uploads\/2024\/11\/cropped-cropped-LOGO_9BTV-2024_Insta-1.jpg\",\"contentUrl\":\"https:\/\/www.noubarris.net\/web40\/wp-content\/uploads\/2024\/11\/cropped-cropped-LOGO_9BTV-2024_Insta-1.jpg\",\"width\":512,\"height\":512,\"caption\":\"NouBarris.Net\"},\"image\":{\"@id\":\"https:\/\/www.noubarris.net\/web40\/#\/schema\/logo\/image\/\"},\"sameAs\":[\"https:\/\/www.facebook.com\/NouBarris.net\/?locale=es_ES\",\"https:\/\/x.com\/9BTV\"]},{\"@type\":\"Person\",\"@id\":\"https:\/\/www.noubarris.net\/web40\/#\/schema\/person\/1827f92aaa316c54abbf4dac0de76069\",\"name\":\"Informatius\",\"image\":{\"@type\":\"ImageObject\",\"inLanguage\":\"ca\",\"@id\":\"https:\/\/www.noubarris.net\/web40\/#\/schema\/person\/image\/\",\"url\":\"https:\/\/secure.gravatar.com\/avatar\/87a3b47928835fc72c6ee5b0e1a7263ef0c2d05003a98189bc14926c5f11bcdb?s=96&d=mm&r=g\",\"contentUrl\":\"https:\/\/secure.gravatar.com\/avatar\/87a3b47928835fc72c6ee5b0e1a7263ef0c2d05003a98189bc14926c5f11bcdb?s=96&d=mm&r=g\",\"caption\":\"Informatius\"},\"url\":\"https:\/\/www.noubarris.net\/web40\/author\/tele\/\"}]}<\/script>\n<!-- \/ Yoast SEO plugin. -->","yoast_head_json":{"title":"La Prosperitat comen\u00e7a a definir el solar de la Pl\u00e1stica Flor - NouBarris.Net","robots":{"index":"index","follow":"follow","max-snippet":"max-snippet:-1","max-image-preview":"max-image-preview:large","max-video-preview":"max-video-preview:-1"},"canonical":"https:\/\/www.noubarris.net\/web40\/la-prosperitat-comenca-a-definir-el-solar-de-la-plastica-flor\/","og_locale":"ca_ES","og_type":"article","og_title":"La Prosperitat comen\u00e7a a definir el solar de la Pl\u00e1stica Flor - NouBarris.Net","og_description":"L&#8217;Ajuntament convoca la primera reuni\u00f3 del proc\u00e9s participatiu avui a les 19h\u00a0 L&#8217;Escola Prosperitat acull aquest vespre, a les 19h,","og_url":"https:\/\/www.noubarris.net\/web40\/la-prosperitat-comenca-a-definir-el-solar-de-la-plastica-flor\/","og_site_name":"NouBarris.Net","article_publisher":"https:\/\/www.facebook.com\/NouBarris.net\/?locale=es_ES","article_published_time":"2018-02-13T22:00:56+00:00","og_image":[{"width":787,"height":445,"url":"https:\/\/www.noubarris.net\/web40\/wp-content\/uploads\/2018\/02\/140218.jpg","type":"image\/jpeg"}],"author":"Informatius","twitter_card":"summary_large_image","twitter_creator":"@9BTV","twitter_site":"@9BTV","twitter_misc":{"Escrit per":"Informatius","Temps estimat de lectura":"3 minuts"},"schema":{"@context":"https:\/\/schema.org","@graph":[{"@type":"Article","@id":"https:\/\/www.noubarris.net\/web40\/la-prosperitat-comenca-a-definir-el-solar-de-la-plastica-flor\/#article","isPartOf":{"@id":"https:\/\/www.noubarris.net\/web40\/la-prosperitat-comenca-a-definir-el-solar-de-la-plastica-flor\/"},"author":{"name":"Informatius","@id":"https:\/\/www.noubarris.net\/web40\/#\/schema\/person\/1827f92aaa316c54abbf4dac0de76069"},"headline":"La Prosperitat comen\u00e7a a definir el solar de la Pl\u00e1stica Flor","datePublished":"2018-02-13T22:00:56+00:00","mainEntityOfPage":{"@id":"https:\/\/www.noubarris.net\/web40\/la-prosperitat-comenca-a-definir-el-solar-de-la-plastica-flor\/"},"wordCount":520,"publisher":{"@id":"https:\/\/www.noubarris.net\/web40\/#organization"},"image":{"@id":"https:\/\/www.noubarris.net\/web40\/la-prosperitat-comenca-a-definir-el-solar-de-la-plastica-flor\/#primaryimage"},"thumbnailUrl":"https:\/\/www.noubarris.net\/web40\/wp-content\/uploads\/2018\/02\/140218.jpg","keywords":["La Prosperitat","Participaci\u00f3","Urbanisme"],"articleSection":["La Prosperitat","Participaci\u00f3"],"inLanguage":"ca"},{"@type":"WebPage","@id":"https:\/\/www.noubarris.net\/web40\/la-prosperitat-comenca-a-definir-el-solar-de-la-plastica-flor\/","url":"https:\/\/www.noubarris.net\/web40\/la-prosperitat-comenca-a-definir-el-solar-de-la-plastica-flor\/","name":"La Prosperitat comen\u00e7a a definir el solar de la Pl\u00e1stica Flor - NouBarris.Net","isPartOf":{"@id":"https:\/\/www.noubarris.net\/web40\/#website"},"primaryImageOfPage":{"@id":"https:\/\/www.noubarris.net\/web40\/la-prosperitat-comenca-a-definir-el-solar-de-la-plastica-flor\/#primaryimage"},"image":{"@id":"https:\/\/www.noubarris.net\/web40\/la-prosperitat-comenca-a-definir-el-solar-de-la-plastica-flor\/#primaryimage"},"thumbnailUrl":"https:\/\/www.noubarris.net\/web40\/wp-content\/uploads\/2018\/02\/140218.jpg","datePublished":"2018-02-13T22:00:56+00:00","breadcrumb":{"@id":"https:\/\/www.noubarris.net\/web40\/la-prosperitat-comenca-a-definir-el-solar-de-la-plastica-flor\/#breadcrumb"},"inLanguage":"ca","potentialAction":[{"@type":"ReadAction","target":["https:\/\/www.noubarris.net\/web40\/la-prosperitat-comenca-a-definir-el-solar-de-la-plastica-flor\/"]}]},{"@type":"ImageObject","inLanguage":"ca","@id":"https:\/\/www.noubarris.net\/web40\/la-prosperitat-comenca-a-definir-el-solar-de-la-plastica-flor\/#primaryimage","url":"https:\/\/www.noubarris.net\/web40\/wp-content\/uploads\/2018\/02\/140218.jpg","contentUrl":"https:\/\/www.noubarris.net\/web40\/wp-content\/uploads\/2018\/02\/140218.jpg","width":787,"height":445},{"@type":"BreadcrumbList","@id":"https:\/\/www.noubarris.net\/web40\/la-prosperitat-comenca-a-definir-el-solar-de-la-plastica-flor\/#breadcrumb","itemListElement":[{"@type":"ListItem","position":1,"name":"Inici","item":"https:\/\/www.noubarris.net\/web40\/"},{"@type":"ListItem","position":2,"name":"La Prosperitat comen\u00e7a a definir el solar de la Pl\u00e1stica Flor"}]},{"@type":"WebSite","@id":"https:\/\/www.noubarris.net\/web40\/#website","url":"https:\/\/www.noubarris.net\/web40\/","name":"NouBarris.Net","description":"Seguint la vida de Nou Barris des de 1985","publisher":{"@id":"https:\/\/www.noubarris.net\/web40\/#organization"},"potentialAction":[{"@type":"SearchAction","target":{"@type":"EntryPoint","urlTemplate":"https:\/\/www.noubarris.net\/web40\/?s={search_term_string}"},"query-input":{"@type":"PropertyValueSpecification","valueRequired":true,"valueName":"search_term_string"}}],"inLanguage":"ca"},{"@type":"Organization","@id":"https:\/\/www.noubarris.net\/web40\/#organization","name":"NouBarris.Net","url":"https:\/\/www.noubarris.net\/web40\/","logo":{"@type":"ImageObject","inLanguage":"ca","@id":"https:\/\/www.noubarris.net\/web40\/#\/schema\/logo\/image\/","url":"https:\/\/www.noubarris.net\/web40\/wp-content\/uploads\/2024\/11\/cropped-cropped-LOGO_9BTV-2024_Insta-1.jpg","contentUrl":"https:\/\/www.noubarris.net\/web40\/wp-content\/uploads\/2024\/11\/cropped-cropped-LOGO_9BTV-2024_Insta-1.jpg","width":512,"height":512,"caption":"NouBarris.Net"},"image":{"@id":"https:\/\/www.noubarris.net\/web40\/#\/schema\/logo\/image\/"},"sameAs":["https:\/\/www.facebook.com\/NouBarris.net\/?locale=es_ES","https:\/\/x.com\/9BTV"]},{"@type":"Person","@id":"https:\/\/www.noubarris.net\/web40\/#\/schema\/person\/1827f92aaa316c54abbf4dac0de76069","name":"Informatius","image":{"@type":"ImageObject","inLanguage":"ca","@id":"https:\/\/www.noubarris.net\/web40\/#\/schema\/person\/image\/","url":"https:\/\/secure.gravatar.com\/avatar\/87a3b47928835fc72c6ee5b0e1a7263ef0c2d05003a98189bc14926c5f11bcdb?s=96&d=mm&r=g","contentUrl":"https:\/\/secure.gravatar.com\/avatar\/87a3b47928835fc72c6ee5b0e1a7263ef0c2d05003a98189bc14926c5f11bcdb?s=96&d=mm&r=g","caption":"Informatius"},"url":"https:\/\/www.noubarris.net\/web40\/author\/tele\/"}]}},"_links":{"self":[{"href":"https:\/\/www.noubarris.net\/web40\/wp-json\/wp\/v2\/posts\/71700","targetHints":{"allow":["GET"]}}],"collection":[{"href":"https:\/\/www.noubarris.net\/web40\/wp-json\/wp\/v2\/posts"}],"about":[{"href":"https:\/\/www.noubarris.net\/web40\/wp-json\/wp\/v2\/types\/post"}],"author":[{"embeddable":true,"href":"https:\/\/www.noubarris.net\/web40\/wp-json\/wp\/v2\/users\/2"}],"replies":[{"embeddable":true,"href":"https:\/\/www.noubarris.net\/web40\/wp-json\/wp\/v2\/comments?post=71700"}],"version-history":[{"count":0,"href":"https:\/\/www.noubarris.net\/web40\/wp-json\/wp\/v2\/posts\/71700\/revisions"}],"wp:featuredmedia":[{"embeddable":true,"href":"https:\/\/www.noubarris.net\/web40\/wp-json\/wp\/v2\/media\/71702"}],"wp:attachment":[{"href":"https:\/\/www.noubarris.net\/web40\/wp-json\/wp\/v2\/media?parent=71700"}],"wp:term":[{"taxonomy":"category","embeddable":true,"href":"https:\/\/www.noubarris.net\/web40\/wp-json\/wp\/v2\/categories?post=71700"},{"taxonomy":"post_tag","embeddable":true,"href":"https:\/\/www.noubarris.net\/web40\/wp-json\/wp\/v2\/tags?post=71700"}],"curies":[{"name":"wp","href":"https:\/\/api.w.org\/{rel}","templated":true}]}}