{"id":71717,"date":"2018-02-15T00:00:37","date_gmt":"2018-02-14T22:00:37","guid":{"rendered":"http:\/\/www.noubarris.net\/web40\/?p=71717"},"modified":"2018-02-14T17:59:06","modified_gmt":"2018-02-14T15:59:06","slug":"educaarts-un-projecte-que-educa-emocionalment-des-de-les-arts-esceniques","status":"publish","type":"post","link":"https:\/\/www.noubarris.net\/web40\/educaarts-un-projecte-que-educa-emocionalment-des-de-les-arts-esceniques\/","title":{"rendered":"EducArts, un projecte que educa emocionalment des de les arts esc\u00e8niques"},"content":{"rendered":"<p><strong>La iniciativa es desenvolupa a les escoles de la Zona Nord de Nou Barris de la m\u00e0 del Pla de Barris<\/strong><\/p>\n<p>Les quatre escoles dels barris de la Zona Nord de Nou Barris (Torre Bar\u00f3, Ciutat Meridiana i Vallbona) han aprofitat el darrer dia de carnaval per fer una presentaci\u00f3 en p\u00fablic del projecte socioeducatiu que comparteixen, l\u2019EducArts. Es tracta d\u2019una iniciativa que ha introdu\u00eft la m\u00fasica, el teatre i la dansa a les aules com a eina per gestionar les emocions, la comunicaci\u00f3 i les compet\u00e8ncies ling\u00fc\u00edstiques dels alumnes des de P3 fins a sis\u00e8 de prim\u00e0ria.<\/p>\n<p>El projecte EducArts es fonamenta en la filosofia que les arts permeten treballar aspectes i valors positius com la cooperaci\u00f3, la solidaritat, o el comprom\u00eds amb la comunitat i el seu entorn, d\u2019una manera pr\u00e0ctica, sense que ni tan sols els alumnes se n\u2019adonin. D\u2019aquesta manera es vol afavorir la gesti\u00f3 de les emocions per part dels infants com una manera de prevenir conflictes i facilitar el di\u00e0leg i la comunicaci\u00f3. \u201cB\u00e0sicament es treballa en dos eixos. \u2013 explica Ester Bonal, coordinadora del projecte EducArts &#8211; Un \u00e9s l\u2019eix de tractament del treball emocional i de la gesti\u00f3 de la viol\u00e8ncia i la gesti\u00f3 de les actituds entre el alumnes. I un segon eix \u00e9s el tema de les compet\u00e8ncies ling\u00fc\u00edstiques, tant d\u2019enriquiment de vocabulari com de capacitats a l\u2019hora de comunicar-se entre ells.\u201d\u00a0 Els tallers es realitzen a les escoles Ferrer i Gu\u00e0rdia, Elisenda de Montcada, Ciutat Comtal i Mestre Morera. En ells hi participen un miler de nens i nenes d\u2019entre 3 i 12 anys.<\/p>\n<p>Actualment el projecte es troba en una primera fase en qu\u00e8 nom\u00e9s es duen a terme tallers de m\u00fasica, teatre i dansa dins els recintes escolars, per\u00f2 la idea \u00e9s implicar la resta de la comunitat i de les entitats del barri, perqu\u00e8 en una segona fase pugui convertir-se en una activitat extraescolar i s\u2019arreli a la zona, per garantir la seva superviv\u00e8ncia m\u00e9s enll\u00e0 del Pla de Barris que ara l\u2019ha impulsat. \u201cLa intenci\u00f3 del Pla de barris \u00e9s que sigui un projecte transversal, que entri dins l\u2019escola per\u00f2 que sigui tamb\u00e9 un projecte comunitari, que faci d\u2019enlla\u00e7 de totes les escoles, de treballar amb els ve\u00efns i altres entitats com Vozes, i altres projectes art\u00edstics que es treballen a les escoles.\u201d, explica Estefania Soler, coordinadora del projecte EducArts. Per aix\u00f2, part dels talleristes s\u00f3n, a m\u00e9s de professionals, ve\u00efns del barri, i es col\u00b7labora amb altres iniciatives art\u00edstiques ja existents.<\/p>\n","protected":false},"excerpt":{"rendered":"<p>La iniciativa es desenvolupa a les escoles de la Zona Nord de Nou Barris de la m\u00e0 del Pla de<\/p>\n","protected":false},"author":2,"featured_media":71718,"comment_status":"closed","ping_status":"closed","sticky":false,"template":"","format":"standard","meta":{"colormag_page_layout":"default_layout","_monsterinsights_skip_tracking":false,"_monsterinsights_sitenote_active":false,"_monsterinsights_sitenote_note":"","_monsterinsights_sitenote_category":0,"footnotes":""},"categories":[132],"tags":[435,210,530,438],"class_list":["post-71717","post","type-post","status-publish","format-standard","has-post-thumbnail","hentry","category-ciutat-meridiana","tag-art","tag-escoles","tag-pla-de-barris","tag-zona-nord"],"yoast_head":"<!-- This site is optimized with the Yoast SEO plugin v25.3 - https:\/\/yoast.com\/wordpress\/plugins\/seo\/ -->\n<title>EducArts, un projecte que educa emocionalment des de les arts esc\u00e8niques - NouBarris.Net<\/title>\n<meta name=\"robots\" content=\"index, follow, max-snippet:-1, max-image-preview:large, max-video-preview:-1\" \/>\n<link rel=\"canonical\" href=\"https:\/\/www.noubarris.net\/web40\/educaarts-un-projecte-que-educa-emocionalment-des-de-les-arts-esceniques\/\" \/>\n<meta property=\"og:locale\" content=\"ca_ES\" \/>\n<meta property=\"og:type\" content=\"article\" \/>\n<meta property=\"og:title\" content=\"EducArts, un projecte que educa emocionalment des de les arts esc\u00e8niques - NouBarris.Net\" \/>\n<meta property=\"og:description\" content=\"La iniciativa es desenvolupa a les escoles de la Zona Nord de Nou Barris de la m\u00e0 del Pla de\" \/>\n<meta property=\"og:url\" content=\"https:\/\/www.noubarris.net\/web40\/educaarts-un-projecte-que-educa-emocionalment-des-de-les-arts-esceniques\/\" \/>\n<meta property=\"og:site_name\" content=\"NouBarris.Net\" \/>\n<meta property=\"article:publisher\" content=\"https:\/\/www.facebook.com\/NouBarris.net\/?locale=es_ES\" \/>\n<meta property=\"article:published_time\" content=\"2018-02-14T22:00:37+00:00\" \/>\n<meta property=\"og:image\" content=\"https:\/\/www.noubarris.net\/web40\/wp-content\/uploads\/2018\/02\/150218.jpg\" \/>\n\t<meta property=\"og:image:width\" content=\"787\" \/>\n\t<meta property=\"og:image:height\" content=\"445\" \/>\n\t<meta property=\"og:image:type\" content=\"image\/jpeg\" \/>\n<meta name=\"author\" content=\"Informatius\" \/>\n<meta name=\"twitter:card\" content=\"summary_large_image\" \/>\n<meta name=\"twitter:creator\" content=\"@9BTV\" \/>\n<meta name=\"twitter:site\" content=\"@9BTV\" \/>\n<meta name=\"twitter:label1\" content=\"Escrit per\" \/>\n\t<meta name=\"twitter:data1\" content=\"Informatius\" \/>\n\t<meta name=\"twitter:label2\" content=\"Temps estimat de lectura\" \/>\n\t<meta name=\"twitter:data2\" content=\"2 minuts\" \/>\n<script type=\"application\/ld+json\" class=\"yoast-schema-graph\">{\"@context\":\"https:\/\/schema.org\",\"@graph\":[{\"@type\":\"Article\",\"@id\":\"https:\/\/www.noubarris.net\/web40\/educaarts-un-projecte-que-educa-emocionalment-des-de-les-arts-esceniques\/#article\",\"isPartOf\":{\"@id\":\"https:\/\/www.noubarris.net\/web40\/educaarts-un-projecte-que-educa-emocionalment-des-de-les-arts-esceniques\/\"},\"author\":{\"name\":\"Informatius\",\"@id\":\"https:\/\/www.noubarris.net\/web40\/#\/schema\/person\/1827f92aaa316c54abbf4dac0de76069\"},\"headline\":\"EducArts, un projecte que educa emocionalment des de les arts esc\u00e8niques\",\"datePublished\":\"2018-02-14T22:00:37+00:00\",\"mainEntityOfPage\":{\"@id\":\"https:\/\/www.noubarris.net\/web40\/educaarts-un-projecte-que-educa-emocionalment-des-de-les-arts-esceniques\/\"},\"wordCount\":464,\"publisher\":{\"@id\":\"https:\/\/www.noubarris.net\/web40\/#organization\"},\"image\":{\"@id\":\"https:\/\/www.noubarris.net\/web40\/educaarts-un-projecte-que-educa-emocionalment-des-de-les-arts-esceniques\/#primaryimage\"},\"thumbnailUrl\":\"https:\/\/www.noubarris.net\/web40\/wp-content\/uploads\/2018\/02\/150218.jpg\",\"keywords\":[\"art\",\"Escoles\",\"pla de barris\",\"Zona Nord\"],\"articleSection\":[\"Ciutat Meridiana\"],\"inLanguage\":\"ca\"},{\"@type\":\"WebPage\",\"@id\":\"https:\/\/www.noubarris.net\/web40\/educaarts-un-projecte-que-educa-emocionalment-des-de-les-arts-esceniques\/\",\"url\":\"https:\/\/www.noubarris.net\/web40\/educaarts-un-projecte-que-educa-emocionalment-des-de-les-arts-esceniques\/\",\"name\":\"EducArts, un projecte que educa emocionalment des de les arts esc\u00e8niques - NouBarris.Net\",\"isPartOf\":{\"@id\":\"https:\/\/www.noubarris.net\/web40\/#website\"},\"primaryImageOfPage\":{\"@id\":\"https:\/\/www.noubarris.net\/web40\/educaarts-un-projecte-que-educa-emocionalment-des-de-les-arts-esceniques\/#primaryimage\"},\"image\":{\"@id\":\"https:\/\/www.noubarris.net\/web40\/educaarts-un-projecte-que-educa-emocionalment-des-de-les-arts-esceniques\/#primaryimage\"},\"thumbnailUrl\":\"https:\/\/www.noubarris.net\/web40\/wp-content\/uploads\/2018\/02\/150218.jpg\",\"datePublished\":\"2018-02-14T22:00:37+00:00\",\"breadcrumb\":{\"@id\":\"https:\/\/www.noubarris.net\/web40\/educaarts-un-projecte-que-educa-emocionalment-des-de-les-arts-esceniques\/#breadcrumb\"},\"inLanguage\":\"ca\",\"potentialAction\":[{\"@type\":\"ReadAction\",\"target\":[\"https:\/\/www.noubarris.net\/web40\/educaarts-un-projecte-que-educa-emocionalment-des-de-les-arts-esceniques\/\"]}]},{\"@type\":\"ImageObject\",\"inLanguage\":\"ca\",\"@id\":\"https:\/\/www.noubarris.net\/web40\/educaarts-un-projecte-que-educa-emocionalment-des-de-les-arts-esceniques\/#primaryimage\",\"url\":\"https:\/\/www.noubarris.net\/web40\/wp-content\/uploads\/2018\/02\/150218.jpg\",\"contentUrl\":\"https:\/\/www.noubarris.net\/web40\/wp-content\/uploads\/2018\/02\/150218.jpg\",\"width\":787,\"height\":445},{\"@type\":\"BreadcrumbList\",\"@id\":\"https:\/\/www.noubarris.net\/web40\/educaarts-un-projecte-que-educa-emocionalment-des-de-les-arts-esceniques\/#breadcrumb\",\"itemListElement\":[{\"@type\":\"ListItem\",\"position\":1,\"name\":\"Inici\",\"item\":\"https:\/\/www.noubarris.net\/web40\/\"},{\"@type\":\"ListItem\",\"position\":2,\"name\":\"EducArts, un projecte que educa emocionalment des de les arts esc\u00e8niques\"}]},{\"@type\":\"WebSite\",\"@id\":\"https:\/\/www.noubarris.net\/web40\/#website\",\"url\":\"https:\/\/www.noubarris.net\/web40\/\",\"name\":\"NouBarris.Net\",\"description\":\"Seguint la vida de Nou Barris des de 1985\",\"publisher\":{\"@id\":\"https:\/\/www.noubarris.net\/web40\/#organization\"},\"potentialAction\":[{\"@type\":\"SearchAction\",\"target\":{\"@type\":\"EntryPoint\",\"urlTemplate\":\"https:\/\/www.noubarris.net\/web40\/?s={search_term_string}\"},\"query-input\":{\"@type\":\"PropertyValueSpecification\",\"valueRequired\":true,\"valueName\":\"search_term_string\"}}],\"inLanguage\":\"ca\"},{\"@type\":\"Organization\",\"@id\":\"https:\/\/www.noubarris.net\/web40\/#organization\",\"name\":\"NouBarris.Net\",\"url\":\"https:\/\/www.noubarris.net\/web40\/\",\"logo\":{\"@type\":\"ImageObject\",\"inLanguage\":\"ca\",\"@id\":\"https:\/\/www.noubarris.net\/web40\/#\/schema\/logo\/image\/\",\"url\":\"https:\/\/www.noubarris.net\/web40\/wp-content\/uploads\/2024\/11\/cropped-cropped-LOGO_9BTV-2024_Insta-1.jpg\",\"contentUrl\":\"https:\/\/www.noubarris.net\/web40\/wp-content\/uploads\/2024\/11\/cropped-cropped-LOGO_9BTV-2024_Insta-1.jpg\",\"width\":512,\"height\":512,\"caption\":\"NouBarris.Net\"},\"image\":{\"@id\":\"https:\/\/www.noubarris.net\/web40\/#\/schema\/logo\/image\/\"},\"sameAs\":[\"https:\/\/www.facebook.com\/NouBarris.net\/?locale=es_ES\",\"https:\/\/x.com\/9BTV\"]},{\"@type\":\"Person\",\"@id\":\"https:\/\/www.noubarris.net\/web40\/#\/schema\/person\/1827f92aaa316c54abbf4dac0de76069\",\"name\":\"Informatius\",\"image\":{\"@type\":\"ImageObject\",\"inLanguage\":\"ca\",\"@id\":\"https:\/\/www.noubarris.net\/web40\/#\/schema\/person\/image\/\",\"url\":\"https:\/\/secure.gravatar.com\/avatar\/87a3b47928835fc72c6ee5b0e1a7263ef0c2d05003a98189bc14926c5f11bcdb?s=96&d=mm&r=g\",\"contentUrl\":\"https:\/\/secure.gravatar.com\/avatar\/87a3b47928835fc72c6ee5b0e1a7263ef0c2d05003a98189bc14926c5f11bcdb?s=96&d=mm&r=g\",\"caption\":\"Informatius\"},\"url\":\"https:\/\/www.noubarris.net\/web40\/author\/tele\/\"}]}<\/script>\n<!-- \/ Yoast SEO plugin. -->","yoast_head_json":{"title":"EducArts, un projecte que educa emocionalment des de les arts esc\u00e8niques - NouBarris.Net","robots":{"index":"index","follow":"follow","max-snippet":"max-snippet:-1","max-image-preview":"max-image-preview:large","max-video-preview":"max-video-preview:-1"},"canonical":"https:\/\/www.noubarris.net\/web40\/educaarts-un-projecte-que-educa-emocionalment-des-de-les-arts-esceniques\/","og_locale":"ca_ES","og_type":"article","og_title":"EducArts, un projecte que educa emocionalment des de les arts esc\u00e8niques - NouBarris.Net","og_description":"La iniciativa es desenvolupa a les escoles de la Zona Nord de Nou Barris de la m\u00e0 del Pla de","og_url":"https:\/\/www.noubarris.net\/web40\/educaarts-un-projecte-que-educa-emocionalment-des-de-les-arts-esceniques\/","og_site_name":"NouBarris.Net","article_publisher":"https:\/\/www.facebook.com\/NouBarris.net\/?locale=es_ES","article_published_time":"2018-02-14T22:00:37+00:00","og_image":[{"width":787,"height":445,"url":"https:\/\/www.noubarris.net\/web40\/wp-content\/uploads\/2018\/02\/150218.jpg","type":"image\/jpeg"}],"author":"Informatius","twitter_card":"summary_large_image","twitter_creator":"@9BTV","twitter_site":"@9BTV","twitter_misc":{"Escrit per":"Informatius","Temps estimat de lectura":"2 minuts"},"schema":{"@context":"https:\/\/schema.org","@graph":[{"@type":"Article","@id":"https:\/\/www.noubarris.net\/web40\/educaarts-un-projecte-que-educa-emocionalment-des-de-les-arts-esceniques\/#article","isPartOf":{"@id":"https:\/\/www.noubarris.net\/web40\/educaarts-un-projecte-que-educa-emocionalment-des-de-les-arts-esceniques\/"},"author":{"name":"Informatius","@id":"https:\/\/www.noubarris.net\/web40\/#\/schema\/person\/1827f92aaa316c54abbf4dac0de76069"},"headline":"EducArts, un projecte que educa emocionalment des de les arts esc\u00e8niques","datePublished":"2018-02-14T22:00:37+00:00","mainEntityOfPage":{"@id":"https:\/\/www.noubarris.net\/web40\/educaarts-un-projecte-que-educa-emocionalment-des-de-les-arts-esceniques\/"},"wordCount":464,"publisher":{"@id":"https:\/\/www.noubarris.net\/web40\/#organization"},"image":{"@id":"https:\/\/www.noubarris.net\/web40\/educaarts-un-projecte-que-educa-emocionalment-des-de-les-arts-esceniques\/#primaryimage"},"thumbnailUrl":"https:\/\/www.noubarris.net\/web40\/wp-content\/uploads\/2018\/02\/150218.jpg","keywords":["art","Escoles","pla de barris","Zona Nord"],"articleSection":["Ciutat Meridiana"],"inLanguage":"ca"},{"@type":"WebPage","@id":"https:\/\/www.noubarris.net\/web40\/educaarts-un-projecte-que-educa-emocionalment-des-de-les-arts-esceniques\/","url":"https:\/\/www.noubarris.net\/web40\/educaarts-un-projecte-que-educa-emocionalment-des-de-les-arts-esceniques\/","name":"EducArts, un projecte que educa emocionalment des de les arts esc\u00e8niques - NouBarris.Net","isPartOf":{"@id":"https:\/\/www.noubarris.net\/web40\/#website"},"primaryImageOfPage":{"@id":"https:\/\/www.noubarris.net\/web40\/educaarts-un-projecte-que-educa-emocionalment-des-de-les-arts-esceniques\/#primaryimage"},"image":{"@id":"https:\/\/www.noubarris.net\/web40\/educaarts-un-projecte-que-educa-emocionalment-des-de-les-arts-esceniques\/#primaryimage"},"thumbnailUrl":"https:\/\/www.noubarris.net\/web40\/wp-content\/uploads\/2018\/02\/150218.jpg","datePublished":"2018-02-14T22:00:37+00:00","breadcrumb":{"@id":"https:\/\/www.noubarris.net\/web40\/educaarts-un-projecte-que-educa-emocionalment-des-de-les-arts-esceniques\/#breadcrumb"},"inLanguage":"ca","potentialAction":[{"@type":"ReadAction","target":["https:\/\/www.noubarris.net\/web40\/educaarts-un-projecte-que-educa-emocionalment-des-de-les-arts-esceniques\/"]}]},{"@type":"ImageObject","inLanguage":"ca","@id":"https:\/\/www.noubarris.net\/web40\/educaarts-un-projecte-que-educa-emocionalment-des-de-les-arts-esceniques\/#primaryimage","url":"https:\/\/www.noubarris.net\/web40\/wp-content\/uploads\/2018\/02\/150218.jpg","contentUrl":"https:\/\/www.noubarris.net\/web40\/wp-content\/uploads\/2018\/02\/150218.jpg","width":787,"height":445},{"@type":"BreadcrumbList","@id":"https:\/\/www.noubarris.net\/web40\/educaarts-un-projecte-que-educa-emocionalment-des-de-les-arts-esceniques\/#breadcrumb","itemListElement":[{"@type":"ListItem","position":1,"name":"Inici","item":"https:\/\/www.noubarris.net\/web40\/"},{"@type":"ListItem","position":2,"name":"EducArts, un projecte que educa emocionalment des de les arts esc\u00e8niques"}]},{"@type":"WebSite","@id":"https:\/\/www.noubarris.net\/web40\/#website","url":"https:\/\/www.noubarris.net\/web40\/","name":"NouBarris.Net","description":"Seguint la vida de Nou Barris des de 1985","publisher":{"@id":"https:\/\/www.noubarris.net\/web40\/#organization"},"potentialAction":[{"@type":"SearchAction","target":{"@type":"EntryPoint","urlTemplate":"https:\/\/www.noubarris.net\/web40\/?s={search_term_string}"},"query-input":{"@type":"PropertyValueSpecification","valueRequired":true,"valueName":"search_term_string"}}],"inLanguage":"ca"},{"@type":"Organization","@id":"https:\/\/www.noubarris.net\/web40\/#organization","name":"NouBarris.Net","url":"https:\/\/www.noubarris.net\/web40\/","logo":{"@type":"ImageObject","inLanguage":"ca","@id":"https:\/\/www.noubarris.net\/web40\/#\/schema\/logo\/image\/","url":"https:\/\/www.noubarris.net\/web40\/wp-content\/uploads\/2024\/11\/cropped-cropped-LOGO_9BTV-2024_Insta-1.jpg","contentUrl":"https:\/\/www.noubarris.net\/web40\/wp-content\/uploads\/2024\/11\/cropped-cropped-LOGO_9BTV-2024_Insta-1.jpg","width":512,"height":512,"caption":"NouBarris.Net"},"image":{"@id":"https:\/\/www.noubarris.net\/web40\/#\/schema\/logo\/image\/"},"sameAs":["https:\/\/www.facebook.com\/NouBarris.net\/?locale=es_ES","https:\/\/x.com\/9BTV"]},{"@type":"Person","@id":"https:\/\/www.noubarris.net\/web40\/#\/schema\/person\/1827f92aaa316c54abbf4dac0de76069","name":"Informatius","image":{"@type":"ImageObject","inLanguage":"ca","@id":"https:\/\/www.noubarris.net\/web40\/#\/schema\/person\/image\/","url":"https:\/\/secure.gravatar.com\/avatar\/87a3b47928835fc72c6ee5b0e1a7263ef0c2d05003a98189bc14926c5f11bcdb?s=96&d=mm&r=g","contentUrl":"https:\/\/secure.gravatar.com\/avatar\/87a3b47928835fc72c6ee5b0e1a7263ef0c2d05003a98189bc14926c5f11bcdb?s=96&d=mm&r=g","caption":"Informatius"},"url":"https:\/\/www.noubarris.net\/web40\/author\/tele\/"}]}},"_links":{"self":[{"href":"https:\/\/www.noubarris.net\/web40\/wp-json\/wp\/v2\/posts\/71717","targetHints":{"allow":["GET"]}}],"collection":[{"href":"https:\/\/www.noubarris.net\/web40\/wp-json\/wp\/v2\/posts"}],"about":[{"href":"https:\/\/www.noubarris.net\/web40\/wp-json\/wp\/v2\/types\/post"}],"author":[{"embeddable":true,"href":"https:\/\/www.noubarris.net\/web40\/wp-json\/wp\/v2\/users\/2"}],"replies":[{"embeddable":true,"href":"https:\/\/www.noubarris.net\/web40\/wp-json\/wp\/v2\/comments?post=71717"}],"version-history":[{"count":0,"href":"https:\/\/www.noubarris.net\/web40\/wp-json\/wp\/v2\/posts\/71717\/revisions"}],"wp:featuredmedia":[{"embeddable":true,"href":"https:\/\/www.noubarris.net\/web40\/wp-json\/wp\/v2\/media\/71718"}],"wp:attachment":[{"href":"https:\/\/www.noubarris.net\/web40\/wp-json\/wp\/v2\/media?parent=71717"}],"wp:term":[{"taxonomy":"category","embeddable":true,"href":"https:\/\/www.noubarris.net\/web40\/wp-json\/wp\/v2\/categories?post=71717"},{"taxonomy":"post_tag","embeddable":true,"href":"https:\/\/www.noubarris.net\/web40\/wp-json\/wp\/v2\/tags?post=71717"}],"curies":[{"name":"wp","href":"https:\/\/api.w.org\/{rel}","templated":true}]}}