{"id":71722,"date":"2018-02-19T00:00:59","date_gmt":"2018-02-18T22:00:59","guid":{"rendered":"http:\/\/www.noubarris.net\/web40\/?p=71722"},"modified":"2018-02-15T17:16:19","modified_gmt":"2018-02-15T15:16:19","slug":"la-historia-de-les-escoles-de-la-prosperitat","status":"publish","type":"post","link":"https:\/\/www.noubarris.net\/web40\/la-historia-de-les-escoles-de-la-prosperitat\/","title":{"rendered":"La hist\u00f2ria de les escoles de la Prosperitat"},"content":{"rendered":"<p><strong>La mostra explica les lluites ve\u00efnals per aconseguir els centres educatius p\u00fablics al barri<\/strong><\/p>\n<p>El Casal de Barri Prosperitat exposa aquests dies una retrospectiva del que ha significat l&#8217;escola al barri, des del 1930 fins a l&#8217;actualitat. Els centres p\u00fablics es van aconseguir gr\u00e0cies a la const\u00e0ncia i la paci\u00e8ncia de molts ve\u00efns que van lluitar per un ensenyament de qualitat, tant en l&#8217;\u00e0mbit d&#8217;infraestructures com el pedag\u00f2gic.<\/p>\n<p>La mostra s&#8217;ha fet a partir de\u00a0fotografies, cartilles escolars, pl\u00e0nols, retalls de diaris i altres documents que relaten com s&#8217;han aconseguit els diferents centres d&#8217;ensenyament.\u00a0Molts han estat gr\u00e0cies a la pressi\u00f3 ve\u00efnal.\u00a0Els\u00a0m\u00e9s antics, de l&#8217;\u00e8poca de la Rep\u00fablica, ja han desaparegut, per\u00f2 d&#8217;altres els han reclamat durant d\u00e8cades.<\/p>\n<p>Una de les principals lluites ve\u00efnals va ser contra les acad\u00e8mies privades, que no tenien unes infraestructures \u00f2ptimes.\u00a0&#8220;La gent volia escoles p\u00fabliques, i en condicions, perqu\u00e8 la majoria de centres que hi havia eren en pisos, sense patis, sense espais, i on els alumnes estaven amuntegats en petites habitacions&#8221;, recorda Antoni Gonz\u00e1lez, &#8220;T\u00f2ful&#8221;, que va viure l&#8217;\u00e8poca com a mestre i ara ha participat en la creaci\u00f3 de la mostra.<\/p>\n<p>Les mobilitzacions per la construcci\u00f3 de centres escolars van ser cont\u00ednues a la Prosperitat, primer per les escoles de prim\u00e0ria i despr\u00e9s pels instituts.\u00a0&#8220;Aqu\u00ed nom\u00e9s hi havia l&#8217;Institut de Sant Andreu, que ja va costar D\u00e9u i ajuda que s&#8217;arrib\u00e9s a fer, i la soluci\u00f3 que donaven quan la gent volia continuar la secund\u00e0ria era dir que anessin als instituts de fora del barri&#8221;, assegura T\u00f2ful. M\u00e9s endavant els ve\u00efns van demanar centres d&#8217;adults i escoles bressol. Ara moltes d&#8217;aquelles persones formen part de l&#8217;anomenada Marea Groga, que demana una educaci\u00f3 p\u00fablica, gratu\u00efta i de qualitat.<\/p>\n<p>La mostra\u00a0&#8220;L&#8217;ensenyament al barri: hist\u00f2ria, avui i dem\u00e0&#8221;\u00a0es pot visitar fins al 23 de mar\u00e7 al\u00a0Casal de Barri Prosperitat. Qui ho desitgi, pot adquirir un llibret que recull les dades i les fotografies de l&#8217;exposici\u00f3, organitzada per la Comissi\u00f3 del Centenari de la Prosperitat.<\/p>\n","protected":false},"excerpt":{"rendered":"<p>La mostra explica les lluites ve\u00efnals per aconseguir els centres educatius p\u00fablics al barri El Casal de Barri Prosperitat exposa<\/p>\n","protected":false},"author":2,"featured_media":71723,"comment_status":"closed","ping_status":"closed","sticky":false,"template":"","format":"standard","meta":{"colormag_page_layout":"default_layout","_monsterinsights_skip_tracking":false,"_monsterinsights_sitenote_active":false,"_monsterinsights_sitenote_note":"","_monsterinsights_sitenote_category":0,"footnotes":""},"categories":[129,135,124],"tags":[210,268,271,51],"class_list":["post-71722","post","type-post","status-publish","format-standard","has-post-thumbnail","hentry","category-cultura","category-la-prosperitat","category-societat","tag-escoles","tag-exposicio","tag-historia","tag-la-prosperitat"],"yoast_head":"<!-- This site is optimized with the Yoast SEO plugin v25.3 - https:\/\/yoast.com\/wordpress\/plugins\/seo\/ -->\n<title>La hist\u00f2ria de les escoles de la Prosperitat - NouBarris.Net<\/title>\n<meta name=\"robots\" content=\"index, follow, max-snippet:-1, max-image-preview:large, max-video-preview:-1\" \/>\n<link rel=\"canonical\" href=\"https:\/\/www.noubarris.net\/web40\/la-historia-de-les-escoles-de-la-prosperitat\/\" \/>\n<meta property=\"og:locale\" content=\"ca_ES\" \/>\n<meta property=\"og:type\" content=\"article\" \/>\n<meta property=\"og:title\" content=\"La hist\u00f2ria de les escoles de la Prosperitat - NouBarris.Net\" \/>\n<meta property=\"og:description\" content=\"La mostra explica les lluites ve\u00efnals per aconseguir els centres educatius p\u00fablics al barri El Casal de Barri Prosperitat exposa\" \/>\n<meta property=\"og:url\" content=\"https:\/\/www.noubarris.net\/web40\/la-historia-de-les-escoles-de-la-prosperitat\/\" \/>\n<meta property=\"og:site_name\" content=\"NouBarris.Net\" \/>\n<meta property=\"article:publisher\" content=\"https:\/\/www.facebook.com\/NouBarris.net\/?locale=es_ES\" \/>\n<meta property=\"article:published_time\" content=\"2018-02-18T22:00:59+00:00\" \/>\n<meta property=\"og:image\" content=\"https:\/\/www.noubarris.net\/web40\/wp-content\/uploads\/2018\/02\/190218.jpg\" \/>\n\t<meta property=\"og:image:width\" content=\"787\" \/>\n\t<meta property=\"og:image:height\" content=\"445\" \/>\n\t<meta property=\"og:image:type\" content=\"image\/jpeg\" \/>\n<meta name=\"author\" content=\"Informatius\" \/>\n<meta name=\"twitter:card\" content=\"summary_large_image\" \/>\n<meta name=\"twitter:creator\" content=\"@9BTV\" \/>\n<meta name=\"twitter:site\" content=\"@9BTV\" \/>\n<meta name=\"twitter:label1\" content=\"Escrit per\" \/>\n\t<meta name=\"twitter:data1\" content=\"Informatius\" \/>\n\t<meta name=\"twitter:label2\" content=\"Temps estimat de lectura\" \/>\n\t<meta name=\"twitter:data2\" content=\"2 minuts\" \/>\n<script type=\"application\/ld+json\" class=\"yoast-schema-graph\">{\"@context\":\"https:\/\/schema.org\",\"@graph\":[{\"@type\":\"Article\",\"@id\":\"https:\/\/www.noubarris.net\/web40\/la-historia-de-les-escoles-de-la-prosperitat\/#article\",\"isPartOf\":{\"@id\":\"https:\/\/www.noubarris.net\/web40\/la-historia-de-les-escoles-de-la-prosperitat\/\"},\"author\":{\"name\":\"Informatius\",\"@id\":\"https:\/\/www.noubarris.net\/web40\/#\/schema\/person\/1827f92aaa316c54abbf4dac0de76069\"},\"headline\":\"La hist\u00f2ria de les escoles de la Prosperitat\",\"datePublished\":\"2018-02-18T22:00:59+00:00\",\"mainEntityOfPage\":{\"@id\":\"https:\/\/www.noubarris.net\/web40\/la-historia-de-les-escoles-de-la-prosperitat\/\"},\"wordCount\":391,\"publisher\":{\"@id\":\"https:\/\/www.noubarris.net\/web40\/#organization\"},\"image\":{\"@id\":\"https:\/\/www.noubarris.net\/web40\/la-historia-de-les-escoles-de-la-prosperitat\/#primaryimage\"},\"thumbnailUrl\":\"https:\/\/www.noubarris.net\/web40\/wp-content\/uploads\/2018\/02\/190218.jpg\",\"keywords\":[\"Escoles\",\"Exposici\u00f3\",\"Hist\u00f2ria\",\"La Prosperitat\"],\"articleSection\":[\"Cultura\",\"La Prosperitat\",\"Societat\"],\"inLanguage\":\"ca\"},{\"@type\":\"WebPage\",\"@id\":\"https:\/\/www.noubarris.net\/web40\/la-historia-de-les-escoles-de-la-prosperitat\/\",\"url\":\"https:\/\/www.noubarris.net\/web40\/la-historia-de-les-escoles-de-la-prosperitat\/\",\"name\":\"La hist\u00f2ria de les escoles de la Prosperitat - NouBarris.Net\",\"isPartOf\":{\"@id\":\"https:\/\/www.noubarris.net\/web40\/#website\"},\"primaryImageOfPage\":{\"@id\":\"https:\/\/www.noubarris.net\/web40\/la-historia-de-les-escoles-de-la-prosperitat\/#primaryimage\"},\"image\":{\"@id\":\"https:\/\/www.noubarris.net\/web40\/la-historia-de-les-escoles-de-la-prosperitat\/#primaryimage\"},\"thumbnailUrl\":\"https:\/\/www.noubarris.net\/web40\/wp-content\/uploads\/2018\/02\/190218.jpg\",\"datePublished\":\"2018-02-18T22:00:59+00:00\",\"breadcrumb\":{\"@id\":\"https:\/\/www.noubarris.net\/web40\/la-historia-de-les-escoles-de-la-prosperitat\/#breadcrumb\"},\"inLanguage\":\"ca\",\"potentialAction\":[{\"@type\":\"ReadAction\",\"target\":[\"https:\/\/www.noubarris.net\/web40\/la-historia-de-les-escoles-de-la-prosperitat\/\"]}]},{\"@type\":\"ImageObject\",\"inLanguage\":\"ca\",\"@id\":\"https:\/\/www.noubarris.net\/web40\/la-historia-de-les-escoles-de-la-prosperitat\/#primaryimage\",\"url\":\"https:\/\/www.noubarris.net\/web40\/wp-content\/uploads\/2018\/02\/190218.jpg\",\"contentUrl\":\"https:\/\/www.noubarris.net\/web40\/wp-content\/uploads\/2018\/02\/190218.jpg\",\"width\":787,\"height\":445},{\"@type\":\"BreadcrumbList\",\"@id\":\"https:\/\/www.noubarris.net\/web40\/la-historia-de-les-escoles-de-la-prosperitat\/#breadcrumb\",\"itemListElement\":[{\"@type\":\"ListItem\",\"position\":1,\"name\":\"Inici\",\"item\":\"https:\/\/www.noubarris.net\/web40\/\"},{\"@type\":\"ListItem\",\"position\":2,\"name\":\"La hist\u00f2ria de les escoles de la Prosperitat\"}]},{\"@type\":\"WebSite\",\"@id\":\"https:\/\/www.noubarris.net\/web40\/#website\",\"url\":\"https:\/\/www.noubarris.net\/web40\/\",\"name\":\"NouBarris.Net\",\"description\":\"Seguint la vida de Nou Barris des de 1985\",\"publisher\":{\"@id\":\"https:\/\/www.noubarris.net\/web40\/#organization\"},\"potentialAction\":[{\"@type\":\"SearchAction\",\"target\":{\"@type\":\"EntryPoint\",\"urlTemplate\":\"https:\/\/www.noubarris.net\/web40\/?s={search_term_string}\"},\"query-input\":{\"@type\":\"PropertyValueSpecification\",\"valueRequired\":true,\"valueName\":\"search_term_string\"}}],\"inLanguage\":\"ca\"},{\"@type\":\"Organization\",\"@id\":\"https:\/\/www.noubarris.net\/web40\/#organization\",\"name\":\"NouBarris.Net\",\"url\":\"https:\/\/www.noubarris.net\/web40\/\",\"logo\":{\"@type\":\"ImageObject\",\"inLanguage\":\"ca\",\"@id\":\"https:\/\/www.noubarris.net\/web40\/#\/schema\/logo\/image\/\",\"url\":\"https:\/\/www.noubarris.net\/web40\/wp-content\/uploads\/2024\/11\/cropped-cropped-LOGO_9BTV-2024_Insta-1.jpg\",\"contentUrl\":\"https:\/\/www.noubarris.net\/web40\/wp-content\/uploads\/2024\/11\/cropped-cropped-LOGO_9BTV-2024_Insta-1.jpg\",\"width\":512,\"height\":512,\"caption\":\"NouBarris.Net\"},\"image\":{\"@id\":\"https:\/\/www.noubarris.net\/web40\/#\/schema\/logo\/image\/\"},\"sameAs\":[\"https:\/\/www.facebook.com\/NouBarris.net\/?locale=es_ES\",\"https:\/\/x.com\/9BTV\"]},{\"@type\":\"Person\",\"@id\":\"https:\/\/www.noubarris.net\/web40\/#\/schema\/person\/1827f92aaa316c54abbf4dac0de76069\",\"name\":\"Informatius\",\"image\":{\"@type\":\"ImageObject\",\"inLanguage\":\"ca\",\"@id\":\"https:\/\/www.noubarris.net\/web40\/#\/schema\/person\/image\/\",\"url\":\"https:\/\/secure.gravatar.com\/avatar\/87a3b47928835fc72c6ee5b0e1a7263ef0c2d05003a98189bc14926c5f11bcdb?s=96&d=mm&r=g\",\"contentUrl\":\"https:\/\/secure.gravatar.com\/avatar\/87a3b47928835fc72c6ee5b0e1a7263ef0c2d05003a98189bc14926c5f11bcdb?s=96&d=mm&r=g\",\"caption\":\"Informatius\"},\"url\":\"https:\/\/www.noubarris.net\/web40\/author\/tele\/\"}]}<\/script>\n<!-- \/ Yoast SEO plugin. -->","yoast_head_json":{"title":"La hist\u00f2ria de les escoles de la Prosperitat - NouBarris.Net","robots":{"index":"index","follow":"follow","max-snippet":"max-snippet:-1","max-image-preview":"max-image-preview:large","max-video-preview":"max-video-preview:-1"},"canonical":"https:\/\/www.noubarris.net\/web40\/la-historia-de-les-escoles-de-la-prosperitat\/","og_locale":"ca_ES","og_type":"article","og_title":"La hist\u00f2ria de les escoles de la Prosperitat - NouBarris.Net","og_description":"La mostra explica les lluites ve\u00efnals per aconseguir els centres educatius p\u00fablics al barri El Casal de Barri Prosperitat exposa","og_url":"https:\/\/www.noubarris.net\/web40\/la-historia-de-les-escoles-de-la-prosperitat\/","og_site_name":"NouBarris.Net","article_publisher":"https:\/\/www.facebook.com\/NouBarris.net\/?locale=es_ES","article_published_time":"2018-02-18T22:00:59+00:00","og_image":[{"width":787,"height":445,"url":"https:\/\/www.noubarris.net\/web40\/wp-content\/uploads\/2018\/02\/190218.jpg","type":"image\/jpeg"}],"author":"Informatius","twitter_card":"summary_large_image","twitter_creator":"@9BTV","twitter_site":"@9BTV","twitter_misc":{"Escrit per":"Informatius","Temps estimat de lectura":"2 minuts"},"schema":{"@context":"https:\/\/schema.org","@graph":[{"@type":"Article","@id":"https:\/\/www.noubarris.net\/web40\/la-historia-de-les-escoles-de-la-prosperitat\/#article","isPartOf":{"@id":"https:\/\/www.noubarris.net\/web40\/la-historia-de-les-escoles-de-la-prosperitat\/"},"author":{"name":"Informatius","@id":"https:\/\/www.noubarris.net\/web40\/#\/schema\/person\/1827f92aaa316c54abbf4dac0de76069"},"headline":"La hist\u00f2ria de les escoles de la Prosperitat","datePublished":"2018-02-18T22:00:59+00:00","mainEntityOfPage":{"@id":"https:\/\/www.noubarris.net\/web40\/la-historia-de-les-escoles-de-la-prosperitat\/"},"wordCount":391,"publisher":{"@id":"https:\/\/www.noubarris.net\/web40\/#organization"},"image":{"@id":"https:\/\/www.noubarris.net\/web40\/la-historia-de-les-escoles-de-la-prosperitat\/#primaryimage"},"thumbnailUrl":"https:\/\/www.noubarris.net\/web40\/wp-content\/uploads\/2018\/02\/190218.jpg","keywords":["Escoles","Exposici\u00f3","Hist\u00f2ria","La Prosperitat"],"articleSection":["Cultura","La Prosperitat","Societat"],"inLanguage":"ca"},{"@type":"WebPage","@id":"https:\/\/www.noubarris.net\/web40\/la-historia-de-les-escoles-de-la-prosperitat\/","url":"https:\/\/www.noubarris.net\/web40\/la-historia-de-les-escoles-de-la-prosperitat\/","name":"La hist\u00f2ria de les escoles de la Prosperitat - NouBarris.Net","isPartOf":{"@id":"https:\/\/www.noubarris.net\/web40\/#website"},"primaryImageOfPage":{"@id":"https:\/\/www.noubarris.net\/web40\/la-historia-de-les-escoles-de-la-prosperitat\/#primaryimage"},"image":{"@id":"https:\/\/www.noubarris.net\/web40\/la-historia-de-les-escoles-de-la-prosperitat\/#primaryimage"},"thumbnailUrl":"https:\/\/www.noubarris.net\/web40\/wp-content\/uploads\/2018\/02\/190218.jpg","datePublished":"2018-02-18T22:00:59+00:00","breadcrumb":{"@id":"https:\/\/www.noubarris.net\/web40\/la-historia-de-les-escoles-de-la-prosperitat\/#breadcrumb"},"inLanguage":"ca","potentialAction":[{"@type":"ReadAction","target":["https:\/\/www.noubarris.net\/web40\/la-historia-de-les-escoles-de-la-prosperitat\/"]}]},{"@type":"ImageObject","inLanguage":"ca","@id":"https:\/\/www.noubarris.net\/web40\/la-historia-de-les-escoles-de-la-prosperitat\/#primaryimage","url":"https:\/\/www.noubarris.net\/web40\/wp-content\/uploads\/2018\/02\/190218.jpg","contentUrl":"https:\/\/www.noubarris.net\/web40\/wp-content\/uploads\/2018\/02\/190218.jpg","width":787,"height":445},{"@type":"BreadcrumbList","@id":"https:\/\/www.noubarris.net\/web40\/la-historia-de-les-escoles-de-la-prosperitat\/#breadcrumb","itemListElement":[{"@type":"ListItem","position":1,"name":"Inici","item":"https:\/\/www.noubarris.net\/web40\/"},{"@type":"ListItem","position":2,"name":"La hist\u00f2ria de les escoles de la Prosperitat"}]},{"@type":"WebSite","@id":"https:\/\/www.noubarris.net\/web40\/#website","url":"https:\/\/www.noubarris.net\/web40\/","name":"NouBarris.Net","description":"Seguint la vida de Nou Barris des de 1985","publisher":{"@id":"https:\/\/www.noubarris.net\/web40\/#organization"},"potentialAction":[{"@type":"SearchAction","target":{"@type":"EntryPoint","urlTemplate":"https:\/\/www.noubarris.net\/web40\/?s={search_term_string}"},"query-input":{"@type":"PropertyValueSpecification","valueRequired":true,"valueName":"search_term_string"}}],"inLanguage":"ca"},{"@type":"Organization","@id":"https:\/\/www.noubarris.net\/web40\/#organization","name":"NouBarris.Net","url":"https:\/\/www.noubarris.net\/web40\/","logo":{"@type":"ImageObject","inLanguage":"ca","@id":"https:\/\/www.noubarris.net\/web40\/#\/schema\/logo\/image\/","url":"https:\/\/www.noubarris.net\/web40\/wp-content\/uploads\/2024\/11\/cropped-cropped-LOGO_9BTV-2024_Insta-1.jpg","contentUrl":"https:\/\/www.noubarris.net\/web40\/wp-content\/uploads\/2024\/11\/cropped-cropped-LOGO_9BTV-2024_Insta-1.jpg","width":512,"height":512,"caption":"NouBarris.Net"},"image":{"@id":"https:\/\/www.noubarris.net\/web40\/#\/schema\/logo\/image\/"},"sameAs":["https:\/\/www.facebook.com\/NouBarris.net\/?locale=es_ES","https:\/\/x.com\/9BTV"]},{"@type":"Person","@id":"https:\/\/www.noubarris.net\/web40\/#\/schema\/person\/1827f92aaa316c54abbf4dac0de76069","name":"Informatius","image":{"@type":"ImageObject","inLanguage":"ca","@id":"https:\/\/www.noubarris.net\/web40\/#\/schema\/person\/image\/","url":"https:\/\/secure.gravatar.com\/avatar\/87a3b47928835fc72c6ee5b0e1a7263ef0c2d05003a98189bc14926c5f11bcdb?s=96&d=mm&r=g","contentUrl":"https:\/\/secure.gravatar.com\/avatar\/87a3b47928835fc72c6ee5b0e1a7263ef0c2d05003a98189bc14926c5f11bcdb?s=96&d=mm&r=g","caption":"Informatius"},"url":"https:\/\/www.noubarris.net\/web40\/author\/tele\/"}]}},"_links":{"self":[{"href":"https:\/\/www.noubarris.net\/web40\/wp-json\/wp\/v2\/posts\/71722","targetHints":{"allow":["GET"]}}],"collection":[{"href":"https:\/\/www.noubarris.net\/web40\/wp-json\/wp\/v2\/posts"}],"about":[{"href":"https:\/\/www.noubarris.net\/web40\/wp-json\/wp\/v2\/types\/post"}],"author":[{"embeddable":true,"href":"https:\/\/www.noubarris.net\/web40\/wp-json\/wp\/v2\/users\/2"}],"replies":[{"embeddable":true,"href":"https:\/\/www.noubarris.net\/web40\/wp-json\/wp\/v2\/comments?post=71722"}],"version-history":[{"count":0,"href":"https:\/\/www.noubarris.net\/web40\/wp-json\/wp\/v2\/posts\/71722\/revisions"}],"wp:featuredmedia":[{"embeddable":true,"href":"https:\/\/www.noubarris.net\/web40\/wp-json\/wp\/v2\/media\/71723"}],"wp:attachment":[{"href":"https:\/\/www.noubarris.net\/web40\/wp-json\/wp\/v2\/media?parent=71722"}],"wp:term":[{"taxonomy":"category","embeddable":true,"href":"https:\/\/www.noubarris.net\/web40\/wp-json\/wp\/v2\/categories?post=71722"},{"taxonomy":"post_tag","embeddable":true,"href":"https:\/\/www.noubarris.net\/web40\/wp-json\/wp\/v2\/tags?post=71722"}],"curies":[{"name":"wp","href":"https:\/\/api.w.org\/{rel}","templated":true}]}}