{"id":71726,"date":"2018-02-16T00:00:15","date_gmt":"2018-02-15T22:00:15","guid":{"rendered":"http:\/\/www.noubarris.net\/web40\/?p=71726"},"modified":"2018-02-15T18:13:12","modified_gmt":"2018-02-15T16:13:12","slug":"veins-i-ajuntament-arriben-a-un-consens-per-transformar-el-carrer-de-la-mina-de-la-ciutat","status":"publish","type":"post","link":"https:\/\/www.noubarris.net\/web40\/veins-i-ajuntament-arriben-a-un-consens-per-transformar-el-carrer-de-la-mina-de-la-ciutat\/","title":{"rendered":"Ve\u00efns i Ajuntament arriben a un consens per transformar el carrer de la Mina de la Ciutat"},"content":{"rendered":"<p><strong>La reforma pacificar\u00e0 l\u2019eix central del barri de les Roquetes i el convertir\u00e0 en un espai de vida comunit\u00e0ria<\/strong><\/p>\n<p>Despr\u00e9s d\u2019un proc\u00e9s participatiu multitudinari, ve\u00efns i Ajuntament han arribat per fi a un consens per transformar l\u2019eix central del barri de les Roquetes, el carrer de la Mina de la Ciutat. \u00a0L\u2019objectiu no \u00e9s altre que pacificar els espais, generar m\u00e9s seguretat per als vianants i convertir les voreres en un espai de vida comunit\u00e0ria.\u00a0 \u201cEs tracta d&#8217;evitar que hi hagi sempre aquesta sensaci\u00f3 de cotxes en doble fila, que ocupen tot l\u2019espai, que genera moltes mol\u00e8sties &#8211; explica\u00a0Janet Sanz, regidora de Nou Barris-\u00a0 per tant es prioritza la c\u00e0rrega i desc\u00e0rrega dels comerciants i de l\u2019entorn, el transport p\u00fablic i sobretot el vianant. I que les voreres de la Mina de la Ciutat serveixin per molts coses que per caminar.\u201d<\/p>\n<p>El nou carrer mantindr\u00e0 el doble sentit de circulaci\u00f3, a petici\u00f3 dels ve\u00efns. Es milloraran els encreuaments tant per al pas dels vehicles com per als vianants. I el tram final del carrer, origen i final d\u2019algunes l\u00ednies de bus, \u00a0perdr\u00e0 algunes places d\u2019aparcament.\u00a0\u201cS\u2019eliminen 30 places d\u2019aparcament &#8211; afirma\u00a0Amparo Iturriaga, de l&#8217;AV Roquetes &#8211;\u00a0\u00a0Perqu\u00e8 sempre tenim algun autob\u00fas en doble fila, a la sortida d\u2019una pla\u00e7a on sempre hi ha algun problema. Aleshores tot aquell tros de carrer no tindr\u00e0 aparcament perqu\u00e8 els busos puguin estar ben posats.\u201d<\/p>\n<p>L\u2019Ajuntament estudiar\u00e0 al pla de mobilitat de districte alternatives per resoldre els problemes d\u2019aparcament al barri.\u00a0 Queda tamb\u00e9 pendent ordenar la pla\u00e7a de les Roquetes, situada al final del carrer de la Mina de la Ciutat. \u00a0Es definir\u00e0 al mes de mar\u00e7 en un proc\u00e9s participatiu. Est\u00e0 previst que les obres comencin a principis de l\u2019any vinent.<\/p>\n","protected":false},"excerpt":{"rendered":"<p>La reforma pacificar\u00e0 l\u2019eix central del barri de les Roquetes i el convertir\u00e0 en un espai de vida comunit\u00e0ria Despr\u00e9s<\/p>\n","protected":false},"author":2,"featured_media":71727,"comment_status":"closed","ping_status":"closed","sticky":false,"template":"","format":"standard","meta":{"colormag_page_layout":"default_layout","_monsterinsights_skip_tracking":false,"_monsterinsights_sitenote_active":false,"_monsterinsights_sitenote_note":"","_monsterinsights_sitenote_category":0,"footnotes":""},"categories":[136,302],"tags":[49,327,69],"class_list":["post-71726","post","type-post","status-publish","format-standard","has-post-thumbnail","hentry","category-les-roquetes","category-urbanisme","tag-les-roquetes","tag-participacio","tag-urbanisme"],"yoast_head":"<!-- This site is optimized with the Yoast SEO plugin v25.3 - https:\/\/yoast.com\/wordpress\/plugins\/seo\/ -->\n<title>Ve\u00efns i Ajuntament arriben a un consens per transformar el carrer de la Mina de la Ciutat - NouBarris.Net<\/title>\n<meta name=\"robots\" content=\"index, follow, max-snippet:-1, max-image-preview:large, max-video-preview:-1\" \/>\n<link rel=\"canonical\" href=\"https:\/\/www.noubarris.net\/web40\/veins-i-ajuntament-arriben-a-un-consens-per-transformar-el-carrer-de-la-mina-de-la-ciutat\/\" \/>\n<meta property=\"og:locale\" content=\"ca_ES\" \/>\n<meta property=\"og:type\" content=\"article\" \/>\n<meta property=\"og:title\" content=\"Ve\u00efns i Ajuntament arriben a un consens per transformar el carrer de la Mina de la Ciutat - NouBarris.Net\" \/>\n<meta property=\"og:description\" content=\"La reforma pacificar\u00e0 l\u2019eix central del barri de les Roquetes i el convertir\u00e0 en un espai de vida comunit\u00e0ria Despr\u00e9s\" \/>\n<meta property=\"og:url\" content=\"https:\/\/www.noubarris.net\/web40\/veins-i-ajuntament-arriben-a-un-consens-per-transformar-el-carrer-de-la-mina-de-la-ciutat\/\" \/>\n<meta property=\"og:site_name\" content=\"NouBarris.Net\" \/>\n<meta property=\"article:publisher\" content=\"https:\/\/www.facebook.com\/NouBarris.net\/?locale=es_ES\" \/>\n<meta property=\"article:published_time\" content=\"2018-02-15T22:00:15+00:00\" \/>\n<meta property=\"og:image\" content=\"https:\/\/www.noubarris.net\/web40\/wp-content\/uploads\/2018\/02\/160218.jpg\" \/>\n\t<meta property=\"og:image:width\" content=\"787\" \/>\n\t<meta property=\"og:image:height\" content=\"445\" \/>\n\t<meta property=\"og:image:type\" content=\"image\/jpeg\" \/>\n<meta name=\"author\" content=\"Informatius\" \/>\n<meta name=\"twitter:card\" content=\"summary_large_image\" \/>\n<meta name=\"twitter:creator\" content=\"@9BTV\" \/>\n<meta name=\"twitter:site\" content=\"@9BTV\" \/>\n<meta name=\"twitter:label1\" content=\"Escrit per\" \/>\n\t<meta name=\"twitter:data1\" content=\"Informatius\" \/>\n\t<meta name=\"twitter:label2\" content=\"Temps estimat de lectura\" \/>\n\t<meta name=\"twitter:data2\" content=\"2 minuts\" \/>\n<script type=\"application\/ld+json\" class=\"yoast-schema-graph\">{\"@context\":\"https:\/\/schema.org\",\"@graph\":[{\"@type\":\"Article\",\"@id\":\"https:\/\/www.noubarris.net\/web40\/veins-i-ajuntament-arriben-a-un-consens-per-transformar-el-carrer-de-la-mina-de-la-ciutat\/#article\",\"isPartOf\":{\"@id\":\"https:\/\/www.noubarris.net\/web40\/veins-i-ajuntament-arriben-a-un-consens-per-transformar-el-carrer-de-la-mina-de-la-ciutat\/\"},\"author\":{\"name\":\"Informatius\",\"@id\":\"https:\/\/www.noubarris.net\/web40\/#\/schema\/person\/1827f92aaa316c54abbf4dac0de76069\"},\"headline\":\"Ve\u00efns i Ajuntament arriben a un consens per transformar el carrer de la Mina de la Ciutat\",\"datePublished\":\"2018-02-15T22:00:15+00:00\",\"mainEntityOfPage\":{\"@id\":\"https:\/\/www.noubarris.net\/web40\/veins-i-ajuntament-arriben-a-un-consens-per-transformar-el-carrer-de-la-mina-de-la-ciutat\/\"},\"wordCount\":339,\"publisher\":{\"@id\":\"https:\/\/www.noubarris.net\/web40\/#organization\"},\"image\":{\"@id\":\"https:\/\/www.noubarris.net\/web40\/veins-i-ajuntament-arriben-a-un-consens-per-transformar-el-carrer-de-la-mina-de-la-ciutat\/#primaryimage\"},\"thumbnailUrl\":\"https:\/\/www.noubarris.net\/web40\/wp-content\/uploads\/2018\/02\/160218.jpg\",\"keywords\":[\"Les Roquetes\",\"Participaci\u00f3\",\"Urbanisme\"],\"articleSection\":[\"Les Roquetes\",\"Urbanisme\"],\"inLanguage\":\"ca\"},{\"@type\":\"WebPage\",\"@id\":\"https:\/\/www.noubarris.net\/web40\/veins-i-ajuntament-arriben-a-un-consens-per-transformar-el-carrer-de-la-mina-de-la-ciutat\/\",\"url\":\"https:\/\/www.noubarris.net\/web40\/veins-i-ajuntament-arriben-a-un-consens-per-transformar-el-carrer-de-la-mina-de-la-ciutat\/\",\"name\":\"Ve\u00efns i Ajuntament arriben a un consens per transformar el carrer de la Mina de la Ciutat - NouBarris.Net\",\"isPartOf\":{\"@id\":\"https:\/\/www.noubarris.net\/web40\/#website\"},\"primaryImageOfPage\":{\"@id\":\"https:\/\/www.noubarris.net\/web40\/veins-i-ajuntament-arriben-a-un-consens-per-transformar-el-carrer-de-la-mina-de-la-ciutat\/#primaryimage\"},\"image\":{\"@id\":\"https:\/\/www.noubarris.net\/web40\/veins-i-ajuntament-arriben-a-un-consens-per-transformar-el-carrer-de-la-mina-de-la-ciutat\/#primaryimage\"},\"thumbnailUrl\":\"https:\/\/www.noubarris.net\/web40\/wp-content\/uploads\/2018\/02\/160218.jpg\",\"datePublished\":\"2018-02-15T22:00:15+00:00\",\"breadcrumb\":{\"@id\":\"https:\/\/www.noubarris.net\/web40\/veins-i-ajuntament-arriben-a-un-consens-per-transformar-el-carrer-de-la-mina-de-la-ciutat\/#breadcrumb\"},\"inLanguage\":\"ca\",\"potentialAction\":[{\"@type\":\"ReadAction\",\"target\":[\"https:\/\/www.noubarris.net\/web40\/veins-i-ajuntament-arriben-a-un-consens-per-transformar-el-carrer-de-la-mina-de-la-ciutat\/\"]}]},{\"@type\":\"ImageObject\",\"inLanguage\":\"ca\",\"@id\":\"https:\/\/www.noubarris.net\/web40\/veins-i-ajuntament-arriben-a-un-consens-per-transformar-el-carrer-de-la-mina-de-la-ciutat\/#primaryimage\",\"url\":\"https:\/\/www.noubarris.net\/web40\/wp-content\/uploads\/2018\/02\/160218.jpg\",\"contentUrl\":\"https:\/\/www.noubarris.net\/web40\/wp-content\/uploads\/2018\/02\/160218.jpg\",\"width\":787,\"height\":445},{\"@type\":\"BreadcrumbList\",\"@id\":\"https:\/\/www.noubarris.net\/web40\/veins-i-ajuntament-arriben-a-un-consens-per-transformar-el-carrer-de-la-mina-de-la-ciutat\/#breadcrumb\",\"itemListElement\":[{\"@type\":\"ListItem\",\"position\":1,\"name\":\"Inici\",\"item\":\"https:\/\/www.noubarris.net\/web40\/\"},{\"@type\":\"ListItem\",\"position\":2,\"name\":\"Ve\u00efns i Ajuntament arriben a un consens per transformar el carrer de la Mina de la Ciutat\"}]},{\"@type\":\"WebSite\",\"@id\":\"https:\/\/www.noubarris.net\/web40\/#website\",\"url\":\"https:\/\/www.noubarris.net\/web40\/\",\"name\":\"NouBarris.Net\",\"description\":\"Seguint la vida de Nou Barris des de 1985\",\"publisher\":{\"@id\":\"https:\/\/www.noubarris.net\/web40\/#organization\"},\"potentialAction\":[{\"@type\":\"SearchAction\",\"target\":{\"@type\":\"EntryPoint\",\"urlTemplate\":\"https:\/\/www.noubarris.net\/web40\/?s={search_term_string}\"},\"query-input\":{\"@type\":\"PropertyValueSpecification\",\"valueRequired\":true,\"valueName\":\"search_term_string\"}}],\"inLanguage\":\"ca\"},{\"@type\":\"Organization\",\"@id\":\"https:\/\/www.noubarris.net\/web40\/#organization\",\"name\":\"NouBarris.Net\",\"url\":\"https:\/\/www.noubarris.net\/web40\/\",\"logo\":{\"@type\":\"ImageObject\",\"inLanguage\":\"ca\",\"@id\":\"https:\/\/www.noubarris.net\/web40\/#\/schema\/logo\/image\/\",\"url\":\"https:\/\/www.noubarris.net\/web40\/wp-content\/uploads\/2024\/11\/cropped-cropped-LOGO_9BTV-2024_Insta-1.jpg\",\"contentUrl\":\"https:\/\/www.noubarris.net\/web40\/wp-content\/uploads\/2024\/11\/cropped-cropped-LOGO_9BTV-2024_Insta-1.jpg\",\"width\":512,\"height\":512,\"caption\":\"NouBarris.Net\"},\"image\":{\"@id\":\"https:\/\/www.noubarris.net\/web40\/#\/schema\/logo\/image\/\"},\"sameAs\":[\"https:\/\/www.facebook.com\/NouBarris.net\/?locale=es_ES\",\"https:\/\/x.com\/9BTV\"]},{\"@type\":\"Person\",\"@id\":\"https:\/\/www.noubarris.net\/web40\/#\/schema\/person\/1827f92aaa316c54abbf4dac0de76069\",\"name\":\"Informatius\",\"image\":{\"@type\":\"ImageObject\",\"inLanguage\":\"ca\",\"@id\":\"https:\/\/www.noubarris.net\/web40\/#\/schema\/person\/image\/\",\"url\":\"https:\/\/secure.gravatar.com\/avatar\/87a3b47928835fc72c6ee5b0e1a7263ef0c2d05003a98189bc14926c5f11bcdb?s=96&d=mm&r=g\",\"contentUrl\":\"https:\/\/secure.gravatar.com\/avatar\/87a3b47928835fc72c6ee5b0e1a7263ef0c2d05003a98189bc14926c5f11bcdb?s=96&d=mm&r=g\",\"caption\":\"Informatius\"},\"url\":\"https:\/\/www.noubarris.net\/web40\/author\/tele\/\"}]}<\/script>\n<!-- \/ Yoast SEO plugin. -->","yoast_head_json":{"title":"Ve\u00efns i Ajuntament arriben a un consens per transformar el carrer de la Mina de la Ciutat - NouBarris.Net","robots":{"index":"index","follow":"follow","max-snippet":"max-snippet:-1","max-image-preview":"max-image-preview:large","max-video-preview":"max-video-preview:-1"},"canonical":"https:\/\/www.noubarris.net\/web40\/veins-i-ajuntament-arriben-a-un-consens-per-transformar-el-carrer-de-la-mina-de-la-ciutat\/","og_locale":"ca_ES","og_type":"article","og_title":"Ve\u00efns i Ajuntament arriben a un consens per transformar el carrer de la Mina de la Ciutat - NouBarris.Net","og_description":"La reforma pacificar\u00e0 l\u2019eix central del barri de les Roquetes i el convertir\u00e0 en un espai de vida comunit\u00e0ria Despr\u00e9s","og_url":"https:\/\/www.noubarris.net\/web40\/veins-i-ajuntament-arriben-a-un-consens-per-transformar-el-carrer-de-la-mina-de-la-ciutat\/","og_site_name":"NouBarris.Net","article_publisher":"https:\/\/www.facebook.com\/NouBarris.net\/?locale=es_ES","article_published_time":"2018-02-15T22:00:15+00:00","og_image":[{"width":787,"height":445,"url":"https:\/\/www.noubarris.net\/web40\/wp-content\/uploads\/2018\/02\/160218.jpg","type":"image\/jpeg"}],"author":"Informatius","twitter_card":"summary_large_image","twitter_creator":"@9BTV","twitter_site":"@9BTV","twitter_misc":{"Escrit per":"Informatius","Temps estimat de lectura":"2 minuts"},"schema":{"@context":"https:\/\/schema.org","@graph":[{"@type":"Article","@id":"https:\/\/www.noubarris.net\/web40\/veins-i-ajuntament-arriben-a-un-consens-per-transformar-el-carrer-de-la-mina-de-la-ciutat\/#article","isPartOf":{"@id":"https:\/\/www.noubarris.net\/web40\/veins-i-ajuntament-arriben-a-un-consens-per-transformar-el-carrer-de-la-mina-de-la-ciutat\/"},"author":{"name":"Informatius","@id":"https:\/\/www.noubarris.net\/web40\/#\/schema\/person\/1827f92aaa316c54abbf4dac0de76069"},"headline":"Ve\u00efns i Ajuntament arriben a un consens per transformar el carrer de la Mina de la Ciutat","datePublished":"2018-02-15T22:00:15+00:00","mainEntityOfPage":{"@id":"https:\/\/www.noubarris.net\/web40\/veins-i-ajuntament-arriben-a-un-consens-per-transformar-el-carrer-de-la-mina-de-la-ciutat\/"},"wordCount":339,"publisher":{"@id":"https:\/\/www.noubarris.net\/web40\/#organization"},"image":{"@id":"https:\/\/www.noubarris.net\/web40\/veins-i-ajuntament-arriben-a-un-consens-per-transformar-el-carrer-de-la-mina-de-la-ciutat\/#primaryimage"},"thumbnailUrl":"https:\/\/www.noubarris.net\/web40\/wp-content\/uploads\/2018\/02\/160218.jpg","keywords":["Les Roquetes","Participaci\u00f3","Urbanisme"],"articleSection":["Les Roquetes","Urbanisme"],"inLanguage":"ca"},{"@type":"WebPage","@id":"https:\/\/www.noubarris.net\/web40\/veins-i-ajuntament-arriben-a-un-consens-per-transformar-el-carrer-de-la-mina-de-la-ciutat\/","url":"https:\/\/www.noubarris.net\/web40\/veins-i-ajuntament-arriben-a-un-consens-per-transformar-el-carrer-de-la-mina-de-la-ciutat\/","name":"Ve\u00efns i Ajuntament arriben a un consens per transformar el carrer de la Mina de la Ciutat - NouBarris.Net","isPartOf":{"@id":"https:\/\/www.noubarris.net\/web40\/#website"},"primaryImageOfPage":{"@id":"https:\/\/www.noubarris.net\/web40\/veins-i-ajuntament-arriben-a-un-consens-per-transformar-el-carrer-de-la-mina-de-la-ciutat\/#primaryimage"},"image":{"@id":"https:\/\/www.noubarris.net\/web40\/veins-i-ajuntament-arriben-a-un-consens-per-transformar-el-carrer-de-la-mina-de-la-ciutat\/#primaryimage"},"thumbnailUrl":"https:\/\/www.noubarris.net\/web40\/wp-content\/uploads\/2018\/02\/160218.jpg","datePublished":"2018-02-15T22:00:15+00:00","breadcrumb":{"@id":"https:\/\/www.noubarris.net\/web40\/veins-i-ajuntament-arriben-a-un-consens-per-transformar-el-carrer-de-la-mina-de-la-ciutat\/#breadcrumb"},"inLanguage":"ca","potentialAction":[{"@type":"ReadAction","target":["https:\/\/www.noubarris.net\/web40\/veins-i-ajuntament-arriben-a-un-consens-per-transformar-el-carrer-de-la-mina-de-la-ciutat\/"]}]},{"@type":"ImageObject","inLanguage":"ca","@id":"https:\/\/www.noubarris.net\/web40\/veins-i-ajuntament-arriben-a-un-consens-per-transformar-el-carrer-de-la-mina-de-la-ciutat\/#primaryimage","url":"https:\/\/www.noubarris.net\/web40\/wp-content\/uploads\/2018\/02\/160218.jpg","contentUrl":"https:\/\/www.noubarris.net\/web40\/wp-content\/uploads\/2018\/02\/160218.jpg","width":787,"height":445},{"@type":"BreadcrumbList","@id":"https:\/\/www.noubarris.net\/web40\/veins-i-ajuntament-arriben-a-un-consens-per-transformar-el-carrer-de-la-mina-de-la-ciutat\/#breadcrumb","itemListElement":[{"@type":"ListItem","position":1,"name":"Inici","item":"https:\/\/www.noubarris.net\/web40\/"},{"@type":"ListItem","position":2,"name":"Ve\u00efns i Ajuntament arriben a un consens per transformar el carrer de la Mina de la Ciutat"}]},{"@type":"WebSite","@id":"https:\/\/www.noubarris.net\/web40\/#website","url":"https:\/\/www.noubarris.net\/web40\/","name":"NouBarris.Net","description":"Seguint la vida de Nou Barris des de 1985","publisher":{"@id":"https:\/\/www.noubarris.net\/web40\/#organization"},"potentialAction":[{"@type":"SearchAction","target":{"@type":"EntryPoint","urlTemplate":"https:\/\/www.noubarris.net\/web40\/?s={search_term_string}"},"query-input":{"@type":"PropertyValueSpecification","valueRequired":true,"valueName":"search_term_string"}}],"inLanguage":"ca"},{"@type":"Organization","@id":"https:\/\/www.noubarris.net\/web40\/#organization","name":"NouBarris.Net","url":"https:\/\/www.noubarris.net\/web40\/","logo":{"@type":"ImageObject","inLanguage":"ca","@id":"https:\/\/www.noubarris.net\/web40\/#\/schema\/logo\/image\/","url":"https:\/\/www.noubarris.net\/web40\/wp-content\/uploads\/2024\/11\/cropped-cropped-LOGO_9BTV-2024_Insta-1.jpg","contentUrl":"https:\/\/www.noubarris.net\/web40\/wp-content\/uploads\/2024\/11\/cropped-cropped-LOGO_9BTV-2024_Insta-1.jpg","width":512,"height":512,"caption":"NouBarris.Net"},"image":{"@id":"https:\/\/www.noubarris.net\/web40\/#\/schema\/logo\/image\/"},"sameAs":["https:\/\/www.facebook.com\/NouBarris.net\/?locale=es_ES","https:\/\/x.com\/9BTV"]},{"@type":"Person","@id":"https:\/\/www.noubarris.net\/web40\/#\/schema\/person\/1827f92aaa316c54abbf4dac0de76069","name":"Informatius","image":{"@type":"ImageObject","inLanguage":"ca","@id":"https:\/\/www.noubarris.net\/web40\/#\/schema\/person\/image\/","url":"https:\/\/secure.gravatar.com\/avatar\/87a3b47928835fc72c6ee5b0e1a7263ef0c2d05003a98189bc14926c5f11bcdb?s=96&d=mm&r=g","contentUrl":"https:\/\/secure.gravatar.com\/avatar\/87a3b47928835fc72c6ee5b0e1a7263ef0c2d05003a98189bc14926c5f11bcdb?s=96&d=mm&r=g","caption":"Informatius"},"url":"https:\/\/www.noubarris.net\/web40\/author\/tele\/"}]}},"_links":{"self":[{"href":"https:\/\/www.noubarris.net\/web40\/wp-json\/wp\/v2\/posts\/71726","targetHints":{"allow":["GET"]}}],"collection":[{"href":"https:\/\/www.noubarris.net\/web40\/wp-json\/wp\/v2\/posts"}],"about":[{"href":"https:\/\/www.noubarris.net\/web40\/wp-json\/wp\/v2\/types\/post"}],"author":[{"embeddable":true,"href":"https:\/\/www.noubarris.net\/web40\/wp-json\/wp\/v2\/users\/2"}],"replies":[{"embeddable":true,"href":"https:\/\/www.noubarris.net\/web40\/wp-json\/wp\/v2\/comments?post=71726"}],"version-history":[{"count":0,"href":"https:\/\/www.noubarris.net\/web40\/wp-json\/wp\/v2\/posts\/71726\/revisions"}],"wp:featuredmedia":[{"embeddable":true,"href":"https:\/\/www.noubarris.net\/web40\/wp-json\/wp\/v2\/media\/71727"}],"wp:attachment":[{"href":"https:\/\/www.noubarris.net\/web40\/wp-json\/wp\/v2\/media?parent=71726"}],"wp:term":[{"taxonomy":"category","embeddable":true,"href":"https:\/\/www.noubarris.net\/web40\/wp-json\/wp\/v2\/categories?post=71726"},{"taxonomy":"post_tag","embeddable":true,"href":"https:\/\/www.noubarris.net\/web40\/wp-json\/wp\/v2\/tags?post=71726"}],"curies":[{"name":"wp","href":"https:\/\/api.w.org\/{rel}","templated":true}]}}