{"id":71741,"date":"2018-02-17T00:00:14","date_gmt":"2018-02-16T22:00:14","guid":{"rendered":"http:\/\/www.noubarris.net\/web40\/?p=71741"},"modified":"2018-02-16T12:36:55","modified_gmt":"2018-02-16T10:36:55","slug":"histories-dels-escriptors-de-nou-barris","status":"publish","type":"post","link":"https:\/\/www.noubarris.net\/web40\/histories-dels-escriptors-de-nou-barris\/","title":{"rendered":"Hist\u00f2ries dels escriptors de Nou Barris"},"content":{"rendered":"<p><strong>Can Bast\u00e9 acull aquesta tarda una tert\u00falia amb quatre autors del districte<\/strong><\/p>\n<p>El Grup d\u2019Historia de Nou Barris ha creat un cicle literari, que tracta espec\u00edficament obres i autors vinculats al districte. Avui organitzen a les 18h una sessi\u00f3 al centre c\u00edvic Can Bast\u00e9 amb quatre ve\u00efns amb llibres publicats amb diverses perspectives sobre Nou Barris. Alguns escriuen sobre el barri en clau de novel\u00b7la, d&#8217;altres en format d&#8217;assaig hist\u00f2ric i d&#8217;altres se centren en l&#8217;estudi de l&#8217;aigua aplicat al cas de Barcelona ciutat. Es tracta d\u2019Andr\u00e9s Mart\u00ednez, Manel Mart\u00edn, Josep M\u00aa Bab\u00ed i Jordi S\u00e1nchez.<\/p>\n<p>Andr\u00e9s Mart\u00ednez\u00a0 \u00e9s l\u2019autor de Sitjana, una novel\u00b7la inspirada en una de les masies m\u00e9s luxoses i grans del nostre passat rural: Can Sitjar. I tot just aquest mes de gener acaba de publica Sombras del Tur\u00f3, un llibre de contes que t\u00e9 com a fil conductor el barri del Tur\u00f3 de la Peira, a la Barcelona dels anys 60 i \u00a0principis dels 70.<\/p>\n<p>Manel Mart\u00edn va publicar fa 15 anys l\u2019Inventari de les antigues masies localitzades a l&#8217;actual districte de Nou Barris Barcelona.<\/p>\n<p>Josep M\u00aa Bab\u00ed \u00e9s conegut per la seva novel\u00b7la La Marta de Santa Eul\u00e0lia. A trav\u00e9s de la vida entranyable i singular del personatge de la Marta, es reflecteix la realitat hist\u00f2rica d&#8217;un per\u00edode molt important d&#8217;unes barriades de Nou Barris alhora que \u00e9s un homenatge a totes aquelles generacions que van viure, gaudir i patir les grans transformacions que es van dur a terme des de la Guerra Civil fins a l&#8217;actualitat.<\/p>\n<p>I Jordi S\u00e1nchez t\u00e9 diversos t\u00edtols relacionats amb la hist\u00f2ria del nostre districte, tant sol com en col\u00b7laboraci\u00f3. \u00a0Podeu trobar la seva feina en L\u2019Abans de Nou Barris, realitzat amb l\u2019aportaci\u00f3 de fotografies de ve\u00efns i ve\u00efnes noubarrienques, Les masies de Sant Andreu de Palomar: inventari de cases de pag\u00e8s andreuenques, sobre el passat rural del nostre territori, i el Nou Barris desaparegut, un llibre que recull 180 fotografies hist\u00f2riques dels 13 barris del districte, m\u00e9s el de la Trinitat Vella, amb elements del patrimoni o escenes que ja no existeixen.<\/p>\n","protected":false},"excerpt":{"rendered":"<p>Can Bast\u00e9 acull aquesta tarda una tert\u00falia amb quatre autors del districte El Grup d\u2019Historia de Nou Barris ha creat<\/p>\n","protected":false},"author":2,"featured_media":71742,"comment_status":"closed","ping_status":"closed","sticky":false,"template":"","format":"standard","meta":{"colormag_page_layout":"default_layout","_monsterinsights_skip_tracking":false,"_monsterinsights_sitenote_active":false,"_monsterinsights_sitenote_note":"","_monsterinsights_sitenote_category":0,"footnotes":""},"categories":[129,1],"tags":[234,271,241,319],"class_list":["post-71741","post","type-post","status-publish","format-standard","has-post-thumbnail","hentry","category-cultura","category-nou-barris","tag-cultura","tag-historia","tag-literari","tag-nou-barris"],"yoast_head":"<!-- This site is optimized with the Yoast SEO plugin v25.3 - https:\/\/yoast.com\/wordpress\/plugins\/seo\/ -->\n<title>Hist\u00f2ries dels escriptors de Nou Barris - NouBarris.Net<\/title>\n<meta name=\"robots\" content=\"index, follow, max-snippet:-1, max-image-preview:large, max-video-preview:-1\" \/>\n<link rel=\"canonical\" href=\"https:\/\/www.noubarris.net\/web40\/histories-dels-escriptors-de-nou-barris\/\" \/>\n<meta property=\"og:locale\" content=\"ca_ES\" \/>\n<meta property=\"og:type\" content=\"article\" \/>\n<meta property=\"og:title\" content=\"Hist\u00f2ries dels escriptors de Nou Barris - NouBarris.Net\" \/>\n<meta property=\"og:description\" content=\"Can Bast\u00e9 acull aquesta tarda una tert\u00falia amb quatre autors del districte El Grup d\u2019Historia de Nou Barris ha creat\" \/>\n<meta property=\"og:url\" content=\"https:\/\/www.noubarris.net\/web40\/histories-dels-escriptors-de-nou-barris\/\" \/>\n<meta property=\"og:site_name\" content=\"NouBarris.Net\" \/>\n<meta property=\"article:publisher\" content=\"https:\/\/www.facebook.com\/NouBarris.net\/?locale=es_ES\" \/>\n<meta property=\"article:published_time\" content=\"2018-02-16T22:00:14+00:00\" \/>\n<meta property=\"og:image\" content=\"https:\/\/www.noubarris.net\/web40\/wp-content\/uploads\/2018\/02\/170218.jpg\" \/>\n\t<meta property=\"og:image:width\" content=\"787\" \/>\n\t<meta property=\"og:image:height\" content=\"445\" \/>\n\t<meta property=\"og:image:type\" content=\"image\/jpeg\" \/>\n<meta name=\"author\" content=\"Informatius\" \/>\n<meta name=\"twitter:card\" content=\"summary_large_image\" \/>\n<meta name=\"twitter:creator\" content=\"@9BTV\" \/>\n<meta name=\"twitter:site\" content=\"@9BTV\" \/>\n<meta name=\"twitter:label1\" content=\"Escrit per\" \/>\n\t<meta name=\"twitter:data1\" content=\"Informatius\" \/>\n\t<meta name=\"twitter:label2\" content=\"Temps estimat de lectura\" \/>\n\t<meta name=\"twitter:data2\" content=\"2 minuts\" \/>\n<script type=\"application\/ld+json\" class=\"yoast-schema-graph\">{\"@context\":\"https:\/\/schema.org\",\"@graph\":[{\"@type\":\"Article\",\"@id\":\"https:\/\/www.noubarris.net\/web40\/histories-dels-escriptors-de-nou-barris\/#article\",\"isPartOf\":{\"@id\":\"https:\/\/www.noubarris.net\/web40\/histories-dels-escriptors-de-nou-barris\/\"},\"author\":{\"name\":\"Informatius\",\"@id\":\"https:\/\/www.noubarris.net\/web40\/#\/schema\/person\/1827f92aaa316c54abbf4dac0de76069\"},\"headline\":\"Hist\u00f2ries dels escriptors de Nou Barris\",\"datePublished\":\"2018-02-16T22:00:14+00:00\",\"mainEntityOfPage\":{\"@id\":\"https:\/\/www.noubarris.net\/web40\/histories-dels-escriptors-de-nou-barris\/\"},\"wordCount\":390,\"publisher\":{\"@id\":\"https:\/\/www.noubarris.net\/web40\/#organization\"},\"image\":{\"@id\":\"https:\/\/www.noubarris.net\/web40\/histories-dels-escriptors-de-nou-barris\/#primaryimage\"},\"thumbnailUrl\":\"https:\/\/www.noubarris.net\/web40\/wp-content\/uploads\/2018\/02\/170218.jpg\",\"keywords\":[\"Cultura\",\"Hist\u00f2ria\",\"Literari\",\"Nou Barris\"],\"articleSection\":[\"Cultura\",\"Nou Barris\"],\"inLanguage\":\"ca\"},{\"@type\":\"WebPage\",\"@id\":\"https:\/\/www.noubarris.net\/web40\/histories-dels-escriptors-de-nou-barris\/\",\"url\":\"https:\/\/www.noubarris.net\/web40\/histories-dels-escriptors-de-nou-barris\/\",\"name\":\"Hist\u00f2ries dels escriptors de Nou Barris - NouBarris.Net\",\"isPartOf\":{\"@id\":\"https:\/\/www.noubarris.net\/web40\/#website\"},\"primaryImageOfPage\":{\"@id\":\"https:\/\/www.noubarris.net\/web40\/histories-dels-escriptors-de-nou-barris\/#primaryimage\"},\"image\":{\"@id\":\"https:\/\/www.noubarris.net\/web40\/histories-dels-escriptors-de-nou-barris\/#primaryimage\"},\"thumbnailUrl\":\"https:\/\/www.noubarris.net\/web40\/wp-content\/uploads\/2018\/02\/170218.jpg\",\"datePublished\":\"2018-02-16T22:00:14+00:00\",\"breadcrumb\":{\"@id\":\"https:\/\/www.noubarris.net\/web40\/histories-dels-escriptors-de-nou-barris\/#breadcrumb\"},\"inLanguage\":\"ca\",\"potentialAction\":[{\"@type\":\"ReadAction\",\"target\":[\"https:\/\/www.noubarris.net\/web40\/histories-dels-escriptors-de-nou-barris\/\"]}]},{\"@type\":\"ImageObject\",\"inLanguage\":\"ca\",\"@id\":\"https:\/\/www.noubarris.net\/web40\/histories-dels-escriptors-de-nou-barris\/#primaryimage\",\"url\":\"https:\/\/www.noubarris.net\/web40\/wp-content\/uploads\/2018\/02\/170218.jpg\",\"contentUrl\":\"https:\/\/www.noubarris.net\/web40\/wp-content\/uploads\/2018\/02\/170218.jpg\",\"width\":787,\"height\":445},{\"@type\":\"BreadcrumbList\",\"@id\":\"https:\/\/www.noubarris.net\/web40\/histories-dels-escriptors-de-nou-barris\/#breadcrumb\",\"itemListElement\":[{\"@type\":\"ListItem\",\"position\":1,\"name\":\"Inici\",\"item\":\"https:\/\/www.noubarris.net\/web40\/\"},{\"@type\":\"ListItem\",\"position\":2,\"name\":\"Hist\u00f2ries dels escriptors de Nou Barris\"}]},{\"@type\":\"WebSite\",\"@id\":\"https:\/\/www.noubarris.net\/web40\/#website\",\"url\":\"https:\/\/www.noubarris.net\/web40\/\",\"name\":\"NouBarris.Net\",\"description\":\"Seguint la vida de Nou Barris des de 1985\",\"publisher\":{\"@id\":\"https:\/\/www.noubarris.net\/web40\/#organization\"},\"potentialAction\":[{\"@type\":\"SearchAction\",\"target\":{\"@type\":\"EntryPoint\",\"urlTemplate\":\"https:\/\/www.noubarris.net\/web40\/?s={search_term_string}\"},\"query-input\":{\"@type\":\"PropertyValueSpecification\",\"valueRequired\":true,\"valueName\":\"search_term_string\"}}],\"inLanguage\":\"ca\"},{\"@type\":\"Organization\",\"@id\":\"https:\/\/www.noubarris.net\/web40\/#organization\",\"name\":\"NouBarris.Net\",\"url\":\"https:\/\/www.noubarris.net\/web40\/\",\"logo\":{\"@type\":\"ImageObject\",\"inLanguage\":\"ca\",\"@id\":\"https:\/\/www.noubarris.net\/web40\/#\/schema\/logo\/image\/\",\"url\":\"https:\/\/www.noubarris.net\/web40\/wp-content\/uploads\/2024\/11\/cropped-cropped-LOGO_9BTV-2024_Insta-1.jpg\",\"contentUrl\":\"https:\/\/www.noubarris.net\/web40\/wp-content\/uploads\/2024\/11\/cropped-cropped-LOGO_9BTV-2024_Insta-1.jpg\",\"width\":512,\"height\":512,\"caption\":\"NouBarris.Net\"},\"image\":{\"@id\":\"https:\/\/www.noubarris.net\/web40\/#\/schema\/logo\/image\/\"},\"sameAs\":[\"https:\/\/www.facebook.com\/NouBarris.net\/?locale=es_ES\",\"https:\/\/x.com\/9BTV\"]},{\"@type\":\"Person\",\"@id\":\"https:\/\/www.noubarris.net\/web40\/#\/schema\/person\/1827f92aaa316c54abbf4dac0de76069\",\"name\":\"Informatius\",\"image\":{\"@type\":\"ImageObject\",\"inLanguage\":\"ca\",\"@id\":\"https:\/\/www.noubarris.net\/web40\/#\/schema\/person\/image\/\",\"url\":\"https:\/\/secure.gravatar.com\/avatar\/87a3b47928835fc72c6ee5b0e1a7263ef0c2d05003a98189bc14926c5f11bcdb?s=96&d=mm&r=g\",\"contentUrl\":\"https:\/\/secure.gravatar.com\/avatar\/87a3b47928835fc72c6ee5b0e1a7263ef0c2d05003a98189bc14926c5f11bcdb?s=96&d=mm&r=g\",\"caption\":\"Informatius\"},\"url\":\"https:\/\/www.noubarris.net\/web40\/author\/tele\/\"}]}<\/script>\n<!-- \/ Yoast SEO plugin. -->","yoast_head_json":{"title":"Hist\u00f2ries dels escriptors de Nou Barris - NouBarris.Net","robots":{"index":"index","follow":"follow","max-snippet":"max-snippet:-1","max-image-preview":"max-image-preview:large","max-video-preview":"max-video-preview:-1"},"canonical":"https:\/\/www.noubarris.net\/web40\/histories-dels-escriptors-de-nou-barris\/","og_locale":"ca_ES","og_type":"article","og_title":"Hist\u00f2ries dels escriptors de Nou Barris - NouBarris.Net","og_description":"Can Bast\u00e9 acull aquesta tarda una tert\u00falia amb quatre autors del districte El Grup d\u2019Historia de Nou Barris ha creat","og_url":"https:\/\/www.noubarris.net\/web40\/histories-dels-escriptors-de-nou-barris\/","og_site_name":"NouBarris.Net","article_publisher":"https:\/\/www.facebook.com\/NouBarris.net\/?locale=es_ES","article_published_time":"2018-02-16T22:00:14+00:00","og_image":[{"width":787,"height":445,"url":"https:\/\/www.noubarris.net\/web40\/wp-content\/uploads\/2018\/02\/170218.jpg","type":"image\/jpeg"}],"author":"Informatius","twitter_card":"summary_large_image","twitter_creator":"@9BTV","twitter_site":"@9BTV","twitter_misc":{"Escrit per":"Informatius","Temps estimat de lectura":"2 minuts"},"schema":{"@context":"https:\/\/schema.org","@graph":[{"@type":"Article","@id":"https:\/\/www.noubarris.net\/web40\/histories-dels-escriptors-de-nou-barris\/#article","isPartOf":{"@id":"https:\/\/www.noubarris.net\/web40\/histories-dels-escriptors-de-nou-barris\/"},"author":{"name":"Informatius","@id":"https:\/\/www.noubarris.net\/web40\/#\/schema\/person\/1827f92aaa316c54abbf4dac0de76069"},"headline":"Hist\u00f2ries dels escriptors de Nou Barris","datePublished":"2018-02-16T22:00:14+00:00","mainEntityOfPage":{"@id":"https:\/\/www.noubarris.net\/web40\/histories-dels-escriptors-de-nou-barris\/"},"wordCount":390,"publisher":{"@id":"https:\/\/www.noubarris.net\/web40\/#organization"},"image":{"@id":"https:\/\/www.noubarris.net\/web40\/histories-dels-escriptors-de-nou-barris\/#primaryimage"},"thumbnailUrl":"https:\/\/www.noubarris.net\/web40\/wp-content\/uploads\/2018\/02\/170218.jpg","keywords":["Cultura","Hist\u00f2ria","Literari","Nou Barris"],"articleSection":["Cultura","Nou Barris"],"inLanguage":"ca"},{"@type":"WebPage","@id":"https:\/\/www.noubarris.net\/web40\/histories-dels-escriptors-de-nou-barris\/","url":"https:\/\/www.noubarris.net\/web40\/histories-dels-escriptors-de-nou-barris\/","name":"Hist\u00f2ries dels escriptors de Nou Barris - NouBarris.Net","isPartOf":{"@id":"https:\/\/www.noubarris.net\/web40\/#website"},"primaryImageOfPage":{"@id":"https:\/\/www.noubarris.net\/web40\/histories-dels-escriptors-de-nou-barris\/#primaryimage"},"image":{"@id":"https:\/\/www.noubarris.net\/web40\/histories-dels-escriptors-de-nou-barris\/#primaryimage"},"thumbnailUrl":"https:\/\/www.noubarris.net\/web40\/wp-content\/uploads\/2018\/02\/170218.jpg","datePublished":"2018-02-16T22:00:14+00:00","breadcrumb":{"@id":"https:\/\/www.noubarris.net\/web40\/histories-dels-escriptors-de-nou-barris\/#breadcrumb"},"inLanguage":"ca","potentialAction":[{"@type":"ReadAction","target":["https:\/\/www.noubarris.net\/web40\/histories-dels-escriptors-de-nou-barris\/"]}]},{"@type":"ImageObject","inLanguage":"ca","@id":"https:\/\/www.noubarris.net\/web40\/histories-dels-escriptors-de-nou-barris\/#primaryimage","url":"https:\/\/www.noubarris.net\/web40\/wp-content\/uploads\/2018\/02\/170218.jpg","contentUrl":"https:\/\/www.noubarris.net\/web40\/wp-content\/uploads\/2018\/02\/170218.jpg","width":787,"height":445},{"@type":"BreadcrumbList","@id":"https:\/\/www.noubarris.net\/web40\/histories-dels-escriptors-de-nou-barris\/#breadcrumb","itemListElement":[{"@type":"ListItem","position":1,"name":"Inici","item":"https:\/\/www.noubarris.net\/web40\/"},{"@type":"ListItem","position":2,"name":"Hist\u00f2ries dels escriptors de Nou Barris"}]},{"@type":"WebSite","@id":"https:\/\/www.noubarris.net\/web40\/#website","url":"https:\/\/www.noubarris.net\/web40\/","name":"NouBarris.Net","description":"Seguint la vida de Nou Barris des de 1985","publisher":{"@id":"https:\/\/www.noubarris.net\/web40\/#organization"},"potentialAction":[{"@type":"SearchAction","target":{"@type":"EntryPoint","urlTemplate":"https:\/\/www.noubarris.net\/web40\/?s={search_term_string}"},"query-input":{"@type":"PropertyValueSpecification","valueRequired":true,"valueName":"search_term_string"}}],"inLanguage":"ca"},{"@type":"Organization","@id":"https:\/\/www.noubarris.net\/web40\/#organization","name":"NouBarris.Net","url":"https:\/\/www.noubarris.net\/web40\/","logo":{"@type":"ImageObject","inLanguage":"ca","@id":"https:\/\/www.noubarris.net\/web40\/#\/schema\/logo\/image\/","url":"https:\/\/www.noubarris.net\/web40\/wp-content\/uploads\/2024\/11\/cropped-cropped-LOGO_9BTV-2024_Insta-1.jpg","contentUrl":"https:\/\/www.noubarris.net\/web40\/wp-content\/uploads\/2024\/11\/cropped-cropped-LOGO_9BTV-2024_Insta-1.jpg","width":512,"height":512,"caption":"NouBarris.Net"},"image":{"@id":"https:\/\/www.noubarris.net\/web40\/#\/schema\/logo\/image\/"},"sameAs":["https:\/\/www.facebook.com\/NouBarris.net\/?locale=es_ES","https:\/\/x.com\/9BTV"]},{"@type":"Person","@id":"https:\/\/www.noubarris.net\/web40\/#\/schema\/person\/1827f92aaa316c54abbf4dac0de76069","name":"Informatius","image":{"@type":"ImageObject","inLanguage":"ca","@id":"https:\/\/www.noubarris.net\/web40\/#\/schema\/person\/image\/","url":"https:\/\/secure.gravatar.com\/avatar\/87a3b47928835fc72c6ee5b0e1a7263ef0c2d05003a98189bc14926c5f11bcdb?s=96&d=mm&r=g","contentUrl":"https:\/\/secure.gravatar.com\/avatar\/87a3b47928835fc72c6ee5b0e1a7263ef0c2d05003a98189bc14926c5f11bcdb?s=96&d=mm&r=g","caption":"Informatius"},"url":"https:\/\/www.noubarris.net\/web40\/author\/tele\/"}]}},"_links":{"self":[{"href":"https:\/\/www.noubarris.net\/web40\/wp-json\/wp\/v2\/posts\/71741","targetHints":{"allow":["GET"]}}],"collection":[{"href":"https:\/\/www.noubarris.net\/web40\/wp-json\/wp\/v2\/posts"}],"about":[{"href":"https:\/\/www.noubarris.net\/web40\/wp-json\/wp\/v2\/types\/post"}],"author":[{"embeddable":true,"href":"https:\/\/www.noubarris.net\/web40\/wp-json\/wp\/v2\/users\/2"}],"replies":[{"embeddable":true,"href":"https:\/\/www.noubarris.net\/web40\/wp-json\/wp\/v2\/comments?post=71741"}],"version-history":[{"count":0,"href":"https:\/\/www.noubarris.net\/web40\/wp-json\/wp\/v2\/posts\/71741\/revisions"}],"wp:featuredmedia":[{"embeddable":true,"href":"https:\/\/www.noubarris.net\/web40\/wp-json\/wp\/v2\/media\/71742"}],"wp:attachment":[{"href":"https:\/\/www.noubarris.net\/web40\/wp-json\/wp\/v2\/media?parent=71741"}],"wp:term":[{"taxonomy":"category","embeddable":true,"href":"https:\/\/www.noubarris.net\/web40\/wp-json\/wp\/v2\/categories?post=71741"},{"taxonomy":"post_tag","embeddable":true,"href":"https:\/\/www.noubarris.net\/web40\/wp-json\/wp\/v2\/tags?post=71741"}],"curies":[{"name":"wp","href":"https:\/\/api.w.org\/{rel}","templated":true}]}}