{"id":71758,"date":"2018-02-18T00:00:34","date_gmt":"2018-02-17T22:00:34","guid":{"rendered":"http:\/\/www.noubarris.net\/web40\/?p=71758"},"modified":"2018-02-16T15:45:31","modified_gmt":"2018-02-16T13:45:31","slug":"can-baste-exposa-el-darrer-guanyador-del-forum-fotografic-la-picnolepsia-de-tschombe","status":"publish","type":"post","link":"https:\/\/www.noubarris.net\/web40\/can-baste-exposa-el-darrer-guanyador-del-forum-fotografic-la-picnolepsia-de-tschombe\/","title":{"rendered":"Can Bast\u00e9 exposa el darrer guanyador del F\u00f2rum Fotogr\u00e0fic, La Picnolepsia de Tschomb\u00e9"},"content":{"rendered":"<p><strong>El projecte de\u00a0Gloria Oyarzabal reflexiona sobre les relacions de desigualtat al llarg de la hist\u00f2ria entre europeus i africans<\/strong><\/p>\n<p>Can Bast\u00e9 acull fins al 3 de mar\u00e7 una exposici\u00f3 singular. Es tracta del treball d\u2019avantguarda de docuficci\u00f3 amb el qual Gloria Oyarzabal va guanyar el 14\u00e8 F\u00f2rum Fotogr\u00e0fic Can Bast\u00e9. La fot\u00f2grafa ha jugat amb la realitat i la recreaci\u00f3 imagin\u00e0ria per criticar la relaci\u00f3 que han tingut i tenen \u00c0frica i Europa, i les desigualtats i conseq\u00fc\u00e8ncies que tenen en el m\u00f3n contemporani la descolonitzaci\u00f3. Oyarzabal ens explica la traject\u00f2ria de Mo\u00efse Tshomb\u00e9, un l\u00edder secessionista del Congo, que va ser acollir com a refugiat pol\u00edtic per l\u2019Espanya de Franco i protegit fins que finalment va ser segrestat i assassinat. La mostra combina fotografies i retalls de diari que parlen de Tschomb\u00e9 amb imatges que recreen el seu segrest, l\u2019hotel on vivia a Mallorca o la costa d\u2019Alg\u00e8ria, on va morir.<\/p>\n<p>La narraci\u00f3 arrenca als anys seixanta, quan es van desenvolupar els processos de descolonitzaci\u00f3 del continent afric\u00e0, amb la misteriosa desaparici\u00f3 de Tschomb\u00e9 i ens porta fins a la immigraci\u00f3 africana actual. El conjunt d\u2019imatges, documents i textos estableixen fils i met\u00e0fores que connecten el present amb el passat recent i ens fan reflexionar sobre la desigual i complexa relaci\u00f3 entre els europeus i els africans.<\/p>\n<p>Aquesta exposici\u00f3 escalfa els motors per a l\u2019edici\u00f3 d\u2019enguany del F\u00f2rum Fotogr\u00e0fic, un certamen que Can Bast\u00e9 convoca cada dos anys com a plataforma per a nous creadors. \u00a0\u00c9s un concurs at\u00edpic perqu\u00e8 els fot\u00f2grafs han d\u2019explicar i defensar el seu projecte davant un jurat de professionals i del p\u00fablic assistent. L\u2019edici\u00f3 de 2018 ser\u00e0 la n\u00famero 15 i se celebrar\u00e0 a finals de novembre. Les bases del concurs es publicaran abans de l\u2019estiu.<\/p>\n","protected":false},"excerpt":{"rendered":"<p>El projecte de\u00a0Gloria Oyarzabal reflexiona sobre les relacions de desigualtat al llarg de la hist\u00f2ria entre europeus i africans Can<\/p>\n","protected":false},"author":2,"featured_media":71760,"comment_status":"closed","ping_status":"closed","sticky":false,"template":"","format":"standard","meta":{"colormag_page_layout":"default_layout","_monsterinsights_skip_tracking":false,"_monsterinsights_sitenote_active":false,"_monsterinsights_sitenote_note":"","_monsterinsights_sitenote_category":0,"footnotes":""},"categories":[129,139],"tags":[88,234,268],"class_list":["post-71758","post","type-post","status-publish","format-standard","has-post-thumbnail","hentry","category-cultura","category-el-turo-de-la-peira","tag-can-baste","tag-cultura","tag-exposicio"],"yoast_head":"<!-- This site is optimized with the Yoast SEO plugin v25.3 - https:\/\/yoast.com\/wordpress\/plugins\/seo\/ -->\n<title>Can Bast\u00e9 exposa el darrer guanyador del F\u00f2rum Fotogr\u00e0fic, La Picnolepsia de Tschomb\u00e9 - NouBarris.Net<\/title>\n<meta name=\"robots\" content=\"index, follow, max-snippet:-1, max-image-preview:large, max-video-preview:-1\" \/>\n<link rel=\"canonical\" href=\"https:\/\/www.noubarris.net\/web40\/can-baste-exposa-el-darrer-guanyador-del-forum-fotografic-la-picnolepsia-de-tschombe\/\" \/>\n<meta property=\"og:locale\" content=\"ca_ES\" \/>\n<meta property=\"og:type\" content=\"article\" \/>\n<meta property=\"og:title\" content=\"Can Bast\u00e9 exposa el darrer guanyador del F\u00f2rum Fotogr\u00e0fic, La Picnolepsia de Tschomb\u00e9 - NouBarris.Net\" \/>\n<meta property=\"og:description\" content=\"El projecte de\u00a0Gloria Oyarzabal reflexiona sobre les relacions de desigualtat al llarg de la hist\u00f2ria entre europeus i africans Can\" \/>\n<meta property=\"og:url\" content=\"https:\/\/www.noubarris.net\/web40\/can-baste-exposa-el-darrer-guanyador-del-forum-fotografic-la-picnolepsia-de-tschombe\/\" \/>\n<meta property=\"og:site_name\" content=\"NouBarris.Net\" \/>\n<meta property=\"article:publisher\" content=\"https:\/\/www.facebook.com\/NouBarris.net\/?locale=es_ES\" \/>\n<meta property=\"article:published_time\" content=\"2018-02-17T22:00:34+00:00\" \/>\n<meta property=\"og:image\" content=\"https:\/\/www.noubarris.net\/web40\/wp-content\/uploads\/2018\/02\/180218.jpg\" \/>\n\t<meta property=\"og:image:width\" content=\"787\" \/>\n\t<meta property=\"og:image:height\" content=\"445\" \/>\n\t<meta property=\"og:image:type\" content=\"image\/jpeg\" \/>\n<meta name=\"author\" content=\"Informatius\" \/>\n<meta name=\"twitter:card\" content=\"summary_large_image\" \/>\n<meta name=\"twitter:creator\" content=\"@9BTV\" \/>\n<meta name=\"twitter:site\" content=\"@9BTV\" \/>\n<meta name=\"twitter:label1\" content=\"Escrit per\" \/>\n\t<meta name=\"twitter:data1\" content=\"Informatius\" \/>\n\t<meta name=\"twitter:label2\" content=\"Temps estimat de lectura\" \/>\n\t<meta name=\"twitter:data2\" content=\"2 minuts\" \/>\n<script type=\"application\/ld+json\" class=\"yoast-schema-graph\">{\"@context\":\"https:\/\/schema.org\",\"@graph\":[{\"@type\":\"Article\",\"@id\":\"https:\/\/www.noubarris.net\/web40\/can-baste-exposa-el-darrer-guanyador-del-forum-fotografic-la-picnolepsia-de-tschombe\/#article\",\"isPartOf\":{\"@id\":\"https:\/\/www.noubarris.net\/web40\/can-baste-exposa-el-darrer-guanyador-del-forum-fotografic-la-picnolepsia-de-tschombe\/\"},\"author\":{\"name\":\"Informatius\",\"@id\":\"https:\/\/www.noubarris.net\/web40\/#\/schema\/person\/1827f92aaa316c54abbf4dac0de76069\"},\"headline\":\"Can Bast\u00e9 exposa el darrer guanyador del F\u00f2rum Fotogr\u00e0fic, La Picnolepsia de Tschomb\u00e9\",\"datePublished\":\"2018-02-17T22:00:34+00:00\",\"mainEntityOfPage\":{\"@id\":\"https:\/\/www.noubarris.net\/web40\/can-baste-exposa-el-darrer-guanyador-del-forum-fotografic-la-picnolepsia-de-tschombe\/\"},\"wordCount\":333,\"publisher\":{\"@id\":\"https:\/\/www.noubarris.net\/web40\/#organization\"},\"image\":{\"@id\":\"https:\/\/www.noubarris.net\/web40\/can-baste-exposa-el-darrer-guanyador-del-forum-fotografic-la-picnolepsia-de-tschombe\/#primaryimage\"},\"thumbnailUrl\":\"https:\/\/www.noubarris.net\/web40\/wp-content\/uploads\/2018\/02\/180218.jpg\",\"keywords\":[\"Can Bast\u00e9\",\"Cultura\",\"Exposici\u00f3\"],\"articleSection\":[\"Cultura\",\"El Tur\u00f3 de la Peira\"],\"inLanguage\":\"ca\"},{\"@type\":\"WebPage\",\"@id\":\"https:\/\/www.noubarris.net\/web40\/can-baste-exposa-el-darrer-guanyador-del-forum-fotografic-la-picnolepsia-de-tschombe\/\",\"url\":\"https:\/\/www.noubarris.net\/web40\/can-baste-exposa-el-darrer-guanyador-del-forum-fotografic-la-picnolepsia-de-tschombe\/\",\"name\":\"Can Bast\u00e9 exposa el darrer guanyador del F\u00f2rum Fotogr\u00e0fic, La Picnolepsia de Tschomb\u00e9 - NouBarris.Net\",\"isPartOf\":{\"@id\":\"https:\/\/www.noubarris.net\/web40\/#website\"},\"primaryImageOfPage\":{\"@id\":\"https:\/\/www.noubarris.net\/web40\/can-baste-exposa-el-darrer-guanyador-del-forum-fotografic-la-picnolepsia-de-tschombe\/#primaryimage\"},\"image\":{\"@id\":\"https:\/\/www.noubarris.net\/web40\/can-baste-exposa-el-darrer-guanyador-del-forum-fotografic-la-picnolepsia-de-tschombe\/#primaryimage\"},\"thumbnailUrl\":\"https:\/\/www.noubarris.net\/web40\/wp-content\/uploads\/2018\/02\/180218.jpg\",\"datePublished\":\"2018-02-17T22:00:34+00:00\",\"breadcrumb\":{\"@id\":\"https:\/\/www.noubarris.net\/web40\/can-baste-exposa-el-darrer-guanyador-del-forum-fotografic-la-picnolepsia-de-tschombe\/#breadcrumb\"},\"inLanguage\":\"ca\",\"potentialAction\":[{\"@type\":\"ReadAction\",\"target\":[\"https:\/\/www.noubarris.net\/web40\/can-baste-exposa-el-darrer-guanyador-del-forum-fotografic-la-picnolepsia-de-tschombe\/\"]}]},{\"@type\":\"ImageObject\",\"inLanguage\":\"ca\",\"@id\":\"https:\/\/www.noubarris.net\/web40\/can-baste-exposa-el-darrer-guanyador-del-forum-fotografic-la-picnolepsia-de-tschombe\/#primaryimage\",\"url\":\"https:\/\/www.noubarris.net\/web40\/wp-content\/uploads\/2018\/02\/180218.jpg\",\"contentUrl\":\"https:\/\/www.noubarris.net\/web40\/wp-content\/uploads\/2018\/02\/180218.jpg\",\"width\":787,\"height\":445},{\"@type\":\"BreadcrumbList\",\"@id\":\"https:\/\/www.noubarris.net\/web40\/can-baste-exposa-el-darrer-guanyador-del-forum-fotografic-la-picnolepsia-de-tschombe\/#breadcrumb\",\"itemListElement\":[{\"@type\":\"ListItem\",\"position\":1,\"name\":\"Inici\",\"item\":\"https:\/\/www.noubarris.net\/web40\/\"},{\"@type\":\"ListItem\",\"position\":2,\"name\":\"Can Bast\u00e9 exposa el darrer guanyador del F\u00f2rum Fotogr\u00e0fic, La Picnolepsia de Tschomb\u00e9\"}]},{\"@type\":\"WebSite\",\"@id\":\"https:\/\/www.noubarris.net\/web40\/#website\",\"url\":\"https:\/\/www.noubarris.net\/web40\/\",\"name\":\"NouBarris.Net\",\"description\":\"Seguint la vida de Nou Barris des de 1985\",\"publisher\":{\"@id\":\"https:\/\/www.noubarris.net\/web40\/#organization\"},\"potentialAction\":[{\"@type\":\"SearchAction\",\"target\":{\"@type\":\"EntryPoint\",\"urlTemplate\":\"https:\/\/www.noubarris.net\/web40\/?s={search_term_string}\"},\"query-input\":{\"@type\":\"PropertyValueSpecification\",\"valueRequired\":true,\"valueName\":\"search_term_string\"}}],\"inLanguage\":\"ca\"},{\"@type\":\"Organization\",\"@id\":\"https:\/\/www.noubarris.net\/web40\/#organization\",\"name\":\"NouBarris.Net\",\"url\":\"https:\/\/www.noubarris.net\/web40\/\",\"logo\":{\"@type\":\"ImageObject\",\"inLanguage\":\"ca\",\"@id\":\"https:\/\/www.noubarris.net\/web40\/#\/schema\/logo\/image\/\",\"url\":\"https:\/\/www.noubarris.net\/web40\/wp-content\/uploads\/2024\/11\/cropped-cropped-LOGO_9BTV-2024_Insta-1.jpg\",\"contentUrl\":\"https:\/\/www.noubarris.net\/web40\/wp-content\/uploads\/2024\/11\/cropped-cropped-LOGO_9BTV-2024_Insta-1.jpg\",\"width\":512,\"height\":512,\"caption\":\"NouBarris.Net\"},\"image\":{\"@id\":\"https:\/\/www.noubarris.net\/web40\/#\/schema\/logo\/image\/\"},\"sameAs\":[\"https:\/\/www.facebook.com\/NouBarris.net\/?locale=es_ES\",\"https:\/\/x.com\/9BTV\"]},{\"@type\":\"Person\",\"@id\":\"https:\/\/www.noubarris.net\/web40\/#\/schema\/person\/1827f92aaa316c54abbf4dac0de76069\",\"name\":\"Informatius\",\"image\":{\"@type\":\"ImageObject\",\"inLanguage\":\"ca\",\"@id\":\"https:\/\/www.noubarris.net\/web40\/#\/schema\/person\/image\/\",\"url\":\"https:\/\/secure.gravatar.com\/avatar\/87a3b47928835fc72c6ee5b0e1a7263ef0c2d05003a98189bc14926c5f11bcdb?s=96&d=mm&r=g\",\"contentUrl\":\"https:\/\/secure.gravatar.com\/avatar\/87a3b47928835fc72c6ee5b0e1a7263ef0c2d05003a98189bc14926c5f11bcdb?s=96&d=mm&r=g\",\"caption\":\"Informatius\"},\"url\":\"https:\/\/www.noubarris.net\/web40\/author\/tele\/\"}]}<\/script>\n<!-- \/ Yoast SEO plugin. -->","yoast_head_json":{"title":"Can Bast\u00e9 exposa el darrer guanyador del F\u00f2rum Fotogr\u00e0fic, La Picnolepsia de Tschomb\u00e9 - NouBarris.Net","robots":{"index":"index","follow":"follow","max-snippet":"max-snippet:-1","max-image-preview":"max-image-preview:large","max-video-preview":"max-video-preview:-1"},"canonical":"https:\/\/www.noubarris.net\/web40\/can-baste-exposa-el-darrer-guanyador-del-forum-fotografic-la-picnolepsia-de-tschombe\/","og_locale":"ca_ES","og_type":"article","og_title":"Can Bast\u00e9 exposa el darrer guanyador del F\u00f2rum Fotogr\u00e0fic, La Picnolepsia de Tschomb\u00e9 - NouBarris.Net","og_description":"El projecte de\u00a0Gloria Oyarzabal reflexiona sobre les relacions de desigualtat al llarg de la hist\u00f2ria entre europeus i africans Can","og_url":"https:\/\/www.noubarris.net\/web40\/can-baste-exposa-el-darrer-guanyador-del-forum-fotografic-la-picnolepsia-de-tschombe\/","og_site_name":"NouBarris.Net","article_publisher":"https:\/\/www.facebook.com\/NouBarris.net\/?locale=es_ES","article_published_time":"2018-02-17T22:00:34+00:00","og_image":[{"width":787,"height":445,"url":"https:\/\/www.noubarris.net\/web40\/wp-content\/uploads\/2018\/02\/180218.jpg","type":"image\/jpeg"}],"author":"Informatius","twitter_card":"summary_large_image","twitter_creator":"@9BTV","twitter_site":"@9BTV","twitter_misc":{"Escrit per":"Informatius","Temps estimat de lectura":"2 minuts"},"schema":{"@context":"https:\/\/schema.org","@graph":[{"@type":"Article","@id":"https:\/\/www.noubarris.net\/web40\/can-baste-exposa-el-darrer-guanyador-del-forum-fotografic-la-picnolepsia-de-tschombe\/#article","isPartOf":{"@id":"https:\/\/www.noubarris.net\/web40\/can-baste-exposa-el-darrer-guanyador-del-forum-fotografic-la-picnolepsia-de-tschombe\/"},"author":{"name":"Informatius","@id":"https:\/\/www.noubarris.net\/web40\/#\/schema\/person\/1827f92aaa316c54abbf4dac0de76069"},"headline":"Can Bast\u00e9 exposa el darrer guanyador del F\u00f2rum Fotogr\u00e0fic, La Picnolepsia de Tschomb\u00e9","datePublished":"2018-02-17T22:00:34+00:00","mainEntityOfPage":{"@id":"https:\/\/www.noubarris.net\/web40\/can-baste-exposa-el-darrer-guanyador-del-forum-fotografic-la-picnolepsia-de-tschombe\/"},"wordCount":333,"publisher":{"@id":"https:\/\/www.noubarris.net\/web40\/#organization"},"image":{"@id":"https:\/\/www.noubarris.net\/web40\/can-baste-exposa-el-darrer-guanyador-del-forum-fotografic-la-picnolepsia-de-tschombe\/#primaryimage"},"thumbnailUrl":"https:\/\/www.noubarris.net\/web40\/wp-content\/uploads\/2018\/02\/180218.jpg","keywords":["Can Bast\u00e9","Cultura","Exposici\u00f3"],"articleSection":["Cultura","El Tur\u00f3 de la Peira"],"inLanguage":"ca"},{"@type":"WebPage","@id":"https:\/\/www.noubarris.net\/web40\/can-baste-exposa-el-darrer-guanyador-del-forum-fotografic-la-picnolepsia-de-tschombe\/","url":"https:\/\/www.noubarris.net\/web40\/can-baste-exposa-el-darrer-guanyador-del-forum-fotografic-la-picnolepsia-de-tschombe\/","name":"Can Bast\u00e9 exposa el darrer guanyador del F\u00f2rum Fotogr\u00e0fic, La Picnolepsia de Tschomb\u00e9 - NouBarris.Net","isPartOf":{"@id":"https:\/\/www.noubarris.net\/web40\/#website"},"primaryImageOfPage":{"@id":"https:\/\/www.noubarris.net\/web40\/can-baste-exposa-el-darrer-guanyador-del-forum-fotografic-la-picnolepsia-de-tschombe\/#primaryimage"},"image":{"@id":"https:\/\/www.noubarris.net\/web40\/can-baste-exposa-el-darrer-guanyador-del-forum-fotografic-la-picnolepsia-de-tschombe\/#primaryimage"},"thumbnailUrl":"https:\/\/www.noubarris.net\/web40\/wp-content\/uploads\/2018\/02\/180218.jpg","datePublished":"2018-02-17T22:00:34+00:00","breadcrumb":{"@id":"https:\/\/www.noubarris.net\/web40\/can-baste-exposa-el-darrer-guanyador-del-forum-fotografic-la-picnolepsia-de-tschombe\/#breadcrumb"},"inLanguage":"ca","potentialAction":[{"@type":"ReadAction","target":["https:\/\/www.noubarris.net\/web40\/can-baste-exposa-el-darrer-guanyador-del-forum-fotografic-la-picnolepsia-de-tschombe\/"]}]},{"@type":"ImageObject","inLanguage":"ca","@id":"https:\/\/www.noubarris.net\/web40\/can-baste-exposa-el-darrer-guanyador-del-forum-fotografic-la-picnolepsia-de-tschombe\/#primaryimage","url":"https:\/\/www.noubarris.net\/web40\/wp-content\/uploads\/2018\/02\/180218.jpg","contentUrl":"https:\/\/www.noubarris.net\/web40\/wp-content\/uploads\/2018\/02\/180218.jpg","width":787,"height":445},{"@type":"BreadcrumbList","@id":"https:\/\/www.noubarris.net\/web40\/can-baste-exposa-el-darrer-guanyador-del-forum-fotografic-la-picnolepsia-de-tschombe\/#breadcrumb","itemListElement":[{"@type":"ListItem","position":1,"name":"Inici","item":"https:\/\/www.noubarris.net\/web40\/"},{"@type":"ListItem","position":2,"name":"Can Bast\u00e9 exposa el darrer guanyador del F\u00f2rum Fotogr\u00e0fic, La Picnolepsia de Tschomb\u00e9"}]},{"@type":"WebSite","@id":"https:\/\/www.noubarris.net\/web40\/#website","url":"https:\/\/www.noubarris.net\/web40\/","name":"NouBarris.Net","description":"Seguint la vida de Nou Barris des de 1985","publisher":{"@id":"https:\/\/www.noubarris.net\/web40\/#organization"},"potentialAction":[{"@type":"SearchAction","target":{"@type":"EntryPoint","urlTemplate":"https:\/\/www.noubarris.net\/web40\/?s={search_term_string}"},"query-input":{"@type":"PropertyValueSpecification","valueRequired":true,"valueName":"search_term_string"}}],"inLanguage":"ca"},{"@type":"Organization","@id":"https:\/\/www.noubarris.net\/web40\/#organization","name":"NouBarris.Net","url":"https:\/\/www.noubarris.net\/web40\/","logo":{"@type":"ImageObject","inLanguage":"ca","@id":"https:\/\/www.noubarris.net\/web40\/#\/schema\/logo\/image\/","url":"https:\/\/www.noubarris.net\/web40\/wp-content\/uploads\/2024\/11\/cropped-cropped-LOGO_9BTV-2024_Insta-1.jpg","contentUrl":"https:\/\/www.noubarris.net\/web40\/wp-content\/uploads\/2024\/11\/cropped-cropped-LOGO_9BTV-2024_Insta-1.jpg","width":512,"height":512,"caption":"NouBarris.Net"},"image":{"@id":"https:\/\/www.noubarris.net\/web40\/#\/schema\/logo\/image\/"},"sameAs":["https:\/\/www.facebook.com\/NouBarris.net\/?locale=es_ES","https:\/\/x.com\/9BTV"]},{"@type":"Person","@id":"https:\/\/www.noubarris.net\/web40\/#\/schema\/person\/1827f92aaa316c54abbf4dac0de76069","name":"Informatius","image":{"@type":"ImageObject","inLanguage":"ca","@id":"https:\/\/www.noubarris.net\/web40\/#\/schema\/person\/image\/","url":"https:\/\/secure.gravatar.com\/avatar\/87a3b47928835fc72c6ee5b0e1a7263ef0c2d05003a98189bc14926c5f11bcdb?s=96&d=mm&r=g","contentUrl":"https:\/\/secure.gravatar.com\/avatar\/87a3b47928835fc72c6ee5b0e1a7263ef0c2d05003a98189bc14926c5f11bcdb?s=96&d=mm&r=g","caption":"Informatius"},"url":"https:\/\/www.noubarris.net\/web40\/author\/tele\/"}]}},"_links":{"self":[{"href":"https:\/\/www.noubarris.net\/web40\/wp-json\/wp\/v2\/posts\/71758","targetHints":{"allow":["GET"]}}],"collection":[{"href":"https:\/\/www.noubarris.net\/web40\/wp-json\/wp\/v2\/posts"}],"about":[{"href":"https:\/\/www.noubarris.net\/web40\/wp-json\/wp\/v2\/types\/post"}],"author":[{"embeddable":true,"href":"https:\/\/www.noubarris.net\/web40\/wp-json\/wp\/v2\/users\/2"}],"replies":[{"embeddable":true,"href":"https:\/\/www.noubarris.net\/web40\/wp-json\/wp\/v2\/comments?post=71758"}],"version-history":[{"count":0,"href":"https:\/\/www.noubarris.net\/web40\/wp-json\/wp\/v2\/posts\/71758\/revisions"}],"wp:featuredmedia":[{"embeddable":true,"href":"https:\/\/www.noubarris.net\/web40\/wp-json\/wp\/v2\/media\/71760"}],"wp:attachment":[{"href":"https:\/\/www.noubarris.net\/web40\/wp-json\/wp\/v2\/media?parent=71758"}],"wp:term":[{"taxonomy":"category","embeddable":true,"href":"https:\/\/www.noubarris.net\/web40\/wp-json\/wp\/v2\/categories?post=71758"},{"taxonomy":"post_tag","embeddable":true,"href":"https:\/\/www.noubarris.net\/web40\/wp-json\/wp\/v2\/tags?post=71758"}],"curies":[{"name":"wp","href":"https:\/\/api.w.org\/{rel}","templated":true}]}}