{"id":71761,"date":"2018-02-20T00:00:45","date_gmt":"2018-02-19T22:00:45","guid":{"rendered":"http:\/\/www.noubarris.net\/web40\/?p=71761"},"modified":"2018-02-19T18:06:18","modified_gmt":"2018-02-19T16:06:18","slug":"els-gestors-de-la-residencia-la-trinitat-afirmen-que-han-resolt-lavaria-que-afectava-la-calefaccio","status":"publish","type":"post","link":"https:\/\/www.noubarris.net\/web40\/els-gestors-de-la-residencia-la-trinitat-afirmen-que-han-resolt-lavaria-que-afectava-la-calefaccio\/","title":{"rendered":"Els gestors de la Resid\u00e8ncia la Trinitat afirmen que han resolt l\u2019avaria que afectava la calefacci\u00f3"},"content":{"rendered":"<p><strong>L\u2019associaci\u00f3 de ve\u00efns i l\u2019entitat SAP Muntanya demanen una visita per comprovar l\u2019estat de les instal\u00b7lacions<\/strong><\/p>\n<p>La resid\u00e8ncia la Trinitat ja ha solucionat els problemes amb la calefacci\u00f3, segons afirmen els gestors de l\u2019equipament. La incid\u00e8ncia es va allargar durant uns dies en qu\u00e8 es van escalfar les habitacions amb bombes d\u2019aire calent i calefactors. Tot i aix\u00ed, alguns familiars es van queixar de la situaci\u00f3 i a hores d\u2019ara l\u2019AV Trinitat Nova i SAP Muntanya estan en espera per visitar la resid\u00e8ncia i comprovar-ne el manteniment.<\/p>\n<p>Finalment a finals de la setmana vinent va queda resolta l\u2019avaria que afectava part de la calefacci\u00f3 de la resid\u00e8ncia de gent gran la Trinitat. No hem pogut accedir a les habitacions per pol\u00edtiques de privacitat de l\u2019empresa, per\u00f2 des de l\u2019empresa gestora Suara s\u2019assegura que tot funciona correctament despr\u00e9s de canviar una pe\u00e7a de la caldera. Les alarmes ve\u00efnals es van engegar quan un dels familiars va denunciar que en part de les habitacions de la Resid\u00e8ncia La Trinitat no funcionava el sistema de calefacci\u00f3 des de feia dies, i que ja hi havia hagut problemes amb l\u2019aigua calenta durant el mes de desembre. La resposta de la cooperativa Suara va ser activar sistemes alternatius com ara bombes de calor i calefactors. Els familiars, per\u00f2, denunciaven que aquests sistemes no sempre estaven en funcionament i que molts cops s&#8217;havien trobat les habitacions fredes. Una afirmaci\u00f3 que avui la directora de la resid\u00e8ncia Cristina Pat\u00f3n, ens ha desmentit: \u00a0\u201cEls calefactors no s\u2019han apagat mai, tenen un term\u00f2stat que els aturava quan arribaven a la temperatura \u00f2ptima i es tornaven a engegar quan calia.\u201d<\/p>\n<p>Representants de l&#8217;AV Trinitat Nova i de les entitats ve\u00efnals del SAP Muntanya, que defensen la qualitat del servei d&#8217;atenci\u00f3 prim\u00e0ria de salut, es van reunir amb la direcci\u00f3 del centre per analitzar la situaci\u00f3 de la calefacci\u00f3 i del manteniment en general del centre, com els problemes amb els pous negres o altres desperfectes de l\u2019edifici. Despr\u00e9s de rebre explicacions, ara esperen una visita a l\u2019equipament per comprovar que s\u2019han arranjat tots els problemes. \u201cVolem veure nosaltres mateixos que ja funciona tot b\u00e9 i en quin estat es troba l\u2019edifici- explica Ramon Casas, de l\u2019AV Trinitat Nova- Tamb\u00e9 volem que es convoqui el consell de participaci\u00f3, per fer un seguiment del tema.\u201d Aquest consell de participaci\u00f3 sembla ser que est\u00e0 en espera de renovar els seus integrants. \u201cHi ha gent que ja no hi \u00e9s o que ja no est\u00e0 en condicions i la idea \u00e9s renovar-lo abans del mes de juny\u201d, assegura la directora.<\/p>\n","protected":false},"excerpt":{"rendered":"<p>L\u2019associaci\u00f3 de ve\u00efns i l\u2019entitat SAP Muntanya demanen una visita per comprovar l\u2019estat de les instal\u00b7lacions La resid\u00e8ncia la Trinitat<\/p>\n","protected":false},"author":2,"featured_media":71762,"comment_status":"closed","ping_status":"closed","sticky":false,"template":"","format":"standard","meta":{"colormag_page_layout":"default_layout","_monsterinsights_skip_tracking":false,"_monsterinsights_sitenote_active":false,"_monsterinsights_sitenote_note":"","_monsterinsights_sitenote_category":0,"footnotes":""},"categories":[138,124],"tags":[121,316,52,428],"class_list":["post-71761","post","type-post","status-publish","format-standard","has-post-thumbnail","hentry","category-la-trinitat-nova","category-societat","tag-equipaments","tag-gent-gran","tag-la-trinitat-nova","tag-queixes"],"yoast_head":"<!-- This site is optimized with the Yoast SEO plugin v25.3 - https:\/\/yoast.com\/wordpress\/plugins\/seo\/ -->\n<title>Els gestors de la Resid\u00e8ncia la Trinitat afirmen que han resolt l\u2019avaria que afectava la calefacci\u00f3 - NouBarris.Net<\/title>\n<meta name=\"robots\" content=\"index, follow, max-snippet:-1, max-image-preview:large, max-video-preview:-1\" \/>\n<link rel=\"canonical\" href=\"https:\/\/www.noubarris.net\/web40\/els-gestors-de-la-residencia-la-trinitat-afirmen-que-han-resolt-lavaria-que-afectava-la-calefaccio\/\" \/>\n<meta property=\"og:locale\" content=\"ca_ES\" \/>\n<meta property=\"og:type\" content=\"article\" \/>\n<meta property=\"og:title\" content=\"Els gestors de la Resid\u00e8ncia la Trinitat afirmen que han resolt l\u2019avaria que afectava la calefacci\u00f3 - NouBarris.Net\" \/>\n<meta property=\"og:description\" content=\"L\u2019associaci\u00f3 de ve\u00efns i l\u2019entitat SAP Muntanya demanen una visita per comprovar l\u2019estat de les instal\u00b7lacions La resid\u00e8ncia la Trinitat\" \/>\n<meta property=\"og:url\" content=\"https:\/\/www.noubarris.net\/web40\/els-gestors-de-la-residencia-la-trinitat-afirmen-que-han-resolt-lavaria-que-afectava-la-calefaccio\/\" \/>\n<meta property=\"og:site_name\" content=\"NouBarris.Net\" \/>\n<meta property=\"article:publisher\" content=\"https:\/\/www.facebook.com\/NouBarris.net\/?locale=es_ES\" \/>\n<meta property=\"article:published_time\" content=\"2018-02-19T22:00:45+00:00\" \/>\n<meta property=\"og:image\" content=\"https:\/\/www.noubarris.net\/web40\/wp-content\/uploads\/2018\/02\/200218.jpg\" \/>\n\t<meta property=\"og:image:width\" content=\"768\" \/>\n\t<meta property=\"og:image:height\" content=\"432\" \/>\n\t<meta property=\"og:image:type\" content=\"image\/jpeg\" \/>\n<meta name=\"author\" content=\"Informatius\" \/>\n<meta name=\"twitter:card\" content=\"summary_large_image\" \/>\n<meta name=\"twitter:creator\" content=\"@9BTV\" \/>\n<meta name=\"twitter:site\" content=\"@9BTV\" \/>\n<meta name=\"twitter:label1\" content=\"Escrit per\" \/>\n\t<meta name=\"twitter:data1\" content=\"Informatius\" \/>\n\t<meta name=\"twitter:label2\" content=\"Temps estimat de lectura\" \/>\n\t<meta name=\"twitter:data2\" content=\"2 minuts\" \/>\n<script type=\"application\/ld+json\" class=\"yoast-schema-graph\">{\"@context\":\"https:\/\/schema.org\",\"@graph\":[{\"@type\":\"Article\",\"@id\":\"https:\/\/www.noubarris.net\/web40\/els-gestors-de-la-residencia-la-trinitat-afirmen-que-han-resolt-lavaria-que-afectava-la-calefaccio\/#article\",\"isPartOf\":{\"@id\":\"https:\/\/www.noubarris.net\/web40\/els-gestors-de-la-residencia-la-trinitat-afirmen-que-han-resolt-lavaria-que-afectava-la-calefaccio\/\"},\"author\":{\"name\":\"Informatius\",\"@id\":\"https:\/\/www.noubarris.net\/web40\/#\/schema\/person\/1827f92aaa316c54abbf4dac0de76069\"},\"headline\":\"Els gestors de la Resid\u00e8ncia la Trinitat afirmen que han resolt l\u2019avaria que afectava la calefacci\u00f3\",\"datePublished\":\"2018-02-19T22:00:45+00:00\",\"mainEntityOfPage\":{\"@id\":\"https:\/\/www.noubarris.net\/web40\/els-gestors-de-la-residencia-la-trinitat-afirmen-que-han-resolt-lavaria-que-afectava-la-calefaccio\/\"},\"wordCount\":482,\"publisher\":{\"@id\":\"https:\/\/www.noubarris.net\/web40\/#organization\"},\"image\":{\"@id\":\"https:\/\/www.noubarris.net\/web40\/els-gestors-de-la-residencia-la-trinitat-afirmen-que-han-resolt-lavaria-que-afectava-la-calefaccio\/#primaryimage\"},\"thumbnailUrl\":\"https:\/\/www.noubarris.net\/web40\/wp-content\/uploads\/2018\/02\/200218.jpg\",\"keywords\":[\"Equipaments\",\"Gent Gran\",\"La Trinitat Nova\",\"Queixes\"],\"articleSection\":[\"La Trinitat Nova\",\"Societat\"],\"inLanguage\":\"ca\"},{\"@type\":\"WebPage\",\"@id\":\"https:\/\/www.noubarris.net\/web40\/els-gestors-de-la-residencia-la-trinitat-afirmen-que-han-resolt-lavaria-que-afectava-la-calefaccio\/\",\"url\":\"https:\/\/www.noubarris.net\/web40\/els-gestors-de-la-residencia-la-trinitat-afirmen-que-han-resolt-lavaria-que-afectava-la-calefaccio\/\",\"name\":\"Els gestors de la Resid\u00e8ncia la Trinitat afirmen que han resolt l\u2019avaria que afectava la calefacci\u00f3 - NouBarris.Net\",\"isPartOf\":{\"@id\":\"https:\/\/www.noubarris.net\/web40\/#website\"},\"primaryImageOfPage\":{\"@id\":\"https:\/\/www.noubarris.net\/web40\/els-gestors-de-la-residencia-la-trinitat-afirmen-que-han-resolt-lavaria-que-afectava-la-calefaccio\/#primaryimage\"},\"image\":{\"@id\":\"https:\/\/www.noubarris.net\/web40\/els-gestors-de-la-residencia-la-trinitat-afirmen-que-han-resolt-lavaria-que-afectava-la-calefaccio\/#primaryimage\"},\"thumbnailUrl\":\"https:\/\/www.noubarris.net\/web40\/wp-content\/uploads\/2018\/02\/200218.jpg\",\"datePublished\":\"2018-02-19T22:00:45+00:00\",\"breadcrumb\":{\"@id\":\"https:\/\/www.noubarris.net\/web40\/els-gestors-de-la-residencia-la-trinitat-afirmen-que-han-resolt-lavaria-que-afectava-la-calefaccio\/#breadcrumb\"},\"inLanguage\":\"ca\",\"potentialAction\":[{\"@type\":\"ReadAction\",\"target\":[\"https:\/\/www.noubarris.net\/web40\/els-gestors-de-la-residencia-la-trinitat-afirmen-que-han-resolt-lavaria-que-afectava-la-calefaccio\/\"]}]},{\"@type\":\"ImageObject\",\"inLanguage\":\"ca\",\"@id\":\"https:\/\/www.noubarris.net\/web40\/els-gestors-de-la-residencia-la-trinitat-afirmen-que-han-resolt-lavaria-que-afectava-la-calefaccio\/#primaryimage\",\"url\":\"https:\/\/www.noubarris.net\/web40\/wp-content\/uploads\/2018\/02\/200218.jpg\",\"contentUrl\":\"https:\/\/www.noubarris.net\/web40\/wp-content\/uploads\/2018\/02\/200218.jpg\",\"width\":768,\"height\":432},{\"@type\":\"BreadcrumbList\",\"@id\":\"https:\/\/www.noubarris.net\/web40\/els-gestors-de-la-residencia-la-trinitat-afirmen-que-han-resolt-lavaria-que-afectava-la-calefaccio\/#breadcrumb\",\"itemListElement\":[{\"@type\":\"ListItem\",\"position\":1,\"name\":\"Inici\",\"item\":\"https:\/\/www.noubarris.net\/web40\/\"},{\"@type\":\"ListItem\",\"position\":2,\"name\":\"Els gestors de la Resid\u00e8ncia la Trinitat afirmen que han resolt l\u2019avaria que afectava la calefacci\u00f3\"}]},{\"@type\":\"WebSite\",\"@id\":\"https:\/\/www.noubarris.net\/web40\/#website\",\"url\":\"https:\/\/www.noubarris.net\/web40\/\",\"name\":\"NouBarris.Net\",\"description\":\"Seguint la vida de Nou Barris des de 1985\",\"publisher\":{\"@id\":\"https:\/\/www.noubarris.net\/web40\/#organization\"},\"potentialAction\":[{\"@type\":\"SearchAction\",\"target\":{\"@type\":\"EntryPoint\",\"urlTemplate\":\"https:\/\/www.noubarris.net\/web40\/?s={search_term_string}\"},\"query-input\":{\"@type\":\"PropertyValueSpecification\",\"valueRequired\":true,\"valueName\":\"search_term_string\"}}],\"inLanguage\":\"ca\"},{\"@type\":\"Organization\",\"@id\":\"https:\/\/www.noubarris.net\/web40\/#organization\",\"name\":\"NouBarris.Net\",\"url\":\"https:\/\/www.noubarris.net\/web40\/\",\"logo\":{\"@type\":\"ImageObject\",\"inLanguage\":\"ca\",\"@id\":\"https:\/\/www.noubarris.net\/web40\/#\/schema\/logo\/image\/\",\"url\":\"https:\/\/www.noubarris.net\/web40\/wp-content\/uploads\/2024\/11\/cropped-cropped-LOGO_9BTV-2024_Insta-1.jpg\",\"contentUrl\":\"https:\/\/www.noubarris.net\/web40\/wp-content\/uploads\/2024\/11\/cropped-cropped-LOGO_9BTV-2024_Insta-1.jpg\",\"width\":512,\"height\":512,\"caption\":\"NouBarris.Net\"},\"image\":{\"@id\":\"https:\/\/www.noubarris.net\/web40\/#\/schema\/logo\/image\/\"},\"sameAs\":[\"https:\/\/www.facebook.com\/NouBarris.net\/?locale=es_ES\",\"https:\/\/x.com\/9BTV\"]},{\"@type\":\"Person\",\"@id\":\"https:\/\/www.noubarris.net\/web40\/#\/schema\/person\/1827f92aaa316c54abbf4dac0de76069\",\"name\":\"Informatius\",\"image\":{\"@type\":\"ImageObject\",\"inLanguage\":\"ca\",\"@id\":\"https:\/\/www.noubarris.net\/web40\/#\/schema\/person\/image\/\",\"url\":\"https:\/\/secure.gravatar.com\/avatar\/87a3b47928835fc72c6ee5b0e1a7263ef0c2d05003a98189bc14926c5f11bcdb?s=96&d=mm&r=g\",\"contentUrl\":\"https:\/\/secure.gravatar.com\/avatar\/87a3b47928835fc72c6ee5b0e1a7263ef0c2d05003a98189bc14926c5f11bcdb?s=96&d=mm&r=g\",\"caption\":\"Informatius\"},\"url\":\"https:\/\/www.noubarris.net\/web40\/author\/tele\/\"}]}<\/script>\n<!-- \/ Yoast SEO plugin. -->","yoast_head_json":{"title":"Els gestors de la Resid\u00e8ncia la Trinitat afirmen que han resolt l\u2019avaria que afectava la calefacci\u00f3 - NouBarris.Net","robots":{"index":"index","follow":"follow","max-snippet":"max-snippet:-1","max-image-preview":"max-image-preview:large","max-video-preview":"max-video-preview:-1"},"canonical":"https:\/\/www.noubarris.net\/web40\/els-gestors-de-la-residencia-la-trinitat-afirmen-que-han-resolt-lavaria-que-afectava-la-calefaccio\/","og_locale":"ca_ES","og_type":"article","og_title":"Els gestors de la Resid\u00e8ncia la Trinitat afirmen que han resolt l\u2019avaria que afectava la calefacci\u00f3 - NouBarris.Net","og_description":"L\u2019associaci\u00f3 de ve\u00efns i l\u2019entitat SAP Muntanya demanen una visita per comprovar l\u2019estat de les instal\u00b7lacions La resid\u00e8ncia la Trinitat","og_url":"https:\/\/www.noubarris.net\/web40\/els-gestors-de-la-residencia-la-trinitat-afirmen-que-han-resolt-lavaria-que-afectava-la-calefaccio\/","og_site_name":"NouBarris.Net","article_publisher":"https:\/\/www.facebook.com\/NouBarris.net\/?locale=es_ES","article_published_time":"2018-02-19T22:00:45+00:00","og_image":[{"width":768,"height":432,"url":"https:\/\/www.noubarris.net\/web40\/wp-content\/uploads\/2018\/02\/200218.jpg","type":"image\/jpeg"}],"author":"Informatius","twitter_card":"summary_large_image","twitter_creator":"@9BTV","twitter_site":"@9BTV","twitter_misc":{"Escrit per":"Informatius","Temps estimat de lectura":"2 minuts"},"schema":{"@context":"https:\/\/schema.org","@graph":[{"@type":"Article","@id":"https:\/\/www.noubarris.net\/web40\/els-gestors-de-la-residencia-la-trinitat-afirmen-que-han-resolt-lavaria-que-afectava-la-calefaccio\/#article","isPartOf":{"@id":"https:\/\/www.noubarris.net\/web40\/els-gestors-de-la-residencia-la-trinitat-afirmen-que-han-resolt-lavaria-que-afectava-la-calefaccio\/"},"author":{"name":"Informatius","@id":"https:\/\/www.noubarris.net\/web40\/#\/schema\/person\/1827f92aaa316c54abbf4dac0de76069"},"headline":"Els gestors de la Resid\u00e8ncia la Trinitat afirmen que han resolt l\u2019avaria que afectava la calefacci\u00f3","datePublished":"2018-02-19T22:00:45+00:00","mainEntityOfPage":{"@id":"https:\/\/www.noubarris.net\/web40\/els-gestors-de-la-residencia-la-trinitat-afirmen-que-han-resolt-lavaria-que-afectava-la-calefaccio\/"},"wordCount":482,"publisher":{"@id":"https:\/\/www.noubarris.net\/web40\/#organization"},"image":{"@id":"https:\/\/www.noubarris.net\/web40\/els-gestors-de-la-residencia-la-trinitat-afirmen-que-han-resolt-lavaria-que-afectava-la-calefaccio\/#primaryimage"},"thumbnailUrl":"https:\/\/www.noubarris.net\/web40\/wp-content\/uploads\/2018\/02\/200218.jpg","keywords":["Equipaments","Gent Gran","La Trinitat Nova","Queixes"],"articleSection":["La Trinitat Nova","Societat"],"inLanguage":"ca"},{"@type":"WebPage","@id":"https:\/\/www.noubarris.net\/web40\/els-gestors-de-la-residencia-la-trinitat-afirmen-que-han-resolt-lavaria-que-afectava-la-calefaccio\/","url":"https:\/\/www.noubarris.net\/web40\/els-gestors-de-la-residencia-la-trinitat-afirmen-que-han-resolt-lavaria-que-afectava-la-calefaccio\/","name":"Els gestors de la Resid\u00e8ncia la Trinitat afirmen que han resolt l\u2019avaria que afectava la calefacci\u00f3 - NouBarris.Net","isPartOf":{"@id":"https:\/\/www.noubarris.net\/web40\/#website"},"primaryImageOfPage":{"@id":"https:\/\/www.noubarris.net\/web40\/els-gestors-de-la-residencia-la-trinitat-afirmen-que-han-resolt-lavaria-que-afectava-la-calefaccio\/#primaryimage"},"image":{"@id":"https:\/\/www.noubarris.net\/web40\/els-gestors-de-la-residencia-la-trinitat-afirmen-que-han-resolt-lavaria-que-afectava-la-calefaccio\/#primaryimage"},"thumbnailUrl":"https:\/\/www.noubarris.net\/web40\/wp-content\/uploads\/2018\/02\/200218.jpg","datePublished":"2018-02-19T22:00:45+00:00","breadcrumb":{"@id":"https:\/\/www.noubarris.net\/web40\/els-gestors-de-la-residencia-la-trinitat-afirmen-que-han-resolt-lavaria-que-afectava-la-calefaccio\/#breadcrumb"},"inLanguage":"ca","potentialAction":[{"@type":"ReadAction","target":["https:\/\/www.noubarris.net\/web40\/els-gestors-de-la-residencia-la-trinitat-afirmen-que-han-resolt-lavaria-que-afectava-la-calefaccio\/"]}]},{"@type":"ImageObject","inLanguage":"ca","@id":"https:\/\/www.noubarris.net\/web40\/els-gestors-de-la-residencia-la-trinitat-afirmen-que-han-resolt-lavaria-que-afectava-la-calefaccio\/#primaryimage","url":"https:\/\/www.noubarris.net\/web40\/wp-content\/uploads\/2018\/02\/200218.jpg","contentUrl":"https:\/\/www.noubarris.net\/web40\/wp-content\/uploads\/2018\/02\/200218.jpg","width":768,"height":432},{"@type":"BreadcrumbList","@id":"https:\/\/www.noubarris.net\/web40\/els-gestors-de-la-residencia-la-trinitat-afirmen-que-han-resolt-lavaria-que-afectava-la-calefaccio\/#breadcrumb","itemListElement":[{"@type":"ListItem","position":1,"name":"Inici","item":"https:\/\/www.noubarris.net\/web40\/"},{"@type":"ListItem","position":2,"name":"Els gestors de la Resid\u00e8ncia la Trinitat afirmen que han resolt l\u2019avaria que afectava la calefacci\u00f3"}]},{"@type":"WebSite","@id":"https:\/\/www.noubarris.net\/web40\/#website","url":"https:\/\/www.noubarris.net\/web40\/","name":"NouBarris.Net","description":"Seguint la vida de Nou Barris des de 1985","publisher":{"@id":"https:\/\/www.noubarris.net\/web40\/#organization"},"potentialAction":[{"@type":"SearchAction","target":{"@type":"EntryPoint","urlTemplate":"https:\/\/www.noubarris.net\/web40\/?s={search_term_string}"},"query-input":{"@type":"PropertyValueSpecification","valueRequired":true,"valueName":"search_term_string"}}],"inLanguage":"ca"},{"@type":"Organization","@id":"https:\/\/www.noubarris.net\/web40\/#organization","name":"NouBarris.Net","url":"https:\/\/www.noubarris.net\/web40\/","logo":{"@type":"ImageObject","inLanguage":"ca","@id":"https:\/\/www.noubarris.net\/web40\/#\/schema\/logo\/image\/","url":"https:\/\/www.noubarris.net\/web40\/wp-content\/uploads\/2024\/11\/cropped-cropped-LOGO_9BTV-2024_Insta-1.jpg","contentUrl":"https:\/\/www.noubarris.net\/web40\/wp-content\/uploads\/2024\/11\/cropped-cropped-LOGO_9BTV-2024_Insta-1.jpg","width":512,"height":512,"caption":"NouBarris.Net"},"image":{"@id":"https:\/\/www.noubarris.net\/web40\/#\/schema\/logo\/image\/"},"sameAs":["https:\/\/www.facebook.com\/NouBarris.net\/?locale=es_ES","https:\/\/x.com\/9BTV"]},{"@type":"Person","@id":"https:\/\/www.noubarris.net\/web40\/#\/schema\/person\/1827f92aaa316c54abbf4dac0de76069","name":"Informatius","image":{"@type":"ImageObject","inLanguage":"ca","@id":"https:\/\/www.noubarris.net\/web40\/#\/schema\/person\/image\/","url":"https:\/\/secure.gravatar.com\/avatar\/87a3b47928835fc72c6ee5b0e1a7263ef0c2d05003a98189bc14926c5f11bcdb?s=96&d=mm&r=g","contentUrl":"https:\/\/secure.gravatar.com\/avatar\/87a3b47928835fc72c6ee5b0e1a7263ef0c2d05003a98189bc14926c5f11bcdb?s=96&d=mm&r=g","caption":"Informatius"},"url":"https:\/\/www.noubarris.net\/web40\/author\/tele\/"}]}},"_links":{"self":[{"href":"https:\/\/www.noubarris.net\/web40\/wp-json\/wp\/v2\/posts\/71761","targetHints":{"allow":["GET"]}}],"collection":[{"href":"https:\/\/www.noubarris.net\/web40\/wp-json\/wp\/v2\/posts"}],"about":[{"href":"https:\/\/www.noubarris.net\/web40\/wp-json\/wp\/v2\/types\/post"}],"author":[{"embeddable":true,"href":"https:\/\/www.noubarris.net\/web40\/wp-json\/wp\/v2\/users\/2"}],"replies":[{"embeddable":true,"href":"https:\/\/www.noubarris.net\/web40\/wp-json\/wp\/v2\/comments?post=71761"}],"version-history":[{"count":0,"href":"https:\/\/www.noubarris.net\/web40\/wp-json\/wp\/v2\/posts\/71761\/revisions"}],"wp:featuredmedia":[{"embeddable":true,"href":"https:\/\/www.noubarris.net\/web40\/wp-json\/wp\/v2\/media\/71762"}],"wp:attachment":[{"href":"https:\/\/www.noubarris.net\/web40\/wp-json\/wp\/v2\/media?parent=71761"}],"wp:term":[{"taxonomy":"category","embeddable":true,"href":"https:\/\/www.noubarris.net\/web40\/wp-json\/wp\/v2\/categories?post=71761"},{"taxonomy":"post_tag","embeddable":true,"href":"https:\/\/www.noubarris.net\/web40\/wp-json\/wp\/v2\/tags?post=71761"}],"curies":[{"name":"wp","href":"https:\/\/api.w.org\/{rel}","templated":true}]}}