{"id":71779,"date":"2018-02-21T00:00:56","date_gmt":"2018-02-20T22:00:56","guid":{"rendered":"http:\/\/www.noubarris.net\/web40\/?p=71779"},"modified":"2018-02-20T17:59:30","modified_gmt":"2018-02-20T15:59:30","slug":"un-nou-pas-de-vianants-connecta-nou-barris-i-sant-andreu","status":"publish","type":"post","link":"https:\/\/www.noubarris.net\/web40\/un-nou-pas-de-vianants-connecta-nou-barris-i-sant-andreu\/","title":{"rendered":"Un nou pas de vianants connecta Nou Barris i Sant Andreu"},"content":{"rendered":"<p><strong>L&#8217;acc\u00e9s semaforitzat arriba fins a l&#8217;estaci\u00f3 d&#8217;autobusos de Fabra i Puig<\/strong><\/p>\n<p>Ja est\u00e0 operatiu el nou pas de vianants de l\u2019avinguda Meridiana que connecta el nostre districte amb l\u2019estaci\u00f3 ferrovi\u00e0ria de Sant Andreu Arenal i l&#8217;estaci\u00f3 d&#8217;autobusos de Fabra i Puig, a m\u00e9s de facilitar el pas cap al districte de Sant Andreu. El nou pas s&#8217;ha obert amb una inversi\u00f3 de\u00a0360.609 euros, que s&#8217;han invertit des del mes d&#8217;octubre passat, en la senyalitzaci\u00f3 horitzontal, la instal\u00b7laci\u00f3 del sem\u00e0for i els treballs d&#8217;aglomerat que s&#8217;han fet a les voreres de les dues bandes.<\/p>\n<p>Mentre es duien a terme les obres els ve\u00efnsi ve\u00efnes de totes dues bandes de la Meridiana ja havien expressat la seva satisfacci\u00f3 per la nova connexi\u00f3, especialment si s\u00f3n usuaris dels equipaments de la banda de Can Drag\u00f3 o dels serveis de transport ubicats a la vorera de Sant Andreu.<\/p>\n<p>Aquesta \u00e9s una de les mesures que ha implantat l&#8217;Ajuntament\u00a0 per facilitar l\u2019encreuament dels vianants, augmentar la seguretat i millorar la mobilitat i la connectivitat entre els barris. L\u2019actuaci\u00f3 sorgeix de la diagnosi inicial feta en el marc del proc\u00e9s de transformaci\u00f3 de la Meridiana en un eix c\u00edvic i pacificat, i s\u2019integraran en el projecte definitiu. Aquesta actuaci\u00f3 s&#8217;afegeix a la implantaci\u00f3 l&#8217;estiu passat d&#8217;un carril bus\u00a0entre l\u2019avinguda de Rio de Janeiro i Fabra i Puig que permet agilitzar l\u2019entrada i sortida de Barcelona amb transport p\u00fablic.<\/p>\n<p>A m\u00e9s, a principis d\u2019estiu est\u00e0 previst que comencin els treballs per ampliar la vorera de la cantonada mar-Llobregat de l\u2019encreuament Meridiana &#8211; Fabra i Puig. L\u2019objectiu \u00e9s guanyar espai per als vianants i reduir la longitud del pas de zebra actual. Les obres finalitzaran a l\u2019agost.<\/p>\n","protected":false},"excerpt":{"rendered":"<p>L&#8217;acc\u00e9s semaforitzat arriba fins a l&#8217;estaci\u00f3 d&#8217;autobusos de Fabra i Puig Ja est\u00e0 operatiu el nou pas de vianants de<\/p>\n","protected":false},"author":2,"featured_media":71780,"comment_status":"closed","ping_status":"closed","sticky":false,"template":"","format":"standard","meta":{"colormag_page_layout":"default_layout","_monsterinsights_skip_tracking":false,"_monsterinsights_sitenote_active":false,"_monsterinsights_sitenote_note":"","_monsterinsights_sitenote_category":0,"footnotes":""},"categories":[125,134],"tags":[576,253,319,44],"class_list":["post-71779","post","type-post","status-publish","format-standard","has-post-thumbnail","hentry","category-mobilitat","category-porta","tag-meridiana","tag-mobilitat","tag-nou-barris","tag-porta"],"yoast_head":"<!-- This site is optimized with the Yoast SEO plugin v25.3 - https:\/\/yoast.com\/wordpress\/plugins\/seo\/ -->\n<title>Un nou pas de vianants connecta Nou Barris i Sant Andreu - NouBarris.Net<\/title>\n<meta name=\"robots\" content=\"index, follow, max-snippet:-1, max-image-preview:large, max-video-preview:-1\" \/>\n<link rel=\"canonical\" href=\"https:\/\/www.noubarris.net\/web40\/un-nou-pas-de-vianants-connecta-nou-barris-i-sant-andreu\/\" \/>\n<meta property=\"og:locale\" content=\"ca_ES\" \/>\n<meta property=\"og:type\" content=\"article\" \/>\n<meta property=\"og:title\" content=\"Un nou pas de vianants connecta Nou Barris i Sant Andreu - NouBarris.Net\" \/>\n<meta property=\"og:description\" content=\"L&#8217;acc\u00e9s semaforitzat arriba fins a l&#8217;estaci\u00f3 d&#8217;autobusos de Fabra i Puig Ja est\u00e0 operatiu el nou pas de vianants de\" \/>\n<meta property=\"og:url\" content=\"https:\/\/www.noubarris.net\/web40\/un-nou-pas-de-vianants-connecta-nou-barris-i-sant-andreu\/\" \/>\n<meta property=\"og:site_name\" content=\"NouBarris.Net\" \/>\n<meta property=\"article:publisher\" content=\"https:\/\/www.facebook.com\/NouBarris.net\/?locale=es_ES\" \/>\n<meta property=\"article:published_time\" content=\"2018-02-20T22:00:56+00:00\" \/>\n<meta property=\"og:image\" content=\"https:\/\/www.noubarris.net\/web40\/wp-content\/uploads\/2018\/02\/210218.jpg\" \/>\n\t<meta property=\"og:image:width\" content=\"768\" \/>\n\t<meta property=\"og:image:height\" content=\"432\" \/>\n\t<meta property=\"og:image:type\" content=\"image\/jpeg\" \/>\n<meta name=\"author\" content=\"Informatius\" \/>\n<meta name=\"twitter:card\" content=\"summary_large_image\" \/>\n<meta name=\"twitter:creator\" content=\"@9BTV\" \/>\n<meta name=\"twitter:site\" content=\"@9BTV\" \/>\n<meta name=\"twitter:label1\" content=\"Escrit per\" \/>\n\t<meta name=\"twitter:data1\" content=\"Informatius\" \/>\n\t<meta name=\"twitter:label2\" content=\"Temps estimat de lectura\" \/>\n\t<meta name=\"twitter:data2\" content=\"2 minuts\" \/>\n<script type=\"application\/ld+json\" class=\"yoast-schema-graph\">{\"@context\":\"https:\/\/schema.org\",\"@graph\":[{\"@type\":\"Article\",\"@id\":\"https:\/\/www.noubarris.net\/web40\/un-nou-pas-de-vianants-connecta-nou-barris-i-sant-andreu\/#article\",\"isPartOf\":{\"@id\":\"https:\/\/www.noubarris.net\/web40\/un-nou-pas-de-vianants-connecta-nou-barris-i-sant-andreu\/\"},\"author\":{\"name\":\"Informatius\",\"@id\":\"https:\/\/www.noubarris.net\/web40\/#\/schema\/person\/1827f92aaa316c54abbf4dac0de76069\"},\"headline\":\"Un nou pas de vianants connecta Nou Barris i Sant Andreu\",\"datePublished\":\"2018-02-20T22:00:56+00:00\",\"mainEntityOfPage\":{\"@id\":\"https:\/\/www.noubarris.net\/web40\/un-nou-pas-de-vianants-connecta-nou-barris-i-sant-andreu\/\"},\"wordCount\":328,\"publisher\":{\"@id\":\"https:\/\/www.noubarris.net\/web40\/#organization\"},\"image\":{\"@id\":\"https:\/\/www.noubarris.net\/web40\/un-nou-pas-de-vianants-connecta-nou-barris-i-sant-andreu\/#primaryimage\"},\"thumbnailUrl\":\"https:\/\/www.noubarris.net\/web40\/wp-content\/uploads\/2018\/02\/210218.jpg\",\"keywords\":[\"meridiana\",\"Mobilitat\",\"Nou Barris\",\"Porta\"],\"articleSection\":[\"Mobilitat\",\"Porta\"],\"inLanguage\":\"ca\"},{\"@type\":\"WebPage\",\"@id\":\"https:\/\/www.noubarris.net\/web40\/un-nou-pas-de-vianants-connecta-nou-barris-i-sant-andreu\/\",\"url\":\"https:\/\/www.noubarris.net\/web40\/un-nou-pas-de-vianants-connecta-nou-barris-i-sant-andreu\/\",\"name\":\"Un nou pas de vianants connecta Nou Barris i Sant Andreu - NouBarris.Net\",\"isPartOf\":{\"@id\":\"https:\/\/www.noubarris.net\/web40\/#website\"},\"primaryImageOfPage\":{\"@id\":\"https:\/\/www.noubarris.net\/web40\/un-nou-pas-de-vianants-connecta-nou-barris-i-sant-andreu\/#primaryimage\"},\"image\":{\"@id\":\"https:\/\/www.noubarris.net\/web40\/un-nou-pas-de-vianants-connecta-nou-barris-i-sant-andreu\/#primaryimage\"},\"thumbnailUrl\":\"https:\/\/www.noubarris.net\/web40\/wp-content\/uploads\/2018\/02\/210218.jpg\",\"datePublished\":\"2018-02-20T22:00:56+00:00\",\"breadcrumb\":{\"@id\":\"https:\/\/www.noubarris.net\/web40\/un-nou-pas-de-vianants-connecta-nou-barris-i-sant-andreu\/#breadcrumb\"},\"inLanguage\":\"ca\",\"potentialAction\":[{\"@type\":\"ReadAction\",\"target\":[\"https:\/\/www.noubarris.net\/web40\/un-nou-pas-de-vianants-connecta-nou-barris-i-sant-andreu\/\"]}]},{\"@type\":\"ImageObject\",\"inLanguage\":\"ca\",\"@id\":\"https:\/\/www.noubarris.net\/web40\/un-nou-pas-de-vianants-connecta-nou-barris-i-sant-andreu\/#primaryimage\",\"url\":\"https:\/\/www.noubarris.net\/web40\/wp-content\/uploads\/2018\/02\/210218.jpg\",\"contentUrl\":\"https:\/\/www.noubarris.net\/web40\/wp-content\/uploads\/2018\/02\/210218.jpg\",\"width\":768,\"height\":432},{\"@type\":\"BreadcrumbList\",\"@id\":\"https:\/\/www.noubarris.net\/web40\/un-nou-pas-de-vianants-connecta-nou-barris-i-sant-andreu\/#breadcrumb\",\"itemListElement\":[{\"@type\":\"ListItem\",\"position\":1,\"name\":\"Inici\",\"item\":\"https:\/\/www.noubarris.net\/web40\/\"},{\"@type\":\"ListItem\",\"position\":2,\"name\":\"Un nou pas de vianants connecta Nou Barris i Sant Andreu\"}]},{\"@type\":\"WebSite\",\"@id\":\"https:\/\/www.noubarris.net\/web40\/#website\",\"url\":\"https:\/\/www.noubarris.net\/web40\/\",\"name\":\"NouBarris.Net\",\"description\":\"Seguint la vida de Nou Barris des de 1985\",\"publisher\":{\"@id\":\"https:\/\/www.noubarris.net\/web40\/#organization\"},\"potentialAction\":[{\"@type\":\"SearchAction\",\"target\":{\"@type\":\"EntryPoint\",\"urlTemplate\":\"https:\/\/www.noubarris.net\/web40\/?s={search_term_string}\"},\"query-input\":{\"@type\":\"PropertyValueSpecification\",\"valueRequired\":true,\"valueName\":\"search_term_string\"}}],\"inLanguage\":\"ca\"},{\"@type\":\"Organization\",\"@id\":\"https:\/\/www.noubarris.net\/web40\/#organization\",\"name\":\"NouBarris.Net\",\"url\":\"https:\/\/www.noubarris.net\/web40\/\",\"logo\":{\"@type\":\"ImageObject\",\"inLanguage\":\"ca\",\"@id\":\"https:\/\/www.noubarris.net\/web40\/#\/schema\/logo\/image\/\",\"url\":\"https:\/\/www.noubarris.net\/web40\/wp-content\/uploads\/2024\/11\/cropped-cropped-LOGO_9BTV-2024_Insta-1.jpg\",\"contentUrl\":\"https:\/\/www.noubarris.net\/web40\/wp-content\/uploads\/2024\/11\/cropped-cropped-LOGO_9BTV-2024_Insta-1.jpg\",\"width\":512,\"height\":512,\"caption\":\"NouBarris.Net\"},\"image\":{\"@id\":\"https:\/\/www.noubarris.net\/web40\/#\/schema\/logo\/image\/\"},\"sameAs\":[\"https:\/\/www.facebook.com\/NouBarris.net\/?locale=es_ES\",\"https:\/\/x.com\/9BTV\"]},{\"@type\":\"Person\",\"@id\":\"https:\/\/www.noubarris.net\/web40\/#\/schema\/person\/1827f92aaa316c54abbf4dac0de76069\",\"name\":\"Informatius\",\"image\":{\"@type\":\"ImageObject\",\"inLanguage\":\"ca\",\"@id\":\"https:\/\/www.noubarris.net\/web40\/#\/schema\/person\/image\/\",\"url\":\"https:\/\/secure.gravatar.com\/avatar\/87a3b47928835fc72c6ee5b0e1a7263ef0c2d05003a98189bc14926c5f11bcdb?s=96&d=mm&r=g\",\"contentUrl\":\"https:\/\/secure.gravatar.com\/avatar\/87a3b47928835fc72c6ee5b0e1a7263ef0c2d05003a98189bc14926c5f11bcdb?s=96&d=mm&r=g\",\"caption\":\"Informatius\"},\"url\":\"https:\/\/www.noubarris.net\/web40\/author\/tele\/\"}]}<\/script>\n<!-- \/ Yoast SEO plugin. -->","yoast_head_json":{"title":"Un nou pas de vianants connecta Nou Barris i Sant Andreu - NouBarris.Net","robots":{"index":"index","follow":"follow","max-snippet":"max-snippet:-1","max-image-preview":"max-image-preview:large","max-video-preview":"max-video-preview:-1"},"canonical":"https:\/\/www.noubarris.net\/web40\/un-nou-pas-de-vianants-connecta-nou-barris-i-sant-andreu\/","og_locale":"ca_ES","og_type":"article","og_title":"Un nou pas de vianants connecta Nou Barris i Sant Andreu - NouBarris.Net","og_description":"L&#8217;acc\u00e9s semaforitzat arriba fins a l&#8217;estaci\u00f3 d&#8217;autobusos de Fabra i Puig Ja est\u00e0 operatiu el nou pas de vianants de","og_url":"https:\/\/www.noubarris.net\/web40\/un-nou-pas-de-vianants-connecta-nou-barris-i-sant-andreu\/","og_site_name":"NouBarris.Net","article_publisher":"https:\/\/www.facebook.com\/NouBarris.net\/?locale=es_ES","article_published_time":"2018-02-20T22:00:56+00:00","og_image":[{"width":768,"height":432,"url":"https:\/\/www.noubarris.net\/web40\/wp-content\/uploads\/2018\/02\/210218.jpg","type":"image\/jpeg"}],"author":"Informatius","twitter_card":"summary_large_image","twitter_creator":"@9BTV","twitter_site":"@9BTV","twitter_misc":{"Escrit per":"Informatius","Temps estimat de lectura":"2 minuts"},"schema":{"@context":"https:\/\/schema.org","@graph":[{"@type":"Article","@id":"https:\/\/www.noubarris.net\/web40\/un-nou-pas-de-vianants-connecta-nou-barris-i-sant-andreu\/#article","isPartOf":{"@id":"https:\/\/www.noubarris.net\/web40\/un-nou-pas-de-vianants-connecta-nou-barris-i-sant-andreu\/"},"author":{"name":"Informatius","@id":"https:\/\/www.noubarris.net\/web40\/#\/schema\/person\/1827f92aaa316c54abbf4dac0de76069"},"headline":"Un nou pas de vianants connecta Nou Barris i Sant Andreu","datePublished":"2018-02-20T22:00:56+00:00","mainEntityOfPage":{"@id":"https:\/\/www.noubarris.net\/web40\/un-nou-pas-de-vianants-connecta-nou-barris-i-sant-andreu\/"},"wordCount":328,"publisher":{"@id":"https:\/\/www.noubarris.net\/web40\/#organization"},"image":{"@id":"https:\/\/www.noubarris.net\/web40\/un-nou-pas-de-vianants-connecta-nou-barris-i-sant-andreu\/#primaryimage"},"thumbnailUrl":"https:\/\/www.noubarris.net\/web40\/wp-content\/uploads\/2018\/02\/210218.jpg","keywords":["meridiana","Mobilitat","Nou Barris","Porta"],"articleSection":["Mobilitat","Porta"],"inLanguage":"ca"},{"@type":"WebPage","@id":"https:\/\/www.noubarris.net\/web40\/un-nou-pas-de-vianants-connecta-nou-barris-i-sant-andreu\/","url":"https:\/\/www.noubarris.net\/web40\/un-nou-pas-de-vianants-connecta-nou-barris-i-sant-andreu\/","name":"Un nou pas de vianants connecta Nou Barris i Sant Andreu - NouBarris.Net","isPartOf":{"@id":"https:\/\/www.noubarris.net\/web40\/#website"},"primaryImageOfPage":{"@id":"https:\/\/www.noubarris.net\/web40\/un-nou-pas-de-vianants-connecta-nou-barris-i-sant-andreu\/#primaryimage"},"image":{"@id":"https:\/\/www.noubarris.net\/web40\/un-nou-pas-de-vianants-connecta-nou-barris-i-sant-andreu\/#primaryimage"},"thumbnailUrl":"https:\/\/www.noubarris.net\/web40\/wp-content\/uploads\/2018\/02\/210218.jpg","datePublished":"2018-02-20T22:00:56+00:00","breadcrumb":{"@id":"https:\/\/www.noubarris.net\/web40\/un-nou-pas-de-vianants-connecta-nou-barris-i-sant-andreu\/#breadcrumb"},"inLanguage":"ca","potentialAction":[{"@type":"ReadAction","target":["https:\/\/www.noubarris.net\/web40\/un-nou-pas-de-vianants-connecta-nou-barris-i-sant-andreu\/"]}]},{"@type":"ImageObject","inLanguage":"ca","@id":"https:\/\/www.noubarris.net\/web40\/un-nou-pas-de-vianants-connecta-nou-barris-i-sant-andreu\/#primaryimage","url":"https:\/\/www.noubarris.net\/web40\/wp-content\/uploads\/2018\/02\/210218.jpg","contentUrl":"https:\/\/www.noubarris.net\/web40\/wp-content\/uploads\/2018\/02\/210218.jpg","width":768,"height":432},{"@type":"BreadcrumbList","@id":"https:\/\/www.noubarris.net\/web40\/un-nou-pas-de-vianants-connecta-nou-barris-i-sant-andreu\/#breadcrumb","itemListElement":[{"@type":"ListItem","position":1,"name":"Inici","item":"https:\/\/www.noubarris.net\/web40\/"},{"@type":"ListItem","position":2,"name":"Un nou pas de vianants connecta Nou Barris i Sant Andreu"}]},{"@type":"WebSite","@id":"https:\/\/www.noubarris.net\/web40\/#website","url":"https:\/\/www.noubarris.net\/web40\/","name":"NouBarris.Net","description":"Seguint la vida de Nou Barris des de 1985","publisher":{"@id":"https:\/\/www.noubarris.net\/web40\/#organization"},"potentialAction":[{"@type":"SearchAction","target":{"@type":"EntryPoint","urlTemplate":"https:\/\/www.noubarris.net\/web40\/?s={search_term_string}"},"query-input":{"@type":"PropertyValueSpecification","valueRequired":true,"valueName":"search_term_string"}}],"inLanguage":"ca"},{"@type":"Organization","@id":"https:\/\/www.noubarris.net\/web40\/#organization","name":"NouBarris.Net","url":"https:\/\/www.noubarris.net\/web40\/","logo":{"@type":"ImageObject","inLanguage":"ca","@id":"https:\/\/www.noubarris.net\/web40\/#\/schema\/logo\/image\/","url":"https:\/\/www.noubarris.net\/web40\/wp-content\/uploads\/2024\/11\/cropped-cropped-LOGO_9BTV-2024_Insta-1.jpg","contentUrl":"https:\/\/www.noubarris.net\/web40\/wp-content\/uploads\/2024\/11\/cropped-cropped-LOGO_9BTV-2024_Insta-1.jpg","width":512,"height":512,"caption":"NouBarris.Net"},"image":{"@id":"https:\/\/www.noubarris.net\/web40\/#\/schema\/logo\/image\/"},"sameAs":["https:\/\/www.facebook.com\/NouBarris.net\/?locale=es_ES","https:\/\/x.com\/9BTV"]},{"@type":"Person","@id":"https:\/\/www.noubarris.net\/web40\/#\/schema\/person\/1827f92aaa316c54abbf4dac0de76069","name":"Informatius","image":{"@type":"ImageObject","inLanguage":"ca","@id":"https:\/\/www.noubarris.net\/web40\/#\/schema\/person\/image\/","url":"https:\/\/secure.gravatar.com\/avatar\/87a3b47928835fc72c6ee5b0e1a7263ef0c2d05003a98189bc14926c5f11bcdb?s=96&d=mm&r=g","contentUrl":"https:\/\/secure.gravatar.com\/avatar\/87a3b47928835fc72c6ee5b0e1a7263ef0c2d05003a98189bc14926c5f11bcdb?s=96&d=mm&r=g","caption":"Informatius"},"url":"https:\/\/www.noubarris.net\/web40\/author\/tele\/"}]}},"_links":{"self":[{"href":"https:\/\/www.noubarris.net\/web40\/wp-json\/wp\/v2\/posts\/71779","targetHints":{"allow":["GET"]}}],"collection":[{"href":"https:\/\/www.noubarris.net\/web40\/wp-json\/wp\/v2\/posts"}],"about":[{"href":"https:\/\/www.noubarris.net\/web40\/wp-json\/wp\/v2\/types\/post"}],"author":[{"embeddable":true,"href":"https:\/\/www.noubarris.net\/web40\/wp-json\/wp\/v2\/users\/2"}],"replies":[{"embeddable":true,"href":"https:\/\/www.noubarris.net\/web40\/wp-json\/wp\/v2\/comments?post=71779"}],"version-history":[{"count":0,"href":"https:\/\/www.noubarris.net\/web40\/wp-json\/wp\/v2\/posts\/71779\/revisions"}],"wp:featuredmedia":[{"embeddable":true,"href":"https:\/\/www.noubarris.net\/web40\/wp-json\/wp\/v2\/media\/71780"}],"wp:attachment":[{"href":"https:\/\/www.noubarris.net\/web40\/wp-json\/wp\/v2\/media?parent=71779"}],"wp:term":[{"taxonomy":"category","embeddable":true,"href":"https:\/\/www.noubarris.net\/web40\/wp-json\/wp\/v2\/categories?post=71779"},{"taxonomy":"post_tag","embeddable":true,"href":"https:\/\/www.noubarris.net\/web40\/wp-json\/wp\/v2\/tags?post=71779"}],"curies":[{"name":"wp","href":"https:\/\/api.w.org\/{rel}","templated":true}]}}