{"id":72498,"date":"2018-06-04T00:00:05","date_gmt":"2018-06-03T22:00:05","guid":{"rendered":"http:\/\/www.noubarris.net\/web40\/?p=72498"},"modified":"2018-06-01T14:22:38","modified_gmt":"2018-06-01T12:22:38","slug":"els-punts-dinformacio-i-atencio-a-les-dones-unifiquen-el-numero-del-servei","status":"publish","type":"post","link":"https:\/\/www.noubarris.net\/web40\/els-punts-dinformacio-i-atencio-a-les-dones-unifiquen-el-numero-del-servei\/","title":{"rendered":"Els Punts d\u2019Informaci\u00f3 i Atenci\u00f3 a les Dones unifiquen el n\u00famero del servei"},"content":{"rendered":"<p><strong>Els PIADs tamb\u00e9 amplien les hores d\u2019atenci\u00f3 telef\u00f2nica<\/strong><\/p>\n<p>Els Punts d\u2019Informaci\u00f3 i Atenci\u00f3 a les Dones (PIADs) unifiquen n\u00famero de tel\u00e8fon. D\u2019ara endavant, per ser ateses haureu de trucar al 93 619 73 11. Els horaris d\u2019atenci\u00f3 telef\u00f2nica tamb\u00e9 s\u2019amplien: ara seran de dilluns a divendres de 9 a 14 h i de dilluns a dijous de 16 a 19 h.<\/p>\n<p>Els PIADs s\u00f3n un servei municipal de proximitat que ofereixen assessorament en tots aquells temes que interessen i preocupen les dones. A Nou Barris, el trobareu a la pla\u00e7a Major de Nou Barris, 1, dins l&#8217;edifici de la Seu del Districte; i a la Zona Nord, a l\u2019avinguda Rasos de Peguera, 25 (Centre de Serveis Socials)<\/p>\n<p>Entre els serveis m\u00e9s destacats que ofereixen els PIADs a dones a partir de 12 anys que viuen, estudien o treballen a Barcelona hi ha l\u2019assessorament jur\u00eddic, l\u2019acompanyament psicol\u00f2gic, la orientaci\u00f3 sobre diferents recursos laborals, formatius, personals, legals, d\u2019associacionisme de dones, espais de trobada i participaci\u00f3 a trav\u00e9s de diferents tallers i grups de dones.<\/p>\n<p>Els PIADs ofereixen a les dones atenci\u00f3 individual i personalitzada per abordar les situacions en la seva complexitat. Per fer-ho, es du a terme atenci\u00f3 grupal a trav\u00e9s de tallers de tem\u00e0tiques diverses (autoestima, dols i separacions, relacions afectives i sexuals, apoderament de les dones, autodefensa) i, tamb\u00e9, atenci\u00f3 a trav\u00e9s de grups de creixement personal i suport per a dones. El servei, a m\u00e9s, tamb\u00e9 treballa des de la vessant comunit\u00e0ria i preventiva amb estrat\u00e8gies i projectes vinculats als territoris i a les commemoracions de les diades del 8 de mar\u00e7 i del 25 de novembre.<\/p>\n<p>&nbsp;<\/p>\n","protected":false},"excerpt":{"rendered":"<p>Els PIADs tamb\u00e9 amplien les hores d\u2019atenci\u00f3 telef\u00f2nica Els Punts d\u2019Informaci\u00f3 i Atenci\u00f3 a les Dones (PIADs) unifiquen n\u00famero de<\/p>\n","protected":false},"author":2,"featured_media":72499,"comment_status":"closed","ping_status":"closed","sticky":false,"template":"","format":"standard","meta":{"colormag_page_layout":"default_layout","_monsterinsights_skip_tracking":false,"_monsterinsights_sitenote_active":false,"_monsterinsights_sitenote_note":"","_monsterinsights_sitenote_category":0,"footnotes":""},"categories":[1,124],"tags":[347,319],"class_list":["post-72498","post","type-post","status-publish","format-standard","has-post-thumbnail","hentry","category-nou-barris","category-societat","tag-dones","tag-nou-barris"],"yoast_head":"<!-- This site is optimized with the Yoast SEO plugin v25.3 - https:\/\/yoast.com\/wordpress\/plugins\/seo\/ -->\n<title>Els Punts d\u2019Informaci\u00f3 i Atenci\u00f3 a les Dones unifiquen el n\u00famero del servei - NouBarris.Net<\/title>\n<meta name=\"robots\" content=\"index, follow, max-snippet:-1, max-image-preview:large, max-video-preview:-1\" \/>\n<link rel=\"canonical\" href=\"https:\/\/www.noubarris.net\/web40\/els-punts-dinformacio-i-atencio-a-les-dones-unifiquen-el-numero-del-servei\/\" \/>\n<meta property=\"og:locale\" content=\"ca_ES\" \/>\n<meta property=\"og:type\" content=\"article\" \/>\n<meta property=\"og:title\" content=\"Els Punts d\u2019Informaci\u00f3 i Atenci\u00f3 a les Dones unifiquen el n\u00famero del servei - NouBarris.Net\" \/>\n<meta property=\"og:description\" content=\"Els PIADs tamb\u00e9 amplien les hores d\u2019atenci\u00f3 telef\u00f2nica Els Punts d\u2019Informaci\u00f3 i Atenci\u00f3 a les Dones (PIADs) unifiquen n\u00famero de\" \/>\n<meta property=\"og:url\" content=\"https:\/\/www.noubarris.net\/web40\/els-punts-dinformacio-i-atencio-a-les-dones-unifiquen-el-numero-del-servei\/\" \/>\n<meta property=\"og:site_name\" content=\"NouBarris.Net\" \/>\n<meta property=\"article:publisher\" content=\"https:\/\/www.facebook.com\/NouBarris.net\/?locale=es_ES\" \/>\n<meta property=\"article:published_time\" content=\"2018-06-03T22:00:05+00:00\" \/>\n<meta property=\"og:image\" content=\"https:\/\/www.noubarris.net\/web40\/wp-content\/uploads\/2018\/06\/040618.jpg\" \/>\n\t<meta property=\"og:image:width\" content=\"768\" \/>\n\t<meta property=\"og:image:height\" content=\"432\" \/>\n\t<meta property=\"og:image:type\" content=\"image\/jpeg\" \/>\n<meta name=\"author\" content=\"Informatius\" \/>\n<meta name=\"twitter:card\" content=\"summary_large_image\" \/>\n<meta name=\"twitter:creator\" content=\"@9BTV\" \/>\n<meta name=\"twitter:site\" content=\"@9BTV\" \/>\n<meta name=\"twitter:label1\" content=\"Escrit per\" \/>\n\t<meta name=\"twitter:data1\" content=\"Informatius\" \/>\n\t<meta name=\"twitter:label2\" content=\"Temps estimat de lectura\" \/>\n\t<meta name=\"twitter:data2\" content=\"1 minut\" \/>\n<script type=\"application\/ld+json\" class=\"yoast-schema-graph\">{\"@context\":\"https:\/\/schema.org\",\"@graph\":[{\"@type\":\"Article\",\"@id\":\"https:\/\/www.noubarris.net\/web40\/els-punts-dinformacio-i-atencio-a-les-dones-unifiquen-el-numero-del-servei\/#article\",\"isPartOf\":{\"@id\":\"https:\/\/www.noubarris.net\/web40\/els-punts-dinformacio-i-atencio-a-les-dones-unifiquen-el-numero-del-servei\/\"},\"author\":{\"name\":\"Informatius\",\"@id\":\"https:\/\/www.noubarris.net\/web40\/#\/schema\/person\/1827f92aaa316c54abbf4dac0de76069\"},\"headline\":\"Els Punts d\u2019Informaci\u00f3 i Atenci\u00f3 a les Dones unifiquen el n\u00famero del servei\",\"datePublished\":\"2018-06-03T22:00:05+00:00\",\"mainEntityOfPage\":{\"@id\":\"https:\/\/www.noubarris.net\/web40\/els-punts-dinformacio-i-atencio-a-les-dones-unifiquen-el-numero-del-servei\/\"},\"wordCount\":298,\"publisher\":{\"@id\":\"https:\/\/www.noubarris.net\/web40\/#organization\"},\"image\":{\"@id\":\"https:\/\/www.noubarris.net\/web40\/els-punts-dinformacio-i-atencio-a-les-dones-unifiquen-el-numero-del-servei\/#primaryimage\"},\"thumbnailUrl\":\"https:\/\/www.noubarris.net\/web40\/wp-content\/uploads\/2018\/06\/040618.jpg\",\"keywords\":[\"Dones\",\"Nou Barris\"],\"articleSection\":[\"Nou Barris\",\"Societat\"],\"inLanguage\":\"ca\"},{\"@type\":\"WebPage\",\"@id\":\"https:\/\/www.noubarris.net\/web40\/els-punts-dinformacio-i-atencio-a-les-dones-unifiquen-el-numero-del-servei\/\",\"url\":\"https:\/\/www.noubarris.net\/web40\/els-punts-dinformacio-i-atencio-a-les-dones-unifiquen-el-numero-del-servei\/\",\"name\":\"Els Punts d\u2019Informaci\u00f3 i Atenci\u00f3 a les Dones unifiquen el n\u00famero del servei - NouBarris.Net\",\"isPartOf\":{\"@id\":\"https:\/\/www.noubarris.net\/web40\/#website\"},\"primaryImageOfPage\":{\"@id\":\"https:\/\/www.noubarris.net\/web40\/els-punts-dinformacio-i-atencio-a-les-dones-unifiquen-el-numero-del-servei\/#primaryimage\"},\"image\":{\"@id\":\"https:\/\/www.noubarris.net\/web40\/els-punts-dinformacio-i-atencio-a-les-dones-unifiquen-el-numero-del-servei\/#primaryimage\"},\"thumbnailUrl\":\"https:\/\/www.noubarris.net\/web40\/wp-content\/uploads\/2018\/06\/040618.jpg\",\"datePublished\":\"2018-06-03T22:00:05+00:00\",\"breadcrumb\":{\"@id\":\"https:\/\/www.noubarris.net\/web40\/els-punts-dinformacio-i-atencio-a-les-dones-unifiquen-el-numero-del-servei\/#breadcrumb\"},\"inLanguage\":\"ca\",\"potentialAction\":[{\"@type\":\"ReadAction\",\"target\":[\"https:\/\/www.noubarris.net\/web40\/els-punts-dinformacio-i-atencio-a-les-dones-unifiquen-el-numero-del-servei\/\"]}]},{\"@type\":\"ImageObject\",\"inLanguage\":\"ca\",\"@id\":\"https:\/\/www.noubarris.net\/web40\/els-punts-dinformacio-i-atencio-a-les-dones-unifiquen-el-numero-del-servei\/#primaryimage\",\"url\":\"https:\/\/www.noubarris.net\/web40\/wp-content\/uploads\/2018\/06\/040618.jpg\",\"contentUrl\":\"https:\/\/www.noubarris.net\/web40\/wp-content\/uploads\/2018\/06\/040618.jpg\",\"width\":768,\"height\":432},{\"@type\":\"BreadcrumbList\",\"@id\":\"https:\/\/www.noubarris.net\/web40\/els-punts-dinformacio-i-atencio-a-les-dones-unifiquen-el-numero-del-servei\/#breadcrumb\",\"itemListElement\":[{\"@type\":\"ListItem\",\"position\":1,\"name\":\"Inici\",\"item\":\"https:\/\/www.noubarris.net\/web40\/\"},{\"@type\":\"ListItem\",\"position\":2,\"name\":\"Els Punts d\u2019Informaci\u00f3 i Atenci\u00f3 a les Dones unifiquen el n\u00famero del servei\"}]},{\"@type\":\"WebSite\",\"@id\":\"https:\/\/www.noubarris.net\/web40\/#website\",\"url\":\"https:\/\/www.noubarris.net\/web40\/\",\"name\":\"NouBarris.Net\",\"description\":\"Seguint la vida de Nou Barris des de 1985\",\"publisher\":{\"@id\":\"https:\/\/www.noubarris.net\/web40\/#organization\"},\"potentialAction\":[{\"@type\":\"SearchAction\",\"target\":{\"@type\":\"EntryPoint\",\"urlTemplate\":\"https:\/\/www.noubarris.net\/web40\/?s={search_term_string}\"},\"query-input\":{\"@type\":\"PropertyValueSpecification\",\"valueRequired\":true,\"valueName\":\"search_term_string\"}}],\"inLanguage\":\"ca\"},{\"@type\":\"Organization\",\"@id\":\"https:\/\/www.noubarris.net\/web40\/#organization\",\"name\":\"NouBarris.Net\",\"url\":\"https:\/\/www.noubarris.net\/web40\/\",\"logo\":{\"@type\":\"ImageObject\",\"inLanguage\":\"ca\",\"@id\":\"https:\/\/www.noubarris.net\/web40\/#\/schema\/logo\/image\/\",\"url\":\"https:\/\/www.noubarris.net\/web40\/wp-content\/uploads\/2024\/11\/cropped-cropped-LOGO_9BTV-2024_Insta-1.jpg\",\"contentUrl\":\"https:\/\/www.noubarris.net\/web40\/wp-content\/uploads\/2024\/11\/cropped-cropped-LOGO_9BTV-2024_Insta-1.jpg\",\"width\":512,\"height\":512,\"caption\":\"NouBarris.Net\"},\"image\":{\"@id\":\"https:\/\/www.noubarris.net\/web40\/#\/schema\/logo\/image\/\"},\"sameAs\":[\"https:\/\/www.facebook.com\/NouBarris.net\/?locale=es_ES\",\"https:\/\/x.com\/9BTV\"]},{\"@type\":\"Person\",\"@id\":\"https:\/\/www.noubarris.net\/web40\/#\/schema\/person\/1827f92aaa316c54abbf4dac0de76069\",\"name\":\"Informatius\",\"image\":{\"@type\":\"ImageObject\",\"inLanguage\":\"ca\",\"@id\":\"https:\/\/www.noubarris.net\/web40\/#\/schema\/person\/image\/\",\"url\":\"https:\/\/secure.gravatar.com\/avatar\/87a3b47928835fc72c6ee5b0e1a7263ef0c2d05003a98189bc14926c5f11bcdb?s=96&d=mm&r=g\",\"contentUrl\":\"https:\/\/secure.gravatar.com\/avatar\/87a3b47928835fc72c6ee5b0e1a7263ef0c2d05003a98189bc14926c5f11bcdb?s=96&d=mm&r=g\",\"caption\":\"Informatius\"},\"url\":\"https:\/\/www.noubarris.net\/web40\/author\/tele\/\"}]}<\/script>\n<!-- \/ Yoast SEO plugin. -->","yoast_head_json":{"title":"Els Punts d\u2019Informaci\u00f3 i Atenci\u00f3 a les Dones unifiquen el n\u00famero del servei - NouBarris.Net","robots":{"index":"index","follow":"follow","max-snippet":"max-snippet:-1","max-image-preview":"max-image-preview:large","max-video-preview":"max-video-preview:-1"},"canonical":"https:\/\/www.noubarris.net\/web40\/els-punts-dinformacio-i-atencio-a-les-dones-unifiquen-el-numero-del-servei\/","og_locale":"ca_ES","og_type":"article","og_title":"Els Punts d\u2019Informaci\u00f3 i Atenci\u00f3 a les Dones unifiquen el n\u00famero del servei - NouBarris.Net","og_description":"Els PIADs tamb\u00e9 amplien les hores d\u2019atenci\u00f3 telef\u00f2nica Els Punts d\u2019Informaci\u00f3 i Atenci\u00f3 a les Dones (PIADs) unifiquen n\u00famero de","og_url":"https:\/\/www.noubarris.net\/web40\/els-punts-dinformacio-i-atencio-a-les-dones-unifiquen-el-numero-del-servei\/","og_site_name":"NouBarris.Net","article_publisher":"https:\/\/www.facebook.com\/NouBarris.net\/?locale=es_ES","article_published_time":"2018-06-03T22:00:05+00:00","og_image":[{"width":768,"height":432,"url":"https:\/\/www.noubarris.net\/web40\/wp-content\/uploads\/2018\/06\/040618.jpg","type":"image\/jpeg"}],"author":"Informatius","twitter_card":"summary_large_image","twitter_creator":"@9BTV","twitter_site":"@9BTV","twitter_misc":{"Escrit per":"Informatius","Temps estimat de lectura":"1 minut"},"schema":{"@context":"https:\/\/schema.org","@graph":[{"@type":"Article","@id":"https:\/\/www.noubarris.net\/web40\/els-punts-dinformacio-i-atencio-a-les-dones-unifiquen-el-numero-del-servei\/#article","isPartOf":{"@id":"https:\/\/www.noubarris.net\/web40\/els-punts-dinformacio-i-atencio-a-les-dones-unifiquen-el-numero-del-servei\/"},"author":{"name":"Informatius","@id":"https:\/\/www.noubarris.net\/web40\/#\/schema\/person\/1827f92aaa316c54abbf4dac0de76069"},"headline":"Els Punts d\u2019Informaci\u00f3 i Atenci\u00f3 a les Dones unifiquen el n\u00famero del servei","datePublished":"2018-06-03T22:00:05+00:00","mainEntityOfPage":{"@id":"https:\/\/www.noubarris.net\/web40\/els-punts-dinformacio-i-atencio-a-les-dones-unifiquen-el-numero-del-servei\/"},"wordCount":298,"publisher":{"@id":"https:\/\/www.noubarris.net\/web40\/#organization"},"image":{"@id":"https:\/\/www.noubarris.net\/web40\/els-punts-dinformacio-i-atencio-a-les-dones-unifiquen-el-numero-del-servei\/#primaryimage"},"thumbnailUrl":"https:\/\/www.noubarris.net\/web40\/wp-content\/uploads\/2018\/06\/040618.jpg","keywords":["Dones","Nou Barris"],"articleSection":["Nou Barris","Societat"],"inLanguage":"ca"},{"@type":"WebPage","@id":"https:\/\/www.noubarris.net\/web40\/els-punts-dinformacio-i-atencio-a-les-dones-unifiquen-el-numero-del-servei\/","url":"https:\/\/www.noubarris.net\/web40\/els-punts-dinformacio-i-atencio-a-les-dones-unifiquen-el-numero-del-servei\/","name":"Els Punts d\u2019Informaci\u00f3 i Atenci\u00f3 a les Dones unifiquen el n\u00famero del servei - NouBarris.Net","isPartOf":{"@id":"https:\/\/www.noubarris.net\/web40\/#website"},"primaryImageOfPage":{"@id":"https:\/\/www.noubarris.net\/web40\/els-punts-dinformacio-i-atencio-a-les-dones-unifiquen-el-numero-del-servei\/#primaryimage"},"image":{"@id":"https:\/\/www.noubarris.net\/web40\/els-punts-dinformacio-i-atencio-a-les-dones-unifiquen-el-numero-del-servei\/#primaryimage"},"thumbnailUrl":"https:\/\/www.noubarris.net\/web40\/wp-content\/uploads\/2018\/06\/040618.jpg","datePublished":"2018-06-03T22:00:05+00:00","breadcrumb":{"@id":"https:\/\/www.noubarris.net\/web40\/els-punts-dinformacio-i-atencio-a-les-dones-unifiquen-el-numero-del-servei\/#breadcrumb"},"inLanguage":"ca","potentialAction":[{"@type":"ReadAction","target":["https:\/\/www.noubarris.net\/web40\/els-punts-dinformacio-i-atencio-a-les-dones-unifiquen-el-numero-del-servei\/"]}]},{"@type":"ImageObject","inLanguage":"ca","@id":"https:\/\/www.noubarris.net\/web40\/els-punts-dinformacio-i-atencio-a-les-dones-unifiquen-el-numero-del-servei\/#primaryimage","url":"https:\/\/www.noubarris.net\/web40\/wp-content\/uploads\/2018\/06\/040618.jpg","contentUrl":"https:\/\/www.noubarris.net\/web40\/wp-content\/uploads\/2018\/06\/040618.jpg","width":768,"height":432},{"@type":"BreadcrumbList","@id":"https:\/\/www.noubarris.net\/web40\/els-punts-dinformacio-i-atencio-a-les-dones-unifiquen-el-numero-del-servei\/#breadcrumb","itemListElement":[{"@type":"ListItem","position":1,"name":"Inici","item":"https:\/\/www.noubarris.net\/web40\/"},{"@type":"ListItem","position":2,"name":"Els Punts d\u2019Informaci\u00f3 i Atenci\u00f3 a les Dones unifiquen el n\u00famero del servei"}]},{"@type":"WebSite","@id":"https:\/\/www.noubarris.net\/web40\/#website","url":"https:\/\/www.noubarris.net\/web40\/","name":"NouBarris.Net","description":"Seguint la vida de Nou Barris des de 1985","publisher":{"@id":"https:\/\/www.noubarris.net\/web40\/#organization"},"potentialAction":[{"@type":"SearchAction","target":{"@type":"EntryPoint","urlTemplate":"https:\/\/www.noubarris.net\/web40\/?s={search_term_string}"},"query-input":{"@type":"PropertyValueSpecification","valueRequired":true,"valueName":"search_term_string"}}],"inLanguage":"ca"},{"@type":"Organization","@id":"https:\/\/www.noubarris.net\/web40\/#organization","name":"NouBarris.Net","url":"https:\/\/www.noubarris.net\/web40\/","logo":{"@type":"ImageObject","inLanguage":"ca","@id":"https:\/\/www.noubarris.net\/web40\/#\/schema\/logo\/image\/","url":"https:\/\/www.noubarris.net\/web40\/wp-content\/uploads\/2024\/11\/cropped-cropped-LOGO_9BTV-2024_Insta-1.jpg","contentUrl":"https:\/\/www.noubarris.net\/web40\/wp-content\/uploads\/2024\/11\/cropped-cropped-LOGO_9BTV-2024_Insta-1.jpg","width":512,"height":512,"caption":"NouBarris.Net"},"image":{"@id":"https:\/\/www.noubarris.net\/web40\/#\/schema\/logo\/image\/"},"sameAs":["https:\/\/www.facebook.com\/NouBarris.net\/?locale=es_ES","https:\/\/x.com\/9BTV"]},{"@type":"Person","@id":"https:\/\/www.noubarris.net\/web40\/#\/schema\/person\/1827f92aaa316c54abbf4dac0de76069","name":"Informatius","image":{"@type":"ImageObject","inLanguage":"ca","@id":"https:\/\/www.noubarris.net\/web40\/#\/schema\/person\/image\/","url":"https:\/\/secure.gravatar.com\/avatar\/87a3b47928835fc72c6ee5b0e1a7263ef0c2d05003a98189bc14926c5f11bcdb?s=96&d=mm&r=g","contentUrl":"https:\/\/secure.gravatar.com\/avatar\/87a3b47928835fc72c6ee5b0e1a7263ef0c2d05003a98189bc14926c5f11bcdb?s=96&d=mm&r=g","caption":"Informatius"},"url":"https:\/\/www.noubarris.net\/web40\/author\/tele\/"}]}},"_links":{"self":[{"href":"https:\/\/www.noubarris.net\/web40\/wp-json\/wp\/v2\/posts\/72498","targetHints":{"allow":["GET"]}}],"collection":[{"href":"https:\/\/www.noubarris.net\/web40\/wp-json\/wp\/v2\/posts"}],"about":[{"href":"https:\/\/www.noubarris.net\/web40\/wp-json\/wp\/v2\/types\/post"}],"author":[{"embeddable":true,"href":"https:\/\/www.noubarris.net\/web40\/wp-json\/wp\/v2\/users\/2"}],"replies":[{"embeddable":true,"href":"https:\/\/www.noubarris.net\/web40\/wp-json\/wp\/v2\/comments?post=72498"}],"version-history":[{"count":0,"href":"https:\/\/www.noubarris.net\/web40\/wp-json\/wp\/v2\/posts\/72498\/revisions"}],"wp:featuredmedia":[{"embeddable":true,"href":"https:\/\/www.noubarris.net\/web40\/wp-json\/wp\/v2\/media\/72499"}],"wp:attachment":[{"href":"https:\/\/www.noubarris.net\/web40\/wp-json\/wp\/v2\/media?parent=72498"}],"wp:term":[{"taxonomy":"category","embeddable":true,"href":"https:\/\/www.noubarris.net\/web40\/wp-json\/wp\/v2\/categories?post=72498"},{"taxonomy":"post_tag","embeddable":true,"href":"https:\/\/www.noubarris.net\/web40\/wp-json\/wp\/v2\/tags?post=72498"}],"curies":[{"name":"wp","href":"https:\/\/api.w.org\/{rel}","templated":true}]}}