{"id":72501,"date":"2018-06-05T00:00:32","date_gmt":"2018-06-04T22:00:32","guid":{"rendered":"http:\/\/www.noubarris.net\/web40\/?p=72501"},"modified":"2018-06-04T15:22:29","modified_gmt":"2018-06-04T13:22:29","slug":"obres-de-reurbanitzacio-al-carrer-dalcudia-entre-els-carrers-de-deia-i-valldemossa","status":"publish","type":"post","link":"https:\/\/www.noubarris.net\/web40\/obres-de-reurbanitzacio-al-carrer-dalcudia-entre-els-carrers-de-deia-i-valldemossa\/","title":{"rendered":"Obres de reurbanitzaci\u00f3 al carrer d\u2019Alc\u00fadia entre els carrers de Dei\u00e0 i Valldemossa"},"content":{"rendered":"<p><strong>El tram guanyar\u00e0 voreres amples i s\u2019hi eliminaran les barreres arquitect\u00f2niques<\/strong><\/p>\n<p>Han comen\u00e7at les obres per reurbanitzar el darrer tram que quedava pendent de renovar al carrer d\u2019Alc\u00fadia. Concretament es el tros d\u2019illa que va des dels carrer de Dei\u00e0 fins al carrer de Valldemossa. L\u2019obra durar\u00e0 fins al proper novembre. En aquest temps es crear\u00e0 un espai m\u00e9s accessible per al ve\u00efnat, ja que s\u2019amplien les voreres i s\u2019eliminen els desnivells existents i les barreres arquitect\u00f2niques. A l\u2019espai que es guanya per als vianants, es col\u00b7locar\u00e0 nou mobiliari urb\u00e0 i nou arbrat. Tamb\u00e9 es far\u00e0 el soterrament de les l\u00ednies de serveis a\u00e8ries i es renovar\u00e0 la xarxa d\u2019enllumenat p\u00fablic amb tecnologia led. A m\u00e9s, es renovar\u00e0 el sistema de recollida d\u2019aig\u00fces.<\/p>\n","protected":false},"excerpt":{"rendered":"<p>El tram guanyar\u00e0 voreres amples i s\u2019hi eliminaran les barreres arquitect\u00f2niques Han comen\u00e7at les obres per reurbanitzar el darrer tram<\/p>\n","protected":false},"author":2,"featured_media":72502,"comment_status":"closed","ping_status":"closed","sticky":false,"template":"","format":"standard","meta":{"colormag_page_layout":"default_layout","_monsterinsights_skip_tracking":false,"_monsterinsights_sitenote_active":false,"_monsterinsights_sitenote_note":"","_monsterinsights_sitenote_category":0,"footnotes":""},"categories":[134,302],"tags":[360,44,69],"class_list":["post-72501","post","type-post","status-publish","format-standard","has-post-thumbnail","hentry","category-porta","category-urbanisme","tag-obres","tag-porta","tag-urbanisme"],"yoast_head":"<!-- This site is optimized with the Yoast SEO plugin v25.3 - https:\/\/yoast.com\/wordpress\/plugins\/seo\/ -->\n<title>Obres de reurbanitzaci\u00f3 al carrer d\u2019Alc\u00fadia entre els carrers de Dei\u00e0 i Valldemossa - NouBarris.Net<\/title>\n<meta name=\"robots\" content=\"index, follow, max-snippet:-1, max-image-preview:large, max-video-preview:-1\" \/>\n<link rel=\"canonical\" href=\"https:\/\/www.noubarris.net\/web40\/obres-de-reurbanitzacio-al-carrer-dalcudia-entre-els-carrers-de-deia-i-valldemossa\/\" \/>\n<meta property=\"og:locale\" content=\"ca_ES\" \/>\n<meta property=\"og:type\" content=\"article\" \/>\n<meta property=\"og:title\" content=\"Obres de reurbanitzaci\u00f3 al carrer d\u2019Alc\u00fadia entre els carrers de Dei\u00e0 i Valldemossa - NouBarris.Net\" \/>\n<meta property=\"og:description\" content=\"El tram guanyar\u00e0 voreres amples i s\u2019hi eliminaran les barreres arquitect\u00f2niques Han comen\u00e7at les obres per reurbanitzar el darrer tram\" \/>\n<meta property=\"og:url\" content=\"https:\/\/www.noubarris.net\/web40\/obres-de-reurbanitzacio-al-carrer-dalcudia-entre-els-carrers-de-deia-i-valldemossa\/\" \/>\n<meta property=\"og:site_name\" content=\"NouBarris.Net\" \/>\n<meta property=\"article:publisher\" content=\"https:\/\/www.facebook.com\/NouBarris.net\/?locale=es_ES\" \/>\n<meta property=\"article:published_time\" content=\"2018-06-04T22:00:32+00:00\" \/>\n<meta property=\"og:image\" content=\"https:\/\/www.noubarris.net\/web40\/wp-content\/uploads\/2018\/06\/050618.jpg\" \/>\n\t<meta property=\"og:image:width\" content=\"787\" \/>\n\t<meta property=\"og:image:height\" content=\"445\" \/>\n\t<meta property=\"og:image:type\" content=\"image\/jpeg\" \/>\n<meta name=\"author\" content=\"Informatius\" \/>\n<meta name=\"twitter:card\" content=\"summary_large_image\" \/>\n<meta name=\"twitter:creator\" content=\"@9BTV\" \/>\n<meta name=\"twitter:site\" content=\"@9BTV\" \/>\n<meta name=\"twitter:label1\" content=\"Escrit per\" \/>\n\t<meta name=\"twitter:data1\" content=\"Informatius\" \/>\n\t<meta name=\"twitter:label2\" content=\"Temps estimat de lectura\" \/>\n\t<meta name=\"twitter:data2\" content=\"1 minut\" \/>\n<script type=\"application\/ld+json\" class=\"yoast-schema-graph\">{\"@context\":\"https:\/\/schema.org\",\"@graph\":[{\"@type\":\"Article\",\"@id\":\"https:\/\/www.noubarris.net\/web40\/obres-de-reurbanitzacio-al-carrer-dalcudia-entre-els-carrers-de-deia-i-valldemossa\/#article\",\"isPartOf\":{\"@id\":\"https:\/\/www.noubarris.net\/web40\/obres-de-reurbanitzacio-al-carrer-dalcudia-entre-els-carrers-de-deia-i-valldemossa\/\"},\"author\":{\"name\":\"Informatius\",\"@id\":\"https:\/\/www.noubarris.net\/web40\/#\/schema\/person\/1827f92aaa316c54abbf4dac0de76069\"},\"headline\":\"Obres de reurbanitzaci\u00f3 al carrer d\u2019Alc\u00fadia entre els carrers de Dei\u00e0 i Valldemossa\",\"datePublished\":\"2018-06-04T22:00:32+00:00\",\"mainEntityOfPage\":{\"@id\":\"https:\/\/www.noubarris.net\/web40\/obres-de-reurbanitzacio-al-carrer-dalcudia-entre-els-carrers-de-deia-i-valldemossa\/\"},\"wordCount\":159,\"publisher\":{\"@id\":\"https:\/\/www.noubarris.net\/web40\/#organization\"},\"image\":{\"@id\":\"https:\/\/www.noubarris.net\/web40\/obres-de-reurbanitzacio-al-carrer-dalcudia-entre-els-carrers-de-deia-i-valldemossa\/#primaryimage\"},\"thumbnailUrl\":\"https:\/\/www.noubarris.net\/web40\/wp-content\/uploads\/2018\/06\/050618.jpg\",\"keywords\":[\"Obres\",\"Porta\",\"Urbanisme\"],\"articleSection\":[\"Porta\",\"Urbanisme\"],\"inLanguage\":\"ca\"},{\"@type\":\"WebPage\",\"@id\":\"https:\/\/www.noubarris.net\/web40\/obres-de-reurbanitzacio-al-carrer-dalcudia-entre-els-carrers-de-deia-i-valldemossa\/\",\"url\":\"https:\/\/www.noubarris.net\/web40\/obres-de-reurbanitzacio-al-carrer-dalcudia-entre-els-carrers-de-deia-i-valldemossa\/\",\"name\":\"Obres de reurbanitzaci\u00f3 al carrer d\u2019Alc\u00fadia entre els carrers de Dei\u00e0 i Valldemossa - NouBarris.Net\",\"isPartOf\":{\"@id\":\"https:\/\/www.noubarris.net\/web40\/#website\"},\"primaryImageOfPage\":{\"@id\":\"https:\/\/www.noubarris.net\/web40\/obres-de-reurbanitzacio-al-carrer-dalcudia-entre-els-carrers-de-deia-i-valldemossa\/#primaryimage\"},\"image\":{\"@id\":\"https:\/\/www.noubarris.net\/web40\/obres-de-reurbanitzacio-al-carrer-dalcudia-entre-els-carrers-de-deia-i-valldemossa\/#primaryimage\"},\"thumbnailUrl\":\"https:\/\/www.noubarris.net\/web40\/wp-content\/uploads\/2018\/06\/050618.jpg\",\"datePublished\":\"2018-06-04T22:00:32+00:00\",\"breadcrumb\":{\"@id\":\"https:\/\/www.noubarris.net\/web40\/obres-de-reurbanitzacio-al-carrer-dalcudia-entre-els-carrers-de-deia-i-valldemossa\/#breadcrumb\"},\"inLanguage\":\"ca\",\"potentialAction\":[{\"@type\":\"ReadAction\",\"target\":[\"https:\/\/www.noubarris.net\/web40\/obres-de-reurbanitzacio-al-carrer-dalcudia-entre-els-carrers-de-deia-i-valldemossa\/\"]}]},{\"@type\":\"ImageObject\",\"inLanguage\":\"ca\",\"@id\":\"https:\/\/www.noubarris.net\/web40\/obres-de-reurbanitzacio-al-carrer-dalcudia-entre-els-carrers-de-deia-i-valldemossa\/#primaryimage\",\"url\":\"https:\/\/www.noubarris.net\/web40\/wp-content\/uploads\/2018\/06\/050618.jpg\",\"contentUrl\":\"https:\/\/www.noubarris.net\/web40\/wp-content\/uploads\/2018\/06\/050618.jpg\",\"width\":787,\"height\":445},{\"@type\":\"BreadcrumbList\",\"@id\":\"https:\/\/www.noubarris.net\/web40\/obres-de-reurbanitzacio-al-carrer-dalcudia-entre-els-carrers-de-deia-i-valldemossa\/#breadcrumb\",\"itemListElement\":[{\"@type\":\"ListItem\",\"position\":1,\"name\":\"Inici\",\"item\":\"https:\/\/www.noubarris.net\/web40\/\"},{\"@type\":\"ListItem\",\"position\":2,\"name\":\"Obres de reurbanitzaci\u00f3 al carrer d\u2019Alc\u00fadia entre els carrers de Dei\u00e0 i Valldemossa\"}]},{\"@type\":\"WebSite\",\"@id\":\"https:\/\/www.noubarris.net\/web40\/#website\",\"url\":\"https:\/\/www.noubarris.net\/web40\/\",\"name\":\"NouBarris.Net\",\"description\":\"Seguint la vida de Nou Barris des de 1985\",\"publisher\":{\"@id\":\"https:\/\/www.noubarris.net\/web40\/#organization\"},\"potentialAction\":[{\"@type\":\"SearchAction\",\"target\":{\"@type\":\"EntryPoint\",\"urlTemplate\":\"https:\/\/www.noubarris.net\/web40\/?s={search_term_string}\"},\"query-input\":{\"@type\":\"PropertyValueSpecification\",\"valueRequired\":true,\"valueName\":\"search_term_string\"}}],\"inLanguage\":\"ca\"},{\"@type\":\"Organization\",\"@id\":\"https:\/\/www.noubarris.net\/web40\/#organization\",\"name\":\"NouBarris.Net\",\"url\":\"https:\/\/www.noubarris.net\/web40\/\",\"logo\":{\"@type\":\"ImageObject\",\"inLanguage\":\"ca\",\"@id\":\"https:\/\/www.noubarris.net\/web40\/#\/schema\/logo\/image\/\",\"url\":\"https:\/\/www.noubarris.net\/web40\/wp-content\/uploads\/2024\/11\/cropped-cropped-LOGO_9BTV-2024_Insta-1.jpg\",\"contentUrl\":\"https:\/\/www.noubarris.net\/web40\/wp-content\/uploads\/2024\/11\/cropped-cropped-LOGO_9BTV-2024_Insta-1.jpg\",\"width\":512,\"height\":512,\"caption\":\"NouBarris.Net\"},\"image\":{\"@id\":\"https:\/\/www.noubarris.net\/web40\/#\/schema\/logo\/image\/\"},\"sameAs\":[\"https:\/\/www.facebook.com\/NouBarris.net\/?locale=es_ES\",\"https:\/\/x.com\/9BTV\"]},{\"@type\":\"Person\",\"@id\":\"https:\/\/www.noubarris.net\/web40\/#\/schema\/person\/1827f92aaa316c54abbf4dac0de76069\",\"name\":\"Informatius\",\"image\":{\"@type\":\"ImageObject\",\"inLanguage\":\"ca\",\"@id\":\"https:\/\/www.noubarris.net\/web40\/#\/schema\/person\/image\/\",\"url\":\"https:\/\/secure.gravatar.com\/avatar\/87a3b47928835fc72c6ee5b0e1a7263ef0c2d05003a98189bc14926c5f11bcdb?s=96&d=mm&r=g\",\"contentUrl\":\"https:\/\/secure.gravatar.com\/avatar\/87a3b47928835fc72c6ee5b0e1a7263ef0c2d05003a98189bc14926c5f11bcdb?s=96&d=mm&r=g\",\"caption\":\"Informatius\"},\"url\":\"https:\/\/www.noubarris.net\/web40\/author\/tele\/\"}]}<\/script>\n<!-- \/ Yoast SEO plugin. -->","yoast_head_json":{"title":"Obres de reurbanitzaci\u00f3 al carrer d\u2019Alc\u00fadia entre els carrers de Dei\u00e0 i Valldemossa - NouBarris.Net","robots":{"index":"index","follow":"follow","max-snippet":"max-snippet:-1","max-image-preview":"max-image-preview:large","max-video-preview":"max-video-preview:-1"},"canonical":"https:\/\/www.noubarris.net\/web40\/obres-de-reurbanitzacio-al-carrer-dalcudia-entre-els-carrers-de-deia-i-valldemossa\/","og_locale":"ca_ES","og_type":"article","og_title":"Obres de reurbanitzaci\u00f3 al carrer d\u2019Alc\u00fadia entre els carrers de Dei\u00e0 i Valldemossa - NouBarris.Net","og_description":"El tram guanyar\u00e0 voreres amples i s\u2019hi eliminaran les barreres arquitect\u00f2niques Han comen\u00e7at les obres per reurbanitzar el darrer tram","og_url":"https:\/\/www.noubarris.net\/web40\/obres-de-reurbanitzacio-al-carrer-dalcudia-entre-els-carrers-de-deia-i-valldemossa\/","og_site_name":"NouBarris.Net","article_publisher":"https:\/\/www.facebook.com\/NouBarris.net\/?locale=es_ES","article_published_time":"2018-06-04T22:00:32+00:00","og_image":[{"width":787,"height":445,"url":"https:\/\/www.noubarris.net\/web40\/wp-content\/uploads\/2018\/06\/050618.jpg","type":"image\/jpeg"}],"author":"Informatius","twitter_card":"summary_large_image","twitter_creator":"@9BTV","twitter_site":"@9BTV","twitter_misc":{"Escrit per":"Informatius","Temps estimat de lectura":"1 minut"},"schema":{"@context":"https:\/\/schema.org","@graph":[{"@type":"Article","@id":"https:\/\/www.noubarris.net\/web40\/obres-de-reurbanitzacio-al-carrer-dalcudia-entre-els-carrers-de-deia-i-valldemossa\/#article","isPartOf":{"@id":"https:\/\/www.noubarris.net\/web40\/obres-de-reurbanitzacio-al-carrer-dalcudia-entre-els-carrers-de-deia-i-valldemossa\/"},"author":{"name":"Informatius","@id":"https:\/\/www.noubarris.net\/web40\/#\/schema\/person\/1827f92aaa316c54abbf4dac0de76069"},"headline":"Obres de reurbanitzaci\u00f3 al carrer d\u2019Alc\u00fadia entre els carrers de Dei\u00e0 i Valldemossa","datePublished":"2018-06-04T22:00:32+00:00","mainEntityOfPage":{"@id":"https:\/\/www.noubarris.net\/web40\/obres-de-reurbanitzacio-al-carrer-dalcudia-entre-els-carrers-de-deia-i-valldemossa\/"},"wordCount":159,"publisher":{"@id":"https:\/\/www.noubarris.net\/web40\/#organization"},"image":{"@id":"https:\/\/www.noubarris.net\/web40\/obres-de-reurbanitzacio-al-carrer-dalcudia-entre-els-carrers-de-deia-i-valldemossa\/#primaryimage"},"thumbnailUrl":"https:\/\/www.noubarris.net\/web40\/wp-content\/uploads\/2018\/06\/050618.jpg","keywords":["Obres","Porta","Urbanisme"],"articleSection":["Porta","Urbanisme"],"inLanguage":"ca"},{"@type":"WebPage","@id":"https:\/\/www.noubarris.net\/web40\/obres-de-reurbanitzacio-al-carrer-dalcudia-entre-els-carrers-de-deia-i-valldemossa\/","url":"https:\/\/www.noubarris.net\/web40\/obres-de-reurbanitzacio-al-carrer-dalcudia-entre-els-carrers-de-deia-i-valldemossa\/","name":"Obres de reurbanitzaci\u00f3 al carrer d\u2019Alc\u00fadia entre els carrers de Dei\u00e0 i Valldemossa - NouBarris.Net","isPartOf":{"@id":"https:\/\/www.noubarris.net\/web40\/#website"},"primaryImageOfPage":{"@id":"https:\/\/www.noubarris.net\/web40\/obres-de-reurbanitzacio-al-carrer-dalcudia-entre-els-carrers-de-deia-i-valldemossa\/#primaryimage"},"image":{"@id":"https:\/\/www.noubarris.net\/web40\/obres-de-reurbanitzacio-al-carrer-dalcudia-entre-els-carrers-de-deia-i-valldemossa\/#primaryimage"},"thumbnailUrl":"https:\/\/www.noubarris.net\/web40\/wp-content\/uploads\/2018\/06\/050618.jpg","datePublished":"2018-06-04T22:00:32+00:00","breadcrumb":{"@id":"https:\/\/www.noubarris.net\/web40\/obres-de-reurbanitzacio-al-carrer-dalcudia-entre-els-carrers-de-deia-i-valldemossa\/#breadcrumb"},"inLanguage":"ca","potentialAction":[{"@type":"ReadAction","target":["https:\/\/www.noubarris.net\/web40\/obres-de-reurbanitzacio-al-carrer-dalcudia-entre-els-carrers-de-deia-i-valldemossa\/"]}]},{"@type":"ImageObject","inLanguage":"ca","@id":"https:\/\/www.noubarris.net\/web40\/obres-de-reurbanitzacio-al-carrer-dalcudia-entre-els-carrers-de-deia-i-valldemossa\/#primaryimage","url":"https:\/\/www.noubarris.net\/web40\/wp-content\/uploads\/2018\/06\/050618.jpg","contentUrl":"https:\/\/www.noubarris.net\/web40\/wp-content\/uploads\/2018\/06\/050618.jpg","width":787,"height":445},{"@type":"BreadcrumbList","@id":"https:\/\/www.noubarris.net\/web40\/obres-de-reurbanitzacio-al-carrer-dalcudia-entre-els-carrers-de-deia-i-valldemossa\/#breadcrumb","itemListElement":[{"@type":"ListItem","position":1,"name":"Inici","item":"https:\/\/www.noubarris.net\/web40\/"},{"@type":"ListItem","position":2,"name":"Obres de reurbanitzaci\u00f3 al carrer d\u2019Alc\u00fadia entre els carrers de Dei\u00e0 i Valldemossa"}]},{"@type":"WebSite","@id":"https:\/\/www.noubarris.net\/web40\/#website","url":"https:\/\/www.noubarris.net\/web40\/","name":"NouBarris.Net","description":"Seguint la vida de Nou Barris des de 1985","publisher":{"@id":"https:\/\/www.noubarris.net\/web40\/#organization"},"potentialAction":[{"@type":"SearchAction","target":{"@type":"EntryPoint","urlTemplate":"https:\/\/www.noubarris.net\/web40\/?s={search_term_string}"},"query-input":{"@type":"PropertyValueSpecification","valueRequired":true,"valueName":"search_term_string"}}],"inLanguage":"ca"},{"@type":"Organization","@id":"https:\/\/www.noubarris.net\/web40\/#organization","name":"NouBarris.Net","url":"https:\/\/www.noubarris.net\/web40\/","logo":{"@type":"ImageObject","inLanguage":"ca","@id":"https:\/\/www.noubarris.net\/web40\/#\/schema\/logo\/image\/","url":"https:\/\/www.noubarris.net\/web40\/wp-content\/uploads\/2024\/11\/cropped-cropped-LOGO_9BTV-2024_Insta-1.jpg","contentUrl":"https:\/\/www.noubarris.net\/web40\/wp-content\/uploads\/2024\/11\/cropped-cropped-LOGO_9BTV-2024_Insta-1.jpg","width":512,"height":512,"caption":"NouBarris.Net"},"image":{"@id":"https:\/\/www.noubarris.net\/web40\/#\/schema\/logo\/image\/"},"sameAs":["https:\/\/www.facebook.com\/NouBarris.net\/?locale=es_ES","https:\/\/x.com\/9BTV"]},{"@type":"Person","@id":"https:\/\/www.noubarris.net\/web40\/#\/schema\/person\/1827f92aaa316c54abbf4dac0de76069","name":"Informatius","image":{"@type":"ImageObject","inLanguage":"ca","@id":"https:\/\/www.noubarris.net\/web40\/#\/schema\/person\/image\/","url":"https:\/\/secure.gravatar.com\/avatar\/87a3b47928835fc72c6ee5b0e1a7263ef0c2d05003a98189bc14926c5f11bcdb?s=96&d=mm&r=g","contentUrl":"https:\/\/secure.gravatar.com\/avatar\/87a3b47928835fc72c6ee5b0e1a7263ef0c2d05003a98189bc14926c5f11bcdb?s=96&d=mm&r=g","caption":"Informatius"},"url":"https:\/\/www.noubarris.net\/web40\/author\/tele\/"}]}},"_links":{"self":[{"href":"https:\/\/www.noubarris.net\/web40\/wp-json\/wp\/v2\/posts\/72501","targetHints":{"allow":["GET"]}}],"collection":[{"href":"https:\/\/www.noubarris.net\/web40\/wp-json\/wp\/v2\/posts"}],"about":[{"href":"https:\/\/www.noubarris.net\/web40\/wp-json\/wp\/v2\/types\/post"}],"author":[{"embeddable":true,"href":"https:\/\/www.noubarris.net\/web40\/wp-json\/wp\/v2\/users\/2"}],"replies":[{"embeddable":true,"href":"https:\/\/www.noubarris.net\/web40\/wp-json\/wp\/v2\/comments?post=72501"}],"version-history":[{"count":0,"href":"https:\/\/www.noubarris.net\/web40\/wp-json\/wp\/v2\/posts\/72501\/revisions"}],"wp:featuredmedia":[{"embeddable":true,"href":"https:\/\/www.noubarris.net\/web40\/wp-json\/wp\/v2\/media\/72502"}],"wp:attachment":[{"href":"https:\/\/www.noubarris.net\/web40\/wp-json\/wp\/v2\/media?parent=72501"}],"wp:term":[{"taxonomy":"category","embeddable":true,"href":"https:\/\/www.noubarris.net\/web40\/wp-json\/wp\/v2\/categories?post=72501"},{"taxonomy":"post_tag","embeddable":true,"href":"https:\/\/www.noubarris.net\/web40\/wp-json\/wp\/v2\/tags?post=72501"}],"curies":[{"name":"wp","href":"https:\/\/api.w.org\/{rel}","templated":true}]}}