{"id":72504,"date":"2018-06-06T00:00:32","date_gmt":"2018-06-05T22:00:32","guid":{"rendered":"http:\/\/www.noubarris.net\/web40\/?p=72504"},"modified":"2018-06-05T15:57:35","modified_gmt":"2018-06-05T13:57:35","slug":"una-exposicio-recorda-lorigen-del-nom-popular-dels-quinze","status":"publish","type":"post","link":"https:\/\/www.noubarris.net\/web40\/una-exposicio-recorda-lorigen-del-nom-popular-dels-quinze\/","title":{"rendered":"Una exposici\u00f3 recorda l\u2019origen del nom popular d\u2019Els Quinze"},"content":{"rendered":"<p><strong>La mostra vol donar suport a la campanya per canviar el nom a l\u2019avinguda de Borb\u00f3 <\/strong><\/p>\n<p>Fa unes setmanes va engegar una campanya per substituir el nom de l\u2019avinguda de Borb\u00f3 pel d\u2019Els Quinze, com popularment es coneix la zona. Els impulsors s\u00f3n l\u2019AV Torre Llobeta i Vilapicina, i la Taula Unit\u00e0ria de Nou Barris per la Rep\u00fablica, que ara han organitzat una exposici\u00f3 per difondre als m\u00e9s joves i tothom que ho desconeixi, l\u2019origen del nom d\u2019Els Quinze i perqu\u00e8 ha marcat tant el barri.<\/p>\n<p>A trav\u00e9s de fotografies i una breu explicaci\u00f3, els visitants poden descobrir que la cru\u00eflla del passeig de Maragall i l\u2019avinguda de Borb\u00f3 es deia els Quinze perqu\u00e8 aquest era el preu que valia el bitllet de tramvia des de la pla\u00e7a d\u2019Urquinaona. \u201cEra precisament on anava la nostra gent a buscar feina. Per qu\u00e8 baixaven a \u2018Els Quinze\u2019 i no m\u00e9s amunt? Doncs perqu\u00e8 era cinc c\u00e8ntims m\u00e9s econ\u00f2mic i la gent de Nou Barris aleshores tampoc tenia gaire diners.- explica Pep Ortiz, de la Taula Unit\u00e0ria de Nou Barris per la Rep\u00fablica- Eliminar el nom de Borbons \u00e9s important per\u00f2 sobretot volem reivindicar la mem\u00f2ria del barri\u201d. Els cobradors del tramvia 46 anunciaven la parada com la d\u2019Els Quinze i aix\u00ed es va quedar. \u201cAquesta tarifa es va mantenir fins l\u2019any 1930, quan va pujar a 20 c\u00e8ntims i en als anys posteriors va anar pujant, per\u00f2 tot i aix\u00f2 aquesta conflu\u00e8ncia va ser coneguda popularment com Els Quinze.\u201d, afegeix Ricard Fern\u00e1ndez, de l\u2019Arxiu Hist\u00f2ric Roquetes \u2013 Nou Barris. Per a l\u2019entitat hist\u00f2rica, el canvi de nom t\u00e9 validesa per a un carrer que ha tingut diversos noms al llarg de la hist\u00f2ria.<\/p>\n<p>La mostra ve acompanyada d\u2019altres actes de difusi\u00f3, per donar suport a la recollida de signatures que s\u2019est\u00e0 duent a terme a la seu de l\u2019AV Torre Llobeta i a altres empla\u00e7aments o coincidint amb actes o esdeveniments. Per exemple, avui han tingut paradeta a la porta del CIS Cotxeres, ben a prop de l\u2019exposici\u00f3. Fins ara han aconseguit un mig miler de signatures que donen suport al canvi de nom de l\u2019avinguda de Borb\u00f3 en favor de recuperar Els Quinze. No s\u2019han marcat terminis per\u00f2 l\u2019objectiu ve\u00efnal \u00e9s que el plenari de Nou Barris aprovi la proposta i Casa Gran ho reafirmi.<\/p>\n","protected":false},"excerpt":{"rendered":"<p>La mostra vol donar suport a la campanya per canviar el nom a l\u2019avinguda de Borb\u00f3 Fa unes setmanes va<\/p>\n","protected":false},"author":2,"featured_media":72506,"comment_status":"closed","ping_status":"closed","sticky":false,"template":"","format":"standard","meta":{"colormag_page_layout":"default_layout","_monsterinsights_skip_tracking":false,"_monsterinsights_sitenote_active":false,"_monsterinsights_sitenote_note":"","_monsterinsights_sitenote_category":0,"footnotes":""},"categories":[124,142],"tags":[68,275,585,268,527],"class_list":["post-72504","post","type-post","status-publish","format-standard","has-post-thumbnail","hentry","category-societat","category-vilapicina-i-la-torre-llobeta","tag-biblioteca","tag-cotxeres-borbo","tag-els-quinze","tag-exposicio","tag-nomenclator"],"yoast_head":"<!-- This site is optimized with the Yoast SEO plugin v25.3 - https:\/\/yoast.com\/wordpress\/plugins\/seo\/ -->\n<title>Una exposici\u00f3 recorda l\u2019origen del nom popular d\u2019Els Quinze - NouBarris.Net<\/title>\n<meta name=\"robots\" content=\"index, follow, max-snippet:-1, max-image-preview:large, max-video-preview:-1\" \/>\n<link rel=\"canonical\" href=\"https:\/\/www.noubarris.net\/web40\/una-exposicio-recorda-lorigen-del-nom-popular-dels-quinze\/\" \/>\n<meta property=\"og:locale\" content=\"ca_ES\" \/>\n<meta property=\"og:type\" content=\"article\" \/>\n<meta property=\"og:title\" content=\"Una exposici\u00f3 recorda l\u2019origen del nom popular d\u2019Els Quinze - NouBarris.Net\" \/>\n<meta property=\"og:description\" content=\"La mostra vol donar suport a la campanya per canviar el nom a l\u2019avinguda de Borb\u00f3 Fa unes setmanes va\" \/>\n<meta property=\"og:url\" content=\"https:\/\/www.noubarris.net\/web40\/una-exposicio-recorda-lorigen-del-nom-popular-dels-quinze\/\" \/>\n<meta property=\"og:site_name\" content=\"NouBarris.Net\" \/>\n<meta property=\"article:publisher\" content=\"https:\/\/www.facebook.com\/NouBarris.net\/?locale=es_ES\" \/>\n<meta property=\"article:published_time\" content=\"2018-06-05T22:00:32+00:00\" \/>\n<meta property=\"og:image\" content=\"https:\/\/www.noubarris.net\/web40\/wp-content\/uploads\/2018\/06\/060618.jpg\" \/>\n\t<meta property=\"og:image:width\" content=\"787\" \/>\n\t<meta property=\"og:image:height\" content=\"445\" \/>\n\t<meta property=\"og:image:type\" content=\"image\/jpeg\" \/>\n<meta name=\"author\" content=\"Informatius\" \/>\n<meta name=\"twitter:card\" content=\"summary_large_image\" \/>\n<meta name=\"twitter:creator\" content=\"@9BTV\" \/>\n<meta name=\"twitter:site\" content=\"@9BTV\" \/>\n<meta name=\"twitter:label1\" content=\"Escrit per\" \/>\n\t<meta name=\"twitter:data1\" content=\"Informatius\" \/>\n\t<meta name=\"twitter:label2\" content=\"Temps estimat de lectura\" \/>\n\t<meta name=\"twitter:data2\" content=\"2 minuts\" \/>\n<script type=\"application\/ld+json\" class=\"yoast-schema-graph\">{\"@context\":\"https:\/\/schema.org\",\"@graph\":[{\"@type\":\"Article\",\"@id\":\"https:\/\/www.noubarris.net\/web40\/una-exposicio-recorda-lorigen-del-nom-popular-dels-quinze\/#article\",\"isPartOf\":{\"@id\":\"https:\/\/www.noubarris.net\/web40\/una-exposicio-recorda-lorigen-del-nom-popular-dels-quinze\/\"},\"author\":{\"name\":\"Informatius\",\"@id\":\"https:\/\/www.noubarris.net\/web40\/#\/schema\/person\/1827f92aaa316c54abbf4dac0de76069\"},\"headline\":\"Una exposici\u00f3 recorda l\u2019origen del nom popular d\u2019Els Quinze\",\"datePublished\":\"2018-06-05T22:00:32+00:00\",\"mainEntityOfPage\":{\"@id\":\"https:\/\/www.noubarris.net\/web40\/una-exposicio-recorda-lorigen-del-nom-popular-dels-quinze\/\"},\"wordCount\":433,\"publisher\":{\"@id\":\"https:\/\/www.noubarris.net\/web40\/#organization\"},\"image\":{\"@id\":\"https:\/\/www.noubarris.net\/web40\/una-exposicio-recorda-lorigen-del-nom-popular-dels-quinze\/#primaryimage\"},\"thumbnailUrl\":\"https:\/\/www.noubarris.net\/web40\/wp-content\/uploads\/2018\/06\/060618.jpg\",\"keywords\":[\"Biblioteca\",\"Cotxeres Borb\u00f3\",\"els Quinze\",\"Exposici\u00f3\",\"nomencl\u00e0tor\"],\"articleSection\":[\"Societat\",\"Vilapicina i la Torre Llobeta\"],\"inLanguage\":\"ca\"},{\"@type\":\"WebPage\",\"@id\":\"https:\/\/www.noubarris.net\/web40\/una-exposicio-recorda-lorigen-del-nom-popular-dels-quinze\/\",\"url\":\"https:\/\/www.noubarris.net\/web40\/una-exposicio-recorda-lorigen-del-nom-popular-dels-quinze\/\",\"name\":\"Una exposici\u00f3 recorda l\u2019origen del nom popular d\u2019Els Quinze - NouBarris.Net\",\"isPartOf\":{\"@id\":\"https:\/\/www.noubarris.net\/web40\/#website\"},\"primaryImageOfPage\":{\"@id\":\"https:\/\/www.noubarris.net\/web40\/una-exposicio-recorda-lorigen-del-nom-popular-dels-quinze\/#primaryimage\"},\"image\":{\"@id\":\"https:\/\/www.noubarris.net\/web40\/una-exposicio-recorda-lorigen-del-nom-popular-dels-quinze\/#primaryimage\"},\"thumbnailUrl\":\"https:\/\/www.noubarris.net\/web40\/wp-content\/uploads\/2018\/06\/060618.jpg\",\"datePublished\":\"2018-06-05T22:00:32+00:00\",\"breadcrumb\":{\"@id\":\"https:\/\/www.noubarris.net\/web40\/una-exposicio-recorda-lorigen-del-nom-popular-dels-quinze\/#breadcrumb\"},\"inLanguage\":\"ca\",\"potentialAction\":[{\"@type\":\"ReadAction\",\"target\":[\"https:\/\/www.noubarris.net\/web40\/una-exposicio-recorda-lorigen-del-nom-popular-dels-quinze\/\"]}]},{\"@type\":\"ImageObject\",\"inLanguage\":\"ca\",\"@id\":\"https:\/\/www.noubarris.net\/web40\/una-exposicio-recorda-lorigen-del-nom-popular-dels-quinze\/#primaryimage\",\"url\":\"https:\/\/www.noubarris.net\/web40\/wp-content\/uploads\/2018\/06\/060618.jpg\",\"contentUrl\":\"https:\/\/www.noubarris.net\/web40\/wp-content\/uploads\/2018\/06\/060618.jpg\",\"width\":787,\"height\":445},{\"@type\":\"BreadcrumbList\",\"@id\":\"https:\/\/www.noubarris.net\/web40\/una-exposicio-recorda-lorigen-del-nom-popular-dels-quinze\/#breadcrumb\",\"itemListElement\":[{\"@type\":\"ListItem\",\"position\":1,\"name\":\"Inici\",\"item\":\"https:\/\/www.noubarris.net\/web40\/\"},{\"@type\":\"ListItem\",\"position\":2,\"name\":\"Una exposici\u00f3 recorda l\u2019origen del nom popular d\u2019Els Quinze\"}]},{\"@type\":\"WebSite\",\"@id\":\"https:\/\/www.noubarris.net\/web40\/#website\",\"url\":\"https:\/\/www.noubarris.net\/web40\/\",\"name\":\"NouBarris.Net\",\"description\":\"Seguint la vida de Nou Barris des de 1985\",\"publisher\":{\"@id\":\"https:\/\/www.noubarris.net\/web40\/#organization\"},\"potentialAction\":[{\"@type\":\"SearchAction\",\"target\":{\"@type\":\"EntryPoint\",\"urlTemplate\":\"https:\/\/www.noubarris.net\/web40\/?s={search_term_string}\"},\"query-input\":{\"@type\":\"PropertyValueSpecification\",\"valueRequired\":true,\"valueName\":\"search_term_string\"}}],\"inLanguage\":\"ca\"},{\"@type\":\"Organization\",\"@id\":\"https:\/\/www.noubarris.net\/web40\/#organization\",\"name\":\"NouBarris.Net\",\"url\":\"https:\/\/www.noubarris.net\/web40\/\",\"logo\":{\"@type\":\"ImageObject\",\"inLanguage\":\"ca\",\"@id\":\"https:\/\/www.noubarris.net\/web40\/#\/schema\/logo\/image\/\",\"url\":\"https:\/\/www.noubarris.net\/web40\/wp-content\/uploads\/2024\/11\/cropped-cropped-LOGO_9BTV-2024_Insta-1.jpg\",\"contentUrl\":\"https:\/\/www.noubarris.net\/web40\/wp-content\/uploads\/2024\/11\/cropped-cropped-LOGO_9BTV-2024_Insta-1.jpg\",\"width\":512,\"height\":512,\"caption\":\"NouBarris.Net\"},\"image\":{\"@id\":\"https:\/\/www.noubarris.net\/web40\/#\/schema\/logo\/image\/\"},\"sameAs\":[\"https:\/\/www.facebook.com\/NouBarris.net\/?locale=es_ES\",\"https:\/\/x.com\/9BTV\"]},{\"@type\":\"Person\",\"@id\":\"https:\/\/www.noubarris.net\/web40\/#\/schema\/person\/1827f92aaa316c54abbf4dac0de76069\",\"name\":\"Informatius\",\"image\":{\"@type\":\"ImageObject\",\"inLanguage\":\"ca\",\"@id\":\"https:\/\/www.noubarris.net\/web40\/#\/schema\/person\/image\/\",\"url\":\"https:\/\/secure.gravatar.com\/avatar\/87a3b47928835fc72c6ee5b0e1a7263ef0c2d05003a98189bc14926c5f11bcdb?s=96&d=mm&r=g\",\"contentUrl\":\"https:\/\/secure.gravatar.com\/avatar\/87a3b47928835fc72c6ee5b0e1a7263ef0c2d05003a98189bc14926c5f11bcdb?s=96&d=mm&r=g\",\"caption\":\"Informatius\"},\"url\":\"https:\/\/www.noubarris.net\/web40\/author\/tele\/\"}]}<\/script>\n<!-- \/ Yoast SEO plugin. -->","yoast_head_json":{"title":"Una exposici\u00f3 recorda l\u2019origen del nom popular d\u2019Els Quinze - NouBarris.Net","robots":{"index":"index","follow":"follow","max-snippet":"max-snippet:-1","max-image-preview":"max-image-preview:large","max-video-preview":"max-video-preview:-1"},"canonical":"https:\/\/www.noubarris.net\/web40\/una-exposicio-recorda-lorigen-del-nom-popular-dels-quinze\/","og_locale":"ca_ES","og_type":"article","og_title":"Una exposici\u00f3 recorda l\u2019origen del nom popular d\u2019Els Quinze - NouBarris.Net","og_description":"La mostra vol donar suport a la campanya per canviar el nom a l\u2019avinguda de Borb\u00f3 Fa unes setmanes va","og_url":"https:\/\/www.noubarris.net\/web40\/una-exposicio-recorda-lorigen-del-nom-popular-dels-quinze\/","og_site_name":"NouBarris.Net","article_publisher":"https:\/\/www.facebook.com\/NouBarris.net\/?locale=es_ES","article_published_time":"2018-06-05T22:00:32+00:00","og_image":[{"width":787,"height":445,"url":"https:\/\/www.noubarris.net\/web40\/wp-content\/uploads\/2018\/06\/060618.jpg","type":"image\/jpeg"}],"author":"Informatius","twitter_card":"summary_large_image","twitter_creator":"@9BTV","twitter_site":"@9BTV","twitter_misc":{"Escrit per":"Informatius","Temps estimat de lectura":"2 minuts"},"schema":{"@context":"https:\/\/schema.org","@graph":[{"@type":"Article","@id":"https:\/\/www.noubarris.net\/web40\/una-exposicio-recorda-lorigen-del-nom-popular-dels-quinze\/#article","isPartOf":{"@id":"https:\/\/www.noubarris.net\/web40\/una-exposicio-recorda-lorigen-del-nom-popular-dels-quinze\/"},"author":{"name":"Informatius","@id":"https:\/\/www.noubarris.net\/web40\/#\/schema\/person\/1827f92aaa316c54abbf4dac0de76069"},"headline":"Una exposici\u00f3 recorda l\u2019origen del nom popular d\u2019Els Quinze","datePublished":"2018-06-05T22:00:32+00:00","mainEntityOfPage":{"@id":"https:\/\/www.noubarris.net\/web40\/una-exposicio-recorda-lorigen-del-nom-popular-dels-quinze\/"},"wordCount":433,"publisher":{"@id":"https:\/\/www.noubarris.net\/web40\/#organization"},"image":{"@id":"https:\/\/www.noubarris.net\/web40\/una-exposicio-recorda-lorigen-del-nom-popular-dels-quinze\/#primaryimage"},"thumbnailUrl":"https:\/\/www.noubarris.net\/web40\/wp-content\/uploads\/2018\/06\/060618.jpg","keywords":["Biblioteca","Cotxeres Borb\u00f3","els Quinze","Exposici\u00f3","nomencl\u00e0tor"],"articleSection":["Societat","Vilapicina i la Torre Llobeta"],"inLanguage":"ca"},{"@type":"WebPage","@id":"https:\/\/www.noubarris.net\/web40\/una-exposicio-recorda-lorigen-del-nom-popular-dels-quinze\/","url":"https:\/\/www.noubarris.net\/web40\/una-exposicio-recorda-lorigen-del-nom-popular-dels-quinze\/","name":"Una exposici\u00f3 recorda l\u2019origen del nom popular d\u2019Els Quinze - NouBarris.Net","isPartOf":{"@id":"https:\/\/www.noubarris.net\/web40\/#website"},"primaryImageOfPage":{"@id":"https:\/\/www.noubarris.net\/web40\/una-exposicio-recorda-lorigen-del-nom-popular-dels-quinze\/#primaryimage"},"image":{"@id":"https:\/\/www.noubarris.net\/web40\/una-exposicio-recorda-lorigen-del-nom-popular-dels-quinze\/#primaryimage"},"thumbnailUrl":"https:\/\/www.noubarris.net\/web40\/wp-content\/uploads\/2018\/06\/060618.jpg","datePublished":"2018-06-05T22:00:32+00:00","breadcrumb":{"@id":"https:\/\/www.noubarris.net\/web40\/una-exposicio-recorda-lorigen-del-nom-popular-dels-quinze\/#breadcrumb"},"inLanguage":"ca","potentialAction":[{"@type":"ReadAction","target":["https:\/\/www.noubarris.net\/web40\/una-exposicio-recorda-lorigen-del-nom-popular-dels-quinze\/"]}]},{"@type":"ImageObject","inLanguage":"ca","@id":"https:\/\/www.noubarris.net\/web40\/una-exposicio-recorda-lorigen-del-nom-popular-dels-quinze\/#primaryimage","url":"https:\/\/www.noubarris.net\/web40\/wp-content\/uploads\/2018\/06\/060618.jpg","contentUrl":"https:\/\/www.noubarris.net\/web40\/wp-content\/uploads\/2018\/06\/060618.jpg","width":787,"height":445},{"@type":"BreadcrumbList","@id":"https:\/\/www.noubarris.net\/web40\/una-exposicio-recorda-lorigen-del-nom-popular-dels-quinze\/#breadcrumb","itemListElement":[{"@type":"ListItem","position":1,"name":"Inici","item":"https:\/\/www.noubarris.net\/web40\/"},{"@type":"ListItem","position":2,"name":"Una exposici\u00f3 recorda l\u2019origen del nom popular d\u2019Els Quinze"}]},{"@type":"WebSite","@id":"https:\/\/www.noubarris.net\/web40\/#website","url":"https:\/\/www.noubarris.net\/web40\/","name":"NouBarris.Net","description":"Seguint la vida de Nou Barris des de 1985","publisher":{"@id":"https:\/\/www.noubarris.net\/web40\/#organization"},"potentialAction":[{"@type":"SearchAction","target":{"@type":"EntryPoint","urlTemplate":"https:\/\/www.noubarris.net\/web40\/?s={search_term_string}"},"query-input":{"@type":"PropertyValueSpecification","valueRequired":true,"valueName":"search_term_string"}}],"inLanguage":"ca"},{"@type":"Organization","@id":"https:\/\/www.noubarris.net\/web40\/#organization","name":"NouBarris.Net","url":"https:\/\/www.noubarris.net\/web40\/","logo":{"@type":"ImageObject","inLanguage":"ca","@id":"https:\/\/www.noubarris.net\/web40\/#\/schema\/logo\/image\/","url":"https:\/\/www.noubarris.net\/web40\/wp-content\/uploads\/2024\/11\/cropped-cropped-LOGO_9BTV-2024_Insta-1.jpg","contentUrl":"https:\/\/www.noubarris.net\/web40\/wp-content\/uploads\/2024\/11\/cropped-cropped-LOGO_9BTV-2024_Insta-1.jpg","width":512,"height":512,"caption":"NouBarris.Net"},"image":{"@id":"https:\/\/www.noubarris.net\/web40\/#\/schema\/logo\/image\/"},"sameAs":["https:\/\/www.facebook.com\/NouBarris.net\/?locale=es_ES","https:\/\/x.com\/9BTV"]},{"@type":"Person","@id":"https:\/\/www.noubarris.net\/web40\/#\/schema\/person\/1827f92aaa316c54abbf4dac0de76069","name":"Informatius","image":{"@type":"ImageObject","inLanguage":"ca","@id":"https:\/\/www.noubarris.net\/web40\/#\/schema\/person\/image\/","url":"https:\/\/secure.gravatar.com\/avatar\/87a3b47928835fc72c6ee5b0e1a7263ef0c2d05003a98189bc14926c5f11bcdb?s=96&d=mm&r=g","contentUrl":"https:\/\/secure.gravatar.com\/avatar\/87a3b47928835fc72c6ee5b0e1a7263ef0c2d05003a98189bc14926c5f11bcdb?s=96&d=mm&r=g","caption":"Informatius"},"url":"https:\/\/www.noubarris.net\/web40\/author\/tele\/"}]}},"_links":{"self":[{"href":"https:\/\/www.noubarris.net\/web40\/wp-json\/wp\/v2\/posts\/72504","targetHints":{"allow":["GET"]}}],"collection":[{"href":"https:\/\/www.noubarris.net\/web40\/wp-json\/wp\/v2\/posts"}],"about":[{"href":"https:\/\/www.noubarris.net\/web40\/wp-json\/wp\/v2\/types\/post"}],"author":[{"embeddable":true,"href":"https:\/\/www.noubarris.net\/web40\/wp-json\/wp\/v2\/users\/2"}],"replies":[{"embeddable":true,"href":"https:\/\/www.noubarris.net\/web40\/wp-json\/wp\/v2\/comments?post=72504"}],"version-history":[{"count":0,"href":"https:\/\/www.noubarris.net\/web40\/wp-json\/wp\/v2\/posts\/72504\/revisions"}],"wp:featuredmedia":[{"embeddable":true,"href":"https:\/\/www.noubarris.net\/web40\/wp-json\/wp\/v2\/media\/72506"}],"wp:attachment":[{"href":"https:\/\/www.noubarris.net\/web40\/wp-json\/wp\/v2\/media?parent=72504"}],"wp:term":[{"taxonomy":"category","embeddable":true,"href":"https:\/\/www.noubarris.net\/web40\/wp-json\/wp\/v2\/categories?post=72504"},{"taxonomy":"post_tag","embeddable":true,"href":"https:\/\/www.noubarris.net\/web40\/wp-json\/wp\/v2\/tags?post=72504"}],"curies":[{"name":"wp","href":"https:\/\/api.w.org\/{rel}","templated":true}]}}