{"id":72521,"date":"2018-06-08T00:00:07","date_gmt":"2018-06-07T22:00:07","guid":{"rendered":"http:\/\/www.noubarris.net\/web40\/?p=72521"},"modified":"2018-06-07T11:20:38","modified_gmt":"2018-06-07T09:20:38","slug":"neix-el-primer-cau-de-la-trinitat-nova","status":"publish","type":"post","link":"https:\/\/www.noubarris.net\/web40\/neix-el-primer-cau-de-la-trinitat-nova\/","title":{"rendered":"Neix el primer cau de la Trinitat Nova"},"content":{"rendered":"<p><strong>L&#8217;espai obre dissabtes al mat\u00ed per a una vintena d&#8217;infants<\/strong><\/p>\n<p>El projecte de l&#8217;Institut Escola de la Trinitat Nova ha aportat nous serveis i espais dins el <a href=\"http:\/\/pladebarris.barcelona\/plans-de-barri\/trinitat-nova\/inici\" target=\"_blank\" rel=\"noopener\">Pla de barris<\/a>, com ara un espai familiar o un grup de percussi\u00f3, entre molts altres. Ara ha sorgit un cau, on una vintena d\u2019infants gaudeix els dissabtes al mat\u00ed d\u201911.30 a 13h de tot tipus d&#8217;activitats per passar-ho b\u00e9, recon\u00e8ixer-se, estimar-se, conviure, i descobrir de tot all\u00f2 que s\u00f3n capa\u00e7os i capaces.<\/p>\n<p>L&#8217;origen del cau es troba en la celebraci\u00f3 dels Campaments Urbans 2017 impulsats per l\u2019Institut Municipal d\u2019Educaci\u00f3 de Barcelona en el marc de Pla de Barris. All\u00e0 sorgeix la inquietud d\u2019un dels monitors del barri, que veu la necessitat de generar un cau a Trinitat Nova. I la iniciativa troba el seu lloc\u00a0en un dels eixos estrat\u00e8gics del programa Baobab: Generar les condicions necess\u00e0ries per a la creaci\u00f3, desenvolupament i sostenibilitat d\u2019un esplai o cau en els barris d\u2019acci\u00f3 priorit\u00e0ria del Pla de Barris de Barcelona.<\/p>\n<p>A dia d\u2019avui, ja es compta amb un grup de sis joves de Trinitat Nova que amb molta implicaci\u00f3, empenta i sobretot il\u00b7lusi\u00f3, han comen\u00e7at a fer activitats que permetran\u00a0 als infants formar-se lliurament en la seva pr\u00f2pia escala de valors, esdevenint aix\u00ed persones compromeses i participatives en la creaci\u00f3 d\u2019un barri millor i per tant, d\u2019un m\u00f3n millor.<\/p>\n<p>Segons afirma l&#8217;Ajuntament, el naixement del\u00a0 Cau de la Trini \u00e9s una gran not\u00edcia tamb\u00e9 a nivell de ciutat ja que va &#8220;en coher\u00e8ncia i conson\u00e0ncia amb el Projecte Educatiu de Ciutat. Aquest ent\u00e9n l\u2019educaci\u00f3 comunit\u00e0ria com el marc necessari per assolir una educaci\u00f3 m\u00e9s ampla (per tothom), m\u00e9s llarga (al llarg de la vida) i m\u00e9s alta (digna), promovent que l\u2019educaci\u00f3\u00a0 es treballi en xarxa i de manera participada per tota la comunitat educativa de l\u2019entorn proper, tot esdevenint un objectiu compartit i una eina per a la cohesi\u00f3 social.&#8221;<\/p>\n","protected":false},"excerpt":{"rendered":"<p>L&#8217;espai obre dissabtes al mat\u00ed per a una vintena d&#8217;infants El projecte de l&#8217;Institut Escola de la Trinitat Nova ha<\/p>\n","protected":false},"author":2,"featured_media":72522,"comment_status":"closed","ping_status":"closed","sticky":false,"template":"","format":"standard","meta":{"colormag_page_layout":"default_layout","_monsterinsights_skip_tracking":false,"_monsterinsights_sitenote_active":false,"_monsterinsights_sitenote_note":"","_monsterinsights_sitenote_category":0,"footnotes":""},"categories":[138,124],"tags":[593,52,530],"class_list":["post-72521","post","type-post","status-publish","format-standard","has-post-thumbnail","hentry","category-la-trinitat-nova","category-societat","tag-institut-escola-trinitat-nova","tag-la-trinitat-nova","tag-pla-de-barris"],"yoast_head":"<!-- This site is optimized with the Yoast SEO plugin v25.3 - https:\/\/yoast.com\/wordpress\/plugins\/seo\/ -->\n<title>Neix el primer cau de la Trinitat Nova - NouBarris.Net<\/title>\n<meta name=\"robots\" content=\"index, follow, max-snippet:-1, max-image-preview:large, max-video-preview:-1\" \/>\n<link rel=\"canonical\" href=\"https:\/\/www.noubarris.net\/web40\/neix-el-primer-cau-de-la-trinitat-nova\/\" \/>\n<meta property=\"og:locale\" content=\"ca_ES\" \/>\n<meta property=\"og:type\" content=\"article\" \/>\n<meta property=\"og:title\" content=\"Neix el primer cau de la Trinitat Nova - NouBarris.Net\" \/>\n<meta property=\"og:description\" content=\"L&#8217;espai obre dissabtes al mat\u00ed per a una vintena d&#8217;infants El projecte de l&#8217;Institut Escola de la Trinitat Nova ha\" \/>\n<meta property=\"og:url\" content=\"https:\/\/www.noubarris.net\/web40\/neix-el-primer-cau-de-la-trinitat-nova\/\" \/>\n<meta property=\"og:site_name\" content=\"NouBarris.Net\" \/>\n<meta property=\"article:publisher\" content=\"https:\/\/www.facebook.com\/NouBarris.net\/?locale=es_ES\" \/>\n<meta property=\"article:published_time\" content=\"2018-06-07T22:00:07+00:00\" \/>\n<meta property=\"og:image\" content=\"https:\/\/www.noubarris.net\/web40\/wp-content\/uploads\/2018\/06\/080618.jpg\" \/>\n\t<meta property=\"og:image:width\" content=\"787\" \/>\n\t<meta property=\"og:image:height\" content=\"445\" \/>\n\t<meta property=\"og:image:type\" content=\"image\/jpeg\" \/>\n<meta name=\"author\" content=\"Informatius\" \/>\n<meta name=\"twitter:card\" content=\"summary_large_image\" \/>\n<meta name=\"twitter:creator\" content=\"@9BTV\" \/>\n<meta name=\"twitter:site\" content=\"@9BTV\" \/>\n<meta name=\"twitter:label1\" content=\"Escrit per\" \/>\n\t<meta name=\"twitter:data1\" content=\"Informatius\" \/>\n\t<meta name=\"twitter:label2\" content=\"Temps estimat de lectura\" \/>\n\t<meta name=\"twitter:data2\" content=\"2 minuts\" \/>\n<script type=\"application\/ld+json\" class=\"yoast-schema-graph\">{\"@context\":\"https:\/\/schema.org\",\"@graph\":[{\"@type\":\"Article\",\"@id\":\"https:\/\/www.noubarris.net\/web40\/neix-el-primer-cau-de-la-trinitat-nova\/#article\",\"isPartOf\":{\"@id\":\"https:\/\/www.noubarris.net\/web40\/neix-el-primer-cau-de-la-trinitat-nova\/\"},\"author\":{\"name\":\"Informatius\",\"@id\":\"https:\/\/www.noubarris.net\/web40\/#\/schema\/person\/1827f92aaa316c54abbf4dac0de76069\"},\"headline\":\"Neix el primer cau de la Trinitat Nova\",\"datePublished\":\"2018-06-07T22:00:07+00:00\",\"mainEntityOfPage\":{\"@id\":\"https:\/\/www.noubarris.net\/web40\/neix-el-primer-cau-de-la-trinitat-nova\/\"},\"wordCount\":360,\"publisher\":{\"@id\":\"https:\/\/www.noubarris.net\/web40\/#organization\"},\"image\":{\"@id\":\"https:\/\/www.noubarris.net\/web40\/neix-el-primer-cau-de-la-trinitat-nova\/#primaryimage\"},\"thumbnailUrl\":\"https:\/\/www.noubarris.net\/web40\/wp-content\/uploads\/2018\/06\/080618.jpg\",\"keywords\":[\"institut escola trinitat nova\",\"La Trinitat Nova\",\"pla de barris\"],\"articleSection\":[\"La Trinitat Nova\",\"Societat\"],\"inLanguage\":\"ca\"},{\"@type\":\"WebPage\",\"@id\":\"https:\/\/www.noubarris.net\/web40\/neix-el-primer-cau-de-la-trinitat-nova\/\",\"url\":\"https:\/\/www.noubarris.net\/web40\/neix-el-primer-cau-de-la-trinitat-nova\/\",\"name\":\"Neix el primer cau de la Trinitat Nova - NouBarris.Net\",\"isPartOf\":{\"@id\":\"https:\/\/www.noubarris.net\/web40\/#website\"},\"primaryImageOfPage\":{\"@id\":\"https:\/\/www.noubarris.net\/web40\/neix-el-primer-cau-de-la-trinitat-nova\/#primaryimage\"},\"image\":{\"@id\":\"https:\/\/www.noubarris.net\/web40\/neix-el-primer-cau-de-la-trinitat-nova\/#primaryimage\"},\"thumbnailUrl\":\"https:\/\/www.noubarris.net\/web40\/wp-content\/uploads\/2018\/06\/080618.jpg\",\"datePublished\":\"2018-06-07T22:00:07+00:00\",\"breadcrumb\":{\"@id\":\"https:\/\/www.noubarris.net\/web40\/neix-el-primer-cau-de-la-trinitat-nova\/#breadcrumb\"},\"inLanguage\":\"ca\",\"potentialAction\":[{\"@type\":\"ReadAction\",\"target\":[\"https:\/\/www.noubarris.net\/web40\/neix-el-primer-cau-de-la-trinitat-nova\/\"]}]},{\"@type\":\"ImageObject\",\"inLanguage\":\"ca\",\"@id\":\"https:\/\/www.noubarris.net\/web40\/neix-el-primer-cau-de-la-trinitat-nova\/#primaryimage\",\"url\":\"https:\/\/www.noubarris.net\/web40\/wp-content\/uploads\/2018\/06\/080618.jpg\",\"contentUrl\":\"https:\/\/www.noubarris.net\/web40\/wp-content\/uploads\/2018\/06\/080618.jpg\",\"width\":787,\"height\":445},{\"@type\":\"BreadcrumbList\",\"@id\":\"https:\/\/www.noubarris.net\/web40\/neix-el-primer-cau-de-la-trinitat-nova\/#breadcrumb\",\"itemListElement\":[{\"@type\":\"ListItem\",\"position\":1,\"name\":\"Inici\",\"item\":\"https:\/\/www.noubarris.net\/web40\/\"},{\"@type\":\"ListItem\",\"position\":2,\"name\":\"Neix el primer cau de la Trinitat Nova\"}]},{\"@type\":\"WebSite\",\"@id\":\"https:\/\/www.noubarris.net\/web40\/#website\",\"url\":\"https:\/\/www.noubarris.net\/web40\/\",\"name\":\"NouBarris.Net\",\"description\":\"Seguint la vida de Nou Barris des de 1985\",\"publisher\":{\"@id\":\"https:\/\/www.noubarris.net\/web40\/#organization\"},\"potentialAction\":[{\"@type\":\"SearchAction\",\"target\":{\"@type\":\"EntryPoint\",\"urlTemplate\":\"https:\/\/www.noubarris.net\/web40\/?s={search_term_string}\"},\"query-input\":{\"@type\":\"PropertyValueSpecification\",\"valueRequired\":true,\"valueName\":\"search_term_string\"}}],\"inLanguage\":\"ca\"},{\"@type\":\"Organization\",\"@id\":\"https:\/\/www.noubarris.net\/web40\/#organization\",\"name\":\"NouBarris.Net\",\"url\":\"https:\/\/www.noubarris.net\/web40\/\",\"logo\":{\"@type\":\"ImageObject\",\"inLanguage\":\"ca\",\"@id\":\"https:\/\/www.noubarris.net\/web40\/#\/schema\/logo\/image\/\",\"url\":\"https:\/\/www.noubarris.net\/web40\/wp-content\/uploads\/2024\/11\/cropped-cropped-LOGO_9BTV-2024_Insta-1.jpg\",\"contentUrl\":\"https:\/\/www.noubarris.net\/web40\/wp-content\/uploads\/2024\/11\/cropped-cropped-LOGO_9BTV-2024_Insta-1.jpg\",\"width\":512,\"height\":512,\"caption\":\"NouBarris.Net\"},\"image\":{\"@id\":\"https:\/\/www.noubarris.net\/web40\/#\/schema\/logo\/image\/\"},\"sameAs\":[\"https:\/\/www.facebook.com\/NouBarris.net\/?locale=es_ES\",\"https:\/\/x.com\/9BTV\"]},{\"@type\":\"Person\",\"@id\":\"https:\/\/www.noubarris.net\/web40\/#\/schema\/person\/1827f92aaa316c54abbf4dac0de76069\",\"name\":\"Informatius\",\"image\":{\"@type\":\"ImageObject\",\"inLanguage\":\"ca\",\"@id\":\"https:\/\/www.noubarris.net\/web40\/#\/schema\/person\/image\/\",\"url\":\"https:\/\/secure.gravatar.com\/avatar\/87a3b47928835fc72c6ee5b0e1a7263ef0c2d05003a98189bc14926c5f11bcdb?s=96&d=mm&r=g\",\"contentUrl\":\"https:\/\/secure.gravatar.com\/avatar\/87a3b47928835fc72c6ee5b0e1a7263ef0c2d05003a98189bc14926c5f11bcdb?s=96&d=mm&r=g\",\"caption\":\"Informatius\"},\"url\":\"https:\/\/www.noubarris.net\/web40\/author\/tele\/\"}]}<\/script>\n<!-- \/ Yoast SEO plugin. -->","yoast_head_json":{"title":"Neix el primer cau de la Trinitat Nova - NouBarris.Net","robots":{"index":"index","follow":"follow","max-snippet":"max-snippet:-1","max-image-preview":"max-image-preview:large","max-video-preview":"max-video-preview:-1"},"canonical":"https:\/\/www.noubarris.net\/web40\/neix-el-primer-cau-de-la-trinitat-nova\/","og_locale":"ca_ES","og_type":"article","og_title":"Neix el primer cau de la Trinitat Nova - NouBarris.Net","og_description":"L&#8217;espai obre dissabtes al mat\u00ed per a una vintena d&#8217;infants El projecte de l&#8217;Institut Escola de la Trinitat Nova ha","og_url":"https:\/\/www.noubarris.net\/web40\/neix-el-primer-cau-de-la-trinitat-nova\/","og_site_name":"NouBarris.Net","article_publisher":"https:\/\/www.facebook.com\/NouBarris.net\/?locale=es_ES","article_published_time":"2018-06-07T22:00:07+00:00","og_image":[{"width":787,"height":445,"url":"https:\/\/www.noubarris.net\/web40\/wp-content\/uploads\/2018\/06\/080618.jpg","type":"image\/jpeg"}],"author":"Informatius","twitter_card":"summary_large_image","twitter_creator":"@9BTV","twitter_site":"@9BTV","twitter_misc":{"Escrit per":"Informatius","Temps estimat de lectura":"2 minuts"},"schema":{"@context":"https:\/\/schema.org","@graph":[{"@type":"Article","@id":"https:\/\/www.noubarris.net\/web40\/neix-el-primer-cau-de-la-trinitat-nova\/#article","isPartOf":{"@id":"https:\/\/www.noubarris.net\/web40\/neix-el-primer-cau-de-la-trinitat-nova\/"},"author":{"name":"Informatius","@id":"https:\/\/www.noubarris.net\/web40\/#\/schema\/person\/1827f92aaa316c54abbf4dac0de76069"},"headline":"Neix el primer cau de la Trinitat Nova","datePublished":"2018-06-07T22:00:07+00:00","mainEntityOfPage":{"@id":"https:\/\/www.noubarris.net\/web40\/neix-el-primer-cau-de-la-trinitat-nova\/"},"wordCount":360,"publisher":{"@id":"https:\/\/www.noubarris.net\/web40\/#organization"},"image":{"@id":"https:\/\/www.noubarris.net\/web40\/neix-el-primer-cau-de-la-trinitat-nova\/#primaryimage"},"thumbnailUrl":"https:\/\/www.noubarris.net\/web40\/wp-content\/uploads\/2018\/06\/080618.jpg","keywords":["institut escola trinitat nova","La Trinitat Nova","pla de barris"],"articleSection":["La Trinitat Nova","Societat"],"inLanguage":"ca"},{"@type":"WebPage","@id":"https:\/\/www.noubarris.net\/web40\/neix-el-primer-cau-de-la-trinitat-nova\/","url":"https:\/\/www.noubarris.net\/web40\/neix-el-primer-cau-de-la-trinitat-nova\/","name":"Neix el primer cau de la Trinitat Nova - NouBarris.Net","isPartOf":{"@id":"https:\/\/www.noubarris.net\/web40\/#website"},"primaryImageOfPage":{"@id":"https:\/\/www.noubarris.net\/web40\/neix-el-primer-cau-de-la-trinitat-nova\/#primaryimage"},"image":{"@id":"https:\/\/www.noubarris.net\/web40\/neix-el-primer-cau-de-la-trinitat-nova\/#primaryimage"},"thumbnailUrl":"https:\/\/www.noubarris.net\/web40\/wp-content\/uploads\/2018\/06\/080618.jpg","datePublished":"2018-06-07T22:00:07+00:00","breadcrumb":{"@id":"https:\/\/www.noubarris.net\/web40\/neix-el-primer-cau-de-la-trinitat-nova\/#breadcrumb"},"inLanguage":"ca","potentialAction":[{"@type":"ReadAction","target":["https:\/\/www.noubarris.net\/web40\/neix-el-primer-cau-de-la-trinitat-nova\/"]}]},{"@type":"ImageObject","inLanguage":"ca","@id":"https:\/\/www.noubarris.net\/web40\/neix-el-primer-cau-de-la-trinitat-nova\/#primaryimage","url":"https:\/\/www.noubarris.net\/web40\/wp-content\/uploads\/2018\/06\/080618.jpg","contentUrl":"https:\/\/www.noubarris.net\/web40\/wp-content\/uploads\/2018\/06\/080618.jpg","width":787,"height":445},{"@type":"BreadcrumbList","@id":"https:\/\/www.noubarris.net\/web40\/neix-el-primer-cau-de-la-trinitat-nova\/#breadcrumb","itemListElement":[{"@type":"ListItem","position":1,"name":"Inici","item":"https:\/\/www.noubarris.net\/web40\/"},{"@type":"ListItem","position":2,"name":"Neix el primer cau de la Trinitat Nova"}]},{"@type":"WebSite","@id":"https:\/\/www.noubarris.net\/web40\/#website","url":"https:\/\/www.noubarris.net\/web40\/","name":"NouBarris.Net","description":"Seguint la vida de Nou Barris des de 1985","publisher":{"@id":"https:\/\/www.noubarris.net\/web40\/#organization"},"potentialAction":[{"@type":"SearchAction","target":{"@type":"EntryPoint","urlTemplate":"https:\/\/www.noubarris.net\/web40\/?s={search_term_string}"},"query-input":{"@type":"PropertyValueSpecification","valueRequired":true,"valueName":"search_term_string"}}],"inLanguage":"ca"},{"@type":"Organization","@id":"https:\/\/www.noubarris.net\/web40\/#organization","name":"NouBarris.Net","url":"https:\/\/www.noubarris.net\/web40\/","logo":{"@type":"ImageObject","inLanguage":"ca","@id":"https:\/\/www.noubarris.net\/web40\/#\/schema\/logo\/image\/","url":"https:\/\/www.noubarris.net\/web40\/wp-content\/uploads\/2024\/11\/cropped-cropped-LOGO_9BTV-2024_Insta-1.jpg","contentUrl":"https:\/\/www.noubarris.net\/web40\/wp-content\/uploads\/2024\/11\/cropped-cropped-LOGO_9BTV-2024_Insta-1.jpg","width":512,"height":512,"caption":"NouBarris.Net"},"image":{"@id":"https:\/\/www.noubarris.net\/web40\/#\/schema\/logo\/image\/"},"sameAs":["https:\/\/www.facebook.com\/NouBarris.net\/?locale=es_ES","https:\/\/x.com\/9BTV"]},{"@type":"Person","@id":"https:\/\/www.noubarris.net\/web40\/#\/schema\/person\/1827f92aaa316c54abbf4dac0de76069","name":"Informatius","image":{"@type":"ImageObject","inLanguage":"ca","@id":"https:\/\/www.noubarris.net\/web40\/#\/schema\/person\/image\/","url":"https:\/\/secure.gravatar.com\/avatar\/87a3b47928835fc72c6ee5b0e1a7263ef0c2d05003a98189bc14926c5f11bcdb?s=96&d=mm&r=g","contentUrl":"https:\/\/secure.gravatar.com\/avatar\/87a3b47928835fc72c6ee5b0e1a7263ef0c2d05003a98189bc14926c5f11bcdb?s=96&d=mm&r=g","caption":"Informatius"},"url":"https:\/\/www.noubarris.net\/web40\/author\/tele\/"}]}},"_links":{"self":[{"href":"https:\/\/www.noubarris.net\/web40\/wp-json\/wp\/v2\/posts\/72521","targetHints":{"allow":["GET"]}}],"collection":[{"href":"https:\/\/www.noubarris.net\/web40\/wp-json\/wp\/v2\/posts"}],"about":[{"href":"https:\/\/www.noubarris.net\/web40\/wp-json\/wp\/v2\/types\/post"}],"author":[{"embeddable":true,"href":"https:\/\/www.noubarris.net\/web40\/wp-json\/wp\/v2\/users\/2"}],"replies":[{"embeddable":true,"href":"https:\/\/www.noubarris.net\/web40\/wp-json\/wp\/v2\/comments?post=72521"}],"version-history":[{"count":0,"href":"https:\/\/www.noubarris.net\/web40\/wp-json\/wp\/v2\/posts\/72521\/revisions"}],"wp:featuredmedia":[{"embeddable":true,"href":"https:\/\/www.noubarris.net\/web40\/wp-json\/wp\/v2\/media\/72522"}],"wp:attachment":[{"href":"https:\/\/www.noubarris.net\/web40\/wp-json\/wp\/v2\/media?parent=72521"}],"wp:term":[{"taxonomy":"category","embeddable":true,"href":"https:\/\/www.noubarris.net\/web40\/wp-json\/wp\/v2\/categories?post=72521"},{"taxonomy":"post_tag","embeddable":true,"href":"https:\/\/www.noubarris.net\/web40\/wp-json\/wp\/v2\/tags?post=72521"}],"curies":[{"name":"wp","href":"https:\/\/api.w.org\/{rel}","templated":true}]}}