{"id":72533,"date":"2018-06-13T00:00:10","date_gmt":"2018-06-12T22:00:10","guid":{"rendered":"http:\/\/www.noubarris.net\/web40\/?p=72533"},"modified":"2018-06-13T08:40:09","modified_gmt":"2018-06-13T06:40:09","slug":"el-pati-de-la-seu-del-districte-acull-laudiencia-publica","status":"publish","type":"post","link":"https:\/\/www.noubarris.net\/web40\/el-pati-de-la-seu-del-districte-acull-laudiencia-publica\/","title":{"rendered":"El Pati de la Seu del Districte acull l&#8217;Audi\u00e8ncia P\u00fablica"},"content":{"rendered":"<p><strong>La sessi\u00f3 comen\u00e7ar\u00e0 a les 19h, oberta a tot el ve\u00efnat<\/strong><\/p>\n<p>Aquest vespre a partir de les 19h les ve\u00efnes i ve\u00efns de Nou Barris poden participar de la darrera sessi\u00f3 de l&#8217;Audi\u00e8ncia P\u00fablica abans de les vacances d&#8217;estiu. Aquest cop la novetat \u00e9s que es canvia l&#8217;escenari habitual, la sala d&#8217;actes, pel Pati de la Seu del Districte, sempre i quan la pluja no faci acte de pres\u00e8ncia. No \u00e9s la primera vegada que es fa servir aquesta pla\u00e7a porticada, l&#8217;any passat ja es va dur a terme una audi\u00e8ncia.<\/p>\n<p>L\u2019Audi\u00e8ncia P\u00fablica \u00e9s \u00f2rgan de participaci\u00f3 que pret\u00e9n debatre l\u2019estat del districte. La seva finalitat, doncs, \u00e9s establir una comunicaci\u00f3 peri\u00f2dica del Districte amb la ciutadania. I aix\u00f2 a la pr\u00e0ctica \u00e9s que tothom que tingui alguna queixa, suggeriment o dubte pot agafar un torn de paraula al principi de la sessi\u00f3. El govern escolta totes les opinions, una darrera l&#8217;altra, i finalment contesta al final de la sessi\u00f3 a totes aquelles exposicions de les quals t\u00e9 informaci\u00f3. La resta rebran la resposta en la seg\u00fcent audi\u00e8ncia o b\u00e9 per escrit.<\/p>\n","protected":false},"excerpt":{"rendered":"<p>La sessi\u00f3 comen\u00e7ar\u00e0 a les 19h, oberta a tot el ve\u00efnat Aquest vespre a partir de les 19h les ve\u00efnes<\/p>\n","protected":false},"author":2,"featured_media":72535,"comment_status":"closed","ping_status":"closed","sticky":false,"template":"","format":"standard","meta":{"colormag_page_layout":"default_layout","_monsterinsights_skip_tracking":false,"_monsterinsights_sitenote_active":false,"_monsterinsights_sitenote_note":"","_monsterinsights_sitenote_category":0,"footnotes":""},"categories":[447,484],"tags":[318,319,327],"class_list":["post-72533","post","type-post","status-publish","format-standard","has-post-thumbnail","hentry","category-audiencia-publica-i-plenari","category-participacio","tag-audiencia","tag-nou-barris","tag-participacio"],"yoast_head":"<!-- This site is optimized with the Yoast SEO plugin v25.3 - https:\/\/yoast.com\/wordpress\/plugins\/seo\/ -->\n<title>El Pati de la Seu del Districte acull l&#039;Audi\u00e8ncia P\u00fablica - NouBarris.Net<\/title>\n<meta name=\"robots\" content=\"index, follow, max-snippet:-1, max-image-preview:large, max-video-preview:-1\" \/>\n<link rel=\"canonical\" href=\"https:\/\/www.noubarris.net\/web40\/el-pati-de-la-seu-del-districte-acull-laudiencia-publica\/\" \/>\n<meta property=\"og:locale\" content=\"ca_ES\" \/>\n<meta property=\"og:type\" content=\"article\" \/>\n<meta property=\"og:title\" content=\"El Pati de la Seu del Districte acull l&#039;Audi\u00e8ncia P\u00fablica - NouBarris.Net\" \/>\n<meta property=\"og:description\" content=\"La sessi\u00f3 comen\u00e7ar\u00e0 a les 19h, oberta a tot el ve\u00efnat Aquest vespre a partir de les 19h les ve\u00efnes\" \/>\n<meta property=\"og:url\" content=\"https:\/\/www.noubarris.net\/web40\/el-pati-de-la-seu-del-districte-acull-laudiencia-publica\/\" \/>\n<meta property=\"og:site_name\" content=\"NouBarris.Net\" \/>\n<meta property=\"article:publisher\" content=\"https:\/\/www.facebook.com\/NouBarris.net\/?locale=es_ES\" \/>\n<meta property=\"article:published_time\" content=\"2018-06-12T22:00:10+00:00\" \/>\n<meta property=\"article:modified_time\" content=\"2018-06-13T06:40:09+00:00\" \/>\n<meta property=\"og:image\" content=\"https:\/\/www.noubarris.net\/web40\/wp-content\/uploads\/2018\/06\/130618.jpg\" \/>\n\t<meta property=\"og:image:width\" content=\"787\" \/>\n\t<meta property=\"og:image:height\" content=\"445\" \/>\n\t<meta property=\"og:image:type\" content=\"image\/jpeg\" \/>\n<meta name=\"author\" content=\"Informatius\" \/>\n<meta name=\"twitter:card\" content=\"summary_large_image\" \/>\n<meta name=\"twitter:creator\" content=\"@9BTV\" \/>\n<meta name=\"twitter:site\" content=\"@9BTV\" \/>\n<meta name=\"twitter:label1\" content=\"Escrit per\" \/>\n\t<meta name=\"twitter:data1\" content=\"Informatius\" \/>\n\t<meta name=\"twitter:label2\" content=\"Temps estimat de lectura\" \/>\n\t<meta name=\"twitter:data2\" content=\"1 minut\" \/>\n<script type=\"application\/ld+json\" class=\"yoast-schema-graph\">{\"@context\":\"https:\/\/schema.org\",\"@graph\":[{\"@type\":\"Article\",\"@id\":\"https:\/\/www.noubarris.net\/web40\/el-pati-de-la-seu-del-districte-acull-laudiencia-publica\/#article\",\"isPartOf\":{\"@id\":\"https:\/\/www.noubarris.net\/web40\/el-pati-de-la-seu-del-districte-acull-laudiencia-publica\/\"},\"author\":{\"name\":\"Informatius\",\"@id\":\"https:\/\/www.noubarris.net\/web40\/#\/schema\/person\/1827f92aaa316c54abbf4dac0de76069\"},\"headline\":\"El Pati de la Seu del Districte acull l&#8217;Audi\u00e8ncia P\u00fablica\",\"datePublished\":\"2018-06-12T22:00:10+00:00\",\"dateModified\":\"2018-06-13T06:40:09+00:00\",\"mainEntityOfPage\":{\"@id\":\"https:\/\/www.noubarris.net\/web40\/el-pati-de-la-seu-del-districte-acull-laudiencia-publica\/\"},\"wordCount\":219,\"publisher\":{\"@id\":\"https:\/\/www.noubarris.net\/web40\/#organization\"},\"image\":{\"@id\":\"https:\/\/www.noubarris.net\/web40\/el-pati-de-la-seu-del-districte-acull-laudiencia-publica\/#primaryimage\"},\"thumbnailUrl\":\"https:\/\/www.noubarris.net\/web40\/wp-content\/uploads\/2018\/06\/130618.jpg\",\"keywords\":[\"Audi\u00e8ncia\",\"Nou Barris\",\"Participaci\u00f3\"],\"articleSection\":[\"Audi\u00e8ncia p\u00fablica i Plenari\",\"Participaci\u00f3\"],\"inLanguage\":\"ca\"},{\"@type\":\"WebPage\",\"@id\":\"https:\/\/www.noubarris.net\/web40\/el-pati-de-la-seu-del-districte-acull-laudiencia-publica\/\",\"url\":\"https:\/\/www.noubarris.net\/web40\/el-pati-de-la-seu-del-districte-acull-laudiencia-publica\/\",\"name\":\"El Pati de la Seu del Districte acull l'Audi\u00e8ncia P\u00fablica - NouBarris.Net\",\"isPartOf\":{\"@id\":\"https:\/\/www.noubarris.net\/web40\/#website\"},\"primaryImageOfPage\":{\"@id\":\"https:\/\/www.noubarris.net\/web40\/el-pati-de-la-seu-del-districte-acull-laudiencia-publica\/#primaryimage\"},\"image\":{\"@id\":\"https:\/\/www.noubarris.net\/web40\/el-pati-de-la-seu-del-districte-acull-laudiencia-publica\/#primaryimage\"},\"thumbnailUrl\":\"https:\/\/www.noubarris.net\/web40\/wp-content\/uploads\/2018\/06\/130618.jpg\",\"datePublished\":\"2018-06-12T22:00:10+00:00\",\"dateModified\":\"2018-06-13T06:40:09+00:00\",\"breadcrumb\":{\"@id\":\"https:\/\/www.noubarris.net\/web40\/el-pati-de-la-seu-del-districte-acull-laudiencia-publica\/#breadcrumb\"},\"inLanguage\":\"ca\",\"potentialAction\":[{\"@type\":\"ReadAction\",\"target\":[\"https:\/\/www.noubarris.net\/web40\/el-pati-de-la-seu-del-districte-acull-laudiencia-publica\/\"]}]},{\"@type\":\"ImageObject\",\"inLanguage\":\"ca\",\"@id\":\"https:\/\/www.noubarris.net\/web40\/el-pati-de-la-seu-del-districte-acull-laudiencia-publica\/#primaryimage\",\"url\":\"https:\/\/www.noubarris.net\/web40\/wp-content\/uploads\/2018\/06\/130618.jpg\",\"contentUrl\":\"https:\/\/www.noubarris.net\/web40\/wp-content\/uploads\/2018\/06\/130618.jpg\",\"width\":787,\"height\":445},{\"@type\":\"BreadcrumbList\",\"@id\":\"https:\/\/www.noubarris.net\/web40\/el-pati-de-la-seu-del-districte-acull-laudiencia-publica\/#breadcrumb\",\"itemListElement\":[{\"@type\":\"ListItem\",\"position\":1,\"name\":\"Inici\",\"item\":\"https:\/\/www.noubarris.net\/web40\/\"},{\"@type\":\"ListItem\",\"position\":2,\"name\":\"El Pati de la Seu del Districte acull l&#8217;Audi\u00e8ncia P\u00fablica\"}]},{\"@type\":\"WebSite\",\"@id\":\"https:\/\/www.noubarris.net\/web40\/#website\",\"url\":\"https:\/\/www.noubarris.net\/web40\/\",\"name\":\"NouBarris.Net\",\"description\":\"Seguint la vida de Nou Barris des de 1985\",\"publisher\":{\"@id\":\"https:\/\/www.noubarris.net\/web40\/#organization\"},\"potentialAction\":[{\"@type\":\"SearchAction\",\"target\":{\"@type\":\"EntryPoint\",\"urlTemplate\":\"https:\/\/www.noubarris.net\/web40\/?s={search_term_string}\"},\"query-input\":{\"@type\":\"PropertyValueSpecification\",\"valueRequired\":true,\"valueName\":\"search_term_string\"}}],\"inLanguage\":\"ca\"},{\"@type\":\"Organization\",\"@id\":\"https:\/\/www.noubarris.net\/web40\/#organization\",\"name\":\"NouBarris.Net\",\"url\":\"https:\/\/www.noubarris.net\/web40\/\",\"logo\":{\"@type\":\"ImageObject\",\"inLanguage\":\"ca\",\"@id\":\"https:\/\/www.noubarris.net\/web40\/#\/schema\/logo\/image\/\",\"url\":\"https:\/\/www.noubarris.net\/web40\/wp-content\/uploads\/2024\/11\/cropped-cropped-LOGO_9BTV-2024_Insta-1.jpg\",\"contentUrl\":\"https:\/\/www.noubarris.net\/web40\/wp-content\/uploads\/2024\/11\/cropped-cropped-LOGO_9BTV-2024_Insta-1.jpg\",\"width\":512,\"height\":512,\"caption\":\"NouBarris.Net\"},\"image\":{\"@id\":\"https:\/\/www.noubarris.net\/web40\/#\/schema\/logo\/image\/\"},\"sameAs\":[\"https:\/\/www.facebook.com\/NouBarris.net\/?locale=es_ES\",\"https:\/\/x.com\/9BTV\"]},{\"@type\":\"Person\",\"@id\":\"https:\/\/www.noubarris.net\/web40\/#\/schema\/person\/1827f92aaa316c54abbf4dac0de76069\",\"name\":\"Informatius\",\"image\":{\"@type\":\"ImageObject\",\"inLanguage\":\"ca\",\"@id\":\"https:\/\/www.noubarris.net\/web40\/#\/schema\/person\/image\/\",\"url\":\"https:\/\/secure.gravatar.com\/avatar\/87a3b47928835fc72c6ee5b0e1a7263ef0c2d05003a98189bc14926c5f11bcdb?s=96&d=mm&r=g\",\"contentUrl\":\"https:\/\/secure.gravatar.com\/avatar\/87a3b47928835fc72c6ee5b0e1a7263ef0c2d05003a98189bc14926c5f11bcdb?s=96&d=mm&r=g\",\"caption\":\"Informatius\"},\"url\":\"https:\/\/www.noubarris.net\/web40\/author\/tele\/\"}]}<\/script>\n<!-- \/ Yoast SEO plugin. -->","yoast_head_json":{"title":"El Pati de la Seu del Districte acull l'Audi\u00e8ncia P\u00fablica - NouBarris.Net","robots":{"index":"index","follow":"follow","max-snippet":"max-snippet:-1","max-image-preview":"max-image-preview:large","max-video-preview":"max-video-preview:-1"},"canonical":"https:\/\/www.noubarris.net\/web40\/el-pati-de-la-seu-del-districte-acull-laudiencia-publica\/","og_locale":"ca_ES","og_type":"article","og_title":"El Pati de la Seu del Districte acull l'Audi\u00e8ncia P\u00fablica - NouBarris.Net","og_description":"La sessi\u00f3 comen\u00e7ar\u00e0 a les 19h, oberta a tot el ve\u00efnat Aquest vespre a partir de les 19h les ve\u00efnes","og_url":"https:\/\/www.noubarris.net\/web40\/el-pati-de-la-seu-del-districte-acull-laudiencia-publica\/","og_site_name":"NouBarris.Net","article_publisher":"https:\/\/www.facebook.com\/NouBarris.net\/?locale=es_ES","article_published_time":"2018-06-12T22:00:10+00:00","article_modified_time":"2018-06-13T06:40:09+00:00","og_image":[{"width":787,"height":445,"url":"https:\/\/www.noubarris.net\/web40\/wp-content\/uploads\/2018\/06\/130618.jpg","type":"image\/jpeg"}],"author":"Informatius","twitter_card":"summary_large_image","twitter_creator":"@9BTV","twitter_site":"@9BTV","twitter_misc":{"Escrit per":"Informatius","Temps estimat de lectura":"1 minut"},"schema":{"@context":"https:\/\/schema.org","@graph":[{"@type":"Article","@id":"https:\/\/www.noubarris.net\/web40\/el-pati-de-la-seu-del-districte-acull-laudiencia-publica\/#article","isPartOf":{"@id":"https:\/\/www.noubarris.net\/web40\/el-pati-de-la-seu-del-districte-acull-laudiencia-publica\/"},"author":{"name":"Informatius","@id":"https:\/\/www.noubarris.net\/web40\/#\/schema\/person\/1827f92aaa316c54abbf4dac0de76069"},"headline":"El Pati de la Seu del Districte acull l&#8217;Audi\u00e8ncia P\u00fablica","datePublished":"2018-06-12T22:00:10+00:00","dateModified":"2018-06-13T06:40:09+00:00","mainEntityOfPage":{"@id":"https:\/\/www.noubarris.net\/web40\/el-pati-de-la-seu-del-districte-acull-laudiencia-publica\/"},"wordCount":219,"publisher":{"@id":"https:\/\/www.noubarris.net\/web40\/#organization"},"image":{"@id":"https:\/\/www.noubarris.net\/web40\/el-pati-de-la-seu-del-districte-acull-laudiencia-publica\/#primaryimage"},"thumbnailUrl":"https:\/\/www.noubarris.net\/web40\/wp-content\/uploads\/2018\/06\/130618.jpg","keywords":["Audi\u00e8ncia","Nou Barris","Participaci\u00f3"],"articleSection":["Audi\u00e8ncia p\u00fablica i Plenari","Participaci\u00f3"],"inLanguage":"ca"},{"@type":"WebPage","@id":"https:\/\/www.noubarris.net\/web40\/el-pati-de-la-seu-del-districte-acull-laudiencia-publica\/","url":"https:\/\/www.noubarris.net\/web40\/el-pati-de-la-seu-del-districte-acull-laudiencia-publica\/","name":"El Pati de la Seu del Districte acull l'Audi\u00e8ncia P\u00fablica - NouBarris.Net","isPartOf":{"@id":"https:\/\/www.noubarris.net\/web40\/#website"},"primaryImageOfPage":{"@id":"https:\/\/www.noubarris.net\/web40\/el-pati-de-la-seu-del-districte-acull-laudiencia-publica\/#primaryimage"},"image":{"@id":"https:\/\/www.noubarris.net\/web40\/el-pati-de-la-seu-del-districte-acull-laudiencia-publica\/#primaryimage"},"thumbnailUrl":"https:\/\/www.noubarris.net\/web40\/wp-content\/uploads\/2018\/06\/130618.jpg","datePublished":"2018-06-12T22:00:10+00:00","dateModified":"2018-06-13T06:40:09+00:00","breadcrumb":{"@id":"https:\/\/www.noubarris.net\/web40\/el-pati-de-la-seu-del-districte-acull-laudiencia-publica\/#breadcrumb"},"inLanguage":"ca","potentialAction":[{"@type":"ReadAction","target":["https:\/\/www.noubarris.net\/web40\/el-pati-de-la-seu-del-districte-acull-laudiencia-publica\/"]}]},{"@type":"ImageObject","inLanguage":"ca","@id":"https:\/\/www.noubarris.net\/web40\/el-pati-de-la-seu-del-districte-acull-laudiencia-publica\/#primaryimage","url":"https:\/\/www.noubarris.net\/web40\/wp-content\/uploads\/2018\/06\/130618.jpg","contentUrl":"https:\/\/www.noubarris.net\/web40\/wp-content\/uploads\/2018\/06\/130618.jpg","width":787,"height":445},{"@type":"BreadcrumbList","@id":"https:\/\/www.noubarris.net\/web40\/el-pati-de-la-seu-del-districte-acull-laudiencia-publica\/#breadcrumb","itemListElement":[{"@type":"ListItem","position":1,"name":"Inici","item":"https:\/\/www.noubarris.net\/web40\/"},{"@type":"ListItem","position":2,"name":"El Pati de la Seu del Districte acull l&#8217;Audi\u00e8ncia P\u00fablica"}]},{"@type":"WebSite","@id":"https:\/\/www.noubarris.net\/web40\/#website","url":"https:\/\/www.noubarris.net\/web40\/","name":"NouBarris.Net","description":"Seguint la vida de Nou Barris des de 1985","publisher":{"@id":"https:\/\/www.noubarris.net\/web40\/#organization"},"potentialAction":[{"@type":"SearchAction","target":{"@type":"EntryPoint","urlTemplate":"https:\/\/www.noubarris.net\/web40\/?s={search_term_string}"},"query-input":{"@type":"PropertyValueSpecification","valueRequired":true,"valueName":"search_term_string"}}],"inLanguage":"ca"},{"@type":"Organization","@id":"https:\/\/www.noubarris.net\/web40\/#organization","name":"NouBarris.Net","url":"https:\/\/www.noubarris.net\/web40\/","logo":{"@type":"ImageObject","inLanguage":"ca","@id":"https:\/\/www.noubarris.net\/web40\/#\/schema\/logo\/image\/","url":"https:\/\/www.noubarris.net\/web40\/wp-content\/uploads\/2024\/11\/cropped-cropped-LOGO_9BTV-2024_Insta-1.jpg","contentUrl":"https:\/\/www.noubarris.net\/web40\/wp-content\/uploads\/2024\/11\/cropped-cropped-LOGO_9BTV-2024_Insta-1.jpg","width":512,"height":512,"caption":"NouBarris.Net"},"image":{"@id":"https:\/\/www.noubarris.net\/web40\/#\/schema\/logo\/image\/"},"sameAs":["https:\/\/www.facebook.com\/NouBarris.net\/?locale=es_ES","https:\/\/x.com\/9BTV"]},{"@type":"Person","@id":"https:\/\/www.noubarris.net\/web40\/#\/schema\/person\/1827f92aaa316c54abbf4dac0de76069","name":"Informatius","image":{"@type":"ImageObject","inLanguage":"ca","@id":"https:\/\/www.noubarris.net\/web40\/#\/schema\/person\/image\/","url":"https:\/\/secure.gravatar.com\/avatar\/87a3b47928835fc72c6ee5b0e1a7263ef0c2d05003a98189bc14926c5f11bcdb?s=96&d=mm&r=g","contentUrl":"https:\/\/secure.gravatar.com\/avatar\/87a3b47928835fc72c6ee5b0e1a7263ef0c2d05003a98189bc14926c5f11bcdb?s=96&d=mm&r=g","caption":"Informatius"},"url":"https:\/\/www.noubarris.net\/web40\/author\/tele\/"}]}},"_links":{"self":[{"href":"https:\/\/www.noubarris.net\/web40\/wp-json\/wp\/v2\/posts\/72533","targetHints":{"allow":["GET"]}}],"collection":[{"href":"https:\/\/www.noubarris.net\/web40\/wp-json\/wp\/v2\/posts"}],"about":[{"href":"https:\/\/www.noubarris.net\/web40\/wp-json\/wp\/v2\/types\/post"}],"author":[{"embeddable":true,"href":"https:\/\/www.noubarris.net\/web40\/wp-json\/wp\/v2\/users\/2"}],"replies":[{"embeddable":true,"href":"https:\/\/www.noubarris.net\/web40\/wp-json\/wp\/v2\/comments?post=72533"}],"version-history":[{"count":0,"href":"https:\/\/www.noubarris.net\/web40\/wp-json\/wp\/v2\/posts\/72533\/revisions"}],"wp:featuredmedia":[{"embeddable":true,"href":"https:\/\/www.noubarris.net\/web40\/wp-json\/wp\/v2\/media\/72535"}],"wp:attachment":[{"href":"https:\/\/www.noubarris.net\/web40\/wp-json\/wp\/v2\/media?parent=72533"}],"wp:term":[{"taxonomy":"category","embeddable":true,"href":"https:\/\/www.noubarris.net\/web40\/wp-json\/wp\/v2\/categories?post=72533"},{"taxonomy":"post_tag","embeddable":true,"href":"https:\/\/www.noubarris.net\/web40\/wp-json\/wp\/v2\/tags?post=72533"}],"curies":[{"name":"wp","href":"https:\/\/api.w.org\/{rel}","templated":true}]}}