{"id":72538,"date":"2018-06-16T00:00:04","date_gmt":"2018-06-15T22:00:04","guid":{"rendered":"http:\/\/www.noubarris.net\/web40\/?p=72538"},"modified":"2018-06-15T17:08:20","modified_gmt":"2018-06-15T15:08:20","slug":"festes-majors-opera-del-liceu-i-una-desfilada-de-moda-roquetenca","status":"publish","type":"post","link":"https:\/\/www.noubarris.net\/web40\/festes-majors-opera-del-liceu-i-una-desfilada-de-moda-roquetenca\/","title":{"rendered":"Festes majors, \u00f2pera del Liceu i una desfilada de moda roquetenca"},"content":{"rendered":"<p><strong>Cinc dels barris del districte estan de celebracions aquest cap de setmana<\/strong><\/p>\n<p>Alguns fa dies que celebren la seva festa major, i altres tot just l&#8217;acaben de comen\u00e7ar,\u00a0 per\u00f2 aquest cap de setmana han coincidit les festes majors de cinc dels barris del districte.<\/p>\n<p><a href=\"https:\/\/cosanostra9b.wordpress.com\/festa-major-2018\/\" target=\"_blank\" rel=\"noopener\">Can Peguera va comen\u00e7ar ahir els actes<\/a>, que s&#8217;allargaran fins a la revetlla de Sant Joan, com ja \u00e9s tradicional i es pot comprovar en les fotografies antigues, que mostren com es guarnien els carrers del petit barri i es compartien sopars i fogueres. Aquest vespre i nit compartiran un sopar amb espectacle.<\/p>\n<p><a href=\"https:\/\/www.canbaste.com\/events\/fm_turo_de_la_peira\/\" target=\"_blank\" rel=\"noopener\">El Tur\u00f3 de la Peira tamb\u00e9 va comen\u00e7ar ahir la festa major<\/a> i avui viur\u00e0 un dia d&#8217;exhibicions, sevillanes, una exposici\u00f3 fotogr\u00e0fica d&#8217;Humberto Rivas, havaneres i el preg\u00f3.<\/p>\n<p><a href=\"https:\/\/media-edg.barcelona.cat\/wp-content\/uploads\/2018\/06\/06123858\/FMROQUETESPrograma.pdf\" target=\"_blank\" rel=\"noopener\">Les Roquetes estan de festa<\/a> des de dilluns per\u00f2 avui celebrar\u00e0 un dels actes m\u00e9s esperats pel ve\u00efnat: la Roquetes Fashion Week. La gran desfilada de la moda dissenyada, produ\u00efda i llu\u00efda a la passarel\u00b7la per ve\u00efnes i ve\u00efns del barri. A m\u00e9s, al llarg del dia d&#8217;avui tamb\u00e9 hi haur\u00e0 activitats infantils, espectacles i molta m\u00fasica.<\/p>\n<p><a href=\"https:\/\/media-edg.barcelona.cat\/wp-content\/uploads\/2018\/06\/07133837\/programa-FM-Guineueta.pdf\" target=\"_blank\" rel=\"noopener\">La Guineueta acaba dem\u00e0 les celebracion<\/a>s, per\u00f2 abans encara hi ha programa per gaudir i passar-ho b\u00e9. Avui hi trobareu gastronomia, amb la Nit de la Tapa al Mercat i\u00a0la graellada popular, i concerts i actuacions.<\/p>\n<p><a href=\"https:\/\/media-edg.barcelona.cat\/wp-content\/uploads\/2018\/06\/05162538\/programa.pdf\" target=\"_blank\" rel=\"noopener\">Ciutat Meridiana \u00e9s altre del cinc barris en festa major<\/a>.\u00a0 La Zona Esportiva (antic camp de futbol) es convertir\u00e0 en un mercat de segona m\u00e0 i acollir\u00e0 tamb\u00e9 dinars i sopars populars, i el ball de festa major.<\/p>\n<p>I per si voleu una altra opci\u00f3, la pla\u00e7a Major de Nou Barris es converteix a les 22h en un tros del Liceu, <a href=\"https:\/\/ajuntament.barcelona.cat\/noubarris\/ca\/noticia\/lopera-torna-a-nou-barris_672141\" target=\"_blank\" rel=\"noopener\">amb la projecci\u00f3\u00a0de l\u2019\u00f2pera Manon Lescaut de Puccini<\/a>.\u00a0El \u201cLiceu a la fresca\u201d torna a Nou Barris de forma gratu\u00efta, tot i que es pot adquirir una entrada anticipada a les botigues associades als eixos comercials del districte a canvi d\u2019una compra. Les descobrireu perqu\u00e8 hi tindran un cartell a l\u2019entrada promovent l\u2019activitat. Les persones que tinguin entrada podran accedir a la improvisada platea a partir de les 21 h. Les que no, a partir de les 21.15 h.<\/p>\n","protected":false},"excerpt":{"rendered":"<p>Cinc dels barris del districte estan de celebracions aquest cap de setmana Alguns fa dies que celebren la seva festa<\/p>\n","protected":false},"author":2,"featured_media":0,"comment_status":"closed","ping_status":"closed","sticky":false,"template":"","format":"standard","meta":{"colormag_page_layout":"default_layout","_monsterinsights_skip_tracking":false,"_monsterinsights_sitenote_active":false,"_monsterinsights_sitenote_note":"","_monsterinsights_sitenote_category":0,"footnotes":""},"categories":[129,1],"tags":[234,63],"class_list":["post-72538","post","type-post","status-publish","format-standard","hentry","category-cultura","category-nou-barris","tag-cultura","tag-festa-major"],"yoast_head":"<!-- This site is optimized with the Yoast SEO plugin v25.3 - https:\/\/yoast.com\/wordpress\/plugins\/seo\/ -->\n<title>Festes majors, \u00f2pera del Liceu i una desfilada de moda roquetenca - NouBarris.Net<\/title>\n<meta name=\"robots\" content=\"index, follow, max-snippet:-1, max-image-preview:large, max-video-preview:-1\" \/>\n<link rel=\"canonical\" href=\"https:\/\/www.noubarris.net\/web40\/festes-majors-opera-del-liceu-i-una-desfilada-de-moda-roquetenca\/\" \/>\n<meta property=\"og:locale\" content=\"ca_ES\" \/>\n<meta property=\"og:type\" content=\"article\" \/>\n<meta property=\"og:title\" content=\"Festes majors, \u00f2pera del Liceu i una desfilada de moda roquetenca - NouBarris.Net\" \/>\n<meta property=\"og:description\" content=\"Cinc dels barris del districte estan de celebracions aquest cap de setmana Alguns fa dies que celebren la seva festa\" \/>\n<meta property=\"og:url\" content=\"https:\/\/www.noubarris.net\/web40\/festes-majors-opera-del-liceu-i-una-desfilada-de-moda-roquetenca\/\" \/>\n<meta property=\"og:site_name\" content=\"NouBarris.Net\" \/>\n<meta property=\"article:publisher\" content=\"https:\/\/www.facebook.com\/NouBarris.net\/?locale=es_ES\" \/>\n<meta property=\"article:published_time\" content=\"2018-06-15T22:00:04+00:00\" \/>\n<meta name=\"author\" content=\"Informatius\" \/>\n<meta name=\"twitter:card\" content=\"summary_large_image\" \/>\n<meta name=\"twitter:creator\" content=\"@9BTV\" \/>\n<meta name=\"twitter:site\" content=\"@9BTV\" \/>\n<meta name=\"twitter:label1\" content=\"Escrit per\" \/>\n\t<meta name=\"twitter:data1\" content=\"Informatius\" \/>\n\t<meta name=\"twitter:label2\" content=\"Temps estimat de lectura\" \/>\n\t<meta name=\"twitter:data2\" content=\"2 minuts\" \/>\n<script type=\"application\/ld+json\" class=\"yoast-schema-graph\">{\"@context\":\"https:\/\/schema.org\",\"@graph\":[{\"@type\":\"Article\",\"@id\":\"https:\/\/www.noubarris.net\/web40\/festes-majors-opera-del-liceu-i-una-desfilada-de-moda-roquetenca\/#article\",\"isPartOf\":{\"@id\":\"https:\/\/www.noubarris.net\/web40\/festes-majors-opera-del-liceu-i-una-desfilada-de-moda-roquetenca\/\"},\"author\":{\"name\":\"Informatius\",\"@id\":\"https:\/\/www.noubarris.net\/web40\/#\/schema\/person\/1827f92aaa316c54abbf4dac0de76069\"},\"headline\":\"Festes majors, \u00f2pera del Liceu i una desfilada de moda roquetenca\",\"datePublished\":\"2018-06-15T22:00:04+00:00\",\"mainEntityOfPage\":{\"@id\":\"https:\/\/www.noubarris.net\/web40\/festes-majors-opera-del-liceu-i-una-desfilada-de-moda-roquetenca\/\"},\"wordCount\":393,\"publisher\":{\"@id\":\"https:\/\/www.noubarris.net\/web40\/#organization\"},\"keywords\":[\"Cultura\",\"Festa Major\"],\"articleSection\":[\"Cultura\",\"Nou Barris\"],\"inLanguage\":\"ca\"},{\"@type\":\"WebPage\",\"@id\":\"https:\/\/www.noubarris.net\/web40\/festes-majors-opera-del-liceu-i-una-desfilada-de-moda-roquetenca\/\",\"url\":\"https:\/\/www.noubarris.net\/web40\/festes-majors-opera-del-liceu-i-una-desfilada-de-moda-roquetenca\/\",\"name\":\"Festes majors, \u00f2pera del Liceu i una desfilada de moda roquetenca - NouBarris.Net\",\"isPartOf\":{\"@id\":\"https:\/\/www.noubarris.net\/web40\/#website\"},\"datePublished\":\"2018-06-15T22:00:04+00:00\",\"breadcrumb\":{\"@id\":\"https:\/\/www.noubarris.net\/web40\/festes-majors-opera-del-liceu-i-una-desfilada-de-moda-roquetenca\/#breadcrumb\"},\"inLanguage\":\"ca\",\"potentialAction\":[{\"@type\":\"ReadAction\",\"target\":[\"https:\/\/www.noubarris.net\/web40\/festes-majors-opera-del-liceu-i-una-desfilada-de-moda-roquetenca\/\"]}]},{\"@type\":\"BreadcrumbList\",\"@id\":\"https:\/\/www.noubarris.net\/web40\/festes-majors-opera-del-liceu-i-una-desfilada-de-moda-roquetenca\/#breadcrumb\",\"itemListElement\":[{\"@type\":\"ListItem\",\"position\":1,\"name\":\"Inici\",\"item\":\"https:\/\/www.noubarris.net\/web40\/\"},{\"@type\":\"ListItem\",\"position\":2,\"name\":\"Festes majors, \u00f2pera del Liceu i una desfilada de moda roquetenca\"}]},{\"@type\":\"WebSite\",\"@id\":\"https:\/\/www.noubarris.net\/web40\/#website\",\"url\":\"https:\/\/www.noubarris.net\/web40\/\",\"name\":\"NouBarris.Net\",\"description\":\"Seguint la vida de Nou Barris des de 1985\",\"publisher\":{\"@id\":\"https:\/\/www.noubarris.net\/web40\/#organization\"},\"potentialAction\":[{\"@type\":\"SearchAction\",\"target\":{\"@type\":\"EntryPoint\",\"urlTemplate\":\"https:\/\/www.noubarris.net\/web40\/?s={search_term_string}\"},\"query-input\":{\"@type\":\"PropertyValueSpecification\",\"valueRequired\":true,\"valueName\":\"search_term_string\"}}],\"inLanguage\":\"ca\"},{\"@type\":\"Organization\",\"@id\":\"https:\/\/www.noubarris.net\/web40\/#organization\",\"name\":\"NouBarris.Net\",\"url\":\"https:\/\/www.noubarris.net\/web40\/\",\"logo\":{\"@type\":\"ImageObject\",\"inLanguage\":\"ca\",\"@id\":\"https:\/\/www.noubarris.net\/web40\/#\/schema\/logo\/image\/\",\"url\":\"https:\/\/www.noubarris.net\/web40\/wp-content\/uploads\/2024\/11\/cropped-cropped-LOGO_9BTV-2024_Insta-1.jpg\",\"contentUrl\":\"https:\/\/www.noubarris.net\/web40\/wp-content\/uploads\/2024\/11\/cropped-cropped-LOGO_9BTV-2024_Insta-1.jpg\",\"width\":512,\"height\":512,\"caption\":\"NouBarris.Net\"},\"image\":{\"@id\":\"https:\/\/www.noubarris.net\/web40\/#\/schema\/logo\/image\/\"},\"sameAs\":[\"https:\/\/www.facebook.com\/NouBarris.net\/?locale=es_ES\",\"https:\/\/x.com\/9BTV\"]},{\"@type\":\"Person\",\"@id\":\"https:\/\/www.noubarris.net\/web40\/#\/schema\/person\/1827f92aaa316c54abbf4dac0de76069\",\"name\":\"Informatius\",\"image\":{\"@type\":\"ImageObject\",\"inLanguage\":\"ca\",\"@id\":\"https:\/\/www.noubarris.net\/web40\/#\/schema\/person\/image\/\",\"url\":\"https:\/\/secure.gravatar.com\/avatar\/87a3b47928835fc72c6ee5b0e1a7263ef0c2d05003a98189bc14926c5f11bcdb?s=96&d=mm&r=g\",\"contentUrl\":\"https:\/\/secure.gravatar.com\/avatar\/87a3b47928835fc72c6ee5b0e1a7263ef0c2d05003a98189bc14926c5f11bcdb?s=96&d=mm&r=g\",\"caption\":\"Informatius\"},\"url\":\"https:\/\/www.noubarris.net\/web40\/author\/tele\/\"}]}<\/script>\n<!-- \/ Yoast SEO plugin. -->","yoast_head_json":{"title":"Festes majors, \u00f2pera del Liceu i una desfilada de moda roquetenca - NouBarris.Net","robots":{"index":"index","follow":"follow","max-snippet":"max-snippet:-1","max-image-preview":"max-image-preview:large","max-video-preview":"max-video-preview:-1"},"canonical":"https:\/\/www.noubarris.net\/web40\/festes-majors-opera-del-liceu-i-una-desfilada-de-moda-roquetenca\/","og_locale":"ca_ES","og_type":"article","og_title":"Festes majors, \u00f2pera del Liceu i una desfilada de moda roquetenca - NouBarris.Net","og_description":"Cinc dels barris del districte estan de celebracions aquest cap de setmana Alguns fa dies que celebren la seva festa","og_url":"https:\/\/www.noubarris.net\/web40\/festes-majors-opera-del-liceu-i-una-desfilada-de-moda-roquetenca\/","og_site_name":"NouBarris.Net","article_publisher":"https:\/\/www.facebook.com\/NouBarris.net\/?locale=es_ES","article_published_time":"2018-06-15T22:00:04+00:00","author":"Informatius","twitter_card":"summary_large_image","twitter_creator":"@9BTV","twitter_site":"@9BTV","twitter_misc":{"Escrit per":"Informatius","Temps estimat de lectura":"2 minuts"},"schema":{"@context":"https:\/\/schema.org","@graph":[{"@type":"Article","@id":"https:\/\/www.noubarris.net\/web40\/festes-majors-opera-del-liceu-i-una-desfilada-de-moda-roquetenca\/#article","isPartOf":{"@id":"https:\/\/www.noubarris.net\/web40\/festes-majors-opera-del-liceu-i-una-desfilada-de-moda-roquetenca\/"},"author":{"name":"Informatius","@id":"https:\/\/www.noubarris.net\/web40\/#\/schema\/person\/1827f92aaa316c54abbf4dac0de76069"},"headline":"Festes majors, \u00f2pera del Liceu i una desfilada de moda roquetenca","datePublished":"2018-06-15T22:00:04+00:00","mainEntityOfPage":{"@id":"https:\/\/www.noubarris.net\/web40\/festes-majors-opera-del-liceu-i-una-desfilada-de-moda-roquetenca\/"},"wordCount":393,"publisher":{"@id":"https:\/\/www.noubarris.net\/web40\/#organization"},"keywords":["Cultura","Festa Major"],"articleSection":["Cultura","Nou Barris"],"inLanguage":"ca"},{"@type":"WebPage","@id":"https:\/\/www.noubarris.net\/web40\/festes-majors-opera-del-liceu-i-una-desfilada-de-moda-roquetenca\/","url":"https:\/\/www.noubarris.net\/web40\/festes-majors-opera-del-liceu-i-una-desfilada-de-moda-roquetenca\/","name":"Festes majors, \u00f2pera del Liceu i una desfilada de moda roquetenca - NouBarris.Net","isPartOf":{"@id":"https:\/\/www.noubarris.net\/web40\/#website"},"datePublished":"2018-06-15T22:00:04+00:00","breadcrumb":{"@id":"https:\/\/www.noubarris.net\/web40\/festes-majors-opera-del-liceu-i-una-desfilada-de-moda-roquetenca\/#breadcrumb"},"inLanguage":"ca","potentialAction":[{"@type":"ReadAction","target":["https:\/\/www.noubarris.net\/web40\/festes-majors-opera-del-liceu-i-una-desfilada-de-moda-roquetenca\/"]}]},{"@type":"BreadcrumbList","@id":"https:\/\/www.noubarris.net\/web40\/festes-majors-opera-del-liceu-i-una-desfilada-de-moda-roquetenca\/#breadcrumb","itemListElement":[{"@type":"ListItem","position":1,"name":"Inici","item":"https:\/\/www.noubarris.net\/web40\/"},{"@type":"ListItem","position":2,"name":"Festes majors, \u00f2pera del Liceu i una desfilada de moda roquetenca"}]},{"@type":"WebSite","@id":"https:\/\/www.noubarris.net\/web40\/#website","url":"https:\/\/www.noubarris.net\/web40\/","name":"NouBarris.Net","description":"Seguint la vida de Nou Barris des de 1985","publisher":{"@id":"https:\/\/www.noubarris.net\/web40\/#organization"},"potentialAction":[{"@type":"SearchAction","target":{"@type":"EntryPoint","urlTemplate":"https:\/\/www.noubarris.net\/web40\/?s={search_term_string}"},"query-input":{"@type":"PropertyValueSpecification","valueRequired":true,"valueName":"search_term_string"}}],"inLanguage":"ca"},{"@type":"Organization","@id":"https:\/\/www.noubarris.net\/web40\/#organization","name":"NouBarris.Net","url":"https:\/\/www.noubarris.net\/web40\/","logo":{"@type":"ImageObject","inLanguage":"ca","@id":"https:\/\/www.noubarris.net\/web40\/#\/schema\/logo\/image\/","url":"https:\/\/www.noubarris.net\/web40\/wp-content\/uploads\/2024\/11\/cropped-cropped-LOGO_9BTV-2024_Insta-1.jpg","contentUrl":"https:\/\/www.noubarris.net\/web40\/wp-content\/uploads\/2024\/11\/cropped-cropped-LOGO_9BTV-2024_Insta-1.jpg","width":512,"height":512,"caption":"NouBarris.Net"},"image":{"@id":"https:\/\/www.noubarris.net\/web40\/#\/schema\/logo\/image\/"},"sameAs":["https:\/\/www.facebook.com\/NouBarris.net\/?locale=es_ES","https:\/\/x.com\/9BTV"]},{"@type":"Person","@id":"https:\/\/www.noubarris.net\/web40\/#\/schema\/person\/1827f92aaa316c54abbf4dac0de76069","name":"Informatius","image":{"@type":"ImageObject","inLanguage":"ca","@id":"https:\/\/www.noubarris.net\/web40\/#\/schema\/person\/image\/","url":"https:\/\/secure.gravatar.com\/avatar\/87a3b47928835fc72c6ee5b0e1a7263ef0c2d05003a98189bc14926c5f11bcdb?s=96&d=mm&r=g","contentUrl":"https:\/\/secure.gravatar.com\/avatar\/87a3b47928835fc72c6ee5b0e1a7263ef0c2d05003a98189bc14926c5f11bcdb?s=96&d=mm&r=g","caption":"Informatius"},"url":"https:\/\/www.noubarris.net\/web40\/author\/tele\/"}]}},"_links":{"self":[{"href":"https:\/\/www.noubarris.net\/web40\/wp-json\/wp\/v2\/posts\/72538","targetHints":{"allow":["GET"]}}],"collection":[{"href":"https:\/\/www.noubarris.net\/web40\/wp-json\/wp\/v2\/posts"}],"about":[{"href":"https:\/\/www.noubarris.net\/web40\/wp-json\/wp\/v2\/types\/post"}],"author":[{"embeddable":true,"href":"https:\/\/www.noubarris.net\/web40\/wp-json\/wp\/v2\/users\/2"}],"replies":[{"embeddable":true,"href":"https:\/\/www.noubarris.net\/web40\/wp-json\/wp\/v2\/comments?post=72538"}],"version-history":[{"count":0,"href":"https:\/\/www.noubarris.net\/web40\/wp-json\/wp\/v2\/posts\/72538\/revisions"}],"wp:attachment":[{"href":"https:\/\/www.noubarris.net\/web40\/wp-json\/wp\/v2\/media?parent=72538"}],"wp:term":[{"taxonomy":"category","embeddable":true,"href":"https:\/\/www.noubarris.net\/web40\/wp-json\/wp\/v2\/categories?post=72538"},{"taxonomy":"post_tag","embeddable":true,"href":"https:\/\/www.noubarris.net\/web40\/wp-json\/wp\/v2\/tags?post=72538"}],"curies":[{"name":"wp","href":"https:\/\/api.w.org\/{rel}","templated":true}]}}