{"id":72544,"date":"2018-06-14T12:01:47","date_gmt":"2018-06-14T10:01:47","guid":{"rendered":"http:\/\/www.noubarris.net\/web40\/?p=72544"},"modified":"2018-06-14T12:01:47","modified_gmt":"2018-06-14T10:01:47","slug":"els-veins-amb-gossos-reclamen-a-laudiencia-publica-un-espai-dus-compartit-al-parc-central","status":"publish","type":"post","link":"https:\/\/www.noubarris.net\/web40\/els-veins-amb-gossos-reclamen-a-laudiencia-publica-un-espai-dus-compartit-al-parc-central\/","title":{"rendered":"Els ve\u00efns amb gossos reclamen a l&#8217;Audi\u00e8ncia P\u00fablica un espai d&#8217;\u00fas compartit al Parc Central"},"content":{"rendered":"<p><strong>Les entitats de la B\u00f2bila insisteixen en mantenir-se juntes durant les obres de l&#8217;equipament<\/strong><\/p>\n<p>L\u2019Audi\u00e8ncia Publica va comen\u00e7ar amb la lectura d\u2019un manifest dels membres del casal 3 Voltes Rebel que denunciava amenaces i diversos actes vand\u00e0lics al local. Els usuaris dels casal van denunciar l\u2019aparici\u00f3 de diverses \u2018pintades unionistes, algunes de caire feixista\u2019 al local. Tamb\u00e9 van denunciar que en diverses ocasions els han intentat for\u00e7ar o malmetre el pany de la porta, com va passar el darrer dilluns, quan van haver de suspendre diverses activitats. Des del govern es van sumar a la condemna d&#8217;aquests i altres atacs que s&#8217;han patit darrerament al districte, com el de la porta del local del PDeCAT.<\/p>\n<p>L\u2019Audi\u00e8ncia P\u00fablica, que es va celebrar al pati de la Seu del Districte, va comptar tamb\u00e9 amb la pres\u00e8ncia d\u2019un grup de ve\u00efns amb gossos.\u00a0 Els ve\u00efns van tornar a demanar una zona compartida on poder dur els gossos sense lligar en horaris pactats dins el Parc de Central de Nou Barris.\u00a0 Segons els ve\u00efns, ja fa m\u00e9s de 6 anys que lluiten per aconseguir una zona d\u2019esbarjo per a gossos i ara\u00a0 demanen un comprom\u00eds per reunir-se amb els responsables i arribar a un acord abans no entri en funcionament la nova normativa per a gossos. \u00a0La regidora de Nou Barris, Janet Sanz, va afirmar que la zona de gossos es far\u00e0 perqu\u00e8 \u00e9s un comprom\u00eds del govern. Mentrestant, una de les propostes que hi ha damunt la taula es convertir la pla\u00e7a Major de Nou Barris en un zona compartida a \u00faltima hora del vespre per dur els animals sense lligar. Per als propietaris de gossos aquesta no \u00e9s una bona alternativa ja que, segons diuen, \u2018el ciment no \u00e9s el millor paviment per a que els gossos corrin, i a la llarga tots els animals tindran problemes d\u2019artrosi\u2019.\u00a0 La regidora va convidar als ve\u00efns a participar a la Taula de Benestar Animal per poder tractar tots aquest temes i trobar la millor soluci\u00f3.<\/p>\n<p>Des de l\u2019AMPA de l\u2019Escola \u00c0gora es va tornar a demanar una reuni\u00f3 amb els responsables del Consorci d\u2019Educaci\u00f3 per tractar els temes de manteniment i neteja a l\u2019escola. Segons les fam\u00edlies l\u2019Ajuntament ja ha resolt el problema amb el tobogan situat al pati de l\u2019escola, en molt mal estat i que suposava un perill per als infants. Tot i aix\u00f2 afirmen que encara hi ha molts temes a resoldre al centre, com ara el mal estat d\u2019algunes de les finestres, els lavabos i la manca de neteja a la casa del conserge. El Consorci ja s\u2019ha reunit amb la directora del centre i va visitar les instal\u00b7lacions fa uns dies, per\u00f2 les fam\u00edlies insisteixen en tenir tamb\u00e9 una reuni\u00f3 com a AMPA.<\/p>\n<p>Les entitats de Porta tamb\u00e9 van demanar una reuni\u00f3, en aquest cas amb el govern, per tractar dos dels temes importants per al barri: la reubicaci\u00f3 de les entitats de l\u2019Ateneu la B\u00f2bila durant les obres d\u2019ampliaci\u00f3 de l\u2019equipament i la necessitat de mantenir la rambla verda de Porta. La regidora va empla\u00e7ar a l\u2019AV de Porta i a les entitats de l\u2019Ateneu la B\u00f2bila a una reuni\u00f3 en les properes setmanes per tractar plegats aquests temes.<\/p>\n<p>Els ve\u00efns de Virrei Amat van demanar a l\u2019Ajuntament que estudi\u00ef la prolongaci\u00f3 de la l\u00ednia de bus de barri 132 fins al CIS Cotxeres. Segons els ve\u00efns, amb una petita modificaci\u00f3 del recorregut es guanyaria un millor servei per al barri. L\u2019Ajuntament va assegurar que estudiar\u00e0 la proposta per\u00f2 que a la ciutat hi ha moltes peticions que demanen canvis als recorreguts dels autobusos, i cal prioritzar i valorar els costos perqu\u00e8 no es poden assumir tots.<\/p>\n<p>&nbsp;<\/p>\n","protected":false},"excerpt":{"rendered":"<p>Les entitats de la B\u00f2bila insisteixen en mantenir-se juntes durant les obres de l&#8217;equipament L\u2019Audi\u00e8ncia Publica va comen\u00e7ar amb la<\/p>\n","protected":false},"author":2,"featured_media":72545,"comment_status":"closed","ping_status":"closed","sticky":false,"template":"","format":"standard","meta":{"colormag_page_layout":"default_layout","_monsterinsights_skip_tracking":false,"_monsterinsights_sitenote_active":false,"_monsterinsights_sitenote_note":"","_monsterinsights_sitenote_category":0,"footnotes":""},"categories":[447,1],"tags":[318,319,327],"class_list":["post-72544","post","type-post","status-publish","format-standard","has-post-thumbnail","hentry","category-audiencia-publica-i-plenari","category-nou-barris","tag-audiencia","tag-nou-barris","tag-participacio"],"yoast_head":"<!-- This site is optimized with the Yoast SEO plugin v25.3 - https:\/\/yoast.com\/wordpress\/plugins\/seo\/ -->\n<title>Els ve\u00efns amb gossos reclamen a l&#039;Audi\u00e8ncia P\u00fablica un espai d&#039;\u00fas compartit al Parc Central - NouBarris.Net<\/title>\n<meta name=\"robots\" content=\"index, follow, max-snippet:-1, max-image-preview:large, max-video-preview:-1\" \/>\n<link rel=\"canonical\" href=\"https:\/\/www.noubarris.net\/web40\/els-veins-amb-gossos-reclamen-a-laudiencia-publica-un-espai-dus-compartit-al-parc-central\/\" \/>\n<meta property=\"og:locale\" content=\"ca_ES\" \/>\n<meta property=\"og:type\" content=\"article\" \/>\n<meta property=\"og:title\" content=\"Els ve\u00efns amb gossos reclamen a l&#039;Audi\u00e8ncia P\u00fablica un espai d&#039;\u00fas compartit al Parc Central - NouBarris.Net\" \/>\n<meta property=\"og:description\" content=\"Les entitats de la B\u00f2bila insisteixen en mantenir-se juntes durant les obres de l&#8217;equipament L\u2019Audi\u00e8ncia Publica va comen\u00e7ar amb la\" \/>\n<meta property=\"og:url\" content=\"https:\/\/www.noubarris.net\/web40\/els-veins-amb-gossos-reclamen-a-laudiencia-publica-un-espai-dus-compartit-al-parc-central\/\" \/>\n<meta property=\"og:site_name\" content=\"NouBarris.Net\" \/>\n<meta property=\"article:publisher\" content=\"https:\/\/www.facebook.com\/NouBarris.net\/?locale=es_ES\" \/>\n<meta property=\"article:published_time\" content=\"2018-06-14T10:01:47+00:00\" \/>\n<meta property=\"og:image\" content=\"https:\/\/www.noubarris.net\/web40\/wp-content\/uploads\/2018\/06\/140618.jpg\" \/>\n\t<meta property=\"og:image:width\" content=\"787\" \/>\n\t<meta property=\"og:image:height\" content=\"445\" \/>\n\t<meta property=\"og:image:type\" content=\"image\/jpeg\" \/>\n<meta name=\"author\" content=\"Informatius\" \/>\n<meta name=\"twitter:card\" content=\"summary_large_image\" \/>\n<meta name=\"twitter:creator\" content=\"@9BTV\" \/>\n<meta name=\"twitter:site\" content=\"@9BTV\" \/>\n<meta name=\"twitter:label1\" content=\"Escrit per\" \/>\n\t<meta name=\"twitter:data1\" content=\"Informatius\" \/>\n\t<meta name=\"twitter:label2\" content=\"Temps estimat de lectura\" \/>\n\t<meta name=\"twitter:data2\" content=\"3 minuts\" \/>\n<script type=\"application\/ld+json\" class=\"yoast-schema-graph\">{\"@context\":\"https:\/\/schema.org\",\"@graph\":[{\"@type\":\"Article\",\"@id\":\"https:\/\/www.noubarris.net\/web40\/els-veins-amb-gossos-reclamen-a-laudiencia-publica-un-espai-dus-compartit-al-parc-central\/#article\",\"isPartOf\":{\"@id\":\"https:\/\/www.noubarris.net\/web40\/els-veins-amb-gossos-reclamen-a-laudiencia-publica-un-espai-dus-compartit-al-parc-central\/\"},\"author\":{\"name\":\"Informatius\",\"@id\":\"https:\/\/www.noubarris.net\/web40\/#\/schema\/person\/1827f92aaa316c54abbf4dac0de76069\"},\"headline\":\"Els ve\u00efns amb gossos reclamen a l&#8217;Audi\u00e8ncia P\u00fablica un espai d&#8217;\u00fas compartit al Parc Central\",\"datePublished\":\"2018-06-14T10:01:47+00:00\",\"mainEntityOfPage\":{\"@id\":\"https:\/\/www.noubarris.net\/web40\/els-veins-amb-gossos-reclamen-a-laudiencia-publica-un-espai-dus-compartit-al-parc-central\/\"},\"wordCount\":677,\"publisher\":{\"@id\":\"https:\/\/www.noubarris.net\/web40\/#organization\"},\"image\":{\"@id\":\"https:\/\/www.noubarris.net\/web40\/els-veins-amb-gossos-reclamen-a-laudiencia-publica-un-espai-dus-compartit-al-parc-central\/#primaryimage\"},\"thumbnailUrl\":\"https:\/\/www.noubarris.net\/web40\/wp-content\/uploads\/2018\/06\/140618.jpg\",\"keywords\":[\"Audi\u00e8ncia\",\"Nou Barris\",\"Participaci\u00f3\"],\"articleSection\":[\"Audi\u00e8ncia p\u00fablica i Plenari\",\"Nou Barris\"],\"inLanguage\":\"ca\"},{\"@type\":\"WebPage\",\"@id\":\"https:\/\/www.noubarris.net\/web40\/els-veins-amb-gossos-reclamen-a-laudiencia-publica-un-espai-dus-compartit-al-parc-central\/\",\"url\":\"https:\/\/www.noubarris.net\/web40\/els-veins-amb-gossos-reclamen-a-laudiencia-publica-un-espai-dus-compartit-al-parc-central\/\",\"name\":\"Els ve\u00efns amb gossos reclamen a l'Audi\u00e8ncia P\u00fablica un espai d'\u00fas compartit al Parc Central - NouBarris.Net\",\"isPartOf\":{\"@id\":\"https:\/\/www.noubarris.net\/web40\/#website\"},\"primaryImageOfPage\":{\"@id\":\"https:\/\/www.noubarris.net\/web40\/els-veins-amb-gossos-reclamen-a-laudiencia-publica-un-espai-dus-compartit-al-parc-central\/#primaryimage\"},\"image\":{\"@id\":\"https:\/\/www.noubarris.net\/web40\/els-veins-amb-gossos-reclamen-a-laudiencia-publica-un-espai-dus-compartit-al-parc-central\/#primaryimage\"},\"thumbnailUrl\":\"https:\/\/www.noubarris.net\/web40\/wp-content\/uploads\/2018\/06\/140618.jpg\",\"datePublished\":\"2018-06-14T10:01:47+00:00\",\"breadcrumb\":{\"@id\":\"https:\/\/www.noubarris.net\/web40\/els-veins-amb-gossos-reclamen-a-laudiencia-publica-un-espai-dus-compartit-al-parc-central\/#breadcrumb\"},\"inLanguage\":\"ca\",\"potentialAction\":[{\"@type\":\"ReadAction\",\"target\":[\"https:\/\/www.noubarris.net\/web40\/els-veins-amb-gossos-reclamen-a-laudiencia-publica-un-espai-dus-compartit-al-parc-central\/\"]}]},{\"@type\":\"ImageObject\",\"inLanguage\":\"ca\",\"@id\":\"https:\/\/www.noubarris.net\/web40\/els-veins-amb-gossos-reclamen-a-laudiencia-publica-un-espai-dus-compartit-al-parc-central\/#primaryimage\",\"url\":\"https:\/\/www.noubarris.net\/web40\/wp-content\/uploads\/2018\/06\/140618.jpg\",\"contentUrl\":\"https:\/\/www.noubarris.net\/web40\/wp-content\/uploads\/2018\/06\/140618.jpg\",\"width\":787,\"height\":445},{\"@type\":\"BreadcrumbList\",\"@id\":\"https:\/\/www.noubarris.net\/web40\/els-veins-amb-gossos-reclamen-a-laudiencia-publica-un-espai-dus-compartit-al-parc-central\/#breadcrumb\",\"itemListElement\":[{\"@type\":\"ListItem\",\"position\":1,\"name\":\"Inici\",\"item\":\"https:\/\/www.noubarris.net\/web40\/\"},{\"@type\":\"ListItem\",\"position\":2,\"name\":\"Els ve\u00efns amb gossos reclamen a l&#8217;Audi\u00e8ncia P\u00fablica un espai d&#8217;\u00fas compartit al Parc Central\"}]},{\"@type\":\"WebSite\",\"@id\":\"https:\/\/www.noubarris.net\/web40\/#website\",\"url\":\"https:\/\/www.noubarris.net\/web40\/\",\"name\":\"NouBarris.Net\",\"description\":\"Seguint la vida de Nou Barris des de 1985\",\"publisher\":{\"@id\":\"https:\/\/www.noubarris.net\/web40\/#organization\"},\"potentialAction\":[{\"@type\":\"SearchAction\",\"target\":{\"@type\":\"EntryPoint\",\"urlTemplate\":\"https:\/\/www.noubarris.net\/web40\/?s={search_term_string}\"},\"query-input\":{\"@type\":\"PropertyValueSpecification\",\"valueRequired\":true,\"valueName\":\"search_term_string\"}}],\"inLanguage\":\"ca\"},{\"@type\":\"Organization\",\"@id\":\"https:\/\/www.noubarris.net\/web40\/#organization\",\"name\":\"NouBarris.Net\",\"url\":\"https:\/\/www.noubarris.net\/web40\/\",\"logo\":{\"@type\":\"ImageObject\",\"inLanguage\":\"ca\",\"@id\":\"https:\/\/www.noubarris.net\/web40\/#\/schema\/logo\/image\/\",\"url\":\"https:\/\/www.noubarris.net\/web40\/wp-content\/uploads\/2024\/11\/cropped-cropped-LOGO_9BTV-2024_Insta-1.jpg\",\"contentUrl\":\"https:\/\/www.noubarris.net\/web40\/wp-content\/uploads\/2024\/11\/cropped-cropped-LOGO_9BTV-2024_Insta-1.jpg\",\"width\":512,\"height\":512,\"caption\":\"NouBarris.Net\"},\"image\":{\"@id\":\"https:\/\/www.noubarris.net\/web40\/#\/schema\/logo\/image\/\"},\"sameAs\":[\"https:\/\/www.facebook.com\/NouBarris.net\/?locale=es_ES\",\"https:\/\/x.com\/9BTV\"]},{\"@type\":\"Person\",\"@id\":\"https:\/\/www.noubarris.net\/web40\/#\/schema\/person\/1827f92aaa316c54abbf4dac0de76069\",\"name\":\"Informatius\",\"image\":{\"@type\":\"ImageObject\",\"inLanguage\":\"ca\",\"@id\":\"https:\/\/www.noubarris.net\/web40\/#\/schema\/person\/image\/\",\"url\":\"https:\/\/secure.gravatar.com\/avatar\/87a3b47928835fc72c6ee5b0e1a7263ef0c2d05003a98189bc14926c5f11bcdb?s=96&d=mm&r=g\",\"contentUrl\":\"https:\/\/secure.gravatar.com\/avatar\/87a3b47928835fc72c6ee5b0e1a7263ef0c2d05003a98189bc14926c5f11bcdb?s=96&d=mm&r=g\",\"caption\":\"Informatius\"},\"url\":\"https:\/\/www.noubarris.net\/web40\/author\/tele\/\"}]}<\/script>\n<!-- \/ Yoast SEO plugin. -->","yoast_head_json":{"title":"Els ve\u00efns amb gossos reclamen a l'Audi\u00e8ncia P\u00fablica un espai d'\u00fas compartit al Parc Central - NouBarris.Net","robots":{"index":"index","follow":"follow","max-snippet":"max-snippet:-1","max-image-preview":"max-image-preview:large","max-video-preview":"max-video-preview:-1"},"canonical":"https:\/\/www.noubarris.net\/web40\/els-veins-amb-gossos-reclamen-a-laudiencia-publica-un-espai-dus-compartit-al-parc-central\/","og_locale":"ca_ES","og_type":"article","og_title":"Els ve\u00efns amb gossos reclamen a l'Audi\u00e8ncia P\u00fablica un espai d'\u00fas compartit al Parc Central - NouBarris.Net","og_description":"Les entitats de la B\u00f2bila insisteixen en mantenir-se juntes durant les obres de l&#8217;equipament L\u2019Audi\u00e8ncia Publica va comen\u00e7ar amb la","og_url":"https:\/\/www.noubarris.net\/web40\/els-veins-amb-gossos-reclamen-a-laudiencia-publica-un-espai-dus-compartit-al-parc-central\/","og_site_name":"NouBarris.Net","article_publisher":"https:\/\/www.facebook.com\/NouBarris.net\/?locale=es_ES","article_published_time":"2018-06-14T10:01:47+00:00","og_image":[{"width":787,"height":445,"url":"https:\/\/www.noubarris.net\/web40\/wp-content\/uploads\/2018\/06\/140618.jpg","type":"image\/jpeg"}],"author":"Informatius","twitter_card":"summary_large_image","twitter_creator":"@9BTV","twitter_site":"@9BTV","twitter_misc":{"Escrit per":"Informatius","Temps estimat de lectura":"3 minuts"},"schema":{"@context":"https:\/\/schema.org","@graph":[{"@type":"Article","@id":"https:\/\/www.noubarris.net\/web40\/els-veins-amb-gossos-reclamen-a-laudiencia-publica-un-espai-dus-compartit-al-parc-central\/#article","isPartOf":{"@id":"https:\/\/www.noubarris.net\/web40\/els-veins-amb-gossos-reclamen-a-laudiencia-publica-un-espai-dus-compartit-al-parc-central\/"},"author":{"name":"Informatius","@id":"https:\/\/www.noubarris.net\/web40\/#\/schema\/person\/1827f92aaa316c54abbf4dac0de76069"},"headline":"Els ve\u00efns amb gossos reclamen a l&#8217;Audi\u00e8ncia P\u00fablica un espai d&#8217;\u00fas compartit al Parc Central","datePublished":"2018-06-14T10:01:47+00:00","mainEntityOfPage":{"@id":"https:\/\/www.noubarris.net\/web40\/els-veins-amb-gossos-reclamen-a-laudiencia-publica-un-espai-dus-compartit-al-parc-central\/"},"wordCount":677,"publisher":{"@id":"https:\/\/www.noubarris.net\/web40\/#organization"},"image":{"@id":"https:\/\/www.noubarris.net\/web40\/els-veins-amb-gossos-reclamen-a-laudiencia-publica-un-espai-dus-compartit-al-parc-central\/#primaryimage"},"thumbnailUrl":"https:\/\/www.noubarris.net\/web40\/wp-content\/uploads\/2018\/06\/140618.jpg","keywords":["Audi\u00e8ncia","Nou Barris","Participaci\u00f3"],"articleSection":["Audi\u00e8ncia p\u00fablica i Plenari","Nou Barris"],"inLanguage":"ca"},{"@type":"WebPage","@id":"https:\/\/www.noubarris.net\/web40\/els-veins-amb-gossos-reclamen-a-laudiencia-publica-un-espai-dus-compartit-al-parc-central\/","url":"https:\/\/www.noubarris.net\/web40\/els-veins-amb-gossos-reclamen-a-laudiencia-publica-un-espai-dus-compartit-al-parc-central\/","name":"Els ve\u00efns amb gossos reclamen a l'Audi\u00e8ncia P\u00fablica un espai d'\u00fas compartit al Parc Central - NouBarris.Net","isPartOf":{"@id":"https:\/\/www.noubarris.net\/web40\/#website"},"primaryImageOfPage":{"@id":"https:\/\/www.noubarris.net\/web40\/els-veins-amb-gossos-reclamen-a-laudiencia-publica-un-espai-dus-compartit-al-parc-central\/#primaryimage"},"image":{"@id":"https:\/\/www.noubarris.net\/web40\/els-veins-amb-gossos-reclamen-a-laudiencia-publica-un-espai-dus-compartit-al-parc-central\/#primaryimage"},"thumbnailUrl":"https:\/\/www.noubarris.net\/web40\/wp-content\/uploads\/2018\/06\/140618.jpg","datePublished":"2018-06-14T10:01:47+00:00","breadcrumb":{"@id":"https:\/\/www.noubarris.net\/web40\/els-veins-amb-gossos-reclamen-a-laudiencia-publica-un-espai-dus-compartit-al-parc-central\/#breadcrumb"},"inLanguage":"ca","potentialAction":[{"@type":"ReadAction","target":["https:\/\/www.noubarris.net\/web40\/els-veins-amb-gossos-reclamen-a-laudiencia-publica-un-espai-dus-compartit-al-parc-central\/"]}]},{"@type":"ImageObject","inLanguage":"ca","@id":"https:\/\/www.noubarris.net\/web40\/els-veins-amb-gossos-reclamen-a-laudiencia-publica-un-espai-dus-compartit-al-parc-central\/#primaryimage","url":"https:\/\/www.noubarris.net\/web40\/wp-content\/uploads\/2018\/06\/140618.jpg","contentUrl":"https:\/\/www.noubarris.net\/web40\/wp-content\/uploads\/2018\/06\/140618.jpg","width":787,"height":445},{"@type":"BreadcrumbList","@id":"https:\/\/www.noubarris.net\/web40\/els-veins-amb-gossos-reclamen-a-laudiencia-publica-un-espai-dus-compartit-al-parc-central\/#breadcrumb","itemListElement":[{"@type":"ListItem","position":1,"name":"Inici","item":"https:\/\/www.noubarris.net\/web40\/"},{"@type":"ListItem","position":2,"name":"Els ve\u00efns amb gossos reclamen a l&#8217;Audi\u00e8ncia P\u00fablica un espai d&#8217;\u00fas compartit al Parc Central"}]},{"@type":"WebSite","@id":"https:\/\/www.noubarris.net\/web40\/#website","url":"https:\/\/www.noubarris.net\/web40\/","name":"NouBarris.Net","description":"Seguint la vida de Nou Barris des de 1985","publisher":{"@id":"https:\/\/www.noubarris.net\/web40\/#organization"},"potentialAction":[{"@type":"SearchAction","target":{"@type":"EntryPoint","urlTemplate":"https:\/\/www.noubarris.net\/web40\/?s={search_term_string}"},"query-input":{"@type":"PropertyValueSpecification","valueRequired":true,"valueName":"search_term_string"}}],"inLanguage":"ca"},{"@type":"Organization","@id":"https:\/\/www.noubarris.net\/web40\/#organization","name":"NouBarris.Net","url":"https:\/\/www.noubarris.net\/web40\/","logo":{"@type":"ImageObject","inLanguage":"ca","@id":"https:\/\/www.noubarris.net\/web40\/#\/schema\/logo\/image\/","url":"https:\/\/www.noubarris.net\/web40\/wp-content\/uploads\/2024\/11\/cropped-cropped-LOGO_9BTV-2024_Insta-1.jpg","contentUrl":"https:\/\/www.noubarris.net\/web40\/wp-content\/uploads\/2024\/11\/cropped-cropped-LOGO_9BTV-2024_Insta-1.jpg","width":512,"height":512,"caption":"NouBarris.Net"},"image":{"@id":"https:\/\/www.noubarris.net\/web40\/#\/schema\/logo\/image\/"},"sameAs":["https:\/\/www.facebook.com\/NouBarris.net\/?locale=es_ES","https:\/\/x.com\/9BTV"]},{"@type":"Person","@id":"https:\/\/www.noubarris.net\/web40\/#\/schema\/person\/1827f92aaa316c54abbf4dac0de76069","name":"Informatius","image":{"@type":"ImageObject","inLanguage":"ca","@id":"https:\/\/www.noubarris.net\/web40\/#\/schema\/person\/image\/","url":"https:\/\/secure.gravatar.com\/avatar\/87a3b47928835fc72c6ee5b0e1a7263ef0c2d05003a98189bc14926c5f11bcdb?s=96&d=mm&r=g","contentUrl":"https:\/\/secure.gravatar.com\/avatar\/87a3b47928835fc72c6ee5b0e1a7263ef0c2d05003a98189bc14926c5f11bcdb?s=96&d=mm&r=g","caption":"Informatius"},"url":"https:\/\/www.noubarris.net\/web40\/author\/tele\/"}]}},"_links":{"self":[{"href":"https:\/\/www.noubarris.net\/web40\/wp-json\/wp\/v2\/posts\/72544","targetHints":{"allow":["GET"]}}],"collection":[{"href":"https:\/\/www.noubarris.net\/web40\/wp-json\/wp\/v2\/posts"}],"about":[{"href":"https:\/\/www.noubarris.net\/web40\/wp-json\/wp\/v2\/types\/post"}],"author":[{"embeddable":true,"href":"https:\/\/www.noubarris.net\/web40\/wp-json\/wp\/v2\/users\/2"}],"replies":[{"embeddable":true,"href":"https:\/\/www.noubarris.net\/web40\/wp-json\/wp\/v2\/comments?post=72544"}],"version-history":[{"count":0,"href":"https:\/\/www.noubarris.net\/web40\/wp-json\/wp\/v2\/posts\/72544\/revisions"}],"wp:featuredmedia":[{"embeddable":true,"href":"https:\/\/www.noubarris.net\/web40\/wp-json\/wp\/v2\/media\/72545"}],"wp:attachment":[{"href":"https:\/\/www.noubarris.net\/web40\/wp-json\/wp\/v2\/media?parent=72544"}],"wp:term":[{"taxonomy":"category","embeddable":true,"href":"https:\/\/www.noubarris.net\/web40\/wp-json\/wp\/v2\/categories?post=72544"},{"taxonomy":"post_tag","embeddable":true,"href":"https:\/\/www.noubarris.net\/web40\/wp-json\/wp\/v2\/tags?post=72544"}],"curies":[{"name":"wp","href":"https:\/\/api.w.org\/{rel}","templated":true}]}}