{"id":72549,"date":"2018-06-15T00:00:47","date_gmt":"2018-06-14T22:00:47","guid":{"rendered":"http:\/\/www.noubarris.net\/web40\/?p=72549"},"modified":"2018-06-14T16:58:47","modified_gmt":"2018-06-14T14:58:47","slug":"els-diners-de-la-taxa-turistica-illuminaran-aqueductes-de-la-zona-nord","status":"publish","type":"post","link":"https:\/\/www.noubarris.net\/web40\/els-diners-de-la-taxa-turistica-illuminaran-aqueductes-de-la-zona-nord\/","title":{"rendered":"Els diners de la taxa tur\u00edstica il\u00b7luminaran aq\u00fceductes de la Zona Nord"},"content":{"rendered":"<p><strong>El projecte pret\u00e9n dignificar i posar en relleu el valor patrimonial d\u2019alguns elements del Nou Barris<\/strong><\/p>\n<p>Una part dels diners recaptats de la taxa tur\u00edstica serviran per dignificar i posar en el mapa de Barcelona els aq\u00fceductes de Ciutat Meridiana i Torre Bar\u00f3. La idea \u00e9s il\u00b7luminar els tres aq\u00fceductes i comen\u00e7ar per un d&#8217;ells l&#8217;any vinent amb aquests fons.\u00a0 La iniciativa forma part del projecte de turisme de Nou Barris que pret\u00e9n dignificar i posar en valor els elements patrimonials i culturals del districte.<\/p>\n<p>Amb un pressupost de 153.104 euros, un primer aq\u00fceducte de la Zona Nord comen\u00e7ar\u00e0 a tenir llum pr\u00f2pia. Aquests elements, que tenen un valor sentimental i patrimonial per als ve\u00efns, guanyaran en visibilitat com en el seu dia ho va fer el Castell de Torre Bar\u00f3. \u201cVolem dignificar i sobretot posar en rellev\u00e0ncia aquests elements patrimonials i hist\u00f2rics que tenim al districte i que moltes vegades no es coneixen ja no nom\u00e9s pels ve\u00efns i ve\u00efnes de Nou Barris, sin\u00f3 tamb\u00e9 per la resta de la ciutadania de Barcelona\u201d, explica Carlos Izquierdo, conseller t\u00e8cnic del Districte de Nou Barris.\u00a0 L\u2019Ajuntament parlar\u00e0 ara amb els barris de la Zona Nord per acabar de detallar el projecte i per decidir per quin aq\u00fceducte comen\u00e7ar. De moment, l\u2019aq\u00fceducte que connecta Ciutat Meridiana amb Can Cui\u00e0s haur\u00e0 d\u2019esperar.\u00a0 \u201cHi ha un altre projecte per aquest aq\u00fceducte que \u00e9s fer la famosa passarel\u00b7la que connectar\u00e0 els dos barris \u2013 explica Izquierdo &#8211;\u00a0 No volem que aix\u00f2 impacti en tot el tema de la il\u00b7luminaci\u00f3,\u00a0 per aix\u00f2 hem decidit fer primer tot el tema de la passarel\u00b7la i despr\u00e9s fer la il\u00b7luminaci\u00f3. Entre els altres dos aq\u00fceductes hem de parlar ara amb el conjunt de la Zona Nord per decidir quin hauria de ser el primer. Nosaltres tenim algunes prioritats, per\u00f2 volem participar-les amb els ve\u00efns.\u201d\u00a0 La participaci\u00f3 inclour\u00e0 tamb\u00e9 acabar de definir la il\u00b7luminaci\u00f3 exterior dels aq\u00fceductes. Encara s\u2019est\u00e0 treballant en els colors i les tonalitats que faran visibles els elements dins la ciutat.<\/p>\n<p>El segon i tercer trimestres del 2017 la ciutat va recaptar 4,9 milions d\u2019euros procedents de l\u2019impost d\u2019estades en establiments tur\u00edstics. La meitat d\u2019aquests diners es destinar\u00e0 a diferents accions de millora d\u2019infraestructures i de serveis, com la de l\u2019aq\u00fceducte. La resta es destinar\u00e0, entre altres, a promoure projectes culturals, com ara el festival &#8220;Flamencas a Barcelona\u201d, que tindr\u00e0 lloc a Nou Barris.<\/p>\n","protected":false},"excerpt":{"rendered":"<p>El projecte pret\u00e9n dignificar i posar en relleu el valor patrimonial d\u2019alguns elements del Nou Barris Una part dels diners<\/p>\n","protected":false},"author":2,"featured_media":72550,"comment_status":"closed","ping_status":"closed","sticky":false,"template":"","format":"standard","meta":{"colormag_page_layout":"default_layout","_monsterinsights_skip_tracking":false,"_monsterinsights_sitenote_active":false,"_monsterinsights_sitenote_note":"","_monsterinsights_sitenote_category":0,"footnotes":""},"categories":[132,124,137],"tags":[54,235,122,438],"class_list":["post-72549","post","type-post","status-publish","format-standard","has-post-thumbnail","hentry","category-ciutat-meridiana","category-societat","category-torre-baro","tag-ciutat-meridiana","tag-patrimoni","tag-turisme","tag-zona-nord"],"yoast_head":"<!-- This site is optimized with the Yoast SEO plugin v25.3 - https:\/\/yoast.com\/wordpress\/plugins\/seo\/ -->\n<title>Els diners de la taxa tur\u00edstica il\u00b7luminaran aq\u00fceductes de la Zona Nord - NouBarris.Net<\/title>\n<meta name=\"robots\" content=\"index, follow, max-snippet:-1, max-image-preview:large, max-video-preview:-1\" \/>\n<link rel=\"canonical\" href=\"https:\/\/www.noubarris.net\/web40\/els-diners-de-la-taxa-turistica-illuminaran-aqueductes-de-la-zona-nord\/\" \/>\n<meta property=\"og:locale\" content=\"ca_ES\" \/>\n<meta property=\"og:type\" content=\"article\" \/>\n<meta property=\"og:title\" content=\"Els diners de la taxa tur\u00edstica il\u00b7luminaran aq\u00fceductes de la Zona Nord - NouBarris.Net\" \/>\n<meta property=\"og:description\" content=\"El projecte pret\u00e9n dignificar i posar en relleu el valor patrimonial d\u2019alguns elements del Nou Barris Una part dels diners\" \/>\n<meta property=\"og:url\" content=\"https:\/\/www.noubarris.net\/web40\/els-diners-de-la-taxa-turistica-illuminaran-aqueductes-de-la-zona-nord\/\" \/>\n<meta property=\"og:site_name\" content=\"NouBarris.Net\" \/>\n<meta property=\"article:publisher\" content=\"https:\/\/www.facebook.com\/NouBarris.net\/?locale=es_ES\" \/>\n<meta property=\"article:published_time\" content=\"2018-06-14T22:00:47+00:00\" \/>\n<meta property=\"og:image\" content=\"https:\/\/www.noubarris.net\/web40\/wp-content\/uploads\/2018\/06\/150618.jpg\" \/>\n\t<meta property=\"og:image:width\" content=\"787\" \/>\n\t<meta property=\"og:image:height\" content=\"445\" \/>\n\t<meta property=\"og:image:type\" content=\"image\/jpeg\" \/>\n<meta name=\"author\" content=\"Informatius\" \/>\n<meta name=\"twitter:card\" content=\"summary_large_image\" \/>\n<meta name=\"twitter:creator\" content=\"@9BTV\" \/>\n<meta name=\"twitter:site\" content=\"@9BTV\" \/>\n<meta name=\"twitter:label1\" content=\"Escrit per\" \/>\n\t<meta name=\"twitter:data1\" content=\"Informatius\" \/>\n\t<meta name=\"twitter:label2\" content=\"Temps estimat de lectura\" \/>\n\t<meta name=\"twitter:data2\" content=\"2 minuts\" \/>\n<script type=\"application\/ld+json\" class=\"yoast-schema-graph\">{\"@context\":\"https:\/\/schema.org\",\"@graph\":[{\"@type\":\"Article\",\"@id\":\"https:\/\/www.noubarris.net\/web40\/els-diners-de-la-taxa-turistica-illuminaran-aqueductes-de-la-zona-nord\/#article\",\"isPartOf\":{\"@id\":\"https:\/\/www.noubarris.net\/web40\/els-diners-de-la-taxa-turistica-illuminaran-aqueductes-de-la-zona-nord\/\"},\"author\":{\"name\":\"Informatius\",\"@id\":\"https:\/\/www.noubarris.net\/web40\/#\/schema\/person\/1827f92aaa316c54abbf4dac0de76069\"},\"headline\":\"Els diners de la taxa tur\u00edstica il\u00b7luminaran aq\u00fceductes de la Zona Nord\",\"datePublished\":\"2018-06-14T22:00:47+00:00\",\"mainEntityOfPage\":{\"@id\":\"https:\/\/www.noubarris.net\/web40\/els-diners-de-la-taxa-turistica-illuminaran-aqueductes-de-la-zona-nord\/\"},\"wordCount\":454,\"publisher\":{\"@id\":\"https:\/\/www.noubarris.net\/web40\/#organization\"},\"image\":{\"@id\":\"https:\/\/www.noubarris.net\/web40\/els-diners-de-la-taxa-turistica-illuminaran-aqueductes-de-la-zona-nord\/#primaryimage\"},\"thumbnailUrl\":\"https:\/\/www.noubarris.net\/web40\/wp-content\/uploads\/2018\/06\/150618.jpg\",\"keywords\":[\"Ciutat Meridiana\",\"patrimoni\",\"Turisme\",\"Zona Nord\"],\"articleSection\":[\"Ciutat Meridiana\",\"Societat\",\"Torre Bar\u00f3\"],\"inLanguage\":\"ca\"},{\"@type\":\"WebPage\",\"@id\":\"https:\/\/www.noubarris.net\/web40\/els-diners-de-la-taxa-turistica-illuminaran-aqueductes-de-la-zona-nord\/\",\"url\":\"https:\/\/www.noubarris.net\/web40\/els-diners-de-la-taxa-turistica-illuminaran-aqueductes-de-la-zona-nord\/\",\"name\":\"Els diners de la taxa tur\u00edstica il\u00b7luminaran aq\u00fceductes de la Zona Nord - NouBarris.Net\",\"isPartOf\":{\"@id\":\"https:\/\/www.noubarris.net\/web40\/#website\"},\"primaryImageOfPage\":{\"@id\":\"https:\/\/www.noubarris.net\/web40\/els-diners-de-la-taxa-turistica-illuminaran-aqueductes-de-la-zona-nord\/#primaryimage\"},\"image\":{\"@id\":\"https:\/\/www.noubarris.net\/web40\/els-diners-de-la-taxa-turistica-illuminaran-aqueductes-de-la-zona-nord\/#primaryimage\"},\"thumbnailUrl\":\"https:\/\/www.noubarris.net\/web40\/wp-content\/uploads\/2018\/06\/150618.jpg\",\"datePublished\":\"2018-06-14T22:00:47+00:00\",\"breadcrumb\":{\"@id\":\"https:\/\/www.noubarris.net\/web40\/els-diners-de-la-taxa-turistica-illuminaran-aqueductes-de-la-zona-nord\/#breadcrumb\"},\"inLanguage\":\"ca\",\"potentialAction\":[{\"@type\":\"ReadAction\",\"target\":[\"https:\/\/www.noubarris.net\/web40\/els-diners-de-la-taxa-turistica-illuminaran-aqueductes-de-la-zona-nord\/\"]}]},{\"@type\":\"ImageObject\",\"inLanguage\":\"ca\",\"@id\":\"https:\/\/www.noubarris.net\/web40\/els-diners-de-la-taxa-turistica-illuminaran-aqueductes-de-la-zona-nord\/#primaryimage\",\"url\":\"https:\/\/www.noubarris.net\/web40\/wp-content\/uploads\/2018\/06\/150618.jpg\",\"contentUrl\":\"https:\/\/www.noubarris.net\/web40\/wp-content\/uploads\/2018\/06\/150618.jpg\",\"width\":787,\"height\":445},{\"@type\":\"BreadcrumbList\",\"@id\":\"https:\/\/www.noubarris.net\/web40\/els-diners-de-la-taxa-turistica-illuminaran-aqueductes-de-la-zona-nord\/#breadcrumb\",\"itemListElement\":[{\"@type\":\"ListItem\",\"position\":1,\"name\":\"Inici\",\"item\":\"https:\/\/www.noubarris.net\/web40\/\"},{\"@type\":\"ListItem\",\"position\":2,\"name\":\"Els diners de la taxa tur\u00edstica il\u00b7luminaran aq\u00fceductes de la Zona Nord\"}]},{\"@type\":\"WebSite\",\"@id\":\"https:\/\/www.noubarris.net\/web40\/#website\",\"url\":\"https:\/\/www.noubarris.net\/web40\/\",\"name\":\"NouBarris.Net\",\"description\":\"Seguint la vida de Nou Barris des de 1985\",\"publisher\":{\"@id\":\"https:\/\/www.noubarris.net\/web40\/#organization\"},\"potentialAction\":[{\"@type\":\"SearchAction\",\"target\":{\"@type\":\"EntryPoint\",\"urlTemplate\":\"https:\/\/www.noubarris.net\/web40\/?s={search_term_string}\"},\"query-input\":{\"@type\":\"PropertyValueSpecification\",\"valueRequired\":true,\"valueName\":\"search_term_string\"}}],\"inLanguage\":\"ca\"},{\"@type\":\"Organization\",\"@id\":\"https:\/\/www.noubarris.net\/web40\/#organization\",\"name\":\"NouBarris.Net\",\"url\":\"https:\/\/www.noubarris.net\/web40\/\",\"logo\":{\"@type\":\"ImageObject\",\"inLanguage\":\"ca\",\"@id\":\"https:\/\/www.noubarris.net\/web40\/#\/schema\/logo\/image\/\",\"url\":\"https:\/\/www.noubarris.net\/web40\/wp-content\/uploads\/2024\/11\/cropped-cropped-LOGO_9BTV-2024_Insta-1.jpg\",\"contentUrl\":\"https:\/\/www.noubarris.net\/web40\/wp-content\/uploads\/2024\/11\/cropped-cropped-LOGO_9BTV-2024_Insta-1.jpg\",\"width\":512,\"height\":512,\"caption\":\"NouBarris.Net\"},\"image\":{\"@id\":\"https:\/\/www.noubarris.net\/web40\/#\/schema\/logo\/image\/\"},\"sameAs\":[\"https:\/\/www.facebook.com\/NouBarris.net\/?locale=es_ES\",\"https:\/\/x.com\/9BTV\"]},{\"@type\":\"Person\",\"@id\":\"https:\/\/www.noubarris.net\/web40\/#\/schema\/person\/1827f92aaa316c54abbf4dac0de76069\",\"name\":\"Informatius\",\"image\":{\"@type\":\"ImageObject\",\"inLanguage\":\"ca\",\"@id\":\"https:\/\/www.noubarris.net\/web40\/#\/schema\/person\/image\/\",\"url\":\"https:\/\/secure.gravatar.com\/avatar\/87a3b47928835fc72c6ee5b0e1a7263ef0c2d05003a98189bc14926c5f11bcdb?s=96&d=mm&r=g\",\"contentUrl\":\"https:\/\/secure.gravatar.com\/avatar\/87a3b47928835fc72c6ee5b0e1a7263ef0c2d05003a98189bc14926c5f11bcdb?s=96&d=mm&r=g\",\"caption\":\"Informatius\"},\"url\":\"https:\/\/www.noubarris.net\/web40\/author\/tele\/\"}]}<\/script>\n<!-- \/ Yoast SEO plugin. -->","yoast_head_json":{"title":"Els diners de la taxa tur\u00edstica il\u00b7luminaran aq\u00fceductes de la Zona Nord - NouBarris.Net","robots":{"index":"index","follow":"follow","max-snippet":"max-snippet:-1","max-image-preview":"max-image-preview:large","max-video-preview":"max-video-preview:-1"},"canonical":"https:\/\/www.noubarris.net\/web40\/els-diners-de-la-taxa-turistica-illuminaran-aqueductes-de-la-zona-nord\/","og_locale":"ca_ES","og_type":"article","og_title":"Els diners de la taxa tur\u00edstica il\u00b7luminaran aq\u00fceductes de la Zona Nord - NouBarris.Net","og_description":"El projecte pret\u00e9n dignificar i posar en relleu el valor patrimonial d\u2019alguns elements del Nou Barris Una part dels diners","og_url":"https:\/\/www.noubarris.net\/web40\/els-diners-de-la-taxa-turistica-illuminaran-aqueductes-de-la-zona-nord\/","og_site_name":"NouBarris.Net","article_publisher":"https:\/\/www.facebook.com\/NouBarris.net\/?locale=es_ES","article_published_time":"2018-06-14T22:00:47+00:00","og_image":[{"width":787,"height":445,"url":"https:\/\/www.noubarris.net\/web40\/wp-content\/uploads\/2018\/06\/150618.jpg","type":"image\/jpeg"}],"author":"Informatius","twitter_card":"summary_large_image","twitter_creator":"@9BTV","twitter_site":"@9BTV","twitter_misc":{"Escrit per":"Informatius","Temps estimat de lectura":"2 minuts"},"schema":{"@context":"https:\/\/schema.org","@graph":[{"@type":"Article","@id":"https:\/\/www.noubarris.net\/web40\/els-diners-de-la-taxa-turistica-illuminaran-aqueductes-de-la-zona-nord\/#article","isPartOf":{"@id":"https:\/\/www.noubarris.net\/web40\/els-diners-de-la-taxa-turistica-illuminaran-aqueductes-de-la-zona-nord\/"},"author":{"name":"Informatius","@id":"https:\/\/www.noubarris.net\/web40\/#\/schema\/person\/1827f92aaa316c54abbf4dac0de76069"},"headline":"Els diners de la taxa tur\u00edstica il\u00b7luminaran aq\u00fceductes de la Zona Nord","datePublished":"2018-06-14T22:00:47+00:00","mainEntityOfPage":{"@id":"https:\/\/www.noubarris.net\/web40\/els-diners-de-la-taxa-turistica-illuminaran-aqueductes-de-la-zona-nord\/"},"wordCount":454,"publisher":{"@id":"https:\/\/www.noubarris.net\/web40\/#organization"},"image":{"@id":"https:\/\/www.noubarris.net\/web40\/els-diners-de-la-taxa-turistica-illuminaran-aqueductes-de-la-zona-nord\/#primaryimage"},"thumbnailUrl":"https:\/\/www.noubarris.net\/web40\/wp-content\/uploads\/2018\/06\/150618.jpg","keywords":["Ciutat Meridiana","patrimoni","Turisme","Zona Nord"],"articleSection":["Ciutat Meridiana","Societat","Torre Bar\u00f3"],"inLanguage":"ca"},{"@type":"WebPage","@id":"https:\/\/www.noubarris.net\/web40\/els-diners-de-la-taxa-turistica-illuminaran-aqueductes-de-la-zona-nord\/","url":"https:\/\/www.noubarris.net\/web40\/els-diners-de-la-taxa-turistica-illuminaran-aqueductes-de-la-zona-nord\/","name":"Els diners de la taxa tur\u00edstica il\u00b7luminaran aq\u00fceductes de la Zona Nord - NouBarris.Net","isPartOf":{"@id":"https:\/\/www.noubarris.net\/web40\/#website"},"primaryImageOfPage":{"@id":"https:\/\/www.noubarris.net\/web40\/els-diners-de-la-taxa-turistica-illuminaran-aqueductes-de-la-zona-nord\/#primaryimage"},"image":{"@id":"https:\/\/www.noubarris.net\/web40\/els-diners-de-la-taxa-turistica-illuminaran-aqueductes-de-la-zona-nord\/#primaryimage"},"thumbnailUrl":"https:\/\/www.noubarris.net\/web40\/wp-content\/uploads\/2018\/06\/150618.jpg","datePublished":"2018-06-14T22:00:47+00:00","breadcrumb":{"@id":"https:\/\/www.noubarris.net\/web40\/els-diners-de-la-taxa-turistica-illuminaran-aqueductes-de-la-zona-nord\/#breadcrumb"},"inLanguage":"ca","potentialAction":[{"@type":"ReadAction","target":["https:\/\/www.noubarris.net\/web40\/els-diners-de-la-taxa-turistica-illuminaran-aqueductes-de-la-zona-nord\/"]}]},{"@type":"ImageObject","inLanguage":"ca","@id":"https:\/\/www.noubarris.net\/web40\/els-diners-de-la-taxa-turistica-illuminaran-aqueductes-de-la-zona-nord\/#primaryimage","url":"https:\/\/www.noubarris.net\/web40\/wp-content\/uploads\/2018\/06\/150618.jpg","contentUrl":"https:\/\/www.noubarris.net\/web40\/wp-content\/uploads\/2018\/06\/150618.jpg","width":787,"height":445},{"@type":"BreadcrumbList","@id":"https:\/\/www.noubarris.net\/web40\/els-diners-de-la-taxa-turistica-illuminaran-aqueductes-de-la-zona-nord\/#breadcrumb","itemListElement":[{"@type":"ListItem","position":1,"name":"Inici","item":"https:\/\/www.noubarris.net\/web40\/"},{"@type":"ListItem","position":2,"name":"Els diners de la taxa tur\u00edstica il\u00b7luminaran aq\u00fceductes de la Zona Nord"}]},{"@type":"WebSite","@id":"https:\/\/www.noubarris.net\/web40\/#website","url":"https:\/\/www.noubarris.net\/web40\/","name":"NouBarris.Net","description":"Seguint la vida de Nou Barris des de 1985","publisher":{"@id":"https:\/\/www.noubarris.net\/web40\/#organization"},"potentialAction":[{"@type":"SearchAction","target":{"@type":"EntryPoint","urlTemplate":"https:\/\/www.noubarris.net\/web40\/?s={search_term_string}"},"query-input":{"@type":"PropertyValueSpecification","valueRequired":true,"valueName":"search_term_string"}}],"inLanguage":"ca"},{"@type":"Organization","@id":"https:\/\/www.noubarris.net\/web40\/#organization","name":"NouBarris.Net","url":"https:\/\/www.noubarris.net\/web40\/","logo":{"@type":"ImageObject","inLanguage":"ca","@id":"https:\/\/www.noubarris.net\/web40\/#\/schema\/logo\/image\/","url":"https:\/\/www.noubarris.net\/web40\/wp-content\/uploads\/2024\/11\/cropped-cropped-LOGO_9BTV-2024_Insta-1.jpg","contentUrl":"https:\/\/www.noubarris.net\/web40\/wp-content\/uploads\/2024\/11\/cropped-cropped-LOGO_9BTV-2024_Insta-1.jpg","width":512,"height":512,"caption":"NouBarris.Net"},"image":{"@id":"https:\/\/www.noubarris.net\/web40\/#\/schema\/logo\/image\/"},"sameAs":["https:\/\/www.facebook.com\/NouBarris.net\/?locale=es_ES","https:\/\/x.com\/9BTV"]},{"@type":"Person","@id":"https:\/\/www.noubarris.net\/web40\/#\/schema\/person\/1827f92aaa316c54abbf4dac0de76069","name":"Informatius","image":{"@type":"ImageObject","inLanguage":"ca","@id":"https:\/\/www.noubarris.net\/web40\/#\/schema\/person\/image\/","url":"https:\/\/secure.gravatar.com\/avatar\/87a3b47928835fc72c6ee5b0e1a7263ef0c2d05003a98189bc14926c5f11bcdb?s=96&d=mm&r=g","contentUrl":"https:\/\/secure.gravatar.com\/avatar\/87a3b47928835fc72c6ee5b0e1a7263ef0c2d05003a98189bc14926c5f11bcdb?s=96&d=mm&r=g","caption":"Informatius"},"url":"https:\/\/www.noubarris.net\/web40\/author\/tele\/"}]}},"_links":{"self":[{"href":"https:\/\/www.noubarris.net\/web40\/wp-json\/wp\/v2\/posts\/72549","targetHints":{"allow":["GET"]}}],"collection":[{"href":"https:\/\/www.noubarris.net\/web40\/wp-json\/wp\/v2\/posts"}],"about":[{"href":"https:\/\/www.noubarris.net\/web40\/wp-json\/wp\/v2\/types\/post"}],"author":[{"embeddable":true,"href":"https:\/\/www.noubarris.net\/web40\/wp-json\/wp\/v2\/users\/2"}],"replies":[{"embeddable":true,"href":"https:\/\/www.noubarris.net\/web40\/wp-json\/wp\/v2\/comments?post=72549"}],"version-history":[{"count":0,"href":"https:\/\/www.noubarris.net\/web40\/wp-json\/wp\/v2\/posts\/72549\/revisions"}],"wp:featuredmedia":[{"embeddable":true,"href":"https:\/\/www.noubarris.net\/web40\/wp-json\/wp\/v2\/media\/72550"}],"wp:attachment":[{"href":"https:\/\/www.noubarris.net\/web40\/wp-json\/wp\/v2\/media?parent=72549"}],"wp:term":[{"taxonomy":"category","embeddable":true,"href":"https:\/\/www.noubarris.net\/web40\/wp-json\/wp\/v2\/categories?post=72549"},{"taxonomy":"post_tag","embeddable":true,"href":"https:\/\/www.noubarris.net\/web40\/wp-json\/wp\/v2\/tags?post=72549"}],"curies":[{"name":"wp","href":"https:\/\/api.w.org\/{rel}","templated":true}]}}