{"id":72554,"date":"2018-06-18T00:00:26","date_gmt":"2018-06-17T22:00:26","guid":{"rendered":"http:\/\/www.noubarris.net\/web40\/?p=72554"},"modified":"2018-06-15T15:48:11","modified_gmt":"2018-06-15T13:48:11","slug":"veins-i-professionals-treballen-en-xarxa-per-promoure-la-salut-al-barri-de-la-prosperitat","status":"publish","type":"post","link":"https:\/\/www.noubarris.net\/web40\/veins-i-professionals-treballen-en-xarxa-per-promoure-la-salut-al-barri-de-la-prosperitat\/","title":{"rendered":"Ve\u00efns i professionals treballen en xarxa per promoure la salut al barri de la Prosperitat"},"content":{"rendered":"<p><strong>El grup PromoSalut organitza xerrades i actua sobre les diverses problem\u00e0tiques que detecta<\/strong><\/p>\n<p>Des de fa tres anys el barri de la Prosperitat compta amb una taula per tractar temes relacionats amb la salut comunit\u00e0ria. Professionals de la salut i serveis socials treballen conjuntament amb l\u2019AV de la Prosperitat, farmac\u00e8utics, casals d\u2019avis i altres entitats del territori. El grup PromoSalut Prospe va configurar-se a partir d\u2019una iniciativa ve\u00efnal i ben aviat va rebre el suport de molts agents relacionats amb el m\u00f3n de la salut. L\u2019objectiu d\u2019aquest grup comunitari \u00e9s informar i donar eines als ve\u00efns de la Prosperitat per poder gestionar millor la seva salut.<\/p>\n<p>PromoSalut organitza cada tercer dijous de mes una xerrada al Casal de Barri de la Prosperitat sobre temes relacionats amb l\u2019\u00e0mbit de la salut. En aquestes xerrades es tracten temes com l\u2019obesitat, l\u2019alimentaci\u00f3 saludable o el perill de les dietes miracle, per\u00f2 tamb\u00e9 es parla de salut mental, estalvi energ\u00e8tic i molts altres temes que estan lligats a la millora de la salut. \u201cFeia falta m\u00e9s formaci\u00f3 i m\u00e9s informaci\u00f3 a la poblaci\u00f3, i sobretot pel tema Google, que la gent es pensa que tot el que hi ha a Google \u00e9s cert. \u2013 explica Gemma Rub\u00ed, farmac\u00e8utica de la Prosperitat- Vaig pensar que seria una bona iniciativa aportar coneixements m\u00e9s cient\u00edfics i reals per combatre la desinformaci\u00f3.\u201d Algunes d\u2019aquestes xerrades es programen des de la taula de PromoSalut per\u00f2 tamb\u00e9 hi ha algunes que sorgeixen de propostes i suggeriments dels mateixos participants a les sessions. \u201cNo \u00e9s una escola de salut, \u00e9s donar resposta als dubtes que la gent t\u00e9 sobre salut.\u201d, assegura Montserrat Espuga, adjunta de direcci\u00f3 del CAP Rio Janeiro<\/p>\n<p>D\u2019altra banda, les reunions del grup serveixen tamb\u00e9 com a vincle per teixir una xarxa comunit\u00e0ria entre tots els agents que treballen d\u2019una manera directa o indirecta en l\u2019\u00e0mbit de la salut. A partir de la taula es detecten moltes problem\u00e0tiques i es busquen solucions de manera transversal gr\u00e0cies a l\u2019intercanvi de coneixements i experi\u00e8ncies entre la comunitat de ve\u00efns i el m\u00f3n professional. \u00a0\u201cSegons el tema que surt, veiem de tots els agents qui \u00e9s el que l\u2019ha de donar resposta. Si \u00e9s salut, nosaltres des del CAP ens encarreguem de buscar el recurs. Si cal, ve alg\u00fa de fora, com ara els Mossos d\u2019Esquadra o els experts en estalvi energ\u00e8tic\u201d. Els integrants de la xarxa estan molt satisfets amb el projecte i de fet ja preparen la temporada vinent a partir del llistat de temes suggerits pel ve\u00efnat.<\/p>\n<p>&nbsp;<\/p>\n","protected":false},"excerpt":{"rendered":"<p>El grup PromoSalut organitza xerrades i actua sobre les diverses problem\u00e0tiques que detecta Des de fa tres anys el barri<\/p>\n","protected":false},"author":2,"featured_media":72555,"comment_status":"closed","ping_status":"closed","sticky":false,"template":"","format":"standard","meta":{"colormag_page_layout":"default_layout","_monsterinsights_skip_tracking":false,"_monsterinsights_sitenote_active":false,"_monsterinsights_sitenote_note":"","_monsterinsights_sitenote_category":0,"footnotes":""},"categories":[135,124],"tags":[51,272],"class_list":["post-72554","post","type-post","status-publish","format-standard","has-post-thumbnail","hentry","category-la-prosperitat","category-societat","tag-la-prosperitat","tag-salut"],"yoast_head":"<!-- This site is optimized with the Yoast SEO plugin v25.3 - https:\/\/yoast.com\/wordpress\/plugins\/seo\/ -->\n<title>Ve\u00efns i professionals treballen en xarxa per promoure la salut al barri de la Prosperitat - NouBarris.Net<\/title>\n<meta name=\"robots\" content=\"index, follow, max-snippet:-1, max-image-preview:large, max-video-preview:-1\" \/>\n<link rel=\"canonical\" href=\"https:\/\/www.noubarris.net\/web40\/veins-i-professionals-treballen-en-xarxa-per-promoure-la-salut-al-barri-de-la-prosperitat\/\" \/>\n<meta property=\"og:locale\" content=\"ca_ES\" \/>\n<meta property=\"og:type\" content=\"article\" \/>\n<meta property=\"og:title\" content=\"Ve\u00efns i professionals treballen en xarxa per promoure la salut al barri de la Prosperitat - NouBarris.Net\" \/>\n<meta property=\"og:description\" content=\"El grup PromoSalut organitza xerrades i actua sobre les diverses problem\u00e0tiques que detecta Des de fa tres anys el barri\" \/>\n<meta property=\"og:url\" content=\"https:\/\/www.noubarris.net\/web40\/veins-i-professionals-treballen-en-xarxa-per-promoure-la-salut-al-barri-de-la-prosperitat\/\" \/>\n<meta property=\"og:site_name\" content=\"NouBarris.Net\" \/>\n<meta property=\"article:publisher\" content=\"https:\/\/www.facebook.com\/NouBarris.net\/?locale=es_ES\" \/>\n<meta property=\"article:published_time\" content=\"2018-06-17T22:00:26+00:00\" \/>\n<meta property=\"og:image\" content=\"https:\/\/www.noubarris.net\/web40\/wp-content\/uploads\/2018\/06\/180618.jpg\" \/>\n\t<meta property=\"og:image:width\" content=\"787\" \/>\n\t<meta property=\"og:image:height\" content=\"445\" \/>\n\t<meta property=\"og:image:type\" content=\"image\/jpeg\" \/>\n<meta name=\"author\" content=\"Informatius\" \/>\n<meta name=\"twitter:card\" content=\"summary_large_image\" \/>\n<meta name=\"twitter:creator\" content=\"@9BTV\" \/>\n<meta name=\"twitter:site\" content=\"@9BTV\" \/>\n<meta name=\"twitter:label1\" content=\"Escrit per\" \/>\n\t<meta name=\"twitter:data1\" content=\"Informatius\" \/>\n\t<meta name=\"twitter:label2\" content=\"Temps estimat de lectura\" \/>\n\t<meta name=\"twitter:data2\" content=\"2 minuts\" \/>\n<script type=\"application\/ld+json\" class=\"yoast-schema-graph\">{\"@context\":\"https:\/\/schema.org\",\"@graph\":[{\"@type\":\"Article\",\"@id\":\"https:\/\/www.noubarris.net\/web40\/veins-i-professionals-treballen-en-xarxa-per-promoure-la-salut-al-barri-de-la-prosperitat\/#article\",\"isPartOf\":{\"@id\":\"https:\/\/www.noubarris.net\/web40\/veins-i-professionals-treballen-en-xarxa-per-promoure-la-salut-al-barri-de-la-prosperitat\/\"},\"author\":{\"name\":\"Informatius\",\"@id\":\"https:\/\/www.noubarris.net\/web40\/#\/schema\/person\/1827f92aaa316c54abbf4dac0de76069\"},\"headline\":\"Ve\u00efns i professionals treballen en xarxa per promoure la salut al barri de la Prosperitat\",\"datePublished\":\"2018-06-17T22:00:26+00:00\",\"mainEntityOfPage\":{\"@id\":\"https:\/\/www.noubarris.net\/web40\/veins-i-professionals-treballen-en-xarxa-per-promoure-la-salut-al-barri-de-la-prosperitat\/\"},\"wordCount\":470,\"publisher\":{\"@id\":\"https:\/\/www.noubarris.net\/web40\/#organization\"},\"image\":{\"@id\":\"https:\/\/www.noubarris.net\/web40\/veins-i-professionals-treballen-en-xarxa-per-promoure-la-salut-al-barri-de-la-prosperitat\/#primaryimage\"},\"thumbnailUrl\":\"https:\/\/www.noubarris.net\/web40\/wp-content\/uploads\/2018\/06\/180618.jpg\",\"keywords\":[\"La Prosperitat\",\"Salut\"],\"articleSection\":[\"La Prosperitat\",\"Societat\"],\"inLanguage\":\"ca\"},{\"@type\":\"WebPage\",\"@id\":\"https:\/\/www.noubarris.net\/web40\/veins-i-professionals-treballen-en-xarxa-per-promoure-la-salut-al-barri-de-la-prosperitat\/\",\"url\":\"https:\/\/www.noubarris.net\/web40\/veins-i-professionals-treballen-en-xarxa-per-promoure-la-salut-al-barri-de-la-prosperitat\/\",\"name\":\"Ve\u00efns i professionals treballen en xarxa per promoure la salut al barri de la Prosperitat - NouBarris.Net\",\"isPartOf\":{\"@id\":\"https:\/\/www.noubarris.net\/web40\/#website\"},\"primaryImageOfPage\":{\"@id\":\"https:\/\/www.noubarris.net\/web40\/veins-i-professionals-treballen-en-xarxa-per-promoure-la-salut-al-barri-de-la-prosperitat\/#primaryimage\"},\"image\":{\"@id\":\"https:\/\/www.noubarris.net\/web40\/veins-i-professionals-treballen-en-xarxa-per-promoure-la-salut-al-barri-de-la-prosperitat\/#primaryimage\"},\"thumbnailUrl\":\"https:\/\/www.noubarris.net\/web40\/wp-content\/uploads\/2018\/06\/180618.jpg\",\"datePublished\":\"2018-06-17T22:00:26+00:00\",\"breadcrumb\":{\"@id\":\"https:\/\/www.noubarris.net\/web40\/veins-i-professionals-treballen-en-xarxa-per-promoure-la-salut-al-barri-de-la-prosperitat\/#breadcrumb\"},\"inLanguage\":\"ca\",\"potentialAction\":[{\"@type\":\"ReadAction\",\"target\":[\"https:\/\/www.noubarris.net\/web40\/veins-i-professionals-treballen-en-xarxa-per-promoure-la-salut-al-barri-de-la-prosperitat\/\"]}]},{\"@type\":\"ImageObject\",\"inLanguage\":\"ca\",\"@id\":\"https:\/\/www.noubarris.net\/web40\/veins-i-professionals-treballen-en-xarxa-per-promoure-la-salut-al-barri-de-la-prosperitat\/#primaryimage\",\"url\":\"https:\/\/www.noubarris.net\/web40\/wp-content\/uploads\/2018\/06\/180618.jpg\",\"contentUrl\":\"https:\/\/www.noubarris.net\/web40\/wp-content\/uploads\/2018\/06\/180618.jpg\",\"width\":787,\"height\":445},{\"@type\":\"BreadcrumbList\",\"@id\":\"https:\/\/www.noubarris.net\/web40\/veins-i-professionals-treballen-en-xarxa-per-promoure-la-salut-al-barri-de-la-prosperitat\/#breadcrumb\",\"itemListElement\":[{\"@type\":\"ListItem\",\"position\":1,\"name\":\"Inici\",\"item\":\"https:\/\/www.noubarris.net\/web40\/\"},{\"@type\":\"ListItem\",\"position\":2,\"name\":\"Ve\u00efns i professionals treballen en xarxa per promoure la salut al barri de la Prosperitat\"}]},{\"@type\":\"WebSite\",\"@id\":\"https:\/\/www.noubarris.net\/web40\/#website\",\"url\":\"https:\/\/www.noubarris.net\/web40\/\",\"name\":\"NouBarris.Net\",\"description\":\"Seguint la vida de Nou Barris des de 1985\",\"publisher\":{\"@id\":\"https:\/\/www.noubarris.net\/web40\/#organization\"},\"potentialAction\":[{\"@type\":\"SearchAction\",\"target\":{\"@type\":\"EntryPoint\",\"urlTemplate\":\"https:\/\/www.noubarris.net\/web40\/?s={search_term_string}\"},\"query-input\":{\"@type\":\"PropertyValueSpecification\",\"valueRequired\":true,\"valueName\":\"search_term_string\"}}],\"inLanguage\":\"ca\"},{\"@type\":\"Organization\",\"@id\":\"https:\/\/www.noubarris.net\/web40\/#organization\",\"name\":\"NouBarris.Net\",\"url\":\"https:\/\/www.noubarris.net\/web40\/\",\"logo\":{\"@type\":\"ImageObject\",\"inLanguage\":\"ca\",\"@id\":\"https:\/\/www.noubarris.net\/web40\/#\/schema\/logo\/image\/\",\"url\":\"https:\/\/www.noubarris.net\/web40\/wp-content\/uploads\/2024\/11\/cropped-cropped-LOGO_9BTV-2024_Insta-1.jpg\",\"contentUrl\":\"https:\/\/www.noubarris.net\/web40\/wp-content\/uploads\/2024\/11\/cropped-cropped-LOGO_9BTV-2024_Insta-1.jpg\",\"width\":512,\"height\":512,\"caption\":\"NouBarris.Net\"},\"image\":{\"@id\":\"https:\/\/www.noubarris.net\/web40\/#\/schema\/logo\/image\/\"},\"sameAs\":[\"https:\/\/www.facebook.com\/NouBarris.net\/?locale=es_ES\",\"https:\/\/x.com\/9BTV\"]},{\"@type\":\"Person\",\"@id\":\"https:\/\/www.noubarris.net\/web40\/#\/schema\/person\/1827f92aaa316c54abbf4dac0de76069\",\"name\":\"Informatius\",\"image\":{\"@type\":\"ImageObject\",\"inLanguage\":\"ca\",\"@id\":\"https:\/\/www.noubarris.net\/web40\/#\/schema\/person\/image\/\",\"url\":\"https:\/\/secure.gravatar.com\/avatar\/87a3b47928835fc72c6ee5b0e1a7263ef0c2d05003a98189bc14926c5f11bcdb?s=96&d=mm&r=g\",\"contentUrl\":\"https:\/\/secure.gravatar.com\/avatar\/87a3b47928835fc72c6ee5b0e1a7263ef0c2d05003a98189bc14926c5f11bcdb?s=96&d=mm&r=g\",\"caption\":\"Informatius\"},\"url\":\"https:\/\/www.noubarris.net\/web40\/author\/tele\/\"}]}<\/script>\n<!-- \/ Yoast SEO plugin. -->","yoast_head_json":{"title":"Ve\u00efns i professionals treballen en xarxa per promoure la salut al barri de la Prosperitat - NouBarris.Net","robots":{"index":"index","follow":"follow","max-snippet":"max-snippet:-1","max-image-preview":"max-image-preview:large","max-video-preview":"max-video-preview:-1"},"canonical":"https:\/\/www.noubarris.net\/web40\/veins-i-professionals-treballen-en-xarxa-per-promoure-la-salut-al-barri-de-la-prosperitat\/","og_locale":"ca_ES","og_type":"article","og_title":"Ve\u00efns i professionals treballen en xarxa per promoure la salut al barri de la Prosperitat - NouBarris.Net","og_description":"El grup PromoSalut organitza xerrades i actua sobre les diverses problem\u00e0tiques que detecta Des de fa tres anys el barri","og_url":"https:\/\/www.noubarris.net\/web40\/veins-i-professionals-treballen-en-xarxa-per-promoure-la-salut-al-barri-de-la-prosperitat\/","og_site_name":"NouBarris.Net","article_publisher":"https:\/\/www.facebook.com\/NouBarris.net\/?locale=es_ES","article_published_time":"2018-06-17T22:00:26+00:00","og_image":[{"width":787,"height":445,"url":"https:\/\/www.noubarris.net\/web40\/wp-content\/uploads\/2018\/06\/180618.jpg","type":"image\/jpeg"}],"author":"Informatius","twitter_card":"summary_large_image","twitter_creator":"@9BTV","twitter_site":"@9BTV","twitter_misc":{"Escrit per":"Informatius","Temps estimat de lectura":"2 minuts"},"schema":{"@context":"https:\/\/schema.org","@graph":[{"@type":"Article","@id":"https:\/\/www.noubarris.net\/web40\/veins-i-professionals-treballen-en-xarxa-per-promoure-la-salut-al-barri-de-la-prosperitat\/#article","isPartOf":{"@id":"https:\/\/www.noubarris.net\/web40\/veins-i-professionals-treballen-en-xarxa-per-promoure-la-salut-al-barri-de-la-prosperitat\/"},"author":{"name":"Informatius","@id":"https:\/\/www.noubarris.net\/web40\/#\/schema\/person\/1827f92aaa316c54abbf4dac0de76069"},"headline":"Ve\u00efns i professionals treballen en xarxa per promoure la salut al barri de la Prosperitat","datePublished":"2018-06-17T22:00:26+00:00","mainEntityOfPage":{"@id":"https:\/\/www.noubarris.net\/web40\/veins-i-professionals-treballen-en-xarxa-per-promoure-la-salut-al-barri-de-la-prosperitat\/"},"wordCount":470,"publisher":{"@id":"https:\/\/www.noubarris.net\/web40\/#organization"},"image":{"@id":"https:\/\/www.noubarris.net\/web40\/veins-i-professionals-treballen-en-xarxa-per-promoure-la-salut-al-barri-de-la-prosperitat\/#primaryimage"},"thumbnailUrl":"https:\/\/www.noubarris.net\/web40\/wp-content\/uploads\/2018\/06\/180618.jpg","keywords":["La Prosperitat","Salut"],"articleSection":["La Prosperitat","Societat"],"inLanguage":"ca"},{"@type":"WebPage","@id":"https:\/\/www.noubarris.net\/web40\/veins-i-professionals-treballen-en-xarxa-per-promoure-la-salut-al-barri-de-la-prosperitat\/","url":"https:\/\/www.noubarris.net\/web40\/veins-i-professionals-treballen-en-xarxa-per-promoure-la-salut-al-barri-de-la-prosperitat\/","name":"Ve\u00efns i professionals treballen en xarxa per promoure la salut al barri de la Prosperitat - NouBarris.Net","isPartOf":{"@id":"https:\/\/www.noubarris.net\/web40\/#website"},"primaryImageOfPage":{"@id":"https:\/\/www.noubarris.net\/web40\/veins-i-professionals-treballen-en-xarxa-per-promoure-la-salut-al-barri-de-la-prosperitat\/#primaryimage"},"image":{"@id":"https:\/\/www.noubarris.net\/web40\/veins-i-professionals-treballen-en-xarxa-per-promoure-la-salut-al-barri-de-la-prosperitat\/#primaryimage"},"thumbnailUrl":"https:\/\/www.noubarris.net\/web40\/wp-content\/uploads\/2018\/06\/180618.jpg","datePublished":"2018-06-17T22:00:26+00:00","breadcrumb":{"@id":"https:\/\/www.noubarris.net\/web40\/veins-i-professionals-treballen-en-xarxa-per-promoure-la-salut-al-barri-de-la-prosperitat\/#breadcrumb"},"inLanguage":"ca","potentialAction":[{"@type":"ReadAction","target":["https:\/\/www.noubarris.net\/web40\/veins-i-professionals-treballen-en-xarxa-per-promoure-la-salut-al-barri-de-la-prosperitat\/"]}]},{"@type":"ImageObject","inLanguage":"ca","@id":"https:\/\/www.noubarris.net\/web40\/veins-i-professionals-treballen-en-xarxa-per-promoure-la-salut-al-barri-de-la-prosperitat\/#primaryimage","url":"https:\/\/www.noubarris.net\/web40\/wp-content\/uploads\/2018\/06\/180618.jpg","contentUrl":"https:\/\/www.noubarris.net\/web40\/wp-content\/uploads\/2018\/06\/180618.jpg","width":787,"height":445},{"@type":"BreadcrumbList","@id":"https:\/\/www.noubarris.net\/web40\/veins-i-professionals-treballen-en-xarxa-per-promoure-la-salut-al-barri-de-la-prosperitat\/#breadcrumb","itemListElement":[{"@type":"ListItem","position":1,"name":"Inici","item":"https:\/\/www.noubarris.net\/web40\/"},{"@type":"ListItem","position":2,"name":"Ve\u00efns i professionals treballen en xarxa per promoure la salut al barri de la Prosperitat"}]},{"@type":"WebSite","@id":"https:\/\/www.noubarris.net\/web40\/#website","url":"https:\/\/www.noubarris.net\/web40\/","name":"NouBarris.Net","description":"Seguint la vida de Nou Barris des de 1985","publisher":{"@id":"https:\/\/www.noubarris.net\/web40\/#organization"},"potentialAction":[{"@type":"SearchAction","target":{"@type":"EntryPoint","urlTemplate":"https:\/\/www.noubarris.net\/web40\/?s={search_term_string}"},"query-input":{"@type":"PropertyValueSpecification","valueRequired":true,"valueName":"search_term_string"}}],"inLanguage":"ca"},{"@type":"Organization","@id":"https:\/\/www.noubarris.net\/web40\/#organization","name":"NouBarris.Net","url":"https:\/\/www.noubarris.net\/web40\/","logo":{"@type":"ImageObject","inLanguage":"ca","@id":"https:\/\/www.noubarris.net\/web40\/#\/schema\/logo\/image\/","url":"https:\/\/www.noubarris.net\/web40\/wp-content\/uploads\/2024\/11\/cropped-cropped-LOGO_9BTV-2024_Insta-1.jpg","contentUrl":"https:\/\/www.noubarris.net\/web40\/wp-content\/uploads\/2024\/11\/cropped-cropped-LOGO_9BTV-2024_Insta-1.jpg","width":512,"height":512,"caption":"NouBarris.Net"},"image":{"@id":"https:\/\/www.noubarris.net\/web40\/#\/schema\/logo\/image\/"},"sameAs":["https:\/\/www.facebook.com\/NouBarris.net\/?locale=es_ES","https:\/\/x.com\/9BTV"]},{"@type":"Person","@id":"https:\/\/www.noubarris.net\/web40\/#\/schema\/person\/1827f92aaa316c54abbf4dac0de76069","name":"Informatius","image":{"@type":"ImageObject","inLanguage":"ca","@id":"https:\/\/www.noubarris.net\/web40\/#\/schema\/person\/image\/","url":"https:\/\/secure.gravatar.com\/avatar\/87a3b47928835fc72c6ee5b0e1a7263ef0c2d05003a98189bc14926c5f11bcdb?s=96&d=mm&r=g","contentUrl":"https:\/\/secure.gravatar.com\/avatar\/87a3b47928835fc72c6ee5b0e1a7263ef0c2d05003a98189bc14926c5f11bcdb?s=96&d=mm&r=g","caption":"Informatius"},"url":"https:\/\/www.noubarris.net\/web40\/author\/tele\/"}]}},"_links":{"self":[{"href":"https:\/\/www.noubarris.net\/web40\/wp-json\/wp\/v2\/posts\/72554","targetHints":{"allow":["GET"]}}],"collection":[{"href":"https:\/\/www.noubarris.net\/web40\/wp-json\/wp\/v2\/posts"}],"about":[{"href":"https:\/\/www.noubarris.net\/web40\/wp-json\/wp\/v2\/types\/post"}],"author":[{"embeddable":true,"href":"https:\/\/www.noubarris.net\/web40\/wp-json\/wp\/v2\/users\/2"}],"replies":[{"embeddable":true,"href":"https:\/\/www.noubarris.net\/web40\/wp-json\/wp\/v2\/comments?post=72554"}],"version-history":[{"count":0,"href":"https:\/\/www.noubarris.net\/web40\/wp-json\/wp\/v2\/posts\/72554\/revisions"}],"wp:featuredmedia":[{"embeddable":true,"href":"https:\/\/www.noubarris.net\/web40\/wp-json\/wp\/v2\/media\/72555"}],"wp:attachment":[{"href":"https:\/\/www.noubarris.net\/web40\/wp-json\/wp\/v2\/media?parent=72554"}],"wp:term":[{"taxonomy":"category","embeddable":true,"href":"https:\/\/www.noubarris.net\/web40\/wp-json\/wp\/v2\/categories?post=72554"},{"taxonomy":"post_tag","embeddable":true,"href":"https:\/\/www.noubarris.net\/web40\/wp-json\/wp\/v2\/tags?post=72554"}],"curies":[{"name":"wp","href":"https:\/\/api.w.org\/{rel}","templated":true}]}}