{"id":72824,"date":"2018-07-20T00:00:12","date_gmt":"2018-07-19T22:00:12","guid":{"rendered":"http:\/\/www.noubarris.net\/web40\/?p=72824"},"modified":"2018-07-19T15:41:52","modified_gmt":"2018-07-19T13:41:52","slug":"la-porta-de-can-peguera-retrata-un-barri-amb-un-42-daturats","status":"publish","type":"post","link":"https:\/\/www.noubarris.net\/web40\/la-porta-de-can-peguera-retrata-un-barri-amb-un-42-daturats\/","title":{"rendered":"L\u2019A-porta de Can Peguera retrata un barri amb un 42% d\u2019aturats"},"content":{"rendered":"<p><strong>Les conclusions apunten com a problema principal la desmotivaci\u00f3 dels cercadors de feina<\/strong><\/p>\n<p>L\u2019AV Can Peguera sabia que la situaci\u00f3 sociolaboral del barri era preocupant, per\u00f2 els indicadors de les enquestes del projecte A-porta els han sorpr\u00e9s. Un 42% dels ve\u00efns entrevistats s\u00f3n a l\u2019atur. I s\u2019ha enquestat prop del 70% del barri que supera per poc els 2.000 habitants. Amb les dades a la m\u00e0, reclamen solucions a les administracions per fomentar l\u2019ocupaci\u00f3. Unes mesures que han de passar primer per trencar el desenc\u00eds i la desmotivaci\u00f3 dels aturats.<\/p>\n<p>El perfil mitj\u00e0 de l\u2019aturat de Can Peguera s\u00f3n persones d\u2019entre 40 i 55 anys, amb estudis primaris. Despr\u00e9s d\u2019anys de buscar feina, es troben desmotivats i desencantats. A m\u00e9s, un 55% no rep cap prestaci\u00f3. \u201cLes xifres s\u00f3n fredes i caldria posar-hi cara i context darrera per entendre-les, per\u00f2 ens ha sorpr\u00e8s perqu\u00e8 hi ha m\u00e9s mis\u00e8ria, m\u00e9s pobresa de la que creiem, per\u00f2 si que les nostres xifres anaven molt per aqu\u00ed.- explica Pep Ortiz, president de l\u2019AV Can Peguera- Amb aquestes dades el que es vol \u00e9s demostrar a l\u2019administraci\u00f3 que no ens queixem per queixar-nos. No es tracta d\u2019omplir un pou amb bitllets, es tracta que la gent que est\u00e0 dins el pou pugui sortir per si mateixa. I nom\u00e9s hi ha una soluci\u00f3 que \u00e9s donar-los feina.\u201d La situaci\u00f3 de precarietat del ve\u00efnat no s\u2019atura aqu\u00ed. Entre el 54% del ve\u00efnat que s\u00ed t\u00e9 feina, el 65% creu que el seu salari no \u00e9s suficient.<\/p>\n<p>L\u2019A-porta de Can Peguera es va apropar a la realitat laboral del barri durant set mesos. La intenci\u00f3 \u00e9s, ara, projectar mesures que puguin fomentar l\u2019ocupaci\u00f3. Es treballa en idees com una cooperativa, al mateix temps que s\u2019ha proposat a l\u2019Ajuntament una segona fase de l\u2019A-porta. En aquest cas, els picaportes haurien d\u2019acompanyar els ve\u00efns aturats als diversos serveis. \u201cA aquests ve\u00efns els falta confian\u00e7a i motivaci\u00f3. \u2013 afirma Cristina Barriach, coordinadora de l\u2019A-porta can Peguera- Potser el que necessiten \u00e9s una empenta. Que els picaportes puguin anar i fer d\u2019enlla\u00e7 amb els serveis de Barcelona Activa i altres recursos. \u00c9s portar-los de la porta de casa seva als serveis, una mica modificats en funci\u00f3 del perfil i les necessitats de la persona.\u201d De moment tota la informaci\u00f3 i les enquestes estan en mans de les administracions, perqu\u00e8 les tinguin presents de cara a altres mesures per fomentar la inserci\u00f3 laboral.<\/p>\n","protected":false},"excerpt":{"rendered":"<p>Les conclusions apunten com a problema principal la desmotivaci\u00f3 dels cercadors de feina L\u2019AV Can Peguera sabia que la situaci\u00f3<\/p>\n","protected":false},"author":2,"featured_media":72825,"comment_status":"closed","ping_status":"closed","sticky":false,"template":"","format":"standard","meta":{"colormag_page_layout":"default_layout","_monsterinsights_skip_tracking":false,"_monsterinsights_sitenote_active":false,"_monsterinsights_sitenote_note":"","_monsterinsights_sitenote_category":0,"footnotes":""},"categories":[130,124],"tags":[543,443,46,264],"class_list":["post-72824","post","type-post","status-publish","format-standard","has-post-thumbnail","hentry","category-can-peguera","category-societat","tag-a-porta","tag-atur","tag-can-peguera","tag-pobresa"],"yoast_head":"<!-- This site is optimized with the Yoast SEO plugin v25.3 - https:\/\/yoast.com\/wordpress\/plugins\/seo\/ -->\n<title>L\u2019A-porta de Can Peguera retrata un barri amb un 42% d\u2019aturats - NouBarris.Net<\/title>\n<meta name=\"robots\" content=\"index, follow, max-snippet:-1, max-image-preview:large, max-video-preview:-1\" \/>\n<link rel=\"canonical\" href=\"https:\/\/www.noubarris.net\/web40\/la-porta-de-can-peguera-retrata-un-barri-amb-un-42-daturats\/\" \/>\n<meta property=\"og:locale\" content=\"ca_ES\" \/>\n<meta property=\"og:type\" content=\"article\" \/>\n<meta property=\"og:title\" content=\"L\u2019A-porta de Can Peguera retrata un barri amb un 42% d\u2019aturats - NouBarris.Net\" \/>\n<meta property=\"og:description\" content=\"Les conclusions apunten com a problema principal la desmotivaci\u00f3 dels cercadors de feina L\u2019AV Can Peguera sabia que la situaci\u00f3\" \/>\n<meta property=\"og:url\" content=\"https:\/\/www.noubarris.net\/web40\/la-porta-de-can-peguera-retrata-un-barri-amb-un-42-daturats\/\" \/>\n<meta property=\"og:site_name\" content=\"NouBarris.Net\" \/>\n<meta property=\"article:publisher\" content=\"https:\/\/www.facebook.com\/NouBarris.net\/?locale=es_ES\" \/>\n<meta property=\"article:published_time\" content=\"2018-07-19T22:00:12+00:00\" \/>\n<meta property=\"og:image\" content=\"https:\/\/www.noubarris.net\/web40\/wp-content\/uploads\/2018\/07\/200718.jpg\" \/>\n\t<meta property=\"og:image:width\" content=\"768\" \/>\n\t<meta property=\"og:image:height\" content=\"432\" \/>\n\t<meta property=\"og:image:type\" content=\"image\/jpeg\" \/>\n<meta name=\"author\" content=\"Informatius\" \/>\n<meta name=\"twitter:card\" content=\"summary_large_image\" \/>\n<meta name=\"twitter:creator\" content=\"@9BTV\" \/>\n<meta name=\"twitter:site\" content=\"@9BTV\" \/>\n<meta name=\"twitter:label1\" content=\"Escrit per\" \/>\n\t<meta name=\"twitter:data1\" content=\"Informatius\" \/>\n\t<meta name=\"twitter:label2\" content=\"Temps estimat de lectura\" \/>\n\t<meta name=\"twitter:data2\" content=\"2 minuts\" \/>\n<script type=\"application\/ld+json\" class=\"yoast-schema-graph\">{\"@context\":\"https:\/\/schema.org\",\"@graph\":[{\"@type\":\"Article\",\"@id\":\"https:\/\/www.noubarris.net\/web40\/la-porta-de-can-peguera-retrata-un-barri-amb-un-42-daturats\/#article\",\"isPartOf\":{\"@id\":\"https:\/\/www.noubarris.net\/web40\/la-porta-de-can-peguera-retrata-un-barri-amb-un-42-daturats\/\"},\"author\":{\"name\":\"Informatius\",\"@id\":\"https:\/\/www.noubarris.net\/web40\/#\/schema\/person\/1827f92aaa316c54abbf4dac0de76069\"},\"headline\":\"L\u2019A-porta de Can Peguera retrata un barri amb un 42% d\u2019aturats\",\"datePublished\":\"2018-07-19T22:00:12+00:00\",\"mainEntityOfPage\":{\"@id\":\"https:\/\/www.noubarris.net\/web40\/la-porta-de-can-peguera-retrata-un-barri-amb-un-42-daturats\/\"},\"wordCount\":442,\"publisher\":{\"@id\":\"https:\/\/www.noubarris.net\/web40\/#organization\"},\"image\":{\"@id\":\"https:\/\/www.noubarris.net\/web40\/la-porta-de-can-peguera-retrata-un-barri-amb-un-42-daturats\/#primaryimage\"},\"thumbnailUrl\":\"https:\/\/www.noubarris.net\/web40\/wp-content\/uploads\/2018\/07\/200718.jpg\",\"keywords\":[\"a-porta\",\"Atur\",\"Can Peguera\",\"Pobresa\"],\"articleSection\":[\"Can Peguera\",\"Societat\"],\"inLanguage\":\"ca\"},{\"@type\":\"WebPage\",\"@id\":\"https:\/\/www.noubarris.net\/web40\/la-porta-de-can-peguera-retrata-un-barri-amb-un-42-daturats\/\",\"url\":\"https:\/\/www.noubarris.net\/web40\/la-porta-de-can-peguera-retrata-un-barri-amb-un-42-daturats\/\",\"name\":\"L\u2019A-porta de Can Peguera retrata un barri amb un 42% d\u2019aturats - NouBarris.Net\",\"isPartOf\":{\"@id\":\"https:\/\/www.noubarris.net\/web40\/#website\"},\"primaryImageOfPage\":{\"@id\":\"https:\/\/www.noubarris.net\/web40\/la-porta-de-can-peguera-retrata-un-barri-amb-un-42-daturats\/#primaryimage\"},\"image\":{\"@id\":\"https:\/\/www.noubarris.net\/web40\/la-porta-de-can-peguera-retrata-un-barri-amb-un-42-daturats\/#primaryimage\"},\"thumbnailUrl\":\"https:\/\/www.noubarris.net\/web40\/wp-content\/uploads\/2018\/07\/200718.jpg\",\"datePublished\":\"2018-07-19T22:00:12+00:00\",\"breadcrumb\":{\"@id\":\"https:\/\/www.noubarris.net\/web40\/la-porta-de-can-peguera-retrata-un-barri-amb-un-42-daturats\/#breadcrumb\"},\"inLanguage\":\"ca\",\"potentialAction\":[{\"@type\":\"ReadAction\",\"target\":[\"https:\/\/www.noubarris.net\/web40\/la-porta-de-can-peguera-retrata-un-barri-amb-un-42-daturats\/\"]}]},{\"@type\":\"ImageObject\",\"inLanguage\":\"ca\",\"@id\":\"https:\/\/www.noubarris.net\/web40\/la-porta-de-can-peguera-retrata-un-barri-amb-un-42-daturats\/#primaryimage\",\"url\":\"https:\/\/www.noubarris.net\/web40\/wp-content\/uploads\/2018\/07\/200718.jpg\",\"contentUrl\":\"https:\/\/www.noubarris.net\/web40\/wp-content\/uploads\/2018\/07\/200718.jpg\",\"width\":768,\"height\":432},{\"@type\":\"BreadcrumbList\",\"@id\":\"https:\/\/www.noubarris.net\/web40\/la-porta-de-can-peguera-retrata-un-barri-amb-un-42-daturats\/#breadcrumb\",\"itemListElement\":[{\"@type\":\"ListItem\",\"position\":1,\"name\":\"Inici\",\"item\":\"https:\/\/www.noubarris.net\/web40\/\"},{\"@type\":\"ListItem\",\"position\":2,\"name\":\"L\u2019A-porta de Can Peguera retrata un barri amb un 42% d\u2019aturats\"}]},{\"@type\":\"WebSite\",\"@id\":\"https:\/\/www.noubarris.net\/web40\/#website\",\"url\":\"https:\/\/www.noubarris.net\/web40\/\",\"name\":\"NouBarris.Net\",\"description\":\"Seguint la vida de Nou Barris des de 1985\",\"publisher\":{\"@id\":\"https:\/\/www.noubarris.net\/web40\/#organization\"},\"potentialAction\":[{\"@type\":\"SearchAction\",\"target\":{\"@type\":\"EntryPoint\",\"urlTemplate\":\"https:\/\/www.noubarris.net\/web40\/?s={search_term_string}\"},\"query-input\":{\"@type\":\"PropertyValueSpecification\",\"valueRequired\":true,\"valueName\":\"search_term_string\"}}],\"inLanguage\":\"ca\"},{\"@type\":\"Organization\",\"@id\":\"https:\/\/www.noubarris.net\/web40\/#organization\",\"name\":\"NouBarris.Net\",\"url\":\"https:\/\/www.noubarris.net\/web40\/\",\"logo\":{\"@type\":\"ImageObject\",\"inLanguage\":\"ca\",\"@id\":\"https:\/\/www.noubarris.net\/web40\/#\/schema\/logo\/image\/\",\"url\":\"https:\/\/www.noubarris.net\/web40\/wp-content\/uploads\/2024\/11\/cropped-cropped-LOGO_9BTV-2024_Insta-1.jpg\",\"contentUrl\":\"https:\/\/www.noubarris.net\/web40\/wp-content\/uploads\/2024\/11\/cropped-cropped-LOGO_9BTV-2024_Insta-1.jpg\",\"width\":512,\"height\":512,\"caption\":\"NouBarris.Net\"},\"image\":{\"@id\":\"https:\/\/www.noubarris.net\/web40\/#\/schema\/logo\/image\/\"},\"sameAs\":[\"https:\/\/www.facebook.com\/NouBarris.net\/?locale=es_ES\",\"https:\/\/x.com\/9BTV\"]},{\"@type\":\"Person\",\"@id\":\"https:\/\/www.noubarris.net\/web40\/#\/schema\/person\/1827f92aaa316c54abbf4dac0de76069\",\"name\":\"Informatius\",\"image\":{\"@type\":\"ImageObject\",\"inLanguage\":\"ca\",\"@id\":\"https:\/\/www.noubarris.net\/web40\/#\/schema\/person\/image\/\",\"url\":\"https:\/\/secure.gravatar.com\/avatar\/87a3b47928835fc72c6ee5b0e1a7263ef0c2d05003a98189bc14926c5f11bcdb?s=96&d=mm&r=g\",\"contentUrl\":\"https:\/\/secure.gravatar.com\/avatar\/87a3b47928835fc72c6ee5b0e1a7263ef0c2d05003a98189bc14926c5f11bcdb?s=96&d=mm&r=g\",\"caption\":\"Informatius\"},\"url\":\"https:\/\/www.noubarris.net\/web40\/author\/tele\/\"}]}<\/script>\n<!-- \/ Yoast SEO plugin. -->","yoast_head_json":{"title":"L\u2019A-porta de Can Peguera retrata un barri amb un 42% d\u2019aturats - NouBarris.Net","robots":{"index":"index","follow":"follow","max-snippet":"max-snippet:-1","max-image-preview":"max-image-preview:large","max-video-preview":"max-video-preview:-1"},"canonical":"https:\/\/www.noubarris.net\/web40\/la-porta-de-can-peguera-retrata-un-barri-amb-un-42-daturats\/","og_locale":"ca_ES","og_type":"article","og_title":"L\u2019A-porta de Can Peguera retrata un barri amb un 42% d\u2019aturats - NouBarris.Net","og_description":"Les conclusions apunten com a problema principal la desmotivaci\u00f3 dels cercadors de feina L\u2019AV Can Peguera sabia que la situaci\u00f3","og_url":"https:\/\/www.noubarris.net\/web40\/la-porta-de-can-peguera-retrata-un-barri-amb-un-42-daturats\/","og_site_name":"NouBarris.Net","article_publisher":"https:\/\/www.facebook.com\/NouBarris.net\/?locale=es_ES","article_published_time":"2018-07-19T22:00:12+00:00","og_image":[{"width":768,"height":432,"url":"https:\/\/www.noubarris.net\/web40\/wp-content\/uploads\/2018\/07\/200718.jpg","type":"image\/jpeg"}],"author":"Informatius","twitter_card":"summary_large_image","twitter_creator":"@9BTV","twitter_site":"@9BTV","twitter_misc":{"Escrit per":"Informatius","Temps estimat de lectura":"2 minuts"},"schema":{"@context":"https:\/\/schema.org","@graph":[{"@type":"Article","@id":"https:\/\/www.noubarris.net\/web40\/la-porta-de-can-peguera-retrata-un-barri-amb-un-42-daturats\/#article","isPartOf":{"@id":"https:\/\/www.noubarris.net\/web40\/la-porta-de-can-peguera-retrata-un-barri-amb-un-42-daturats\/"},"author":{"name":"Informatius","@id":"https:\/\/www.noubarris.net\/web40\/#\/schema\/person\/1827f92aaa316c54abbf4dac0de76069"},"headline":"L\u2019A-porta de Can Peguera retrata un barri amb un 42% d\u2019aturats","datePublished":"2018-07-19T22:00:12+00:00","mainEntityOfPage":{"@id":"https:\/\/www.noubarris.net\/web40\/la-porta-de-can-peguera-retrata-un-barri-amb-un-42-daturats\/"},"wordCount":442,"publisher":{"@id":"https:\/\/www.noubarris.net\/web40\/#organization"},"image":{"@id":"https:\/\/www.noubarris.net\/web40\/la-porta-de-can-peguera-retrata-un-barri-amb-un-42-daturats\/#primaryimage"},"thumbnailUrl":"https:\/\/www.noubarris.net\/web40\/wp-content\/uploads\/2018\/07\/200718.jpg","keywords":["a-porta","Atur","Can Peguera","Pobresa"],"articleSection":["Can Peguera","Societat"],"inLanguage":"ca"},{"@type":"WebPage","@id":"https:\/\/www.noubarris.net\/web40\/la-porta-de-can-peguera-retrata-un-barri-amb-un-42-daturats\/","url":"https:\/\/www.noubarris.net\/web40\/la-porta-de-can-peguera-retrata-un-barri-amb-un-42-daturats\/","name":"L\u2019A-porta de Can Peguera retrata un barri amb un 42% d\u2019aturats - NouBarris.Net","isPartOf":{"@id":"https:\/\/www.noubarris.net\/web40\/#website"},"primaryImageOfPage":{"@id":"https:\/\/www.noubarris.net\/web40\/la-porta-de-can-peguera-retrata-un-barri-amb-un-42-daturats\/#primaryimage"},"image":{"@id":"https:\/\/www.noubarris.net\/web40\/la-porta-de-can-peguera-retrata-un-barri-amb-un-42-daturats\/#primaryimage"},"thumbnailUrl":"https:\/\/www.noubarris.net\/web40\/wp-content\/uploads\/2018\/07\/200718.jpg","datePublished":"2018-07-19T22:00:12+00:00","breadcrumb":{"@id":"https:\/\/www.noubarris.net\/web40\/la-porta-de-can-peguera-retrata-un-barri-amb-un-42-daturats\/#breadcrumb"},"inLanguage":"ca","potentialAction":[{"@type":"ReadAction","target":["https:\/\/www.noubarris.net\/web40\/la-porta-de-can-peguera-retrata-un-barri-amb-un-42-daturats\/"]}]},{"@type":"ImageObject","inLanguage":"ca","@id":"https:\/\/www.noubarris.net\/web40\/la-porta-de-can-peguera-retrata-un-barri-amb-un-42-daturats\/#primaryimage","url":"https:\/\/www.noubarris.net\/web40\/wp-content\/uploads\/2018\/07\/200718.jpg","contentUrl":"https:\/\/www.noubarris.net\/web40\/wp-content\/uploads\/2018\/07\/200718.jpg","width":768,"height":432},{"@type":"BreadcrumbList","@id":"https:\/\/www.noubarris.net\/web40\/la-porta-de-can-peguera-retrata-un-barri-amb-un-42-daturats\/#breadcrumb","itemListElement":[{"@type":"ListItem","position":1,"name":"Inici","item":"https:\/\/www.noubarris.net\/web40\/"},{"@type":"ListItem","position":2,"name":"L\u2019A-porta de Can Peguera retrata un barri amb un 42% d\u2019aturats"}]},{"@type":"WebSite","@id":"https:\/\/www.noubarris.net\/web40\/#website","url":"https:\/\/www.noubarris.net\/web40\/","name":"NouBarris.Net","description":"Seguint la vida de Nou Barris des de 1985","publisher":{"@id":"https:\/\/www.noubarris.net\/web40\/#organization"},"potentialAction":[{"@type":"SearchAction","target":{"@type":"EntryPoint","urlTemplate":"https:\/\/www.noubarris.net\/web40\/?s={search_term_string}"},"query-input":{"@type":"PropertyValueSpecification","valueRequired":true,"valueName":"search_term_string"}}],"inLanguage":"ca"},{"@type":"Organization","@id":"https:\/\/www.noubarris.net\/web40\/#organization","name":"NouBarris.Net","url":"https:\/\/www.noubarris.net\/web40\/","logo":{"@type":"ImageObject","inLanguage":"ca","@id":"https:\/\/www.noubarris.net\/web40\/#\/schema\/logo\/image\/","url":"https:\/\/www.noubarris.net\/web40\/wp-content\/uploads\/2024\/11\/cropped-cropped-LOGO_9BTV-2024_Insta-1.jpg","contentUrl":"https:\/\/www.noubarris.net\/web40\/wp-content\/uploads\/2024\/11\/cropped-cropped-LOGO_9BTV-2024_Insta-1.jpg","width":512,"height":512,"caption":"NouBarris.Net"},"image":{"@id":"https:\/\/www.noubarris.net\/web40\/#\/schema\/logo\/image\/"},"sameAs":["https:\/\/www.facebook.com\/NouBarris.net\/?locale=es_ES","https:\/\/x.com\/9BTV"]},{"@type":"Person","@id":"https:\/\/www.noubarris.net\/web40\/#\/schema\/person\/1827f92aaa316c54abbf4dac0de76069","name":"Informatius","image":{"@type":"ImageObject","inLanguage":"ca","@id":"https:\/\/www.noubarris.net\/web40\/#\/schema\/person\/image\/","url":"https:\/\/secure.gravatar.com\/avatar\/87a3b47928835fc72c6ee5b0e1a7263ef0c2d05003a98189bc14926c5f11bcdb?s=96&d=mm&r=g","contentUrl":"https:\/\/secure.gravatar.com\/avatar\/87a3b47928835fc72c6ee5b0e1a7263ef0c2d05003a98189bc14926c5f11bcdb?s=96&d=mm&r=g","caption":"Informatius"},"url":"https:\/\/www.noubarris.net\/web40\/author\/tele\/"}]}},"_links":{"self":[{"href":"https:\/\/www.noubarris.net\/web40\/wp-json\/wp\/v2\/posts\/72824","targetHints":{"allow":["GET"]}}],"collection":[{"href":"https:\/\/www.noubarris.net\/web40\/wp-json\/wp\/v2\/posts"}],"about":[{"href":"https:\/\/www.noubarris.net\/web40\/wp-json\/wp\/v2\/types\/post"}],"author":[{"embeddable":true,"href":"https:\/\/www.noubarris.net\/web40\/wp-json\/wp\/v2\/users\/2"}],"replies":[{"embeddable":true,"href":"https:\/\/www.noubarris.net\/web40\/wp-json\/wp\/v2\/comments?post=72824"}],"version-history":[{"count":0,"href":"https:\/\/www.noubarris.net\/web40\/wp-json\/wp\/v2\/posts\/72824\/revisions"}],"wp:featuredmedia":[{"embeddable":true,"href":"https:\/\/www.noubarris.net\/web40\/wp-json\/wp\/v2\/media\/72825"}],"wp:attachment":[{"href":"https:\/\/www.noubarris.net\/web40\/wp-json\/wp\/v2\/media?parent=72824"}],"wp:term":[{"taxonomy":"category","embeddable":true,"href":"https:\/\/www.noubarris.net\/web40\/wp-json\/wp\/v2\/categories?post=72824"},{"taxonomy":"post_tag","embeddable":true,"href":"https:\/\/www.noubarris.net\/web40\/wp-json\/wp\/v2\/tags?post=72824"}],"curies":[{"name":"wp","href":"https:\/\/api.w.org\/{rel}","templated":true}]}}