{"id":72845,"date":"2018-07-22T00:00:09","date_gmt":"2018-07-21T22:00:09","guid":{"rendered":"http:\/\/www.noubarris.net\/web40\/?p=72845"},"modified":"2018-07-20T16:04:19","modified_gmt":"2018-07-20T14:04:19","slug":"lestiu-al-pati-abaixa-el-telo-amb-cabaret-de-circ","status":"publish","type":"post","link":"https:\/\/www.noubarris.net\/web40\/lestiu-al-pati-abaixa-el-telo-amb-cabaret-de-circ\/","title":{"rendered":"&#8220;L&#8217;Estiu al Pati!&#8221; abaixa el tel\u00f3 amb cabaret de circ"},"content":{"rendered":"<p><strong>La Seu del Districte acull a les 20h l&#8217;espectacle de Coop de Circ<\/strong><\/p>\n<p>Despr\u00e9s de tres caps de setmana plens de m\u00fasica i espectacles, la Seu del Districte es prepara avui per rebre la darrera proposta del festival \u201cL\u2019Estiu, al Pati!\u201d, que va comen\u00e7ar el 30 de juny. Aquest cop toca un cabaret de circ, de la m\u00e0 de la cooperativa\u00a0Coop de Circ. Sota aquest nom s&#8217;agrupen artistes de circ que han posat en com\u00fa les seves millors t\u00e8cniques per crear un cabaret \u00fanic. Avui, a partir de les 20h, podreu gaudir d&#8217;un xou especial, resum dels seus n\u00fameros m\u00e9s destacats. Una proposta per a tots els p\u00fablics que, com la resta d&#8217;epsectacles que han conformat el cartell del cicle de \u2018L\u2019Estiu, al Pati!\u2019, \u00e9s d&#8217;entrada gratu\u00efta.<\/p>\n","protected":false},"excerpt":{"rendered":"<p>La Seu del Districte acull a les 20h l&#8217;espectacle de Coop de Circ Despr\u00e9s de tres caps de setmana plens<\/p>\n","protected":false},"author":2,"featured_media":72847,"comment_status":"closed","ping_status":"closed","sticky":false,"template":"","format":"standard","meta":{"colormag_page_layout":"default_layout","_monsterinsights_skip_tracking":false,"_monsterinsights_sitenote_active":false,"_monsterinsights_sitenote_note":"","_monsterinsights_sitenote_category":0,"footnotes":""},"categories":[129,133],"tags":[340,517,47,529],"class_list":["post-72845","post","type-post","status-publish","format-standard","has-post-thumbnail","hentry","category-cultura","category-la-guineueta","tag-circ","tag-estiu","tag-la-guineueta","tag-seu-del-districte"],"yoast_head":"<!-- This site is optimized with the Yoast SEO plugin v25.3 - https:\/\/yoast.com\/wordpress\/plugins\/seo\/ -->\n<title>&quot;L&#039;Estiu al Pati!&quot; abaixa el tel\u00f3 amb cabaret de circ - NouBarris.Net<\/title>\n<meta name=\"robots\" content=\"index, follow, max-snippet:-1, max-image-preview:large, max-video-preview:-1\" \/>\n<link rel=\"canonical\" href=\"https:\/\/www.noubarris.net\/web40\/lestiu-al-pati-abaixa-el-telo-amb-cabaret-de-circ\/\" \/>\n<meta property=\"og:locale\" content=\"ca_ES\" \/>\n<meta property=\"og:type\" content=\"article\" \/>\n<meta property=\"og:title\" content=\"&quot;L&#039;Estiu al Pati!&quot; abaixa el tel\u00f3 amb cabaret de circ - NouBarris.Net\" \/>\n<meta property=\"og:description\" content=\"La Seu del Districte acull a les 20h l&#8217;espectacle de Coop de Circ Despr\u00e9s de tres caps de setmana plens\" \/>\n<meta property=\"og:url\" content=\"https:\/\/www.noubarris.net\/web40\/lestiu-al-pati-abaixa-el-telo-amb-cabaret-de-circ\/\" \/>\n<meta property=\"og:site_name\" content=\"NouBarris.Net\" \/>\n<meta property=\"article:publisher\" content=\"https:\/\/www.facebook.com\/NouBarris.net\/?locale=es_ES\" \/>\n<meta property=\"article:published_time\" content=\"2018-07-21T22:00:09+00:00\" \/>\n<meta property=\"og:image\" content=\"https:\/\/www.noubarris.net\/web40\/wp-content\/uploads\/2018\/07\/220718.jpg\" \/>\n\t<meta property=\"og:image:width\" content=\"768\" \/>\n\t<meta property=\"og:image:height\" content=\"432\" \/>\n\t<meta property=\"og:image:type\" content=\"image\/jpeg\" \/>\n<meta name=\"author\" content=\"Informatius\" \/>\n<meta name=\"twitter:card\" content=\"summary_large_image\" \/>\n<meta name=\"twitter:creator\" content=\"@9BTV\" \/>\n<meta name=\"twitter:site\" content=\"@9BTV\" \/>\n<meta name=\"twitter:label1\" content=\"Escrit per\" \/>\n\t<meta name=\"twitter:data1\" content=\"Informatius\" \/>\n\t<meta name=\"twitter:label2\" content=\"Temps estimat de lectura\" \/>\n\t<meta name=\"twitter:data2\" content=\"1 minut\" \/>\n<script type=\"application\/ld+json\" class=\"yoast-schema-graph\">{\"@context\":\"https:\/\/schema.org\",\"@graph\":[{\"@type\":\"Article\",\"@id\":\"https:\/\/www.noubarris.net\/web40\/lestiu-al-pati-abaixa-el-telo-amb-cabaret-de-circ\/#article\",\"isPartOf\":{\"@id\":\"https:\/\/www.noubarris.net\/web40\/lestiu-al-pati-abaixa-el-telo-amb-cabaret-de-circ\/\"},\"author\":{\"name\":\"Informatius\",\"@id\":\"https:\/\/www.noubarris.net\/web40\/#\/schema\/person\/1827f92aaa316c54abbf4dac0de76069\"},\"headline\":\"&#8220;L&#8217;Estiu al Pati!&#8221; abaixa el tel\u00f3 amb cabaret de circ\",\"datePublished\":\"2018-07-21T22:00:09+00:00\",\"mainEntityOfPage\":{\"@id\":\"https:\/\/www.noubarris.net\/web40\/lestiu-al-pati-abaixa-el-telo-amb-cabaret-de-circ\/\"},\"wordCount\":153,\"publisher\":{\"@id\":\"https:\/\/www.noubarris.net\/web40\/#organization\"},\"image\":{\"@id\":\"https:\/\/www.noubarris.net\/web40\/lestiu-al-pati-abaixa-el-telo-amb-cabaret-de-circ\/#primaryimage\"},\"thumbnailUrl\":\"https:\/\/www.noubarris.net\/web40\/wp-content\/uploads\/2018\/07\/220718.jpg\",\"keywords\":[\"Circ\",\"estiu\",\"La Guineueta\",\"seu del districte\"],\"articleSection\":[\"Cultura\",\"La Guineueta\"],\"inLanguage\":\"ca\"},{\"@type\":\"WebPage\",\"@id\":\"https:\/\/www.noubarris.net\/web40\/lestiu-al-pati-abaixa-el-telo-amb-cabaret-de-circ\/\",\"url\":\"https:\/\/www.noubarris.net\/web40\/lestiu-al-pati-abaixa-el-telo-amb-cabaret-de-circ\/\",\"name\":\"\\\"L'Estiu al Pati!\\\" abaixa el tel\u00f3 amb cabaret de circ - NouBarris.Net\",\"isPartOf\":{\"@id\":\"https:\/\/www.noubarris.net\/web40\/#website\"},\"primaryImageOfPage\":{\"@id\":\"https:\/\/www.noubarris.net\/web40\/lestiu-al-pati-abaixa-el-telo-amb-cabaret-de-circ\/#primaryimage\"},\"image\":{\"@id\":\"https:\/\/www.noubarris.net\/web40\/lestiu-al-pati-abaixa-el-telo-amb-cabaret-de-circ\/#primaryimage\"},\"thumbnailUrl\":\"https:\/\/www.noubarris.net\/web40\/wp-content\/uploads\/2018\/07\/220718.jpg\",\"datePublished\":\"2018-07-21T22:00:09+00:00\",\"breadcrumb\":{\"@id\":\"https:\/\/www.noubarris.net\/web40\/lestiu-al-pati-abaixa-el-telo-amb-cabaret-de-circ\/#breadcrumb\"},\"inLanguage\":\"ca\",\"potentialAction\":[{\"@type\":\"ReadAction\",\"target\":[\"https:\/\/www.noubarris.net\/web40\/lestiu-al-pati-abaixa-el-telo-amb-cabaret-de-circ\/\"]}]},{\"@type\":\"ImageObject\",\"inLanguage\":\"ca\",\"@id\":\"https:\/\/www.noubarris.net\/web40\/lestiu-al-pati-abaixa-el-telo-amb-cabaret-de-circ\/#primaryimage\",\"url\":\"https:\/\/www.noubarris.net\/web40\/wp-content\/uploads\/2018\/07\/220718.jpg\",\"contentUrl\":\"https:\/\/www.noubarris.net\/web40\/wp-content\/uploads\/2018\/07\/220718.jpg\",\"width\":768,\"height\":432},{\"@type\":\"BreadcrumbList\",\"@id\":\"https:\/\/www.noubarris.net\/web40\/lestiu-al-pati-abaixa-el-telo-amb-cabaret-de-circ\/#breadcrumb\",\"itemListElement\":[{\"@type\":\"ListItem\",\"position\":1,\"name\":\"Inici\",\"item\":\"https:\/\/www.noubarris.net\/web40\/\"},{\"@type\":\"ListItem\",\"position\":2,\"name\":\"&#8220;L&#8217;Estiu al Pati!&#8221; abaixa el tel\u00f3 amb cabaret de circ\"}]},{\"@type\":\"WebSite\",\"@id\":\"https:\/\/www.noubarris.net\/web40\/#website\",\"url\":\"https:\/\/www.noubarris.net\/web40\/\",\"name\":\"NouBarris.Net\",\"description\":\"Seguint la vida de Nou Barris des de 1985\",\"publisher\":{\"@id\":\"https:\/\/www.noubarris.net\/web40\/#organization\"},\"potentialAction\":[{\"@type\":\"SearchAction\",\"target\":{\"@type\":\"EntryPoint\",\"urlTemplate\":\"https:\/\/www.noubarris.net\/web40\/?s={search_term_string}\"},\"query-input\":{\"@type\":\"PropertyValueSpecification\",\"valueRequired\":true,\"valueName\":\"search_term_string\"}}],\"inLanguage\":\"ca\"},{\"@type\":\"Organization\",\"@id\":\"https:\/\/www.noubarris.net\/web40\/#organization\",\"name\":\"NouBarris.Net\",\"url\":\"https:\/\/www.noubarris.net\/web40\/\",\"logo\":{\"@type\":\"ImageObject\",\"inLanguage\":\"ca\",\"@id\":\"https:\/\/www.noubarris.net\/web40\/#\/schema\/logo\/image\/\",\"url\":\"https:\/\/www.noubarris.net\/web40\/wp-content\/uploads\/2024\/11\/cropped-cropped-LOGO_9BTV-2024_Insta-1.jpg\",\"contentUrl\":\"https:\/\/www.noubarris.net\/web40\/wp-content\/uploads\/2024\/11\/cropped-cropped-LOGO_9BTV-2024_Insta-1.jpg\",\"width\":512,\"height\":512,\"caption\":\"NouBarris.Net\"},\"image\":{\"@id\":\"https:\/\/www.noubarris.net\/web40\/#\/schema\/logo\/image\/\"},\"sameAs\":[\"https:\/\/www.facebook.com\/NouBarris.net\/?locale=es_ES\",\"https:\/\/x.com\/9BTV\"]},{\"@type\":\"Person\",\"@id\":\"https:\/\/www.noubarris.net\/web40\/#\/schema\/person\/1827f92aaa316c54abbf4dac0de76069\",\"name\":\"Informatius\",\"image\":{\"@type\":\"ImageObject\",\"inLanguage\":\"ca\",\"@id\":\"https:\/\/www.noubarris.net\/web40\/#\/schema\/person\/image\/\",\"url\":\"https:\/\/secure.gravatar.com\/avatar\/87a3b47928835fc72c6ee5b0e1a7263ef0c2d05003a98189bc14926c5f11bcdb?s=96&d=mm&r=g\",\"contentUrl\":\"https:\/\/secure.gravatar.com\/avatar\/87a3b47928835fc72c6ee5b0e1a7263ef0c2d05003a98189bc14926c5f11bcdb?s=96&d=mm&r=g\",\"caption\":\"Informatius\"},\"url\":\"https:\/\/www.noubarris.net\/web40\/author\/tele\/\"}]}<\/script>\n<!-- \/ Yoast SEO plugin. -->","yoast_head_json":{"title":"\"L'Estiu al Pati!\" abaixa el tel\u00f3 amb cabaret de circ - NouBarris.Net","robots":{"index":"index","follow":"follow","max-snippet":"max-snippet:-1","max-image-preview":"max-image-preview:large","max-video-preview":"max-video-preview:-1"},"canonical":"https:\/\/www.noubarris.net\/web40\/lestiu-al-pati-abaixa-el-telo-amb-cabaret-de-circ\/","og_locale":"ca_ES","og_type":"article","og_title":"\"L'Estiu al Pati!\" abaixa el tel\u00f3 amb cabaret de circ - NouBarris.Net","og_description":"La Seu del Districte acull a les 20h l&#8217;espectacle de Coop de Circ Despr\u00e9s de tres caps de setmana plens","og_url":"https:\/\/www.noubarris.net\/web40\/lestiu-al-pati-abaixa-el-telo-amb-cabaret-de-circ\/","og_site_name":"NouBarris.Net","article_publisher":"https:\/\/www.facebook.com\/NouBarris.net\/?locale=es_ES","article_published_time":"2018-07-21T22:00:09+00:00","og_image":[{"width":768,"height":432,"url":"https:\/\/www.noubarris.net\/web40\/wp-content\/uploads\/2018\/07\/220718.jpg","type":"image\/jpeg"}],"author":"Informatius","twitter_card":"summary_large_image","twitter_creator":"@9BTV","twitter_site":"@9BTV","twitter_misc":{"Escrit per":"Informatius","Temps estimat de lectura":"1 minut"},"schema":{"@context":"https:\/\/schema.org","@graph":[{"@type":"Article","@id":"https:\/\/www.noubarris.net\/web40\/lestiu-al-pati-abaixa-el-telo-amb-cabaret-de-circ\/#article","isPartOf":{"@id":"https:\/\/www.noubarris.net\/web40\/lestiu-al-pati-abaixa-el-telo-amb-cabaret-de-circ\/"},"author":{"name":"Informatius","@id":"https:\/\/www.noubarris.net\/web40\/#\/schema\/person\/1827f92aaa316c54abbf4dac0de76069"},"headline":"&#8220;L&#8217;Estiu al Pati!&#8221; abaixa el tel\u00f3 amb cabaret de circ","datePublished":"2018-07-21T22:00:09+00:00","mainEntityOfPage":{"@id":"https:\/\/www.noubarris.net\/web40\/lestiu-al-pati-abaixa-el-telo-amb-cabaret-de-circ\/"},"wordCount":153,"publisher":{"@id":"https:\/\/www.noubarris.net\/web40\/#organization"},"image":{"@id":"https:\/\/www.noubarris.net\/web40\/lestiu-al-pati-abaixa-el-telo-amb-cabaret-de-circ\/#primaryimage"},"thumbnailUrl":"https:\/\/www.noubarris.net\/web40\/wp-content\/uploads\/2018\/07\/220718.jpg","keywords":["Circ","estiu","La Guineueta","seu del districte"],"articleSection":["Cultura","La Guineueta"],"inLanguage":"ca"},{"@type":"WebPage","@id":"https:\/\/www.noubarris.net\/web40\/lestiu-al-pati-abaixa-el-telo-amb-cabaret-de-circ\/","url":"https:\/\/www.noubarris.net\/web40\/lestiu-al-pati-abaixa-el-telo-amb-cabaret-de-circ\/","name":"\"L'Estiu al Pati!\" abaixa el tel\u00f3 amb cabaret de circ - NouBarris.Net","isPartOf":{"@id":"https:\/\/www.noubarris.net\/web40\/#website"},"primaryImageOfPage":{"@id":"https:\/\/www.noubarris.net\/web40\/lestiu-al-pati-abaixa-el-telo-amb-cabaret-de-circ\/#primaryimage"},"image":{"@id":"https:\/\/www.noubarris.net\/web40\/lestiu-al-pati-abaixa-el-telo-amb-cabaret-de-circ\/#primaryimage"},"thumbnailUrl":"https:\/\/www.noubarris.net\/web40\/wp-content\/uploads\/2018\/07\/220718.jpg","datePublished":"2018-07-21T22:00:09+00:00","breadcrumb":{"@id":"https:\/\/www.noubarris.net\/web40\/lestiu-al-pati-abaixa-el-telo-amb-cabaret-de-circ\/#breadcrumb"},"inLanguage":"ca","potentialAction":[{"@type":"ReadAction","target":["https:\/\/www.noubarris.net\/web40\/lestiu-al-pati-abaixa-el-telo-amb-cabaret-de-circ\/"]}]},{"@type":"ImageObject","inLanguage":"ca","@id":"https:\/\/www.noubarris.net\/web40\/lestiu-al-pati-abaixa-el-telo-amb-cabaret-de-circ\/#primaryimage","url":"https:\/\/www.noubarris.net\/web40\/wp-content\/uploads\/2018\/07\/220718.jpg","contentUrl":"https:\/\/www.noubarris.net\/web40\/wp-content\/uploads\/2018\/07\/220718.jpg","width":768,"height":432},{"@type":"BreadcrumbList","@id":"https:\/\/www.noubarris.net\/web40\/lestiu-al-pati-abaixa-el-telo-amb-cabaret-de-circ\/#breadcrumb","itemListElement":[{"@type":"ListItem","position":1,"name":"Inici","item":"https:\/\/www.noubarris.net\/web40\/"},{"@type":"ListItem","position":2,"name":"&#8220;L&#8217;Estiu al Pati!&#8221; abaixa el tel\u00f3 amb cabaret de circ"}]},{"@type":"WebSite","@id":"https:\/\/www.noubarris.net\/web40\/#website","url":"https:\/\/www.noubarris.net\/web40\/","name":"NouBarris.Net","description":"Seguint la vida de Nou Barris des de 1985","publisher":{"@id":"https:\/\/www.noubarris.net\/web40\/#organization"},"potentialAction":[{"@type":"SearchAction","target":{"@type":"EntryPoint","urlTemplate":"https:\/\/www.noubarris.net\/web40\/?s={search_term_string}"},"query-input":{"@type":"PropertyValueSpecification","valueRequired":true,"valueName":"search_term_string"}}],"inLanguage":"ca"},{"@type":"Organization","@id":"https:\/\/www.noubarris.net\/web40\/#organization","name":"NouBarris.Net","url":"https:\/\/www.noubarris.net\/web40\/","logo":{"@type":"ImageObject","inLanguage":"ca","@id":"https:\/\/www.noubarris.net\/web40\/#\/schema\/logo\/image\/","url":"https:\/\/www.noubarris.net\/web40\/wp-content\/uploads\/2024\/11\/cropped-cropped-LOGO_9BTV-2024_Insta-1.jpg","contentUrl":"https:\/\/www.noubarris.net\/web40\/wp-content\/uploads\/2024\/11\/cropped-cropped-LOGO_9BTV-2024_Insta-1.jpg","width":512,"height":512,"caption":"NouBarris.Net"},"image":{"@id":"https:\/\/www.noubarris.net\/web40\/#\/schema\/logo\/image\/"},"sameAs":["https:\/\/www.facebook.com\/NouBarris.net\/?locale=es_ES","https:\/\/x.com\/9BTV"]},{"@type":"Person","@id":"https:\/\/www.noubarris.net\/web40\/#\/schema\/person\/1827f92aaa316c54abbf4dac0de76069","name":"Informatius","image":{"@type":"ImageObject","inLanguage":"ca","@id":"https:\/\/www.noubarris.net\/web40\/#\/schema\/person\/image\/","url":"https:\/\/secure.gravatar.com\/avatar\/87a3b47928835fc72c6ee5b0e1a7263ef0c2d05003a98189bc14926c5f11bcdb?s=96&d=mm&r=g","contentUrl":"https:\/\/secure.gravatar.com\/avatar\/87a3b47928835fc72c6ee5b0e1a7263ef0c2d05003a98189bc14926c5f11bcdb?s=96&d=mm&r=g","caption":"Informatius"},"url":"https:\/\/www.noubarris.net\/web40\/author\/tele\/"}]}},"_links":{"self":[{"href":"https:\/\/www.noubarris.net\/web40\/wp-json\/wp\/v2\/posts\/72845","targetHints":{"allow":["GET"]}}],"collection":[{"href":"https:\/\/www.noubarris.net\/web40\/wp-json\/wp\/v2\/posts"}],"about":[{"href":"https:\/\/www.noubarris.net\/web40\/wp-json\/wp\/v2\/types\/post"}],"author":[{"embeddable":true,"href":"https:\/\/www.noubarris.net\/web40\/wp-json\/wp\/v2\/users\/2"}],"replies":[{"embeddable":true,"href":"https:\/\/www.noubarris.net\/web40\/wp-json\/wp\/v2\/comments?post=72845"}],"version-history":[{"count":0,"href":"https:\/\/www.noubarris.net\/web40\/wp-json\/wp\/v2\/posts\/72845\/revisions"}],"wp:featuredmedia":[{"embeddable":true,"href":"https:\/\/www.noubarris.net\/web40\/wp-json\/wp\/v2\/media\/72847"}],"wp:attachment":[{"href":"https:\/\/www.noubarris.net\/web40\/wp-json\/wp\/v2\/media?parent=72845"}],"wp:term":[{"taxonomy":"category","embeddable":true,"href":"https:\/\/www.noubarris.net\/web40\/wp-json\/wp\/v2\/categories?post=72845"},{"taxonomy":"post_tag","embeddable":true,"href":"https:\/\/www.noubarris.net\/web40\/wp-json\/wp\/v2\/tags?post=72845"}],"curies":[{"name":"wp","href":"https:\/\/api.w.org\/{rel}","templated":true}]}}