{"id":72848,"date":"2018-07-23T00:00:27","date_gmt":"2018-07-22T22:00:27","guid":{"rendered":"http:\/\/www.noubarris.net\/web40\/?p=72848"},"modified":"2018-07-20T16:07:04","modified_gmt":"2018-07-20T14:07:04","slug":"els-veins-es-queixen-de-la-saturacio-de-busos-a-larea-dintercanvi-de-virrei-amat","status":"publish","type":"post","link":"https:\/\/www.noubarris.net\/web40\/els-veins-es-queixen-de-la-saturacio-de-busos-a-larea-dintercanvi-de-virrei-amat\/","title":{"rendered":"Els ve\u00efns es queixen de la saturaci\u00f3 de busos a l\u2019\u00e0rea d\u2019intercanvi de Virrei Amat"},"content":{"rendered":"<p><strong>La parada acumula set l\u00ednies amb molts vehicles articulats que s\u2019apilen fins envair el pas de vianants \u00a0<\/strong><\/p>\n<p>La pla\u00e7a del Virrei Amat t\u00e9 una molt bona comunicaci\u00f3 d\u2019autobusos. La parada Borb\u00f3 \u2013Serrano, la m\u00e9s propera a la pla\u00e7a, \u00e9s una \u00e0rea d\u2019intercanvi que acumula fins a set l\u00ednies de bus. Fa tres mesos que TMB va unificar les dues parades que hi havia en aquest tram en una \u00fanica parada. Un fet, que segons els ve\u00efns, ha saturat el carrer d\u2019autobusos que esperen torn per recollir o deixar passatge. L\u2019acumulaci\u00f3 de vehicles fa que ens molts casos s\u2019arribi a envair el pas de vianants proper. L\u2019AV Torre Llobeta demana a l\u2019Ajuntament i TMB que estudi\u00efn una millor reubicaci\u00f3 de les l\u00ednies per tal d\u2019evitar el col\u00b7lapse de l\u2019avinguda de Borb\u00f3.<\/p>\n<p>La parada de l\u2019avinguda de Borb\u00f3 \u2013 carrer Serrano rep actualment cinc l\u00ednies d\u2019autob\u00fas de la xarxa ortogonal. La parada funciona com a \u00e0rea d\u2019intercanvi, per\u00f2 algunes d\u2019aquestes l\u00ednies coincideixen tamb\u00e9 100 metres abans. \u00a0\u201c\u00c9s lamentable que carreguin tots els autobusos en aquesta parada quan a cent metres hi ha unes altres parades dels mateixos autobusos, que, a m\u00e9s, coincideixen amb la boca del metro de Virrei Amat\u201d, denuncia Jorge Zamorano, un dels ve\u00efns de la zona.\u00a0 La saturaci\u00f3 de busos es fa evident a les hores puntes tant a primera hora del mat\u00ed com al vespre. Quan coincideixen dos busos articulats a la parada afecta als vianants del pas m\u00e9s proper. \u201cA la parada s\u2019arriben a acumular fins a cinc, sis, set&#8230; i tapen el sem\u00e0for dels vianants.- explica Fina Torregrossa, ve\u00efna del barri &#8211; \u00a0Llavors hi ha persones grans que van a passar i inconscientment no se n\u2019adonen que venen els cotxes i \u00e9s clar&#8230; \u00e9s que els busos els tapen.\u201d L\u2019avinguda de Borb\u00f3 \u00e9s un dels carrer m\u00e9s transitats del barri. A m\u00e9s, en aquesta zona tamb\u00e9 hi ha molts comer\u00e7os i molts vehicles s\u2019aturen per carregar i descarregar materials. Tot plegat fa que molts cops la saturaci\u00f3 de vehicles deixi nom\u00e9s un carril operatiu a la circulaci\u00f3.<\/p>\n<p>Una altra de les queixes dels usuaris \u00e9s el mal estat del paviment de la cal\u00e7ada propera a la parada de bus. Segons els ve\u00efns, la gran quantitat de vehicles que s\u2019aturen en aquest punt ha produ\u00eft esvorancs al paviment. \u00a0\u201cEst\u00e0 tot ple de forats, que s\u00f3n un perill.- comenta Paquita del R\u00edo, una de les ve\u00efnes \u2013 Els busos \u00a0no poden treure la rampa, no poden baixar els cotxets dels beb\u00e8s i a les persones grans cal ajudar-les a baixar, \u00e9s un perill.\u201d<\/p>\n<p>L\u2019Associaci\u00f3 de Ve\u00efns de Torre Llobeta demana a l\u2019Ajuntament i a TMB que estudi\u00efn una possible modificaci\u00f3 de les parades de les diferents l\u00ednies en aquest tram de carrer.\u00a0 L\u2019entitat proposa com a alternativa traslladar els busos de la xarxa ortogonal a una parada situada uns 100 metres m\u00e9s avall a la mateixa avinguda Borb\u00f3, on nom\u00e9s para la l\u00ednia 47 i dos busos nocturns. \u201cAll\u00e0 s\u00ed que hi ha capacitat, perqu\u00e8 all\u00e0 hi ha 125 metres de llargada i els\u00a0 busos no envairien cap pas de vianants si s\u2019acumulen \u2013 explica Joaquim Forns, president de l\u2019Associaci\u00f3 de Ve\u00efns de Torre Llobeta &#8211;\u00a0 \u00c9s una parada que s\u2019ha convertit en la parada solit\u00e0ria, i solament per a un bus.\u201d<\/p>\n","protected":false},"excerpt":{"rendered":"<p>La parada acumula set l\u00ednies amb molts vehicles articulats que s\u2019apilen fins envair el pas de vianants \u00a0 La pla\u00e7a<\/p>\n","protected":false},"author":2,"featured_media":72849,"comment_status":"closed","ping_status":"closed","sticky":false,"template":"","format":"standard","meta":{"colormag_page_layout":"default_layout","_monsterinsights_skip_tracking":false,"_monsterinsights_sitenote_active":false,"_monsterinsights_sitenote_note":"","_monsterinsights_sitenote_category":0,"footnotes":""},"categories":[125,142],"tags":[404,253,389],"class_list":["post-72848","post","type-post","status-publish","format-standard","has-post-thumbnail","hentry","category-mobilitat","category-vilapicina-i-la-torre-llobeta","tag-autobus","tag-mobilitat","tag-vilapicina-i-la-torre-llobeta"],"yoast_head":"<!-- This site is optimized with the Yoast SEO plugin v25.3 - https:\/\/yoast.com\/wordpress\/plugins\/seo\/ -->\n<title>Els ve\u00efns es queixen de la saturaci\u00f3 de busos a l\u2019\u00e0rea d\u2019intercanvi de Virrei Amat - NouBarris.Net<\/title>\n<meta name=\"robots\" content=\"index, follow, max-snippet:-1, max-image-preview:large, max-video-preview:-1\" \/>\n<link rel=\"canonical\" href=\"https:\/\/www.noubarris.net\/web40\/els-veins-es-queixen-de-la-saturacio-de-busos-a-larea-dintercanvi-de-virrei-amat\/\" \/>\n<meta property=\"og:locale\" content=\"ca_ES\" \/>\n<meta property=\"og:type\" content=\"article\" \/>\n<meta property=\"og:title\" content=\"Els ve\u00efns es queixen de la saturaci\u00f3 de busos a l\u2019\u00e0rea d\u2019intercanvi de Virrei Amat - NouBarris.Net\" \/>\n<meta property=\"og:description\" content=\"La parada acumula set l\u00ednies amb molts vehicles articulats que s\u2019apilen fins envair el pas de vianants \u00a0 La pla\u00e7a\" \/>\n<meta property=\"og:url\" content=\"https:\/\/www.noubarris.net\/web40\/els-veins-es-queixen-de-la-saturacio-de-busos-a-larea-dintercanvi-de-virrei-amat\/\" \/>\n<meta property=\"og:site_name\" content=\"NouBarris.Net\" \/>\n<meta property=\"article:publisher\" content=\"https:\/\/www.facebook.com\/NouBarris.net\/?locale=es_ES\" \/>\n<meta property=\"article:published_time\" content=\"2018-07-22T22:00:27+00:00\" \/>\n<meta property=\"og:image\" content=\"https:\/\/www.noubarris.net\/web40\/wp-content\/uploads\/2018\/07\/saturacio_parada_virrei_20718.jpg\" \/>\n\t<meta property=\"og:image:width\" content=\"768\" \/>\n\t<meta property=\"og:image:height\" content=\"432\" \/>\n\t<meta property=\"og:image:type\" content=\"image\/jpeg\" \/>\n<meta name=\"author\" content=\"Informatius\" \/>\n<meta name=\"twitter:card\" content=\"summary_large_image\" \/>\n<meta name=\"twitter:creator\" content=\"@9BTV\" \/>\n<meta name=\"twitter:site\" content=\"@9BTV\" \/>\n<meta name=\"twitter:label1\" content=\"Escrit per\" \/>\n\t<meta name=\"twitter:data1\" content=\"Informatius\" \/>\n\t<meta name=\"twitter:label2\" content=\"Temps estimat de lectura\" \/>\n\t<meta name=\"twitter:data2\" content=\"3 minuts\" \/>\n<script type=\"application\/ld+json\" class=\"yoast-schema-graph\">{\"@context\":\"https:\/\/schema.org\",\"@graph\":[{\"@type\":\"Article\",\"@id\":\"https:\/\/www.noubarris.net\/web40\/els-veins-es-queixen-de-la-saturacio-de-busos-a-larea-dintercanvi-de-virrei-amat\/#article\",\"isPartOf\":{\"@id\":\"https:\/\/www.noubarris.net\/web40\/els-veins-es-queixen-de-la-saturacio-de-busos-a-larea-dintercanvi-de-virrei-amat\/\"},\"author\":{\"name\":\"Informatius\",\"@id\":\"https:\/\/www.noubarris.net\/web40\/#\/schema\/person\/1827f92aaa316c54abbf4dac0de76069\"},\"headline\":\"Els ve\u00efns es queixen de la saturaci\u00f3 de busos a l\u2019\u00e0rea d\u2019intercanvi de Virrei Amat\",\"datePublished\":\"2018-07-22T22:00:27+00:00\",\"mainEntityOfPage\":{\"@id\":\"https:\/\/www.noubarris.net\/web40\/els-veins-es-queixen-de-la-saturacio-de-busos-a-larea-dintercanvi-de-virrei-amat\/\"},\"wordCount\":618,\"publisher\":{\"@id\":\"https:\/\/www.noubarris.net\/web40\/#organization\"},\"image\":{\"@id\":\"https:\/\/www.noubarris.net\/web40\/els-veins-es-queixen-de-la-saturacio-de-busos-a-larea-dintercanvi-de-virrei-amat\/#primaryimage\"},\"thumbnailUrl\":\"https:\/\/www.noubarris.net\/web40\/wp-content\/uploads\/2018\/07\/saturacio_parada_virrei_20718.jpg\",\"keywords\":[\"Autob\u00fas\",\"Mobilitat\",\"Vilapicina i la Torre Llobeta\"],\"articleSection\":[\"Mobilitat\",\"Vilapicina i la Torre Llobeta\"],\"inLanguage\":\"ca\"},{\"@type\":\"WebPage\",\"@id\":\"https:\/\/www.noubarris.net\/web40\/els-veins-es-queixen-de-la-saturacio-de-busos-a-larea-dintercanvi-de-virrei-amat\/\",\"url\":\"https:\/\/www.noubarris.net\/web40\/els-veins-es-queixen-de-la-saturacio-de-busos-a-larea-dintercanvi-de-virrei-amat\/\",\"name\":\"Els ve\u00efns es queixen de la saturaci\u00f3 de busos a l\u2019\u00e0rea d\u2019intercanvi de Virrei Amat - NouBarris.Net\",\"isPartOf\":{\"@id\":\"https:\/\/www.noubarris.net\/web40\/#website\"},\"primaryImageOfPage\":{\"@id\":\"https:\/\/www.noubarris.net\/web40\/els-veins-es-queixen-de-la-saturacio-de-busos-a-larea-dintercanvi-de-virrei-amat\/#primaryimage\"},\"image\":{\"@id\":\"https:\/\/www.noubarris.net\/web40\/els-veins-es-queixen-de-la-saturacio-de-busos-a-larea-dintercanvi-de-virrei-amat\/#primaryimage\"},\"thumbnailUrl\":\"https:\/\/www.noubarris.net\/web40\/wp-content\/uploads\/2018\/07\/saturacio_parada_virrei_20718.jpg\",\"datePublished\":\"2018-07-22T22:00:27+00:00\",\"breadcrumb\":{\"@id\":\"https:\/\/www.noubarris.net\/web40\/els-veins-es-queixen-de-la-saturacio-de-busos-a-larea-dintercanvi-de-virrei-amat\/#breadcrumb\"},\"inLanguage\":\"ca\",\"potentialAction\":[{\"@type\":\"ReadAction\",\"target\":[\"https:\/\/www.noubarris.net\/web40\/els-veins-es-queixen-de-la-saturacio-de-busos-a-larea-dintercanvi-de-virrei-amat\/\"]}]},{\"@type\":\"ImageObject\",\"inLanguage\":\"ca\",\"@id\":\"https:\/\/www.noubarris.net\/web40\/els-veins-es-queixen-de-la-saturacio-de-busos-a-larea-dintercanvi-de-virrei-amat\/#primaryimage\",\"url\":\"https:\/\/www.noubarris.net\/web40\/wp-content\/uploads\/2018\/07\/saturacio_parada_virrei_20718.jpg\",\"contentUrl\":\"https:\/\/www.noubarris.net\/web40\/wp-content\/uploads\/2018\/07\/saturacio_parada_virrei_20718.jpg\",\"width\":768,\"height\":432},{\"@type\":\"BreadcrumbList\",\"@id\":\"https:\/\/www.noubarris.net\/web40\/els-veins-es-queixen-de-la-saturacio-de-busos-a-larea-dintercanvi-de-virrei-amat\/#breadcrumb\",\"itemListElement\":[{\"@type\":\"ListItem\",\"position\":1,\"name\":\"Inici\",\"item\":\"https:\/\/www.noubarris.net\/web40\/\"},{\"@type\":\"ListItem\",\"position\":2,\"name\":\"Els ve\u00efns es queixen de la saturaci\u00f3 de busos a l\u2019\u00e0rea d\u2019intercanvi de Virrei Amat\"}]},{\"@type\":\"WebSite\",\"@id\":\"https:\/\/www.noubarris.net\/web40\/#website\",\"url\":\"https:\/\/www.noubarris.net\/web40\/\",\"name\":\"NouBarris.Net\",\"description\":\"Seguint la vida de Nou Barris des de 1985\",\"publisher\":{\"@id\":\"https:\/\/www.noubarris.net\/web40\/#organization\"},\"potentialAction\":[{\"@type\":\"SearchAction\",\"target\":{\"@type\":\"EntryPoint\",\"urlTemplate\":\"https:\/\/www.noubarris.net\/web40\/?s={search_term_string}\"},\"query-input\":{\"@type\":\"PropertyValueSpecification\",\"valueRequired\":true,\"valueName\":\"search_term_string\"}}],\"inLanguage\":\"ca\"},{\"@type\":\"Organization\",\"@id\":\"https:\/\/www.noubarris.net\/web40\/#organization\",\"name\":\"NouBarris.Net\",\"url\":\"https:\/\/www.noubarris.net\/web40\/\",\"logo\":{\"@type\":\"ImageObject\",\"inLanguage\":\"ca\",\"@id\":\"https:\/\/www.noubarris.net\/web40\/#\/schema\/logo\/image\/\",\"url\":\"https:\/\/www.noubarris.net\/web40\/wp-content\/uploads\/2024\/11\/cropped-cropped-LOGO_9BTV-2024_Insta-1.jpg\",\"contentUrl\":\"https:\/\/www.noubarris.net\/web40\/wp-content\/uploads\/2024\/11\/cropped-cropped-LOGO_9BTV-2024_Insta-1.jpg\",\"width\":512,\"height\":512,\"caption\":\"NouBarris.Net\"},\"image\":{\"@id\":\"https:\/\/www.noubarris.net\/web40\/#\/schema\/logo\/image\/\"},\"sameAs\":[\"https:\/\/www.facebook.com\/NouBarris.net\/?locale=es_ES\",\"https:\/\/x.com\/9BTV\"]},{\"@type\":\"Person\",\"@id\":\"https:\/\/www.noubarris.net\/web40\/#\/schema\/person\/1827f92aaa316c54abbf4dac0de76069\",\"name\":\"Informatius\",\"image\":{\"@type\":\"ImageObject\",\"inLanguage\":\"ca\",\"@id\":\"https:\/\/www.noubarris.net\/web40\/#\/schema\/person\/image\/\",\"url\":\"https:\/\/secure.gravatar.com\/avatar\/87a3b47928835fc72c6ee5b0e1a7263ef0c2d05003a98189bc14926c5f11bcdb?s=96&d=mm&r=g\",\"contentUrl\":\"https:\/\/secure.gravatar.com\/avatar\/87a3b47928835fc72c6ee5b0e1a7263ef0c2d05003a98189bc14926c5f11bcdb?s=96&d=mm&r=g\",\"caption\":\"Informatius\"},\"url\":\"https:\/\/www.noubarris.net\/web40\/author\/tele\/\"}]}<\/script>\n<!-- \/ Yoast SEO plugin. -->","yoast_head_json":{"title":"Els ve\u00efns es queixen de la saturaci\u00f3 de busos a l\u2019\u00e0rea d\u2019intercanvi de Virrei Amat - NouBarris.Net","robots":{"index":"index","follow":"follow","max-snippet":"max-snippet:-1","max-image-preview":"max-image-preview:large","max-video-preview":"max-video-preview:-1"},"canonical":"https:\/\/www.noubarris.net\/web40\/els-veins-es-queixen-de-la-saturacio-de-busos-a-larea-dintercanvi-de-virrei-amat\/","og_locale":"ca_ES","og_type":"article","og_title":"Els ve\u00efns es queixen de la saturaci\u00f3 de busos a l\u2019\u00e0rea d\u2019intercanvi de Virrei Amat - NouBarris.Net","og_description":"La parada acumula set l\u00ednies amb molts vehicles articulats que s\u2019apilen fins envair el pas de vianants \u00a0 La pla\u00e7a","og_url":"https:\/\/www.noubarris.net\/web40\/els-veins-es-queixen-de-la-saturacio-de-busos-a-larea-dintercanvi-de-virrei-amat\/","og_site_name":"NouBarris.Net","article_publisher":"https:\/\/www.facebook.com\/NouBarris.net\/?locale=es_ES","article_published_time":"2018-07-22T22:00:27+00:00","og_image":[{"width":768,"height":432,"url":"https:\/\/www.noubarris.net\/web40\/wp-content\/uploads\/2018\/07\/saturacio_parada_virrei_20718.jpg","type":"image\/jpeg"}],"author":"Informatius","twitter_card":"summary_large_image","twitter_creator":"@9BTV","twitter_site":"@9BTV","twitter_misc":{"Escrit per":"Informatius","Temps estimat de lectura":"3 minuts"},"schema":{"@context":"https:\/\/schema.org","@graph":[{"@type":"Article","@id":"https:\/\/www.noubarris.net\/web40\/els-veins-es-queixen-de-la-saturacio-de-busos-a-larea-dintercanvi-de-virrei-amat\/#article","isPartOf":{"@id":"https:\/\/www.noubarris.net\/web40\/els-veins-es-queixen-de-la-saturacio-de-busos-a-larea-dintercanvi-de-virrei-amat\/"},"author":{"name":"Informatius","@id":"https:\/\/www.noubarris.net\/web40\/#\/schema\/person\/1827f92aaa316c54abbf4dac0de76069"},"headline":"Els ve\u00efns es queixen de la saturaci\u00f3 de busos a l\u2019\u00e0rea d\u2019intercanvi de Virrei Amat","datePublished":"2018-07-22T22:00:27+00:00","mainEntityOfPage":{"@id":"https:\/\/www.noubarris.net\/web40\/els-veins-es-queixen-de-la-saturacio-de-busos-a-larea-dintercanvi-de-virrei-amat\/"},"wordCount":618,"publisher":{"@id":"https:\/\/www.noubarris.net\/web40\/#organization"},"image":{"@id":"https:\/\/www.noubarris.net\/web40\/els-veins-es-queixen-de-la-saturacio-de-busos-a-larea-dintercanvi-de-virrei-amat\/#primaryimage"},"thumbnailUrl":"https:\/\/www.noubarris.net\/web40\/wp-content\/uploads\/2018\/07\/saturacio_parada_virrei_20718.jpg","keywords":["Autob\u00fas","Mobilitat","Vilapicina i la Torre Llobeta"],"articleSection":["Mobilitat","Vilapicina i la Torre Llobeta"],"inLanguage":"ca"},{"@type":"WebPage","@id":"https:\/\/www.noubarris.net\/web40\/els-veins-es-queixen-de-la-saturacio-de-busos-a-larea-dintercanvi-de-virrei-amat\/","url":"https:\/\/www.noubarris.net\/web40\/els-veins-es-queixen-de-la-saturacio-de-busos-a-larea-dintercanvi-de-virrei-amat\/","name":"Els ve\u00efns es queixen de la saturaci\u00f3 de busos a l\u2019\u00e0rea d\u2019intercanvi de Virrei Amat - NouBarris.Net","isPartOf":{"@id":"https:\/\/www.noubarris.net\/web40\/#website"},"primaryImageOfPage":{"@id":"https:\/\/www.noubarris.net\/web40\/els-veins-es-queixen-de-la-saturacio-de-busos-a-larea-dintercanvi-de-virrei-amat\/#primaryimage"},"image":{"@id":"https:\/\/www.noubarris.net\/web40\/els-veins-es-queixen-de-la-saturacio-de-busos-a-larea-dintercanvi-de-virrei-amat\/#primaryimage"},"thumbnailUrl":"https:\/\/www.noubarris.net\/web40\/wp-content\/uploads\/2018\/07\/saturacio_parada_virrei_20718.jpg","datePublished":"2018-07-22T22:00:27+00:00","breadcrumb":{"@id":"https:\/\/www.noubarris.net\/web40\/els-veins-es-queixen-de-la-saturacio-de-busos-a-larea-dintercanvi-de-virrei-amat\/#breadcrumb"},"inLanguage":"ca","potentialAction":[{"@type":"ReadAction","target":["https:\/\/www.noubarris.net\/web40\/els-veins-es-queixen-de-la-saturacio-de-busos-a-larea-dintercanvi-de-virrei-amat\/"]}]},{"@type":"ImageObject","inLanguage":"ca","@id":"https:\/\/www.noubarris.net\/web40\/els-veins-es-queixen-de-la-saturacio-de-busos-a-larea-dintercanvi-de-virrei-amat\/#primaryimage","url":"https:\/\/www.noubarris.net\/web40\/wp-content\/uploads\/2018\/07\/saturacio_parada_virrei_20718.jpg","contentUrl":"https:\/\/www.noubarris.net\/web40\/wp-content\/uploads\/2018\/07\/saturacio_parada_virrei_20718.jpg","width":768,"height":432},{"@type":"BreadcrumbList","@id":"https:\/\/www.noubarris.net\/web40\/els-veins-es-queixen-de-la-saturacio-de-busos-a-larea-dintercanvi-de-virrei-amat\/#breadcrumb","itemListElement":[{"@type":"ListItem","position":1,"name":"Inici","item":"https:\/\/www.noubarris.net\/web40\/"},{"@type":"ListItem","position":2,"name":"Els ve\u00efns es queixen de la saturaci\u00f3 de busos a l\u2019\u00e0rea d\u2019intercanvi de Virrei Amat"}]},{"@type":"WebSite","@id":"https:\/\/www.noubarris.net\/web40\/#website","url":"https:\/\/www.noubarris.net\/web40\/","name":"NouBarris.Net","description":"Seguint la vida de Nou Barris des de 1985","publisher":{"@id":"https:\/\/www.noubarris.net\/web40\/#organization"},"potentialAction":[{"@type":"SearchAction","target":{"@type":"EntryPoint","urlTemplate":"https:\/\/www.noubarris.net\/web40\/?s={search_term_string}"},"query-input":{"@type":"PropertyValueSpecification","valueRequired":true,"valueName":"search_term_string"}}],"inLanguage":"ca"},{"@type":"Organization","@id":"https:\/\/www.noubarris.net\/web40\/#organization","name":"NouBarris.Net","url":"https:\/\/www.noubarris.net\/web40\/","logo":{"@type":"ImageObject","inLanguage":"ca","@id":"https:\/\/www.noubarris.net\/web40\/#\/schema\/logo\/image\/","url":"https:\/\/www.noubarris.net\/web40\/wp-content\/uploads\/2024\/11\/cropped-cropped-LOGO_9BTV-2024_Insta-1.jpg","contentUrl":"https:\/\/www.noubarris.net\/web40\/wp-content\/uploads\/2024\/11\/cropped-cropped-LOGO_9BTV-2024_Insta-1.jpg","width":512,"height":512,"caption":"NouBarris.Net"},"image":{"@id":"https:\/\/www.noubarris.net\/web40\/#\/schema\/logo\/image\/"},"sameAs":["https:\/\/www.facebook.com\/NouBarris.net\/?locale=es_ES","https:\/\/x.com\/9BTV"]},{"@type":"Person","@id":"https:\/\/www.noubarris.net\/web40\/#\/schema\/person\/1827f92aaa316c54abbf4dac0de76069","name":"Informatius","image":{"@type":"ImageObject","inLanguage":"ca","@id":"https:\/\/www.noubarris.net\/web40\/#\/schema\/person\/image\/","url":"https:\/\/secure.gravatar.com\/avatar\/87a3b47928835fc72c6ee5b0e1a7263ef0c2d05003a98189bc14926c5f11bcdb?s=96&d=mm&r=g","contentUrl":"https:\/\/secure.gravatar.com\/avatar\/87a3b47928835fc72c6ee5b0e1a7263ef0c2d05003a98189bc14926c5f11bcdb?s=96&d=mm&r=g","caption":"Informatius"},"url":"https:\/\/www.noubarris.net\/web40\/author\/tele\/"}]}},"_links":{"self":[{"href":"https:\/\/www.noubarris.net\/web40\/wp-json\/wp\/v2\/posts\/72848","targetHints":{"allow":["GET"]}}],"collection":[{"href":"https:\/\/www.noubarris.net\/web40\/wp-json\/wp\/v2\/posts"}],"about":[{"href":"https:\/\/www.noubarris.net\/web40\/wp-json\/wp\/v2\/types\/post"}],"author":[{"embeddable":true,"href":"https:\/\/www.noubarris.net\/web40\/wp-json\/wp\/v2\/users\/2"}],"replies":[{"embeddable":true,"href":"https:\/\/www.noubarris.net\/web40\/wp-json\/wp\/v2\/comments?post=72848"}],"version-history":[{"count":0,"href":"https:\/\/www.noubarris.net\/web40\/wp-json\/wp\/v2\/posts\/72848\/revisions"}],"wp:featuredmedia":[{"embeddable":true,"href":"https:\/\/www.noubarris.net\/web40\/wp-json\/wp\/v2\/media\/72849"}],"wp:attachment":[{"href":"https:\/\/www.noubarris.net\/web40\/wp-json\/wp\/v2\/media?parent=72848"}],"wp:term":[{"taxonomy":"category","embeddable":true,"href":"https:\/\/www.noubarris.net\/web40\/wp-json\/wp\/v2\/categories?post=72848"},{"taxonomy":"post_tag","embeddable":true,"href":"https:\/\/www.noubarris.net\/web40\/wp-json\/wp\/v2\/tags?post=72848"}],"curies":[{"name":"wp","href":"https:\/\/api.w.org\/{rel}","templated":true}]}}