{"id":72851,"date":"2018-07-21T00:00:12","date_gmt":"2018-07-20T22:00:12","guid":{"rendered":"http:\/\/www.noubarris.net\/web40\/?p=72851"},"modified":"2018-07-23T15:06:25","modified_gmt":"2018-07-23T13:06:25","slug":"lateneu-convoca-artistes-i-veins-a-defensar-la-llibertat-dexpressio-amb-grafits","status":"publish","type":"post","link":"https:\/\/www.noubarris.net\/web40\/lateneu-convoca-artistes-i-veins-a-defensar-la-llibertat-dexpressio-amb-grafits\/","title":{"rendered":"L&#8217;Ateneu convoca artistes i ve\u00efns a defensar la llibertat d&#8217;expressi\u00f3 amb grafits"},"content":{"rendered":"<p><strong>L&#8217;equipament acull avui i dem\u00e0 una trobada de muralisme i art urb\u00e0 amb consignes en favor de les llibertats<\/strong><\/p>\n<p>Des del passat mes de maig\u00a0es pot llegir al sostre de l&#8217;Ateneu Popular de 9 Barris les paraules &#8220;Llibertat d&#8217;expressi\u00f3&#8221; en lletres gegants. Avui dissabte i dem\u00e0 l&#8217;equipament va m\u00e9s enll\u00e0, se suma a les convocat\u00f2ries que s&#8217;han fet en molts indrets i ha decidit redecorar els 50 metres de murs que envolten l&#8217;antiga planta asf\u00e0ltica amb consignes en favor de les llibertats. Es tracta d&#8217;una convocat\u00f2ria que es fundamenta <a href=\"https:\/\/www.youtube.com\/watch?time_continue=1&amp;v=FNUSE8fMl3A\" target=\"_blank\" rel=\"noopener\">en el manifest<\/a> que han signat artistes del m\u00f3n del graffiti, el muralisme i l\u2019art urb\u00e0 en qu\u00e8 afirmen que &#8220;no\u00a0admeten m\u00e9s censura, ni manipulaci\u00f3 medi\u00e0tica, ni corrupci\u00f3, ni muntatges policials, ni difer\u00e8ncies davant la llei, ni presos pol\u00edtics, ni, per descomptat, que se segueixin vulnerant els drets humans.\u201d I afegeixen:\u00a0 \u201cels \u00fanics murs que podem i volem admetre s\u00f3n aquells que serveixen per pintar, amb llibertat d\u2019acci\u00f3 i expressi\u00f3, utilitzant la cr\u00edtica i la s\u00e0tira.\u201d<\/p>\n<p>A la convocat\u00f2ria estan citats artistes, per\u00f2 tamb\u00e9 ciutadans que vulguin\u00a0expressar-se lliurement a l\u2019espai p\u00fablic\u00a0amb missatges i consignes en favor de les llibertats. Per a qui no se li doni b\u00e9 la pintura, s&#8217;anima a difondre a trav\u00e9s de les xarxes socials el resultat de les intervencions art\u00edstiques a trav\u00e9s del hashtag de la campanya <a href=\"https:\/\/twitter.com\/search?q=%23Faltenpintades&amp;src=tyah\" target=\"_blank\" rel=\"noopener\">#faltenpintades<\/a>.<\/p>\n","protected":false},"excerpt":{"rendered":"<p>L&#8217;equipament acull avui i dem\u00e0 una trobada de muralisme i art urb\u00e0 amb consignes en favor de les llibertats Des<\/p>\n","protected":false},"author":2,"featured_media":72852,"comment_status":"closed","ping_status":"closed","sticky":false,"template":"","format":"standard","meta":{"colormag_page_layout":"default_layout","_monsterinsights_skip_tracking":false,"_monsterinsights_sitenote_active":false,"_monsterinsights_sitenote_note":"","_monsterinsights_sitenote_category":0,"footnotes":""},"categories":[129,138],"tags":[77,52],"class_list":["post-72851","post","type-post","status-publish","format-standard","has-post-thumbnail","hentry","category-cultura","category-la-trinitat-nova","tag-ateneu-popular-de-nou-barris","tag-la-trinitat-nova"],"yoast_head":"<!-- This site is optimized with the Yoast SEO plugin v25.3 - https:\/\/yoast.com\/wordpress\/plugins\/seo\/ -->\n<title>L&#039;Ateneu convoca artistes i ve\u00efns a defensar la llibertat d&#039;expressi\u00f3 amb grafits - NouBarris.Net<\/title>\n<meta name=\"robots\" content=\"index, follow, max-snippet:-1, max-image-preview:large, max-video-preview:-1\" \/>\n<link rel=\"canonical\" href=\"https:\/\/www.noubarris.net\/web40\/lateneu-convoca-artistes-i-veins-a-defensar-la-llibertat-dexpressio-amb-grafits\/\" \/>\n<meta property=\"og:locale\" content=\"ca_ES\" \/>\n<meta property=\"og:type\" content=\"article\" \/>\n<meta property=\"og:title\" content=\"L&#039;Ateneu convoca artistes i ve\u00efns a defensar la llibertat d&#039;expressi\u00f3 amb grafits - NouBarris.Net\" \/>\n<meta property=\"og:description\" content=\"L&#8217;equipament acull avui i dem\u00e0 una trobada de muralisme i art urb\u00e0 amb consignes en favor de les llibertats Des\" \/>\n<meta property=\"og:url\" content=\"https:\/\/www.noubarris.net\/web40\/lateneu-convoca-artistes-i-veins-a-defensar-la-llibertat-dexpressio-amb-grafits\/\" \/>\n<meta property=\"og:site_name\" content=\"NouBarris.Net\" \/>\n<meta property=\"article:publisher\" content=\"https:\/\/www.facebook.com\/NouBarris.net\/?locale=es_ES\" \/>\n<meta property=\"article:published_time\" content=\"2018-07-20T22:00:12+00:00\" \/>\n<meta property=\"article:modified_time\" content=\"2018-07-23T13:06:25+00:00\" \/>\n<meta property=\"og:image\" content=\"https:\/\/www.noubarris.net\/web40\/wp-content\/uploads\/2018\/07\/210718.jpg\" \/>\n\t<meta property=\"og:image:width\" content=\"768\" \/>\n\t<meta property=\"og:image:height\" content=\"432\" \/>\n\t<meta property=\"og:image:type\" content=\"image\/jpeg\" \/>\n<meta name=\"author\" content=\"Informatius\" \/>\n<meta name=\"twitter:card\" content=\"summary_large_image\" \/>\n<meta name=\"twitter:creator\" content=\"@9BTV\" \/>\n<meta name=\"twitter:site\" content=\"@9BTV\" \/>\n<meta name=\"twitter:label1\" content=\"Escrit per\" \/>\n\t<meta name=\"twitter:data1\" content=\"Informatius\" \/>\n\t<meta name=\"twitter:label2\" content=\"Temps estimat de lectura\" \/>\n\t<meta name=\"twitter:data2\" content=\"1 minut\" \/>\n<script type=\"application\/ld+json\" class=\"yoast-schema-graph\">{\"@context\":\"https:\/\/schema.org\",\"@graph\":[{\"@type\":\"Article\",\"@id\":\"https:\/\/www.noubarris.net\/web40\/lateneu-convoca-artistes-i-veins-a-defensar-la-llibertat-dexpressio-amb-grafits\/#article\",\"isPartOf\":{\"@id\":\"https:\/\/www.noubarris.net\/web40\/lateneu-convoca-artistes-i-veins-a-defensar-la-llibertat-dexpressio-amb-grafits\/\"},\"author\":{\"name\":\"Informatius\",\"@id\":\"https:\/\/www.noubarris.net\/web40\/#\/schema\/person\/1827f92aaa316c54abbf4dac0de76069\"},\"headline\":\"L&#8217;Ateneu convoca artistes i ve\u00efns a defensar la llibertat d&#8217;expressi\u00f3 amb grafits\",\"datePublished\":\"2018-07-20T22:00:12+00:00\",\"dateModified\":\"2018-07-23T13:06:25+00:00\",\"mainEntityOfPage\":{\"@id\":\"https:\/\/www.noubarris.net\/web40\/lateneu-convoca-artistes-i-veins-a-defensar-la-llibertat-dexpressio-amb-grafits\/\"},\"wordCount\":266,\"publisher\":{\"@id\":\"https:\/\/www.noubarris.net\/web40\/#organization\"},\"image\":{\"@id\":\"https:\/\/www.noubarris.net\/web40\/lateneu-convoca-artistes-i-veins-a-defensar-la-llibertat-dexpressio-amb-grafits\/#primaryimage\"},\"thumbnailUrl\":\"https:\/\/www.noubarris.net\/web40\/wp-content\/uploads\/2018\/07\/210718.jpg\",\"keywords\":[\"Ateneu Popular de Nou Barris\",\"La Trinitat Nova\"],\"articleSection\":[\"Cultura\",\"La Trinitat Nova\"],\"inLanguage\":\"ca\"},{\"@type\":\"WebPage\",\"@id\":\"https:\/\/www.noubarris.net\/web40\/lateneu-convoca-artistes-i-veins-a-defensar-la-llibertat-dexpressio-amb-grafits\/\",\"url\":\"https:\/\/www.noubarris.net\/web40\/lateneu-convoca-artistes-i-veins-a-defensar-la-llibertat-dexpressio-amb-grafits\/\",\"name\":\"L'Ateneu convoca artistes i ve\u00efns a defensar la llibertat d'expressi\u00f3 amb grafits - NouBarris.Net\",\"isPartOf\":{\"@id\":\"https:\/\/www.noubarris.net\/web40\/#website\"},\"primaryImageOfPage\":{\"@id\":\"https:\/\/www.noubarris.net\/web40\/lateneu-convoca-artistes-i-veins-a-defensar-la-llibertat-dexpressio-amb-grafits\/#primaryimage\"},\"image\":{\"@id\":\"https:\/\/www.noubarris.net\/web40\/lateneu-convoca-artistes-i-veins-a-defensar-la-llibertat-dexpressio-amb-grafits\/#primaryimage\"},\"thumbnailUrl\":\"https:\/\/www.noubarris.net\/web40\/wp-content\/uploads\/2018\/07\/210718.jpg\",\"datePublished\":\"2018-07-20T22:00:12+00:00\",\"dateModified\":\"2018-07-23T13:06:25+00:00\",\"breadcrumb\":{\"@id\":\"https:\/\/www.noubarris.net\/web40\/lateneu-convoca-artistes-i-veins-a-defensar-la-llibertat-dexpressio-amb-grafits\/#breadcrumb\"},\"inLanguage\":\"ca\",\"potentialAction\":[{\"@type\":\"ReadAction\",\"target\":[\"https:\/\/www.noubarris.net\/web40\/lateneu-convoca-artistes-i-veins-a-defensar-la-llibertat-dexpressio-amb-grafits\/\"]}]},{\"@type\":\"ImageObject\",\"inLanguage\":\"ca\",\"@id\":\"https:\/\/www.noubarris.net\/web40\/lateneu-convoca-artistes-i-veins-a-defensar-la-llibertat-dexpressio-amb-grafits\/#primaryimage\",\"url\":\"https:\/\/www.noubarris.net\/web40\/wp-content\/uploads\/2018\/07\/210718.jpg\",\"contentUrl\":\"https:\/\/www.noubarris.net\/web40\/wp-content\/uploads\/2018\/07\/210718.jpg\",\"width\":768,\"height\":432},{\"@type\":\"BreadcrumbList\",\"@id\":\"https:\/\/www.noubarris.net\/web40\/lateneu-convoca-artistes-i-veins-a-defensar-la-llibertat-dexpressio-amb-grafits\/#breadcrumb\",\"itemListElement\":[{\"@type\":\"ListItem\",\"position\":1,\"name\":\"Inici\",\"item\":\"https:\/\/www.noubarris.net\/web40\/\"},{\"@type\":\"ListItem\",\"position\":2,\"name\":\"L&#8217;Ateneu convoca artistes i ve\u00efns a defensar la llibertat d&#8217;expressi\u00f3 amb grafits\"}]},{\"@type\":\"WebSite\",\"@id\":\"https:\/\/www.noubarris.net\/web40\/#website\",\"url\":\"https:\/\/www.noubarris.net\/web40\/\",\"name\":\"NouBarris.Net\",\"description\":\"Seguint la vida de Nou Barris des de 1985\",\"publisher\":{\"@id\":\"https:\/\/www.noubarris.net\/web40\/#organization\"},\"potentialAction\":[{\"@type\":\"SearchAction\",\"target\":{\"@type\":\"EntryPoint\",\"urlTemplate\":\"https:\/\/www.noubarris.net\/web40\/?s={search_term_string}\"},\"query-input\":{\"@type\":\"PropertyValueSpecification\",\"valueRequired\":true,\"valueName\":\"search_term_string\"}}],\"inLanguage\":\"ca\"},{\"@type\":\"Organization\",\"@id\":\"https:\/\/www.noubarris.net\/web40\/#organization\",\"name\":\"NouBarris.Net\",\"url\":\"https:\/\/www.noubarris.net\/web40\/\",\"logo\":{\"@type\":\"ImageObject\",\"inLanguage\":\"ca\",\"@id\":\"https:\/\/www.noubarris.net\/web40\/#\/schema\/logo\/image\/\",\"url\":\"https:\/\/www.noubarris.net\/web40\/wp-content\/uploads\/2024\/11\/cropped-cropped-LOGO_9BTV-2024_Insta-1.jpg\",\"contentUrl\":\"https:\/\/www.noubarris.net\/web40\/wp-content\/uploads\/2024\/11\/cropped-cropped-LOGO_9BTV-2024_Insta-1.jpg\",\"width\":512,\"height\":512,\"caption\":\"NouBarris.Net\"},\"image\":{\"@id\":\"https:\/\/www.noubarris.net\/web40\/#\/schema\/logo\/image\/\"},\"sameAs\":[\"https:\/\/www.facebook.com\/NouBarris.net\/?locale=es_ES\",\"https:\/\/x.com\/9BTV\"]},{\"@type\":\"Person\",\"@id\":\"https:\/\/www.noubarris.net\/web40\/#\/schema\/person\/1827f92aaa316c54abbf4dac0de76069\",\"name\":\"Informatius\",\"image\":{\"@type\":\"ImageObject\",\"inLanguage\":\"ca\",\"@id\":\"https:\/\/www.noubarris.net\/web40\/#\/schema\/person\/image\/\",\"url\":\"https:\/\/secure.gravatar.com\/avatar\/87a3b47928835fc72c6ee5b0e1a7263ef0c2d05003a98189bc14926c5f11bcdb?s=96&d=mm&r=g\",\"contentUrl\":\"https:\/\/secure.gravatar.com\/avatar\/87a3b47928835fc72c6ee5b0e1a7263ef0c2d05003a98189bc14926c5f11bcdb?s=96&d=mm&r=g\",\"caption\":\"Informatius\"},\"url\":\"https:\/\/www.noubarris.net\/web40\/author\/tele\/\"}]}<\/script>\n<!-- \/ Yoast SEO plugin. -->","yoast_head_json":{"title":"L'Ateneu convoca artistes i ve\u00efns a defensar la llibertat d'expressi\u00f3 amb grafits - NouBarris.Net","robots":{"index":"index","follow":"follow","max-snippet":"max-snippet:-1","max-image-preview":"max-image-preview:large","max-video-preview":"max-video-preview:-1"},"canonical":"https:\/\/www.noubarris.net\/web40\/lateneu-convoca-artistes-i-veins-a-defensar-la-llibertat-dexpressio-amb-grafits\/","og_locale":"ca_ES","og_type":"article","og_title":"L'Ateneu convoca artistes i ve\u00efns a defensar la llibertat d'expressi\u00f3 amb grafits - NouBarris.Net","og_description":"L&#8217;equipament acull avui i dem\u00e0 una trobada de muralisme i art urb\u00e0 amb consignes en favor de les llibertats Des","og_url":"https:\/\/www.noubarris.net\/web40\/lateneu-convoca-artistes-i-veins-a-defensar-la-llibertat-dexpressio-amb-grafits\/","og_site_name":"NouBarris.Net","article_publisher":"https:\/\/www.facebook.com\/NouBarris.net\/?locale=es_ES","article_published_time":"2018-07-20T22:00:12+00:00","article_modified_time":"2018-07-23T13:06:25+00:00","og_image":[{"width":768,"height":432,"url":"https:\/\/www.noubarris.net\/web40\/wp-content\/uploads\/2018\/07\/210718.jpg","type":"image\/jpeg"}],"author":"Informatius","twitter_card":"summary_large_image","twitter_creator":"@9BTV","twitter_site":"@9BTV","twitter_misc":{"Escrit per":"Informatius","Temps estimat de lectura":"1 minut"},"schema":{"@context":"https:\/\/schema.org","@graph":[{"@type":"Article","@id":"https:\/\/www.noubarris.net\/web40\/lateneu-convoca-artistes-i-veins-a-defensar-la-llibertat-dexpressio-amb-grafits\/#article","isPartOf":{"@id":"https:\/\/www.noubarris.net\/web40\/lateneu-convoca-artistes-i-veins-a-defensar-la-llibertat-dexpressio-amb-grafits\/"},"author":{"name":"Informatius","@id":"https:\/\/www.noubarris.net\/web40\/#\/schema\/person\/1827f92aaa316c54abbf4dac0de76069"},"headline":"L&#8217;Ateneu convoca artistes i ve\u00efns a defensar la llibertat d&#8217;expressi\u00f3 amb grafits","datePublished":"2018-07-20T22:00:12+00:00","dateModified":"2018-07-23T13:06:25+00:00","mainEntityOfPage":{"@id":"https:\/\/www.noubarris.net\/web40\/lateneu-convoca-artistes-i-veins-a-defensar-la-llibertat-dexpressio-amb-grafits\/"},"wordCount":266,"publisher":{"@id":"https:\/\/www.noubarris.net\/web40\/#organization"},"image":{"@id":"https:\/\/www.noubarris.net\/web40\/lateneu-convoca-artistes-i-veins-a-defensar-la-llibertat-dexpressio-amb-grafits\/#primaryimage"},"thumbnailUrl":"https:\/\/www.noubarris.net\/web40\/wp-content\/uploads\/2018\/07\/210718.jpg","keywords":["Ateneu Popular de Nou Barris","La Trinitat Nova"],"articleSection":["Cultura","La Trinitat Nova"],"inLanguage":"ca"},{"@type":"WebPage","@id":"https:\/\/www.noubarris.net\/web40\/lateneu-convoca-artistes-i-veins-a-defensar-la-llibertat-dexpressio-amb-grafits\/","url":"https:\/\/www.noubarris.net\/web40\/lateneu-convoca-artistes-i-veins-a-defensar-la-llibertat-dexpressio-amb-grafits\/","name":"L'Ateneu convoca artistes i ve\u00efns a defensar la llibertat d'expressi\u00f3 amb grafits - NouBarris.Net","isPartOf":{"@id":"https:\/\/www.noubarris.net\/web40\/#website"},"primaryImageOfPage":{"@id":"https:\/\/www.noubarris.net\/web40\/lateneu-convoca-artistes-i-veins-a-defensar-la-llibertat-dexpressio-amb-grafits\/#primaryimage"},"image":{"@id":"https:\/\/www.noubarris.net\/web40\/lateneu-convoca-artistes-i-veins-a-defensar-la-llibertat-dexpressio-amb-grafits\/#primaryimage"},"thumbnailUrl":"https:\/\/www.noubarris.net\/web40\/wp-content\/uploads\/2018\/07\/210718.jpg","datePublished":"2018-07-20T22:00:12+00:00","dateModified":"2018-07-23T13:06:25+00:00","breadcrumb":{"@id":"https:\/\/www.noubarris.net\/web40\/lateneu-convoca-artistes-i-veins-a-defensar-la-llibertat-dexpressio-amb-grafits\/#breadcrumb"},"inLanguage":"ca","potentialAction":[{"@type":"ReadAction","target":["https:\/\/www.noubarris.net\/web40\/lateneu-convoca-artistes-i-veins-a-defensar-la-llibertat-dexpressio-amb-grafits\/"]}]},{"@type":"ImageObject","inLanguage":"ca","@id":"https:\/\/www.noubarris.net\/web40\/lateneu-convoca-artistes-i-veins-a-defensar-la-llibertat-dexpressio-amb-grafits\/#primaryimage","url":"https:\/\/www.noubarris.net\/web40\/wp-content\/uploads\/2018\/07\/210718.jpg","contentUrl":"https:\/\/www.noubarris.net\/web40\/wp-content\/uploads\/2018\/07\/210718.jpg","width":768,"height":432},{"@type":"BreadcrumbList","@id":"https:\/\/www.noubarris.net\/web40\/lateneu-convoca-artistes-i-veins-a-defensar-la-llibertat-dexpressio-amb-grafits\/#breadcrumb","itemListElement":[{"@type":"ListItem","position":1,"name":"Inici","item":"https:\/\/www.noubarris.net\/web40\/"},{"@type":"ListItem","position":2,"name":"L&#8217;Ateneu convoca artistes i ve\u00efns a defensar la llibertat d&#8217;expressi\u00f3 amb grafits"}]},{"@type":"WebSite","@id":"https:\/\/www.noubarris.net\/web40\/#website","url":"https:\/\/www.noubarris.net\/web40\/","name":"NouBarris.Net","description":"Seguint la vida de Nou Barris des de 1985","publisher":{"@id":"https:\/\/www.noubarris.net\/web40\/#organization"},"potentialAction":[{"@type":"SearchAction","target":{"@type":"EntryPoint","urlTemplate":"https:\/\/www.noubarris.net\/web40\/?s={search_term_string}"},"query-input":{"@type":"PropertyValueSpecification","valueRequired":true,"valueName":"search_term_string"}}],"inLanguage":"ca"},{"@type":"Organization","@id":"https:\/\/www.noubarris.net\/web40\/#organization","name":"NouBarris.Net","url":"https:\/\/www.noubarris.net\/web40\/","logo":{"@type":"ImageObject","inLanguage":"ca","@id":"https:\/\/www.noubarris.net\/web40\/#\/schema\/logo\/image\/","url":"https:\/\/www.noubarris.net\/web40\/wp-content\/uploads\/2024\/11\/cropped-cropped-LOGO_9BTV-2024_Insta-1.jpg","contentUrl":"https:\/\/www.noubarris.net\/web40\/wp-content\/uploads\/2024\/11\/cropped-cropped-LOGO_9BTV-2024_Insta-1.jpg","width":512,"height":512,"caption":"NouBarris.Net"},"image":{"@id":"https:\/\/www.noubarris.net\/web40\/#\/schema\/logo\/image\/"},"sameAs":["https:\/\/www.facebook.com\/NouBarris.net\/?locale=es_ES","https:\/\/x.com\/9BTV"]},{"@type":"Person","@id":"https:\/\/www.noubarris.net\/web40\/#\/schema\/person\/1827f92aaa316c54abbf4dac0de76069","name":"Informatius","image":{"@type":"ImageObject","inLanguage":"ca","@id":"https:\/\/www.noubarris.net\/web40\/#\/schema\/person\/image\/","url":"https:\/\/secure.gravatar.com\/avatar\/87a3b47928835fc72c6ee5b0e1a7263ef0c2d05003a98189bc14926c5f11bcdb?s=96&d=mm&r=g","contentUrl":"https:\/\/secure.gravatar.com\/avatar\/87a3b47928835fc72c6ee5b0e1a7263ef0c2d05003a98189bc14926c5f11bcdb?s=96&d=mm&r=g","caption":"Informatius"},"url":"https:\/\/www.noubarris.net\/web40\/author\/tele\/"}]}},"_links":{"self":[{"href":"https:\/\/www.noubarris.net\/web40\/wp-json\/wp\/v2\/posts\/72851","targetHints":{"allow":["GET"]}}],"collection":[{"href":"https:\/\/www.noubarris.net\/web40\/wp-json\/wp\/v2\/posts"}],"about":[{"href":"https:\/\/www.noubarris.net\/web40\/wp-json\/wp\/v2\/types\/post"}],"author":[{"embeddable":true,"href":"https:\/\/www.noubarris.net\/web40\/wp-json\/wp\/v2\/users\/2"}],"replies":[{"embeddable":true,"href":"https:\/\/www.noubarris.net\/web40\/wp-json\/wp\/v2\/comments?post=72851"}],"version-history":[{"count":0,"href":"https:\/\/www.noubarris.net\/web40\/wp-json\/wp\/v2\/posts\/72851\/revisions"}],"wp:featuredmedia":[{"embeddable":true,"href":"https:\/\/www.noubarris.net\/web40\/wp-json\/wp\/v2\/media\/72852"}],"wp:attachment":[{"href":"https:\/\/www.noubarris.net\/web40\/wp-json\/wp\/v2\/media?parent=72851"}],"wp:term":[{"taxonomy":"category","embeddable":true,"href":"https:\/\/www.noubarris.net\/web40\/wp-json\/wp\/v2\/categories?post=72851"},{"taxonomy":"post_tag","embeddable":true,"href":"https:\/\/www.noubarris.net\/web40\/wp-json\/wp\/v2\/tags?post=72851"}],"curies":[{"name":"wp","href":"https:\/\/api.w.org\/{rel}","templated":true}]}}