{"id":72870,"date":"2018-07-24T00:00:29","date_gmt":"2018-07-23T22:00:29","guid":{"rendered":"http:\/\/www.noubarris.net\/web40\/?p=72870"},"modified":"2018-07-23T16:47:38","modified_gmt":"2018-07-23T14:47:38","slug":"els-solar-del-carrer-del-pintor-alsamora-continua-com-a-aparcament-public","status":"publish","type":"post","link":"https:\/\/www.noubarris.net\/web40\/els-solar-del-carrer-del-pintor-alsamora-continua-com-a-aparcament-public\/","title":{"rendered":"Els solar del carrer del Pintor Alsamora continua com a aparcament p\u00fablic"},"content":{"rendered":"<p><strong>L\u2019Ajuntament estudiar\u00e0 qu\u00e8 fer amb els vehicles abans de finalitzar el per\u00edode de toler\u00e0ncia<\/strong><\/p>\n<p>Estava previst que ahir s\u2019acab\u00e9s el per\u00edode de toler\u00e0ncia que permet als ve\u00efns de Porta aparcar en aquest solar del carrer del Pintor Alsamora. Els conductors, per\u00f2, respiren tranquils. L\u2019Ajuntament ha decidit allargar el per\u00edode de toler\u00e0ncia per aparcar mentre realitza un estudi de mobilitat i troba una possible alternativa a la p\u00e8rdua d\u2019aquestes places d\u2019aparcament, m\u00e9s d\u2019un centenar. L\u2019alarma entre els conductors es va disparar la setmana passada quan els operaris van retirar el cartell d\u2019aparcament provisional situat a l\u2019entrada del solar, qualificat com a zona verda. Els operaris, a m\u00e9s, van distribuir triangles als vehicles per informar de la fi del per\u00edode de toler\u00e0ncia per aquest dilluns dia 23 de juliol. A l\u2019entrada es va instal\u00b7lar tamb\u00e9 un cartell informant als ve\u00efns del canvi d\u2019\u00fas del solar. Molts ve\u00efns van queixar-se a l\u2019Associaci\u00f3 de Ve\u00efns de Porta denunciant que a hores d\u2019ara molts carrers del barri estan en obres i sense aparcament. A m\u00e9s, afegeixen que la majoria de les promocions d\u2019habitatges constru\u00efdes al barri no disposen d\u2019aparcament soterrat. \u00c9s per aix\u00f2 que la treva de l\u2019Ajuntament ha alleugerit provisionalment als ve\u00efns, per\u00f2 demanen solucions abans no es faci efectiva.<\/p>\n","protected":false},"excerpt":{"rendered":"<p>L\u2019Ajuntament estudiar\u00e0 qu\u00e8 fer amb els vehicles abans de finalitzar el per\u00edode de toler\u00e0ncia Estava previst que ahir s\u2019acab\u00e9s el<\/p>\n","protected":false},"author":2,"featured_media":72872,"comment_status":"closed","ping_status":"closed","sticky":false,"template":"","format":"standard","meta":{"colormag_page_layout":"default_layout","_monsterinsights_skip_tracking":false,"_monsterinsights_sitenote_active":false,"_monsterinsights_sitenote_note":"","_monsterinsights_sitenote_category":0,"footnotes":""},"categories":[134,302],"tags":[391,44,428],"class_list":["post-72870","post","type-post","status-publish","format-standard","has-post-thumbnail","hentry","category-porta","category-urbanisme","tag-aparcament","tag-porta","tag-queixes"],"yoast_head":"<!-- This site is optimized with the Yoast SEO plugin v25.3 - https:\/\/yoast.com\/wordpress\/plugins\/seo\/ -->\n<title>Els solar del carrer del Pintor Alsamora continua com a aparcament p\u00fablic - NouBarris.Net<\/title>\n<meta name=\"robots\" content=\"index, follow, max-snippet:-1, max-image-preview:large, max-video-preview:-1\" \/>\n<link rel=\"canonical\" href=\"https:\/\/www.noubarris.net\/web40\/els-solar-del-carrer-del-pintor-alsamora-continua-com-a-aparcament-public\/\" \/>\n<meta property=\"og:locale\" content=\"ca_ES\" \/>\n<meta property=\"og:type\" content=\"article\" \/>\n<meta property=\"og:title\" content=\"Els solar del carrer del Pintor Alsamora continua com a aparcament p\u00fablic - NouBarris.Net\" \/>\n<meta property=\"og:description\" content=\"L\u2019Ajuntament estudiar\u00e0 qu\u00e8 fer amb els vehicles abans de finalitzar el per\u00edode de toler\u00e0ncia Estava previst que ahir s\u2019acab\u00e9s el\" \/>\n<meta property=\"og:url\" content=\"https:\/\/www.noubarris.net\/web40\/els-solar-del-carrer-del-pintor-alsamora-continua-com-a-aparcament-public\/\" \/>\n<meta property=\"og:site_name\" content=\"NouBarris.Net\" \/>\n<meta property=\"article:publisher\" content=\"https:\/\/www.facebook.com\/NouBarris.net\/?locale=es_ES\" \/>\n<meta property=\"article:published_time\" content=\"2018-07-23T22:00:29+00:00\" \/>\n<meta property=\"og:image\" content=\"https:\/\/www.noubarris.net\/web40\/wp-content\/uploads\/2018\/07\/240718.jpg\" \/>\n\t<meta property=\"og:image:width\" content=\"768\" \/>\n\t<meta property=\"og:image:height\" content=\"432\" \/>\n\t<meta property=\"og:image:type\" content=\"image\/jpeg\" \/>\n<meta name=\"author\" content=\"Informatius\" \/>\n<meta name=\"twitter:card\" content=\"summary_large_image\" \/>\n<meta name=\"twitter:creator\" content=\"@9BTV\" \/>\n<meta name=\"twitter:site\" content=\"@9BTV\" \/>\n<meta name=\"twitter:label1\" content=\"Escrit per\" \/>\n\t<meta name=\"twitter:data1\" content=\"Informatius\" \/>\n\t<meta name=\"twitter:label2\" content=\"Temps estimat de lectura\" \/>\n\t<meta name=\"twitter:data2\" content=\"1 minut\" \/>\n<script type=\"application\/ld+json\" class=\"yoast-schema-graph\">{\"@context\":\"https:\/\/schema.org\",\"@graph\":[{\"@type\":\"Article\",\"@id\":\"https:\/\/www.noubarris.net\/web40\/els-solar-del-carrer-del-pintor-alsamora-continua-com-a-aparcament-public\/#article\",\"isPartOf\":{\"@id\":\"https:\/\/www.noubarris.net\/web40\/els-solar-del-carrer-del-pintor-alsamora-continua-com-a-aparcament-public\/\"},\"author\":{\"name\":\"Informatius\",\"@id\":\"https:\/\/www.noubarris.net\/web40\/#\/schema\/person\/1827f92aaa316c54abbf4dac0de76069\"},\"headline\":\"Els solar del carrer del Pintor Alsamora continua com a aparcament p\u00fablic\",\"datePublished\":\"2018-07-23T22:00:29+00:00\",\"mainEntityOfPage\":{\"@id\":\"https:\/\/www.noubarris.net\/web40\/els-solar-del-carrer-del-pintor-alsamora-continua-com-a-aparcament-public\/\"},\"wordCount\":254,\"publisher\":{\"@id\":\"https:\/\/www.noubarris.net\/web40\/#organization\"},\"image\":{\"@id\":\"https:\/\/www.noubarris.net\/web40\/els-solar-del-carrer-del-pintor-alsamora-continua-com-a-aparcament-public\/#primaryimage\"},\"thumbnailUrl\":\"https:\/\/www.noubarris.net\/web40\/wp-content\/uploads\/2018\/07\/240718.jpg\",\"keywords\":[\"Aparcament\",\"Porta\",\"Queixes\"],\"articleSection\":[\"Porta\",\"Urbanisme\"],\"inLanguage\":\"ca\"},{\"@type\":\"WebPage\",\"@id\":\"https:\/\/www.noubarris.net\/web40\/els-solar-del-carrer-del-pintor-alsamora-continua-com-a-aparcament-public\/\",\"url\":\"https:\/\/www.noubarris.net\/web40\/els-solar-del-carrer-del-pintor-alsamora-continua-com-a-aparcament-public\/\",\"name\":\"Els solar del carrer del Pintor Alsamora continua com a aparcament p\u00fablic - NouBarris.Net\",\"isPartOf\":{\"@id\":\"https:\/\/www.noubarris.net\/web40\/#website\"},\"primaryImageOfPage\":{\"@id\":\"https:\/\/www.noubarris.net\/web40\/els-solar-del-carrer-del-pintor-alsamora-continua-com-a-aparcament-public\/#primaryimage\"},\"image\":{\"@id\":\"https:\/\/www.noubarris.net\/web40\/els-solar-del-carrer-del-pintor-alsamora-continua-com-a-aparcament-public\/#primaryimage\"},\"thumbnailUrl\":\"https:\/\/www.noubarris.net\/web40\/wp-content\/uploads\/2018\/07\/240718.jpg\",\"datePublished\":\"2018-07-23T22:00:29+00:00\",\"breadcrumb\":{\"@id\":\"https:\/\/www.noubarris.net\/web40\/els-solar-del-carrer-del-pintor-alsamora-continua-com-a-aparcament-public\/#breadcrumb\"},\"inLanguage\":\"ca\",\"potentialAction\":[{\"@type\":\"ReadAction\",\"target\":[\"https:\/\/www.noubarris.net\/web40\/els-solar-del-carrer-del-pintor-alsamora-continua-com-a-aparcament-public\/\"]}]},{\"@type\":\"ImageObject\",\"inLanguage\":\"ca\",\"@id\":\"https:\/\/www.noubarris.net\/web40\/els-solar-del-carrer-del-pintor-alsamora-continua-com-a-aparcament-public\/#primaryimage\",\"url\":\"https:\/\/www.noubarris.net\/web40\/wp-content\/uploads\/2018\/07\/240718.jpg\",\"contentUrl\":\"https:\/\/www.noubarris.net\/web40\/wp-content\/uploads\/2018\/07\/240718.jpg\",\"width\":768,\"height\":432},{\"@type\":\"BreadcrumbList\",\"@id\":\"https:\/\/www.noubarris.net\/web40\/els-solar-del-carrer-del-pintor-alsamora-continua-com-a-aparcament-public\/#breadcrumb\",\"itemListElement\":[{\"@type\":\"ListItem\",\"position\":1,\"name\":\"Inici\",\"item\":\"https:\/\/www.noubarris.net\/web40\/\"},{\"@type\":\"ListItem\",\"position\":2,\"name\":\"Els solar del carrer del Pintor Alsamora continua com a aparcament p\u00fablic\"}]},{\"@type\":\"WebSite\",\"@id\":\"https:\/\/www.noubarris.net\/web40\/#website\",\"url\":\"https:\/\/www.noubarris.net\/web40\/\",\"name\":\"NouBarris.Net\",\"description\":\"Seguint la vida de Nou Barris des de 1985\",\"publisher\":{\"@id\":\"https:\/\/www.noubarris.net\/web40\/#organization\"},\"potentialAction\":[{\"@type\":\"SearchAction\",\"target\":{\"@type\":\"EntryPoint\",\"urlTemplate\":\"https:\/\/www.noubarris.net\/web40\/?s={search_term_string}\"},\"query-input\":{\"@type\":\"PropertyValueSpecification\",\"valueRequired\":true,\"valueName\":\"search_term_string\"}}],\"inLanguage\":\"ca\"},{\"@type\":\"Organization\",\"@id\":\"https:\/\/www.noubarris.net\/web40\/#organization\",\"name\":\"NouBarris.Net\",\"url\":\"https:\/\/www.noubarris.net\/web40\/\",\"logo\":{\"@type\":\"ImageObject\",\"inLanguage\":\"ca\",\"@id\":\"https:\/\/www.noubarris.net\/web40\/#\/schema\/logo\/image\/\",\"url\":\"https:\/\/www.noubarris.net\/web40\/wp-content\/uploads\/2024\/11\/cropped-cropped-LOGO_9BTV-2024_Insta-1.jpg\",\"contentUrl\":\"https:\/\/www.noubarris.net\/web40\/wp-content\/uploads\/2024\/11\/cropped-cropped-LOGO_9BTV-2024_Insta-1.jpg\",\"width\":512,\"height\":512,\"caption\":\"NouBarris.Net\"},\"image\":{\"@id\":\"https:\/\/www.noubarris.net\/web40\/#\/schema\/logo\/image\/\"},\"sameAs\":[\"https:\/\/www.facebook.com\/NouBarris.net\/?locale=es_ES\",\"https:\/\/x.com\/9BTV\"]},{\"@type\":\"Person\",\"@id\":\"https:\/\/www.noubarris.net\/web40\/#\/schema\/person\/1827f92aaa316c54abbf4dac0de76069\",\"name\":\"Informatius\",\"image\":{\"@type\":\"ImageObject\",\"inLanguage\":\"ca\",\"@id\":\"https:\/\/www.noubarris.net\/web40\/#\/schema\/person\/image\/\",\"url\":\"https:\/\/secure.gravatar.com\/avatar\/87a3b47928835fc72c6ee5b0e1a7263ef0c2d05003a98189bc14926c5f11bcdb?s=96&d=mm&r=g\",\"contentUrl\":\"https:\/\/secure.gravatar.com\/avatar\/87a3b47928835fc72c6ee5b0e1a7263ef0c2d05003a98189bc14926c5f11bcdb?s=96&d=mm&r=g\",\"caption\":\"Informatius\"},\"url\":\"https:\/\/www.noubarris.net\/web40\/author\/tele\/\"}]}<\/script>\n<!-- \/ Yoast SEO plugin. -->","yoast_head_json":{"title":"Els solar del carrer del Pintor Alsamora continua com a aparcament p\u00fablic - NouBarris.Net","robots":{"index":"index","follow":"follow","max-snippet":"max-snippet:-1","max-image-preview":"max-image-preview:large","max-video-preview":"max-video-preview:-1"},"canonical":"https:\/\/www.noubarris.net\/web40\/els-solar-del-carrer-del-pintor-alsamora-continua-com-a-aparcament-public\/","og_locale":"ca_ES","og_type":"article","og_title":"Els solar del carrer del Pintor Alsamora continua com a aparcament p\u00fablic - NouBarris.Net","og_description":"L\u2019Ajuntament estudiar\u00e0 qu\u00e8 fer amb els vehicles abans de finalitzar el per\u00edode de toler\u00e0ncia Estava previst que ahir s\u2019acab\u00e9s el","og_url":"https:\/\/www.noubarris.net\/web40\/els-solar-del-carrer-del-pintor-alsamora-continua-com-a-aparcament-public\/","og_site_name":"NouBarris.Net","article_publisher":"https:\/\/www.facebook.com\/NouBarris.net\/?locale=es_ES","article_published_time":"2018-07-23T22:00:29+00:00","og_image":[{"width":768,"height":432,"url":"https:\/\/www.noubarris.net\/web40\/wp-content\/uploads\/2018\/07\/240718.jpg","type":"image\/jpeg"}],"author":"Informatius","twitter_card":"summary_large_image","twitter_creator":"@9BTV","twitter_site":"@9BTV","twitter_misc":{"Escrit per":"Informatius","Temps estimat de lectura":"1 minut"},"schema":{"@context":"https:\/\/schema.org","@graph":[{"@type":"Article","@id":"https:\/\/www.noubarris.net\/web40\/els-solar-del-carrer-del-pintor-alsamora-continua-com-a-aparcament-public\/#article","isPartOf":{"@id":"https:\/\/www.noubarris.net\/web40\/els-solar-del-carrer-del-pintor-alsamora-continua-com-a-aparcament-public\/"},"author":{"name":"Informatius","@id":"https:\/\/www.noubarris.net\/web40\/#\/schema\/person\/1827f92aaa316c54abbf4dac0de76069"},"headline":"Els solar del carrer del Pintor Alsamora continua com a aparcament p\u00fablic","datePublished":"2018-07-23T22:00:29+00:00","mainEntityOfPage":{"@id":"https:\/\/www.noubarris.net\/web40\/els-solar-del-carrer-del-pintor-alsamora-continua-com-a-aparcament-public\/"},"wordCount":254,"publisher":{"@id":"https:\/\/www.noubarris.net\/web40\/#organization"},"image":{"@id":"https:\/\/www.noubarris.net\/web40\/els-solar-del-carrer-del-pintor-alsamora-continua-com-a-aparcament-public\/#primaryimage"},"thumbnailUrl":"https:\/\/www.noubarris.net\/web40\/wp-content\/uploads\/2018\/07\/240718.jpg","keywords":["Aparcament","Porta","Queixes"],"articleSection":["Porta","Urbanisme"],"inLanguage":"ca"},{"@type":"WebPage","@id":"https:\/\/www.noubarris.net\/web40\/els-solar-del-carrer-del-pintor-alsamora-continua-com-a-aparcament-public\/","url":"https:\/\/www.noubarris.net\/web40\/els-solar-del-carrer-del-pintor-alsamora-continua-com-a-aparcament-public\/","name":"Els solar del carrer del Pintor Alsamora continua com a aparcament p\u00fablic - NouBarris.Net","isPartOf":{"@id":"https:\/\/www.noubarris.net\/web40\/#website"},"primaryImageOfPage":{"@id":"https:\/\/www.noubarris.net\/web40\/els-solar-del-carrer-del-pintor-alsamora-continua-com-a-aparcament-public\/#primaryimage"},"image":{"@id":"https:\/\/www.noubarris.net\/web40\/els-solar-del-carrer-del-pintor-alsamora-continua-com-a-aparcament-public\/#primaryimage"},"thumbnailUrl":"https:\/\/www.noubarris.net\/web40\/wp-content\/uploads\/2018\/07\/240718.jpg","datePublished":"2018-07-23T22:00:29+00:00","breadcrumb":{"@id":"https:\/\/www.noubarris.net\/web40\/els-solar-del-carrer-del-pintor-alsamora-continua-com-a-aparcament-public\/#breadcrumb"},"inLanguage":"ca","potentialAction":[{"@type":"ReadAction","target":["https:\/\/www.noubarris.net\/web40\/els-solar-del-carrer-del-pintor-alsamora-continua-com-a-aparcament-public\/"]}]},{"@type":"ImageObject","inLanguage":"ca","@id":"https:\/\/www.noubarris.net\/web40\/els-solar-del-carrer-del-pintor-alsamora-continua-com-a-aparcament-public\/#primaryimage","url":"https:\/\/www.noubarris.net\/web40\/wp-content\/uploads\/2018\/07\/240718.jpg","contentUrl":"https:\/\/www.noubarris.net\/web40\/wp-content\/uploads\/2018\/07\/240718.jpg","width":768,"height":432},{"@type":"BreadcrumbList","@id":"https:\/\/www.noubarris.net\/web40\/els-solar-del-carrer-del-pintor-alsamora-continua-com-a-aparcament-public\/#breadcrumb","itemListElement":[{"@type":"ListItem","position":1,"name":"Inici","item":"https:\/\/www.noubarris.net\/web40\/"},{"@type":"ListItem","position":2,"name":"Els solar del carrer del Pintor Alsamora continua com a aparcament p\u00fablic"}]},{"@type":"WebSite","@id":"https:\/\/www.noubarris.net\/web40\/#website","url":"https:\/\/www.noubarris.net\/web40\/","name":"NouBarris.Net","description":"Seguint la vida de Nou Barris des de 1985","publisher":{"@id":"https:\/\/www.noubarris.net\/web40\/#organization"},"potentialAction":[{"@type":"SearchAction","target":{"@type":"EntryPoint","urlTemplate":"https:\/\/www.noubarris.net\/web40\/?s={search_term_string}"},"query-input":{"@type":"PropertyValueSpecification","valueRequired":true,"valueName":"search_term_string"}}],"inLanguage":"ca"},{"@type":"Organization","@id":"https:\/\/www.noubarris.net\/web40\/#organization","name":"NouBarris.Net","url":"https:\/\/www.noubarris.net\/web40\/","logo":{"@type":"ImageObject","inLanguage":"ca","@id":"https:\/\/www.noubarris.net\/web40\/#\/schema\/logo\/image\/","url":"https:\/\/www.noubarris.net\/web40\/wp-content\/uploads\/2024\/11\/cropped-cropped-LOGO_9BTV-2024_Insta-1.jpg","contentUrl":"https:\/\/www.noubarris.net\/web40\/wp-content\/uploads\/2024\/11\/cropped-cropped-LOGO_9BTV-2024_Insta-1.jpg","width":512,"height":512,"caption":"NouBarris.Net"},"image":{"@id":"https:\/\/www.noubarris.net\/web40\/#\/schema\/logo\/image\/"},"sameAs":["https:\/\/www.facebook.com\/NouBarris.net\/?locale=es_ES","https:\/\/x.com\/9BTV"]},{"@type":"Person","@id":"https:\/\/www.noubarris.net\/web40\/#\/schema\/person\/1827f92aaa316c54abbf4dac0de76069","name":"Informatius","image":{"@type":"ImageObject","inLanguage":"ca","@id":"https:\/\/www.noubarris.net\/web40\/#\/schema\/person\/image\/","url":"https:\/\/secure.gravatar.com\/avatar\/87a3b47928835fc72c6ee5b0e1a7263ef0c2d05003a98189bc14926c5f11bcdb?s=96&d=mm&r=g","contentUrl":"https:\/\/secure.gravatar.com\/avatar\/87a3b47928835fc72c6ee5b0e1a7263ef0c2d05003a98189bc14926c5f11bcdb?s=96&d=mm&r=g","caption":"Informatius"},"url":"https:\/\/www.noubarris.net\/web40\/author\/tele\/"}]}},"_links":{"self":[{"href":"https:\/\/www.noubarris.net\/web40\/wp-json\/wp\/v2\/posts\/72870","targetHints":{"allow":["GET"]}}],"collection":[{"href":"https:\/\/www.noubarris.net\/web40\/wp-json\/wp\/v2\/posts"}],"about":[{"href":"https:\/\/www.noubarris.net\/web40\/wp-json\/wp\/v2\/types\/post"}],"author":[{"embeddable":true,"href":"https:\/\/www.noubarris.net\/web40\/wp-json\/wp\/v2\/users\/2"}],"replies":[{"embeddable":true,"href":"https:\/\/www.noubarris.net\/web40\/wp-json\/wp\/v2\/comments?post=72870"}],"version-history":[{"count":0,"href":"https:\/\/www.noubarris.net\/web40\/wp-json\/wp\/v2\/posts\/72870\/revisions"}],"wp:featuredmedia":[{"embeddable":true,"href":"https:\/\/www.noubarris.net\/web40\/wp-json\/wp\/v2\/media\/72872"}],"wp:attachment":[{"href":"https:\/\/www.noubarris.net\/web40\/wp-json\/wp\/v2\/media?parent=72870"}],"wp:term":[{"taxonomy":"category","embeddable":true,"href":"https:\/\/www.noubarris.net\/web40\/wp-json\/wp\/v2\/categories?post=72870"},{"taxonomy":"post_tag","embeddable":true,"href":"https:\/\/www.noubarris.net\/web40\/wp-json\/wp\/v2\/tags?post=72870"}],"curies":[{"name":"wp","href":"https:\/\/api.w.org\/{rel}","templated":true}]}}