{"id":72898,"date":"2018-07-25T00:00:25","date_gmt":"2018-07-24T22:00:25","guid":{"rendered":"http:\/\/www.noubarris.net\/web40\/?p=72898"},"modified":"2018-07-25T17:37:08","modified_gmt":"2018-07-25T15:37:08","slug":"la-infancia-fugac-de-les-nenes-gitanes-de-le-cite","status":"publish","type":"post","link":"https:\/\/www.noubarris.net\/web40\/la-infancia-fugac-de-les-nenes-gitanes-de-le-cite\/","title":{"rendered":"La inf\u00e0ncia fuga\u00e7 de les nenes gitanes de Le Cit\u00e9"},"content":{"rendered":"<p><strong>La fot\u00f2grafa neus Sol\u00e0 fa una mirada antropol\u00f2gica al rol m\u00e9s tradicional de la dona roman\u00ed<\/strong><\/p>\n<p>L\u2019exposici\u00f3 \u2018Poup\u00e9es\u2019, de Neus Sol\u00e0 ens apropa a la inf\u00e0ncia fuga\u00e7 de les nenes gitanes d\u2019una comunitat molt tradicional de Le Cit\u00e9 de Perpiny\u00e0. Les fotografies mostren com passen de la innoc\u00e8ncia i la llibertat absoluta a una sexualitzaci\u00f3 molt primerenca, a partir dels vuit anys, per tal d\u2019aconseguir marit. Una mirada antropol\u00f2gica al paper de la dona gitana que es pot veure al centre c\u00edvic Can Bast\u00e9 mostra fins al 8 de setembre<\/p>\n<p>Al 2015 la fot\u00f2grafa Neus Sol\u00e0 va descobrir la comunitat gitana de Perpiny\u00e0 per casualitat i va quedar captivada. \u201cEm va sembla com molt pintoresc i vaig tenir clar que volia fer un projecte fotogr\u00e0fic amb un apropament \u00a0antropol\u00f2gic sobre aquets tema.\u201d, explica Sol\u00e0. Despr\u00e9s d\u2019un temps d\u2019investigaci\u00f3, es va centrar en La Cit\u00e9, un nucli exclusivament gitano i molt tradicional, situat a sis quil\u00f2metres de Perpiny\u00e0. Va passejar pels carrers, va observar, es va guanyar la confian\u00e7a de la gent, sobretot a partir de la mediaci\u00f3 del pastor de l\u2019esgl\u00e9sia evangelista. Va tenir a favor el factor que es trac\u00e9s d\u2019una comunitat gitana de parla catalana. Finalment, va triar fer una mirada al paper de la dona. M\u00e9s concretament a la seva inf\u00e0ncia fuga\u00e7. \u201cLa nena quan \u00e9s petita busca una mica el tema de la virtut. La dona gitana com a una persona pura, obedient, com una princeseta. \u2013afirma Neus Sol\u00e0- Per\u00f2 despr\u00e9s tamb\u00e9 hi ha una altra part de \u2018poup\u00e9e\u2019, de nina, de dona objecte. Perqu\u00e8 aquestes nenes quan tenen vuit, nou o 10 anys comencen a vestir-se de forma provocativa. \u00c9s un tema que em va cridar molt l\u2019atenci\u00f3 i que es contraposa molt amb el tema de la virtut de la dona gitana.\u201d<\/p>\n<p>Aquesta evoluci\u00f3 de l\u2019aparen\u00e7a de les noies ve lligada a la de les seves llibertats. Les nenes viuen en una llibertat absoluta, alienes als rols de g\u00e8nere. Per\u00f2, en el cas d\u2019aquesta comunitat, entre els 14 i com a molt tard els 18 anys es casen. I amb la prova del mocador les nenes assumeixen les normes estrictes de la comunitat patriarcal. \u201cQualsevol llibertat que pugui haver-hi, per exemple una noia que vulgui estudiar, normalment diran que no perqu\u00e8 per molt que ells estiguin d\u2019acord, el pes de la comunitat ho posaran en q\u00fcesti\u00f3 el grau de \u2018gitanitat\u2019.\u201d, explica la fot\u00f2grafa. I afegeix que, tot i aix\u00f2, elles ho fan conven\u00e7udes i felices, per lleialtat a la comunitat.<\/p>\n<p>El projecte \u2018Poup\u00e9es\u2019 ha rebut diversos reconeixements, entre ells una menci\u00f3 del F\u00f2rum Fotogr\u00e0fic Can Bast\u00e9 2016. S\u2019ha exposat a Toulosse i Gij\u00f3n, i ara, Neus Sol\u00e0 est\u00e0 preparant l\u2019edici\u00f3 en llibre. Per a tal fi encara viatja a Le Cit\u00e9 per complementar les fotografies. \u201cPer\u00f2 ara em truquen directament per convidar-me a casaments o celebracions tradicionals.\u201d, assegura.<\/p>\n","protected":false},"excerpt":{"rendered":"<p>La fot\u00f2grafa neus Sol\u00e0 fa una mirada antropol\u00f2gica al rol m\u00e9s tradicional de la dona roman\u00ed L\u2019exposici\u00f3 \u2018Poup\u00e9es\u2019, de Neus<\/p>\n","protected":false},"author":2,"featured_media":72900,"comment_status":"closed","ping_status":"closed","sticky":false,"template":"","format":"standard","meta":{"colormag_page_layout":"default_layout","_monsterinsights_skip_tracking":false,"_monsterinsights_sitenote_active":false,"_monsterinsights_sitenote_note":"","_monsterinsights_sitenote_category":0,"footnotes":""},"categories":[1],"tags":[88,246,268],"class_list":["post-72898","post","type-post","status-publish","format-standard","has-post-thumbnail","hentry","category-nou-barris","tag-can-baste","tag-el-turo-de-la-peira","tag-exposicio"],"yoast_head":"<!-- This site is optimized with the Yoast SEO plugin v25.3 - https:\/\/yoast.com\/wordpress\/plugins\/seo\/ -->\n<title>La inf\u00e0ncia fuga\u00e7 de les nenes gitanes de Le Cit\u00e9 - NouBarris.Net<\/title>\n<meta name=\"robots\" content=\"index, follow, max-snippet:-1, max-image-preview:large, max-video-preview:-1\" \/>\n<link rel=\"canonical\" href=\"https:\/\/www.noubarris.net\/web40\/la-infancia-fugac-de-les-nenes-gitanes-de-le-cite\/\" \/>\n<meta property=\"og:locale\" content=\"ca_ES\" \/>\n<meta property=\"og:type\" content=\"article\" \/>\n<meta property=\"og:title\" content=\"La inf\u00e0ncia fuga\u00e7 de les nenes gitanes de Le Cit\u00e9 - NouBarris.Net\" \/>\n<meta property=\"og:description\" content=\"La fot\u00f2grafa neus Sol\u00e0 fa una mirada antropol\u00f2gica al rol m\u00e9s tradicional de la dona roman\u00ed L\u2019exposici\u00f3 \u2018Poup\u00e9es\u2019, de Neus\" \/>\n<meta property=\"og:url\" content=\"https:\/\/www.noubarris.net\/web40\/la-infancia-fugac-de-les-nenes-gitanes-de-le-cite\/\" \/>\n<meta property=\"og:site_name\" content=\"NouBarris.Net\" \/>\n<meta property=\"article:publisher\" content=\"https:\/\/www.facebook.com\/NouBarris.net\/?locale=es_ES\" \/>\n<meta property=\"article:published_time\" content=\"2018-07-24T22:00:25+00:00\" \/>\n<meta property=\"article:modified_time\" content=\"2018-07-25T15:37:08+00:00\" \/>\n<meta property=\"og:image\" content=\"https:\/\/www.noubarris.net\/web40\/wp-content\/uploads\/2018\/07\/250718.jpg\" \/>\n\t<meta property=\"og:image:width\" content=\"768\" \/>\n\t<meta property=\"og:image:height\" content=\"432\" \/>\n\t<meta property=\"og:image:type\" content=\"image\/jpeg\" \/>\n<meta name=\"author\" content=\"Informatius\" \/>\n<meta name=\"twitter:card\" content=\"summary_large_image\" \/>\n<meta name=\"twitter:creator\" content=\"@9BTV\" \/>\n<meta name=\"twitter:site\" content=\"@9BTV\" \/>\n<meta name=\"twitter:label1\" content=\"Escrit per\" \/>\n\t<meta name=\"twitter:data1\" content=\"Informatius\" \/>\n\t<meta name=\"twitter:label2\" content=\"Temps estimat de lectura\" \/>\n\t<meta name=\"twitter:data2\" content=\"3 minuts\" \/>\n<script type=\"application\/ld+json\" class=\"yoast-schema-graph\">{\"@context\":\"https:\/\/schema.org\",\"@graph\":[{\"@type\":\"Article\",\"@id\":\"https:\/\/www.noubarris.net\/web40\/la-infancia-fugac-de-les-nenes-gitanes-de-le-cite\/#article\",\"isPartOf\":{\"@id\":\"https:\/\/www.noubarris.net\/web40\/la-infancia-fugac-de-les-nenes-gitanes-de-le-cite\/\"},\"author\":{\"name\":\"Informatius\",\"@id\":\"https:\/\/www.noubarris.net\/web40\/#\/schema\/person\/1827f92aaa316c54abbf4dac0de76069\"},\"headline\":\"La inf\u00e0ncia fuga\u00e7 de les nenes gitanes de Le Cit\u00e9\",\"datePublished\":\"2018-07-24T22:00:25+00:00\",\"dateModified\":\"2018-07-25T15:37:08+00:00\",\"mainEntityOfPage\":{\"@id\":\"https:\/\/www.noubarris.net\/web40\/la-infancia-fugac-de-les-nenes-gitanes-de-le-cite\/\"},\"wordCount\":522,\"publisher\":{\"@id\":\"https:\/\/www.noubarris.net\/web40\/#organization\"},\"image\":{\"@id\":\"https:\/\/www.noubarris.net\/web40\/la-infancia-fugac-de-les-nenes-gitanes-de-le-cite\/#primaryimage\"},\"thumbnailUrl\":\"https:\/\/www.noubarris.net\/web40\/wp-content\/uploads\/2018\/07\/250718.jpg\",\"keywords\":[\"Can Bast\u00e9\",\"El Tur\u00f3 de la Peira\",\"Exposici\u00f3\"],\"articleSection\":[\"Nou Barris\"],\"inLanguage\":\"ca\"},{\"@type\":\"WebPage\",\"@id\":\"https:\/\/www.noubarris.net\/web40\/la-infancia-fugac-de-les-nenes-gitanes-de-le-cite\/\",\"url\":\"https:\/\/www.noubarris.net\/web40\/la-infancia-fugac-de-les-nenes-gitanes-de-le-cite\/\",\"name\":\"La inf\u00e0ncia fuga\u00e7 de les nenes gitanes de Le Cit\u00e9 - NouBarris.Net\",\"isPartOf\":{\"@id\":\"https:\/\/www.noubarris.net\/web40\/#website\"},\"primaryImageOfPage\":{\"@id\":\"https:\/\/www.noubarris.net\/web40\/la-infancia-fugac-de-les-nenes-gitanes-de-le-cite\/#primaryimage\"},\"image\":{\"@id\":\"https:\/\/www.noubarris.net\/web40\/la-infancia-fugac-de-les-nenes-gitanes-de-le-cite\/#primaryimage\"},\"thumbnailUrl\":\"https:\/\/www.noubarris.net\/web40\/wp-content\/uploads\/2018\/07\/250718.jpg\",\"datePublished\":\"2018-07-24T22:00:25+00:00\",\"dateModified\":\"2018-07-25T15:37:08+00:00\",\"breadcrumb\":{\"@id\":\"https:\/\/www.noubarris.net\/web40\/la-infancia-fugac-de-les-nenes-gitanes-de-le-cite\/#breadcrumb\"},\"inLanguage\":\"ca\",\"potentialAction\":[{\"@type\":\"ReadAction\",\"target\":[\"https:\/\/www.noubarris.net\/web40\/la-infancia-fugac-de-les-nenes-gitanes-de-le-cite\/\"]}]},{\"@type\":\"ImageObject\",\"inLanguage\":\"ca\",\"@id\":\"https:\/\/www.noubarris.net\/web40\/la-infancia-fugac-de-les-nenes-gitanes-de-le-cite\/#primaryimage\",\"url\":\"https:\/\/www.noubarris.net\/web40\/wp-content\/uploads\/2018\/07\/250718.jpg\",\"contentUrl\":\"https:\/\/www.noubarris.net\/web40\/wp-content\/uploads\/2018\/07\/250718.jpg\",\"width\":768,\"height\":432},{\"@type\":\"BreadcrumbList\",\"@id\":\"https:\/\/www.noubarris.net\/web40\/la-infancia-fugac-de-les-nenes-gitanes-de-le-cite\/#breadcrumb\",\"itemListElement\":[{\"@type\":\"ListItem\",\"position\":1,\"name\":\"Inici\",\"item\":\"https:\/\/www.noubarris.net\/web40\/\"},{\"@type\":\"ListItem\",\"position\":2,\"name\":\"La inf\u00e0ncia fuga\u00e7 de les nenes gitanes de Le Cit\u00e9\"}]},{\"@type\":\"WebSite\",\"@id\":\"https:\/\/www.noubarris.net\/web40\/#website\",\"url\":\"https:\/\/www.noubarris.net\/web40\/\",\"name\":\"NouBarris.Net\",\"description\":\"Seguint la vida de Nou Barris des de 1985\",\"publisher\":{\"@id\":\"https:\/\/www.noubarris.net\/web40\/#organization\"},\"potentialAction\":[{\"@type\":\"SearchAction\",\"target\":{\"@type\":\"EntryPoint\",\"urlTemplate\":\"https:\/\/www.noubarris.net\/web40\/?s={search_term_string}\"},\"query-input\":{\"@type\":\"PropertyValueSpecification\",\"valueRequired\":true,\"valueName\":\"search_term_string\"}}],\"inLanguage\":\"ca\"},{\"@type\":\"Organization\",\"@id\":\"https:\/\/www.noubarris.net\/web40\/#organization\",\"name\":\"NouBarris.Net\",\"url\":\"https:\/\/www.noubarris.net\/web40\/\",\"logo\":{\"@type\":\"ImageObject\",\"inLanguage\":\"ca\",\"@id\":\"https:\/\/www.noubarris.net\/web40\/#\/schema\/logo\/image\/\",\"url\":\"https:\/\/www.noubarris.net\/web40\/wp-content\/uploads\/2024\/11\/cropped-cropped-LOGO_9BTV-2024_Insta-1.jpg\",\"contentUrl\":\"https:\/\/www.noubarris.net\/web40\/wp-content\/uploads\/2024\/11\/cropped-cropped-LOGO_9BTV-2024_Insta-1.jpg\",\"width\":512,\"height\":512,\"caption\":\"NouBarris.Net\"},\"image\":{\"@id\":\"https:\/\/www.noubarris.net\/web40\/#\/schema\/logo\/image\/\"},\"sameAs\":[\"https:\/\/www.facebook.com\/NouBarris.net\/?locale=es_ES\",\"https:\/\/x.com\/9BTV\"]},{\"@type\":\"Person\",\"@id\":\"https:\/\/www.noubarris.net\/web40\/#\/schema\/person\/1827f92aaa316c54abbf4dac0de76069\",\"name\":\"Informatius\",\"image\":{\"@type\":\"ImageObject\",\"inLanguage\":\"ca\",\"@id\":\"https:\/\/www.noubarris.net\/web40\/#\/schema\/person\/image\/\",\"url\":\"https:\/\/secure.gravatar.com\/avatar\/87a3b47928835fc72c6ee5b0e1a7263ef0c2d05003a98189bc14926c5f11bcdb?s=96&d=mm&r=g\",\"contentUrl\":\"https:\/\/secure.gravatar.com\/avatar\/87a3b47928835fc72c6ee5b0e1a7263ef0c2d05003a98189bc14926c5f11bcdb?s=96&d=mm&r=g\",\"caption\":\"Informatius\"},\"url\":\"https:\/\/www.noubarris.net\/web40\/author\/tele\/\"}]}<\/script>\n<!-- \/ Yoast SEO plugin. -->","yoast_head_json":{"title":"La inf\u00e0ncia fuga\u00e7 de les nenes gitanes de Le Cit\u00e9 - NouBarris.Net","robots":{"index":"index","follow":"follow","max-snippet":"max-snippet:-1","max-image-preview":"max-image-preview:large","max-video-preview":"max-video-preview:-1"},"canonical":"https:\/\/www.noubarris.net\/web40\/la-infancia-fugac-de-les-nenes-gitanes-de-le-cite\/","og_locale":"ca_ES","og_type":"article","og_title":"La inf\u00e0ncia fuga\u00e7 de les nenes gitanes de Le Cit\u00e9 - NouBarris.Net","og_description":"La fot\u00f2grafa neus Sol\u00e0 fa una mirada antropol\u00f2gica al rol m\u00e9s tradicional de la dona roman\u00ed L\u2019exposici\u00f3 \u2018Poup\u00e9es\u2019, de Neus","og_url":"https:\/\/www.noubarris.net\/web40\/la-infancia-fugac-de-les-nenes-gitanes-de-le-cite\/","og_site_name":"NouBarris.Net","article_publisher":"https:\/\/www.facebook.com\/NouBarris.net\/?locale=es_ES","article_published_time":"2018-07-24T22:00:25+00:00","article_modified_time":"2018-07-25T15:37:08+00:00","og_image":[{"width":768,"height":432,"url":"https:\/\/www.noubarris.net\/web40\/wp-content\/uploads\/2018\/07\/250718.jpg","type":"image\/jpeg"}],"author":"Informatius","twitter_card":"summary_large_image","twitter_creator":"@9BTV","twitter_site":"@9BTV","twitter_misc":{"Escrit per":"Informatius","Temps estimat de lectura":"3 minuts"},"schema":{"@context":"https:\/\/schema.org","@graph":[{"@type":"Article","@id":"https:\/\/www.noubarris.net\/web40\/la-infancia-fugac-de-les-nenes-gitanes-de-le-cite\/#article","isPartOf":{"@id":"https:\/\/www.noubarris.net\/web40\/la-infancia-fugac-de-les-nenes-gitanes-de-le-cite\/"},"author":{"name":"Informatius","@id":"https:\/\/www.noubarris.net\/web40\/#\/schema\/person\/1827f92aaa316c54abbf4dac0de76069"},"headline":"La inf\u00e0ncia fuga\u00e7 de les nenes gitanes de Le Cit\u00e9","datePublished":"2018-07-24T22:00:25+00:00","dateModified":"2018-07-25T15:37:08+00:00","mainEntityOfPage":{"@id":"https:\/\/www.noubarris.net\/web40\/la-infancia-fugac-de-les-nenes-gitanes-de-le-cite\/"},"wordCount":522,"publisher":{"@id":"https:\/\/www.noubarris.net\/web40\/#organization"},"image":{"@id":"https:\/\/www.noubarris.net\/web40\/la-infancia-fugac-de-les-nenes-gitanes-de-le-cite\/#primaryimage"},"thumbnailUrl":"https:\/\/www.noubarris.net\/web40\/wp-content\/uploads\/2018\/07\/250718.jpg","keywords":["Can Bast\u00e9","El Tur\u00f3 de la Peira","Exposici\u00f3"],"articleSection":["Nou Barris"],"inLanguage":"ca"},{"@type":"WebPage","@id":"https:\/\/www.noubarris.net\/web40\/la-infancia-fugac-de-les-nenes-gitanes-de-le-cite\/","url":"https:\/\/www.noubarris.net\/web40\/la-infancia-fugac-de-les-nenes-gitanes-de-le-cite\/","name":"La inf\u00e0ncia fuga\u00e7 de les nenes gitanes de Le Cit\u00e9 - NouBarris.Net","isPartOf":{"@id":"https:\/\/www.noubarris.net\/web40\/#website"},"primaryImageOfPage":{"@id":"https:\/\/www.noubarris.net\/web40\/la-infancia-fugac-de-les-nenes-gitanes-de-le-cite\/#primaryimage"},"image":{"@id":"https:\/\/www.noubarris.net\/web40\/la-infancia-fugac-de-les-nenes-gitanes-de-le-cite\/#primaryimage"},"thumbnailUrl":"https:\/\/www.noubarris.net\/web40\/wp-content\/uploads\/2018\/07\/250718.jpg","datePublished":"2018-07-24T22:00:25+00:00","dateModified":"2018-07-25T15:37:08+00:00","breadcrumb":{"@id":"https:\/\/www.noubarris.net\/web40\/la-infancia-fugac-de-les-nenes-gitanes-de-le-cite\/#breadcrumb"},"inLanguage":"ca","potentialAction":[{"@type":"ReadAction","target":["https:\/\/www.noubarris.net\/web40\/la-infancia-fugac-de-les-nenes-gitanes-de-le-cite\/"]}]},{"@type":"ImageObject","inLanguage":"ca","@id":"https:\/\/www.noubarris.net\/web40\/la-infancia-fugac-de-les-nenes-gitanes-de-le-cite\/#primaryimage","url":"https:\/\/www.noubarris.net\/web40\/wp-content\/uploads\/2018\/07\/250718.jpg","contentUrl":"https:\/\/www.noubarris.net\/web40\/wp-content\/uploads\/2018\/07\/250718.jpg","width":768,"height":432},{"@type":"BreadcrumbList","@id":"https:\/\/www.noubarris.net\/web40\/la-infancia-fugac-de-les-nenes-gitanes-de-le-cite\/#breadcrumb","itemListElement":[{"@type":"ListItem","position":1,"name":"Inici","item":"https:\/\/www.noubarris.net\/web40\/"},{"@type":"ListItem","position":2,"name":"La inf\u00e0ncia fuga\u00e7 de les nenes gitanes de Le Cit\u00e9"}]},{"@type":"WebSite","@id":"https:\/\/www.noubarris.net\/web40\/#website","url":"https:\/\/www.noubarris.net\/web40\/","name":"NouBarris.Net","description":"Seguint la vida de Nou Barris des de 1985","publisher":{"@id":"https:\/\/www.noubarris.net\/web40\/#organization"},"potentialAction":[{"@type":"SearchAction","target":{"@type":"EntryPoint","urlTemplate":"https:\/\/www.noubarris.net\/web40\/?s={search_term_string}"},"query-input":{"@type":"PropertyValueSpecification","valueRequired":true,"valueName":"search_term_string"}}],"inLanguage":"ca"},{"@type":"Organization","@id":"https:\/\/www.noubarris.net\/web40\/#organization","name":"NouBarris.Net","url":"https:\/\/www.noubarris.net\/web40\/","logo":{"@type":"ImageObject","inLanguage":"ca","@id":"https:\/\/www.noubarris.net\/web40\/#\/schema\/logo\/image\/","url":"https:\/\/www.noubarris.net\/web40\/wp-content\/uploads\/2024\/11\/cropped-cropped-LOGO_9BTV-2024_Insta-1.jpg","contentUrl":"https:\/\/www.noubarris.net\/web40\/wp-content\/uploads\/2024\/11\/cropped-cropped-LOGO_9BTV-2024_Insta-1.jpg","width":512,"height":512,"caption":"NouBarris.Net"},"image":{"@id":"https:\/\/www.noubarris.net\/web40\/#\/schema\/logo\/image\/"},"sameAs":["https:\/\/www.facebook.com\/NouBarris.net\/?locale=es_ES","https:\/\/x.com\/9BTV"]},{"@type":"Person","@id":"https:\/\/www.noubarris.net\/web40\/#\/schema\/person\/1827f92aaa316c54abbf4dac0de76069","name":"Informatius","image":{"@type":"ImageObject","inLanguage":"ca","@id":"https:\/\/www.noubarris.net\/web40\/#\/schema\/person\/image\/","url":"https:\/\/secure.gravatar.com\/avatar\/87a3b47928835fc72c6ee5b0e1a7263ef0c2d05003a98189bc14926c5f11bcdb?s=96&d=mm&r=g","contentUrl":"https:\/\/secure.gravatar.com\/avatar\/87a3b47928835fc72c6ee5b0e1a7263ef0c2d05003a98189bc14926c5f11bcdb?s=96&d=mm&r=g","caption":"Informatius"},"url":"https:\/\/www.noubarris.net\/web40\/author\/tele\/"}]}},"_links":{"self":[{"href":"https:\/\/www.noubarris.net\/web40\/wp-json\/wp\/v2\/posts\/72898","targetHints":{"allow":["GET"]}}],"collection":[{"href":"https:\/\/www.noubarris.net\/web40\/wp-json\/wp\/v2\/posts"}],"about":[{"href":"https:\/\/www.noubarris.net\/web40\/wp-json\/wp\/v2\/types\/post"}],"author":[{"embeddable":true,"href":"https:\/\/www.noubarris.net\/web40\/wp-json\/wp\/v2\/users\/2"}],"replies":[{"embeddable":true,"href":"https:\/\/www.noubarris.net\/web40\/wp-json\/wp\/v2\/comments?post=72898"}],"version-history":[{"count":0,"href":"https:\/\/www.noubarris.net\/web40\/wp-json\/wp\/v2\/posts\/72898\/revisions"}],"wp:featuredmedia":[{"embeddable":true,"href":"https:\/\/www.noubarris.net\/web40\/wp-json\/wp\/v2\/media\/72900"}],"wp:attachment":[{"href":"https:\/\/www.noubarris.net\/web40\/wp-json\/wp\/v2\/media?parent=72898"}],"wp:term":[{"taxonomy":"category","embeddable":true,"href":"https:\/\/www.noubarris.net\/web40\/wp-json\/wp\/v2\/categories?post=72898"},{"taxonomy":"post_tag","embeddable":true,"href":"https:\/\/www.noubarris.net\/web40\/wp-json\/wp\/v2\/tags?post=72898"}],"curies":[{"name":"wp","href":"https:\/\/api.w.org\/{rel}","templated":true}]}}