{"id":73179,"date":"2018-10-23T00:00:05","date_gmt":"2018-10-22T22:00:05","guid":{"rendered":"http:\/\/www.noubarris.net\/web40\/?p=73179"},"modified":"2018-10-22T13:39:34","modified_gmt":"2018-10-22T11:39:34","slug":"un-dilluns-amb-mes-usuaris-de-lhabitual-a-la-biblioteca-de-nou-barris","status":"publish","type":"post","link":"https:\/\/www.noubarris.net\/web40\/un-dilluns-amb-mes-usuaris-de-lhabitual-a-la-biblioteca-de-nou-barris\/","title":{"rendered":"Un dilluns amb m\u00e9s usuaris de l&#8217;habitual a la Biblioteca de Nou Barris"},"content":{"rendered":"<p><strong>L&#8217;equipament reobre una setmana m\u00e9s tard del previst per\u00f2 amb millores incloses\u00a0<\/strong><\/p>\n<p>Els taulells de la Biblioteca Nou Barris van tenir ahir dilluns al mat\u00ed m\u00e9s activitat de l\u2019habitual. L&#8217;equipament va reobrir ahir despr\u00e9s de gaireb\u00e9 quatre mesos d\u2019obres i van ser molts els usuaris que van aprofitar el primer dia per apropar-se i retornar els documents en pr\u00e9stec. Durant el temps que ha estat tancada, s\u2019han actualitzat les mesures antiincendi de l\u2019edifici. L\u2019equipament va tancar les portes el 2 de juliol per fer unes obres que han \u00a0ignifugat els sostres, han tancat quatre finestres com a tallafoc, i han creat tres sortides d\u2019emerg\u00e8ncia noves. D\u2019aquestes, dues s\u00f3n a la planta baixa, a la secci\u00f3 de premsa i a la secci\u00f3 infantil; i l\u2019altra a l\u2019entreplanta a la zona de serveis t\u00e8cnics.<\/p>\n<p>S\u2019ha aprofitat les obres tamb\u00e9 per adaptar per a persones amb diversitat funcional \u00a0els serveis (lavabos) de la planta baixa i les botoneres de l\u2019ascensor. A m\u00e9s, s\u2019ha renovat el mobiliari de la secci\u00f3 de petits lectors.<\/p>\n<p>Estava previst que la biblioteca obr\u00eds dilluns passat, per\u00f2 finalment ha reobert una setmana m\u00e9s tard perqu\u00e8 s\u2019han pintat alguns espais, cosa que en principi no estava previst. Mentre han durat les obres, els usuaris podien fer la devoluci\u00f3 dels pr\u00e9stecs en altres biblioteques de la xarxa. Durant aquesta setmana de pr\u00f2rroga de les obres, els treballadors han classificat i endre\u00e7at tots els documents que els usuaris han anat retornant en altres biblioteques.<\/p>\n","protected":false},"excerpt":{"rendered":"<p>L&#8217;equipament reobre una setmana m\u00e9s tard del previst per\u00f2 amb millores incloses\u00a0 Els taulells de la Biblioteca Nou Barris van<\/p>\n","protected":false},"author":2,"featured_media":73180,"comment_status":"closed","ping_status":"closed","sticky":false,"template":"","format":"standard","meta":{"colormag_page_layout":"default_layout","_monsterinsights_skip_tracking":false,"_monsterinsights_sitenote_active":false,"_monsterinsights_sitenote_note":"","_monsterinsights_sitenote_category":0,"footnotes":""},"categories":[129,133],"tags":[68,121,47,319],"class_list":["post-73179","post","type-post","status-publish","format-standard","has-post-thumbnail","hentry","category-cultura","category-la-guineueta","tag-biblioteca","tag-equipaments","tag-la-guineueta","tag-nou-barris"],"yoast_head":"<!-- This site is optimized with the Yoast SEO plugin v25.3 - https:\/\/yoast.com\/wordpress\/plugins\/seo\/ -->\n<title>Un dilluns amb m\u00e9s usuaris de l&#039;habitual a la Biblioteca de Nou Barris - NouBarris.Net<\/title>\n<meta name=\"robots\" content=\"index, follow, max-snippet:-1, max-image-preview:large, max-video-preview:-1\" \/>\n<link rel=\"canonical\" href=\"https:\/\/www.noubarris.net\/web40\/un-dilluns-amb-mes-usuaris-de-lhabitual-a-la-biblioteca-de-nou-barris\/\" \/>\n<meta property=\"og:locale\" content=\"ca_ES\" \/>\n<meta property=\"og:type\" content=\"article\" \/>\n<meta property=\"og:title\" content=\"Un dilluns amb m\u00e9s usuaris de l&#039;habitual a la Biblioteca de Nou Barris - NouBarris.Net\" \/>\n<meta property=\"og:description\" content=\"L&#8217;equipament reobre una setmana m\u00e9s tard del previst per\u00f2 amb millores incloses\u00a0 Els taulells de la Biblioteca Nou Barris van\" \/>\n<meta property=\"og:url\" content=\"https:\/\/www.noubarris.net\/web40\/un-dilluns-amb-mes-usuaris-de-lhabitual-a-la-biblioteca-de-nou-barris\/\" \/>\n<meta property=\"og:site_name\" content=\"NouBarris.Net\" \/>\n<meta property=\"article:publisher\" content=\"https:\/\/www.facebook.com\/NouBarris.net\/?locale=es_ES\" \/>\n<meta property=\"article:published_time\" content=\"2018-10-22T22:00:05+00:00\" \/>\n<meta property=\"og:image\" content=\"https:\/\/www.noubarris.net\/web40\/wp-content\/uploads\/2018\/10\/231018.jpg\" \/>\n\t<meta property=\"og:image:width\" content=\"768\" \/>\n\t<meta property=\"og:image:height\" content=\"432\" \/>\n\t<meta property=\"og:image:type\" content=\"image\/jpeg\" \/>\n<meta name=\"author\" content=\"Informatius\" \/>\n<meta name=\"twitter:card\" content=\"summary_large_image\" \/>\n<meta name=\"twitter:creator\" content=\"@9BTV\" \/>\n<meta name=\"twitter:site\" content=\"@9BTV\" \/>\n<meta name=\"twitter:label1\" content=\"Escrit per\" \/>\n\t<meta name=\"twitter:data1\" content=\"Informatius\" \/>\n\t<meta name=\"twitter:label2\" content=\"Temps estimat de lectura\" \/>\n\t<meta name=\"twitter:data2\" content=\"1 minut\" \/>\n<script type=\"application\/ld+json\" class=\"yoast-schema-graph\">{\"@context\":\"https:\/\/schema.org\",\"@graph\":[{\"@type\":\"Article\",\"@id\":\"https:\/\/www.noubarris.net\/web40\/un-dilluns-amb-mes-usuaris-de-lhabitual-a-la-biblioteca-de-nou-barris\/#article\",\"isPartOf\":{\"@id\":\"https:\/\/www.noubarris.net\/web40\/un-dilluns-amb-mes-usuaris-de-lhabitual-a-la-biblioteca-de-nou-barris\/\"},\"author\":{\"name\":\"Informatius\",\"@id\":\"https:\/\/www.noubarris.net\/web40\/#\/schema\/person\/1827f92aaa316c54abbf4dac0de76069\"},\"headline\":\"Un dilluns amb m\u00e9s usuaris de l&#8217;habitual a la Biblioteca de Nou Barris\",\"datePublished\":\"2018-10-22T22:00:05+00:00\",\"mainEntityOfPage\":{\"@id\":\"https:\/\/www.noubarris.net\/web40\/un-dilluns-amb-mes-usuaris-de-lhabitual-a-la-biblioteca-de-nou-barris\/\"},\"wordCount\":284,\"publisher\":{\"@id\":\"https:\/\/www.noubarris.net\/web40\/#organization\"},\"image\":{\"@id\":\"https:\/\/www.noubarris.net\/web40\/un-dilluns-amb-mes-usuaris-de-lhabitual-a-la-biblioteca-de-nou-barris\/#primaryimage\"},\"thumbnailUrl\":\"https:\/\/www.noubarris.net\/web40\/wp-content\/uploads\/2018\/10\/231018.jpg\",\"keywords\":[\"Biblioteca\",\"Equipaments\",\"La Guineueta\",\"Nou Barris\"],\"articleSection\":[\"Cultura\",\"La Guineueta\"],\"inLanguage\":\"ca\"},{\"@type\":\"WebPage\",\"@id\":\"https:\/\/www.noubarris.net\/web40\/un-dilluns-amb-mes-usuaris-de-lhabitual-a-la-biblioteca-de-nou-barris\/\",\"url\":\"https:\/\/www.noubarris.net\/web40\/un-dilluns-amb-mes-usuaris-de-lhabitual-a-la-biblioteca-de-nou-barris\/\",\"name\":\"Un dilluns amb m\u00e9s usuaris de l'habitual a la Biblioteca de Nou Barris - NouBarris.Net\",\"isPartOf\":{\"@id\":\"https:\/\/www.noubarris.net\/web40\/#website\"},\"primaryImageOfPage\":{\"@id\":\"https:\/\/www.noubarris.net\/web40\/un-dilluns-amb-mes-usuaris-de-lhabitual-a-la-biblioteca-de-nou-barris\/#primaryimage\"},\"image\":{\"@id\":\"https:\/\/www.noubarris.net\/web40\/un-dilluns-amb-mes-usuaris-de-lhabitual-a-la-biblioteca-de-nou-barris\/#primaryimage\"},\"thumbnailUrl\":\"https:\/\/www.noubarris.net\/web40\/wp-content\/uploads\/2018\/10\/231018.jpg\",\"datePublished\":\"2018-10-22T22:00:05+00:00\",\"breadcrumb\":{\"@id\":\"https:\/\/www.noubarris.net\/web40\/un-dilluns-amb-mes-usuaris-de-lhabitual-a-la-biblioteca-de-nou-barris\/#breadcrumb\"},\"inLanguage\":\"ca\",\"potentialAction\":[{\"@type\":\"ReadAction\",\"target\":[\"https:\/\/www.noubarris.net\/web40\/un-dilluns-amb-mes-usuaris-de-lhabitual-a-la-biblioteca-de-nou-barris\/\"]}]},{\"@type\":\"ImageObject\",\"inLanguage\":\"ca\",\"@id\":\"https:\/\/www.noubarris.net\/web40\/un-dilluns-amb-mes-usuaris-de-lhabitual-a-la-biblioteca-de-nou-barris\/#primaryimage\",\"url\":\"https:\/\/www.noubarris.net\/web40\/wp-content\/uploads\/2018\/10\/231018.jpg\",\"contentUrl\":\"https:\/\/www.noubarris.net\/web40\/wp-content\/uploads\/2018\/10\/231018.jpg\",\"width\":768,\"height\":432},{\"@type\":\"BreadcrumbList\",\"@id\":\"https:\/\/www.noubarris.net\/web40\/un-dilluns-amb-mes-usuaris-de-lhabitual-a-la-biblioteca-de-nou-barris\/#breadcrumb\",\"itemListElement\":[{\"@type\":\"ListItem\",\"position\":1,\"name\":\"Inici\",\"item\":\"https:\/\/www.noubarris.net\/web40\/\"},{\"@type\":\"ListItem\",\"position\":2,\"name\":\"Un dilluns amb m\u00e9s usuaris de l&#8217;habitual a la Biblioteca de Nou Barris\"}]},{\"@type\":\"WebSite\",\"@id\":\"https:\/\/www.noubarris.net\/web40\/#website\",\"url\":\"https:\/\/www.noubarris.net\/web40\/\",\"name\":\"NouBarris.Net\",\"description\":\"Seguint la vida de Nou Barris des de 1985\",\"publisher\":{\"@id\":\"https:\/\/www.noubarris.net\/web40\/#organization\"},\"potentialAction\":[{\"@type\":\"SearchAction\",\"target\":{\"@type\":\"EntryPoint\",\"urlTemplate\":\"https:\/\/www.noubarris.net\/web40\/?s={search_term_string}\"},\"query-input\":{\"@type\":\"PropertyValueSpecification\",\"valueRequired\":true,\"valueName\":\"search_term_string\"}}],\"inLanguage\":\"ca\"},{\"@type\":\"Organization\",\"@id\":\"https:\/\/www.noubarris.net\/web40\/#organization\",\"name\":\"NouBarris.Net\",\"url\":\"https:\/\/www.noubarris.net\/web40\/\",\"logo\":{\"@type\":\"ImageObject\",\"inLanguage\":\"ca\",\"@id\":\"https:\/\/www.noubarris.net\/web40\/#\/schema\/logo\/image\/\",\"url\":\"https:\/\/www.noubarris.net\/web40\/wp-content\/uploads\/2024\/11\/cropped-cropped-LOGO_9BTV-2024_Insta-1.jpg\",\"contentUrl\":\"https:\/\/www.noubarris.net\/web40\/wp-content\/uploads\/2024\/11\/cropped-cropped-LOGO_9BTV-2024_Insta-1.jpg\",\"width\":512,\"height\":512,\"caption\":\"NouBarris.Net\"},\"image\":{\"@id\":\"https:\/\/www.noubarris.net\/web40\/#\/schema\/logo\/image\/\"},\"sameAs\":[\"https:\/\/www.facebook.com\/NouBarris.net\/?locale=es_ES\",\"https:\/\/x.com\/9BTV\"]},{\"@type\":\"Person\",\"@id\":\"https:\/\/www.noubarris.net\/web40\/#\/schema\/person\/1827f92aaa316c54abbf4dac0de76069\",\"name\":\"Informatius\",\"image\":{\"@type\":\"ImageObject\",\"inLanguage\":\"ca\",\"@id\":\"https:\/\/www.noubarris.net\/web40\/#\/schema\/person\/image\/\",\"url\":\"https:\/\/secure.gravatar.com\/avatar\/87a3b47928835fc72c6ee5b0e1a7263ef0c2d05003a98189bc14926c5f11bcdb?s=96&d=mm&r=g\",\"contentUrl\":\"https:\/\/secure.gravatar.com\/avatar\/87a3b47928835fc72c6ee5b0e1a7263ef0c2d05003a98189bc14926c5f11bcdb?s=96&d=mm&r=g\",\"caption\":\"Informatius\"},\"url\":\"https:\/\/www.noubarris.net\/web40\/author\/tele\/\"}]}<\/script>\n<!-- \/ Yoast SEO plugin. -->","yoast_head_json":{"title":"Un dilluns amb m\u00e9s usuaris de l'habitual a la Biblioteca de Nou Barris - NouBarris.Net","robots":{"index":"index","follow":"follow","max-snippet":"max-snippet:-1","max-image-preview":"max-image-preview:large","max-video-preview":"max-video-preview:-1"},"canonical":"https:\/\/www.noubarris.net\/web40\/un-dilluns-amb-mes-usuaris-de-lhabitual-a-la-biblioteca-de-nou-barris\/","og_locale":"ca_ES","og_type":"article","og_title":"Un dilluns amb m\u00e9s usuaris de l'habitual a la Biblioteca de Nou Barris - NouBarris.Net","og_description":"L&#8217;equipament reobre una setmana m\u00e9s tard del previst per\u00f2 amb millores incloses\u00a0 Els taulells de la Biblioteca Nou Barris van","og_url":"https:\/\/www.noubarris.net\/web40\/un-dilluns-amb-mes-usuaris-de-lhabitual-a-la-biblioteca-de-nou-barris\/","og_site_name":"NouBarris.Net","article_publisher":"https:\/\/www.facebook.com\/NouBarris.net\/?locale=es_ES","article_published_time":"2018-10-22T22:00:05+00:00","og_image":[{"width":768,"height":432,"url":"https:\/\/www.noubarris.net\/web40\/wp-content\/uploads\/2018\/10\/231018.jpg","type":"image\/jpeg"}],"author":"Informatius","twitter_card":"summary_large_image","twitter_creator":"@9BTV","twitter_site":"@9BTV","twitter_misc":{"Escrit per":"Informatius","Temps estimat de lectura":"1 minut"},"schema":{"@context":"https:\/\/schema.org","@graph":[{"@type":"Article","@id":"https:\/\/www.noubarris.net\/web40\/un-dilluns-amb-mes-usuaris-de-lhabitual-a-la-biblioteca-de-nou-barris\/#article","isPartOf":{"@id":"https:\/\/www.noubarris.net\/web40\/un-dilluns-amb-mes-usuaris-de-lhabitual-a-la-biblioteca-de-nou-barris\/"},"author":{"name":"Informatius","@id":"https:\/\/www.noubarris.net\/web40\/#\/schema\/person\/1827f92aaa316c54abbf4dac0de76069"},"headline":"Un dilluns amb m\u00e9s usuaris de l&#8217;habitual a la Biblioteca de Nou Barris","datePublished":"2018-10-22T22:00:05+00:00","mainEntityOfPage":{"@id":"https:\/\/www.noubarris.net\/web40\/un-dilluns-amb-mes-usuaris-de-lhabitual-a-la-biblioteca-de-nou-barris\/"},"wordCount":284,"publisher":{"@id":"https:\/\/www.noubarris.net\/web40\/#organization"},"image":{"@id":"https:\/\/www.noubarris.net\/web40\/un-dilluns-amb-mes-usuaris-de-lhabitual-a-la-biblioteca-de-nou-barris\/#primaryimage"},"thumbnailUrl":"https:\/\/www.noubarris.net\/web40\/wp-content\/uploads\/2018\/10\/231018.jpg","keywords":["Biblioteca","Equipaments","La Guineueta","Nou Barris"],"articleSection":["Cultura","La Guineueta"],"inLanguage":"ca"},{"@type":"WebPage","@id":"https:\/\/www.noubarris.net\/web40\/un-dilluns-amb-mes-usuaris-de-lhabitual-a-la-biblioteca-de-nou-barris\/","url":"https:\/\/www.noubarris.net\/web40\/un-dilluns-amb-mes-usuaris-de-lhabitual-a-la-biblioteca-de-nou-barris\/","name":"Un dilluns amb m\u00e9s usuaris de l'habitual a la Biblioteca de Nou Barris - NouBarris.Net","isPartOf":{"@id":"https:\/\/www.noubarris.net\/web40\/#website"},"primaryImageOfPage":{"@id":"https:\/\/www.noubarris.net\/web40\/un-dilluns-amb-mes-usuaris-de-lhabitual-a-la-biblioteca-de-nou-barris\/#primaryimage"},"image":{"@id":"https:\/\/www.noubarris.net\/web40\/un-dilluns-amb-mes-usuaris-de-lhabitual-a-la-biblioteca-de-nou-barris\/#primaryimage"},"thumbnailUrl":"https:\/\/www.noubarris.net\/web40\/wp-content\/uploads\/2018\/10\/231018.jpg","datePublished":"2018-10-22T22:00:05+00:00","breadcrumb":{"@id":"https:\/\/www.noubarris.net\/web40\/un-dilluns-amb-mes-usuaris-de-lhabitual-a-la-biblioteca-de-nou-barris\/#breadcrumb"},"inLanguage":"ca","potentialAction":[{"@type":"ReadAction","target":["https:\/\/www.noubarris.net\/web40\/un-dilluns-amb-mes-usuaris-de-lhabitual-a-la-biblioteca-de-nou-barris\/"]}]},{"@type":"ImageObject","inLanguage":"ca","@id":"https:\/\/www.noubarris.net\/web40\/un-dilluns-amb-mes-usuaris-de-lhabitual-a-la-biblioteca-de-nou-barris\/#primaryimage","url":"https:\/\/www.noubarris.net\/web40\/wp-content\/uploads\/2018\/10\/231018.jpg","contentUrl":"https:\/\/www.noubarris.net\/web40\/wp-content\/uploads\/2018\/10\/231018.jpg","width":768,"height":432},{"@type":"BreadcrumbList","@id":"https:\/\/www.noubarris.net\/web40\/un-dilluns-amb-mes-usuaris-de-lhabitual-a-la-biblioteca-de-nou-barris\/#breadcrumb","itemListElement":[{"@type":"ListItem","position":1,"name":"Inici","item":"https:\/\/www.noubarris.net\/web40\/"},{"@type":"ListItem","position":2,"name":"Un dilluns amb m\u00e9s usuaris de l&#8217;habitual a la Biblioteca de Nou Barris"}]},{"@type":"WebSite","@id":"https:\/\/www.noubarris.net\/web40\/#website","url":"https:\/\/www.noubarris.net\/web40\/","name":"NouBarris.Net","description":"Seguint la vida de Nou Barris des de 1985","publisher":{"@id":"https:\/\/www.noubarris.net\/web40\/#organization"},"potentialAction":[{"@type":"SearchAction","target":{"@type":"EntryPoint","urlTemplate":"https:\/\/www.noubarris.net\/web40\/?s={search_term_string}"},"query-input":{"@type":"PropertyValueSpecification","valueRequired":true,"valueName":"search_term_string"}}],"inLanguage":"ca"},{"@type":"Organization","@id":"https:\/\/www.noubarris.net\/web40\/#organization","name":"NouBarris.Net","url":"https:\/\/www.noubarris.net\/web40\/","logo":{"@type":"ImageObject","inLanguage":"ca","@id":"https:\/\/www.noubarris.net\/web40\/#\/schema\/logo\/image\/","url":"https:\/\/www.noubarris.net\/web40\/wp-content\/uploads\/2024\/11\/cropped-cropped-LOGO_9BTV-2024_Insta-1.jpg","contentUrl":"https:\/\/www.noubarris.net\/web40\/wp-content\/uploads\/2024\/11\/cropped-cropped-LOGO_9BTV-2024_Insta-1.jpg","width":512,"height":512,"caption":"NouBarris.Net"},"image":{"@id":"https:\/\/www.noubarris.net\/web40\/#\/schema\/logo\/image\/"},"sameAs":["https:\/\/www.facebook.com\/NouBarris.net\/?locale=es_ES","https:\/\/x.com\/9BTV"]},{"@type":"Person","@id":"https:\/\/www.noubarris.net\/web40\/#\/schema\/person\/1827f92aaa316c54abbf4dac0de76069","name":"Informatius","image":{"@type":"ImageObject","inLanguage":"ca","@id":"https:\/\/www.noubarris.net\/web40\/#\/schema\/person\/image\/","url":"https:\/\/secure.gravatar.com\/avatar\/87a3b47928835fc72c6ee5b0e1a7263ef0c2d05003a98189bc14926c5f11bcdb?s=96&d=mm&r=g","contentUrl":"https:\/\/secure.gravatar.com\/avatar\/87a3b47928835fc72c6ee5b0e1a7263ef0c2d05003a98189bc14926c5f11bcdb?s=96&d=mm&r=g","caption":"Informatius"},"url":"https:\/\/www.noubarris.net\/web40\/author\/tele\/"}]}},"_links":{"self":[{"href":"https:\/\/www.noubarris.net\/web40\/wp-json\/wp\/v2\/posts\/73179","targetHints":{"allow":["GET"]}}],"collection":[{"href":"https:\/\/www.noubarris.net\/web40\/wp-json\/wp\/v2\/posts"}],"about":[{"href":"https:\/\/www.noubarris.net\/web40\/wp-json\/wp\/v2\/types\/post"}],"author":[{"embeddable":true,"href":"https:\/\/www.noubarris.net\/web40\/wp-json\/wp\/v2\/users\/2"}],"replies":[{"embeddable":true,"href":"https:\/\/www.noubarris.net\/web40\/wp-json\/wp\/v2\/comments?post=73179"}],"version-history":[{"count":0,"href":"https:\/\/www.noubarris.net\/web40\/wp-json\/wp\/v2\/posts\/73179\/revisions"}],"wp:featuredmedia":[{"embeddable":true,"href":"https:\/\/www.noubarris.net\/web40\/wp-json\/wp\/v2\/media\/73180"}],"wp:attachment":[{"href":"https:\/\/www.noubarris.net\/web40\/wp-json\/wp\/v2\/media?parent=73179"}],"wp:term":[{"taxonomy":"category","embeddable":true,"href":"https:\/\/www.noubarris.net\/web40\/wp-json\/wp\/v2\/categories?post=73179"},{"taxonomy":"post_tag","embeddable":true,"href":"https:\/\/www.noubarris.net\/web40\/wp-json\/wp\/v2\/tags?post=73179"}],"curies":[{"name":"wp","href":"https:\/\/api.w.org\/{rel}","templated":true}]}}