{"id":73203,"date":"2018-10-30T00:00:16","date_gmt":"2018-10-29T22:00:16","guid":{"rendered":"http:\/\/www.noubarris.net\/web40\/?p=73203"},"modified":"2018-10-29T16:43:06","modified_gmt":"2018-10-29T14:43:06","slug":"lesglesia-del-mental-i-can-carreras-punts-estrella-al-consell-de-barri-de-la-guinueta","status":"publish","type":"post","link":"https:\/\/www.noubarris.net\/web40\/lesglesia-del-mental-i-can-carreras-punts-estrella-al-consell-de-barri-de-la-guinueta\/","title":{"rendered":"L&#8217;esgl\u00e9sia del Mental i Can Carreras, punts estrella al Consell de Barri de la Guinueta"},"content":{"rendered":"<p><strong>L&#8217;Ajuntament informar\u00e0 sobre l&#8217;inici d&#8217;obres de l&#8217;esgl\u00e9sia i l&#8217;avantprojecte de rehabilitaci\u00f3 de la masia<\/strong><\/p>\n<p>El Consell de Barri de la Guineueta tractar\u00e0 avui dos temes amb gran inter\u00e9s per als defensors del patrimoni del districte. Dos espais emblem\u00e0tics i singulars com s\u00f3n l&#8217;antiga esgl\u00e9sia del Mental de la Santa Creu i la masia de Can Carreras formen part de l&#8217;ordre del dia de la sessi\u00f3. D&#8217;una banda s&#8217;informar\u00e0 als ve\u00efns del calendari d&#8217;inci de les obres que recuperaran l&#8217;esgl\u00e9sia del Mental, un temple molt degradat amb el pas del temps. A hores d&#8217;ara, l&#8217;esgl\u00e9sia es troba precintada amb lones i tanques.\u00a0 D&#8217;altra banda, es presentar\u00e0 l&#8217;avantprojecte guanyador per a la rehabilitaci\u00f3 de la masia de Can Carreres, un altre element patrimonial del districte que es troba en un estat d&#8217;elevada degradaci\u00f3. A continuaci\u00f3 us detallem aquests i altres punts de l&#8217;odre del dia del Consell de Barri que se celebrera avui a les 19h a la masia de la Guineueta, pla\u00e7a de Ca N&#8217;Ensenya 4:<\/p>\n<p>1. Informaci\u00f3 calendari inici d\u2019obres CEM Guineueta i esgl\u00e9sia del Mental.<br \/>\n2. Presentaci\u00f3 avantprojecte equip guanyador rehabilitaci\u00f3 Masia Can Carreres.<br \/>\n3. Informe obres finalitzaci\u00f3 del parc de la Guineueta.<br \/>\n4. Nou Barris Activa.<br \/>\n5. Temes d\u2019inter\u00e8s del barri (nova xarxa de bus), precs i preguntes.<\/p>\n<p>&nbsp;<\/p>\n","protected":false},"excerpt":{"rendered":"<p>L&#8217;Ajuntament informar\u00e0 sobre l&#8217;inici d&#8217;obres de l&#8217;esgl\u00e9sia i l&#8217;avantprojecte de rehabilitaci\u00f3 de la masia El Consell de Barri de la<\/p>\n","protected":false},"author":2,"featured_media":73205,"comment_status":"closed","ping_status":"closed","sticky":false,"template":"","format":"standard","meta":{"colormag_page_layout":"default_layout","_monsterinsights_skip_tracking":false,"_monsterinsights_sitenote_active":false,"_monsterinsights_sitenote_note":"","_monsterinsights_sitenote_category":0,"footnotes":""},"categories":[133,124,302],"tags":[607,358,47,456,235],"class_list":["post-73203","post","type-post","status-publish","format-standard","has-post-thumbnail","hentry","category-la-guineueta","category-societat","category-urbanisme","tag-can-carreras","tag-esglesia-mental","tag-la-guineueta","tag-masies","tag-patrimoni"],"yoast_head":"<!-- This site is optimized with the Yoast SEO plugin v25.3 - https:\/\/yoast.com\/wordpress\/plugins\/seo\/ -->\n<title>L&#039;esgl\u00e9sia del Mental i Can Carreras, punts estrella al Consell de Barri de la Guinueta - NouBarris.Net<\/title>\n<meta name=\"robots\" content=\"index, follow, max-snippet:-1, max-image-preview:large, max-video-preview:-1\" \/>\n<link rel=\"canonical\" href=\"https:\/\/www.noubarris.net\/web40\/lesglesia-del-mental-i-can-carreras-punts-estrella-al-consell-de-barri-de-la-guinueta\/\" \/>\n<meta property=\"og:locale\" content=\"ca_ES\" \/>\n<meta property=\"og:type\" content=\"article\" \/>\n<meta property=\"og:title\" content=\"L&#039;esgl\u00e9sia del Mental i Can Carreras, punts estrella al Consell de Barri de la Guinueta - NouBarris.Net\" \/>\n<meta property=\"og:description\" content=\"L&#8217;Ajuntament informar\u00e0 sobre l&#8217;inici d&#8217;obres de l&#8217;esgl\u00e9sia i l&#8217;avantprojecte de rehabilitaci\u00f3 de la masia El Consell de Barri de la\" \/>\n<meta property=\"og:url\" content=\"https:\/\/www.noubarris.net\/web40\/lesglesia-del-mental-i-can-carreras-punts-estrella-al-consell-de-barri-de-la-guinueta\/\" \/>\n<meta property=\"og:site_name\" content=\"NouBarris.Net\" \/>\n<meta property=\"article:publisher\" content=\"https:\/\/www.facebook.com\/NouBarris.net\/?locale=es_ES\" \/>\n<meta property=\"article:published_time\" content=\"2018-10-29T22:00:16+00:00\" \/>\n<meta property=\"og:image\" content=\"https:\/\/www.noubarris.net\/web40\/wp-content\/uploads\/2018\/10\/301018.gif\" \/>\n\t<meta property=\"og:image:width\" content=\"768\" \/>\n\t<meta property=\"og:image:height\" content=\"432\" \/>\n\t<meta property=\"og:image:type\" content=\"image\/gif\" \/>\n<meta name=\"author\" content=\"Informatius\" \/>\n<meta name=\"twitter:card\" content=\"summary_large_image\" \/>\n<meta name=\"twitter:creator\" content=\"@9BTV\" \/>\n<meta name=\"twitter:site\" content=\"@9BTV\" \/>\n<meta name=\"twitter:label1\" content=\"Escrit per\" \/>\n\t<meta name=\"twitter:data1\" content=\"Informatius\" \/>\n\t<meta name=\"twitter:label2\" content=\"Temps estimat de lectura\" \/>\n\t<meta name=\"twitter:data2\" content=\"1 minut\" \/>\n<script type=\"application\/ld+json\" class=\"yoast-schema-graph\">{\"@context\":\"https:\/\/schema.org\",\"@graph\":[{\"@type\":\"Article\",\"@id\":\"https:\/\/www.noubarris.net\/web40\/lesglesia-del-mental-i-can-carreras-punts-estrella-al-consell-de-barri-de-la-guinueta\/#article\",\"isPartOf\":{\"@id\":\"https:\/\/www.noubarris.net\/web40\/lesglesia-del-mental-i-can-carreras-punts-estrella-al-consell-de-barri-de-la-guinueta\/\"},\"author\":{\"name\":\"Informatius\",\"@id\":\"https:\/\/www.noubarris.net\/web40\/#\/schema\/person\/1827f92aaa316c54abbf4dac0de76069\"},\"headline\":\"L&#8217;esgl\u00e9sia del Mental i Can Carreras, punts estrella al Consell de Barri de la Guinueta\",\"datePublished\":\"2018-10-29T22:00:16+00:00\",\"mainEntityOfPage\":{\"@id\":\"https:\/\/www.noubarris.net\/web40\/lesglesia-del-mental-i-can-carreras-punts-estrella-al-consell-de-barri-de-la-guinueta\/\"},\"wordCount\":253,\"publisher\":{\"@id\":\"https:\/\/www.noubarris.net\/web40\/#organization\"},\"image\":{\"@id\":\"https:\/\/www.noubarris.net\/web40\/lesglesia-del-mental-i-can-carreras-punts-estrella-al-consell-de-barri-de-la-guinueta\/#primaryimage\"},\"thumbnailUrl\":\"https:\/\/www.noubarris.net\/web40\/wp-content\/uploads\/2018\/10\/301018.gif\",\"keywords\":[\"can carreras\",\"Esgl\u00e9sia mental\",\"La Guineueta\",\"masies\",\"patrimoni\"],\"articleSection\":[\"La Guineueta\",\"Societat\",\"Urbanisme\"],\"inLanguage\":\"ca\"},{\"@type\":\"WebPage\",\"@id\":\"https:\/\/www.noubarris.net\/web40\/lesglesia-del-mental-i-can-carreras-punts-estrella-al-consell-de-barri-de-la-guinueta\/\",\"url\":\"https:\/\/www.noubarris.net\/web40\/lesglesia-del-mental-i-can-carreras-punts-estrella-al-consell-de-barri-de-la-guinueta\/\",\"name\":\"L'esgl\u00e9sia del Mental i Can Carreras, punts estrella al Consell de Barri de la Guinueta - NouBarris.Net\",\"isPartOf\":{\"@id\":\"https:\/\/www.noubarris.net\/web40\/#website\"},\"primaryImageOfPage\":{\"@id\":\"https:\/\/www.noubarris.net\/web40\/lesglesia-del-mental-i-can-carreras-punts-estrella-al-consell-de-barri-de-la-guinueta\/#primaryimage\"},\"image\":{\"@id\":\"https:\/\/www.noubarris.net\/web40\/lesglesia-del-mental-i-can-carreras-punts-estrella-al-consell-de-barri-de-la-guinueta\/#primaryimage\"},\"thumbnailUrl\":\"https:\/\/www.noubarris.net\/web40\/wp-content\/uploads\/2018\/10\/301018.gif\",\"datePublished\":\"2018-10-29T22:00:16+00:00\",\"breadcrumb\":{\"@id\":\"https:\/\/www.noubarris.net\/web40\/lesglesia-del-mental-i-can-carreras-punts-estrella-al-consell-de-barri-de-la-guinueta\/#breadcrumb\"},\"inLanguage\":\"ca\",\"potentialAction\":[{\"@type\":\"ReadAction\",\"target\":[\"https:\/\/www.noubarris.net\/web40\/lesglesia-del-mental-i-can-carreras-punts-estrella-al-consell-de-barri-de-la-guinueta\/\"]}]},{\"@type\":\"ImageObject\",\"inLanguage\":\"ca\",\"@id\":\"https:\/\/www.noubarris.net\/web40\/lesglesia-del-mental-i-can-carreras-punts-estrella-al-consell-de-barri-de-la-guinueta\/#primaryimage\",\"url\":\"https:\/\/www.noubarris.net\/web40\/wp-content\/uploads\/2018\/10\/301018.gif\",\"contentUrl\":\"https:\/\/www.noubarris.net\/web40\/wp-content\/uploads\/2018\/10\/301018.gif\",\"width\":768,\"height\":432},{\"@type\":\"BreadcrumbList\",\"@id\":\"https:\/\/www.noubarris.net\/web40\/lesglesia-del-mental-i-can-carreras-punts-estrella-al-consell-de-barri-de-la-guinueta\/#breadcrumb\",\"itemListElement\":[{\"@type\":\"ListItem\",\"position\":1,\"name\":\"Inici\",\"item\":\"https:\/\/www.noubarris.net\/web40\/\"},{\"@type\":\"ListItem\",\"position\":2,\"name\":\"L&#8217;esgl\u00e9sia del Mental i Can Carreras, punts estrella al Consell de Barri de la Guinueta\"}]},{\"@type\":\"WebSite\",\"@id\":\"https:\/\/www.noubarris.net\/web40\/#website\",\"url\":\"https:\/\/www.noubarris.net\/web40\/\",\"name\":\"NouBarris.Net\",\"description\":\"Seguint la vida de Nou Barris des de 1985\",\"publisher\":{\"@id\":\"https:\/\/www.noubarris.net\/web40\/#organization\"},\"potentialAction\":[{\"@type\":\"SearchAction\",\"target\":{\"@type\":\"EntryPoint\",\"urlTemplate\":\"https:\/\/www.noubarris.net\/web40\/?s={search_term_string}\"},\"query-input\":{\"@type\":\"PropertyValueSpecification\",\"valueRequired\":true,\"valueName\":\"search_term_string\"}}],\"inLanguage\":\"ca\"},{\"@type\":\"Organization\",\"@id\":\"https:\/\/www.noubarris.net\/web40\/#organization\",\"name\":\"NouBarris.Net\",\"url\":\"https:\/\/www.noubarris.net\/web40\/\",\"logo\":{\"@type\":\"ImageObject\",\"inLanguage\":\"ca\",\"@id\":\"https:\/\/www.noubarris.net\/web40\/#\/schema\/logo\/image\/\",\"url\":\"https:\/\/www.noubarris.net\/web40\/wp-content\/uploads\/2024\/11\/cropped-cropped-LOGO_9BTV-2024_Insta-1.jpg\",\"contentUrl\":\"https:\/\/www.noubarris.net\/web40\/wp-content\/uploads\/2024\/11\/cropped-cropped-LOGO_9BTV-2024_Insta-1.jpg\",\"width\":512,\"height\":512,\"caption\":\"NouBarris.Net\"},\"image\":{\"@id\":\"https:\/\/www.noubarris.net\/web40\/#\/schema\/logo\/image\/\"},\"sameAs\":[\"https:\/\/www.facebook.com\/NouBarris.net\/?locale=es_ES\",\"https:\/\/x.com\/9BTV\"]},{\"@type\":\"Person\",\"@id\":\"https:\/\/www.noubarris.net\/web40\/#\/schema\/person\/1827f92aaa316c54abbf4dac0de76069\",\"name\":\"Informatius\",\"image\":{\"@type\":\"ImageObject\",\"inLanguage\":\"ca\",\"@id\":\"https:\/\/www.noubarris.net\/web40\/#\/schema\/person\/image\/\",\"url\":\"https:\/\/secure.gravatar.com\/avatar\/87a3b47928835fc72c6ee5b0e1a7263ef0c2d05003a98189bc14926c5f11bcdb?s=96&d=mm&r=g\",\"contentUrl\":\"https:\/\/secure.gravatar.com\/avatar\/87a3b47928835fc72c6ee5b0e1a7263ef0c2d05003a98189bc14926c5f11bcdb?s=96&d=mm&r=g\",\"caption\":\"Informatius\"},\"url\":\"https:\/\/www.noubarris.net\/web40\/author\/tele\/\"}]}<\/script>\n<!-- \/ Yoast SEO plugin. -->","yoast_head_json":{"title":"L'esgl\u00e9sia del Mental i Can Carreras, punts estrella al Consell de Barri de la Guinueta - NouBarris.Net","robots":{"index":"index","follow":"follow","max-snippet":"max-snippet:-1","max-image-preview":"max-image-preview:large","max-video-preview":"max-video-preview:-1"},"canonical":"https:\/\/www.noubarris.net\/web40\/lesglesia-del-mental-i-can-carreras-punts-estrella-al-consell-de-barri-de-la-guinueta\/","og_locale":"ca_ES","og_type":"article","og_title":"L'esgl\u00e9sia del Mental i Can Carreras, punts estrella al Consell de Barri de la Guinueta - NouBarris.Net","og_description":"L&#8217;Ajuntament informar\u00e0 sobre l&#8217;inici d&#8217;obres de l&#8217;esgl\u00e9sia i l&#8217;avantprojecte de rehabilitaci\u00f3 de la masia El Consell de Barri de la","og_url":"https:\/\/www.noubarris.net\/web40\/lesglesia-del-mental-i-can-carreras-punts-estrella-al-consell-de-barri-de-la-guinueta\/","og_site_name":"NouBarris.Net","article_publisher":"https:\/\/www.facebook.com\/NouBarris.net\/?locale=es_ES","article_published_time":"2018-10-29T22:00:16+00:00","og_image":[{"width":768,"height":432,"url":"https:\/\/www.noubarris.net\/web40\/wp-content\/uploads\/2018\/10\/301018.gif","type":"image\/gif"}],"author":"Informatius","twitter_card":"summary_large_image","twitter_creator":"@9BTV","twitter_site":"@9BTV","twitter_misc":{"Escrit per":"Informatius","Temps estimat de lectura":"1 minut"},"schema":{"@context":"https:\/\/schema.org","@graph":[{"@type":"Article","@id":"https:\/\/www.noubarris.net\/web40\/lesglesia-del-mental-i-can-carreras-punts-estrella-al-consell-de-barri-de-la-guinueta\/#article","isPartOf":{"@id":"https:\/\/www.noubarris.net\/web40\/lesglesia-del-mental-i-can-carreras-punts-estrella-al-consell-de-barri-de-la-guinueta\/"},"author":{"name":"Informatius","@id":"https:\/\/www.noubarris.net\/web40\/#\/schema\/person\/1827f92aaa316c54abbf4dac0de76069"},"headline":"L&#8217;esgl\u00e9sia del Mental i Can Carreras, punts estrella al Consell de Barri de la Guinueta","datePublished":"2018-10-29T22:00:16+00:00","mainEntityOfPage":{"@id":"https:\/\/www.noubarris.net\/web40\/lesglesia-del-mental-i-can-carreras-punts-estrella-al-consell-de-barri-de-la-guinueta\/"},"wordCount":253,"publisher":{"@id":"https:\/\/www.noubarris.net\/web40\/#organization"},"image":{"@id":"https:\/\/www.noubarris.net\/web40\/lesglesia-del-mental-i-can-carreras-punts-estrella-al-consell-de-barri-de-la-guinueta\/#primaryimage"},"thumbnailUrl":"https:\/\/www.noubarris.net\/web40\/wp-content\/uploads\/2018\/10\/301018.gif","keywords":["can carreras","Esgl\u00e9sia mental","La Guineueta","masies","patrimoni"],"articleSection":["La Guineueta","Societat","Urbanisme"],"inLanguage":"ca"},{"@type":"WebPage","@id":"https:\/\/www.noubarris.net\/web40\/lesglesia-del-mental-i-can-carreras-punts-estrella-al-consell-de-barri-de-la-guinueta\/","url":"https:\/\/www.noubarris.net\/web40\/lesglesia-del-mental-i-can-carreras-punts-estrella-al-consell-de-barri-de-la-guinueta\/","name":"L'esgl\u00e9sia del Mental i Can Carreras, punts estrella al Consell de Barri de la Guinueta - NouBarris.Net","isPartOf":{"@id":"https:\/\/www.noubarris.net\/web40\/#website"},"primaryImageOfPage":{"@id":"https:\/\/www.noubarris.net\/web40\/lesglesia-del-mental-i-can-carreras-punts-estrella-al-consell-de-barri-de-la-guinueta\/#primaryimage"},"image":{"@id":"https:\/\/www.noubarris.net\/web40\/lesglesia-del-mental-i-can-carreras-punts-estrella-al-consell-de-barri-de-la-guinueta\/#primaryimage"},"thumbnailUrl":"https:\/\/www.noubarris.net\/web40\/wp-content\/uploads\/2018\/10\/301018.gif","datePublished":"2018-10-29T22:00:16+00:00","breadcrumb":{"@id":"https:\/\/www.noubarris.net\/web40\/lesglesia-del-mental-i-can-carreras-punts-estrella-al-consell-de-barri-de-la-guinueta\/#breadcrumb"},"inLanguage":"ca","potentialAction":[{"@type":"ReadAction","target":["https:\/\/www.noubarris.net\/web40\/lesglesia-del-mental-i-can-carreras-punts-estrella-al-consell-de-barri-de-la-guinueta\/"]}]},{"@type":"ImageObject","inLanguage":"ca","@id":"https:\/\/www.noubarris.net\/web40\/lesglesia-del-mental-i-can-carreras-punts-estrella-al-consell-de-barri-de-la-guinueta\/#primaryimage","url":"https:\/\/www.noubarris.net\/web40\/wp-content\/uploads\/2018\/10\/301018.gif","contentUrl":"https:\/\/www.noubarris.net\/web40\/wp-content\/uploads\/2018\/10\/301018.gif","width":768,"height":432},{"@type":"BreadcrumbList","@id":"https:\/\/www.noubarris.net\/web40\/lesglesia-del-mental-i-can-carreras-punts-estrella-al-consell-de-barri-de-la-guinueta\/#breadcrumb","itemListElement":[{"@type":"ListItem","position":1,"name":"Inici","item":"https:\/\/www.noubarris.net\/web40\/"},{"@type":"ListItem","position":2,"name":"L&#8217;esgl\u00e9sia del Mental i Can Carreras, punts estrella al Consell de Barri de la Guinueta"}]},{"@type":"WebSite","@id":"https:\/\/www.noubarris.net\/web40\/#website","url":"https:\/\/www.noubarris.net\/web40\/","name":"NouBarris.Net","description":"Seguint la vida de Nou Barris des de 1985","publisher":{"@id":"https:\/\/www.noubarris.net\/web40\/#organization"},"potentialAction":[{"@type":"SearchAction","target":{"@type":"EntryPoint","urlTemplate":"https:\/\/www.noubarris.net\/web40\/?s={search_term_string}"},"query-input":{"@type":"PropertyValueSpecification","valueRequired":true,"valueName":"search_term_string"}}],"inLanguage":"ca"},{"@type":"Organization","@id":"https:\/\/www.noubarris.net\/web40\/#organization","name":"NouBarris.Net","url":"https:\/\/www.noubarris.net\/web40\/","logo":{"@type":"ImageObject","inLanguage":"ca","@id":"https:\/\/www.noubarris.net\/web40\/#\/schema\/logo\/image\/","url":"https:\/\/www.noubarris.net\/web40\/wp-content\/uploads\/2024\/11\/cropped-cropped-LOGO_9BTV-2024_Insta-1.jpg","contentUrl":"https:\/\/www.noubarris.net\/web40\/wp-content\/uploads\/2024\/11\/cropped-cropped-LOGO_9BTV-2024_Insta-1.jpg","width":512,"height":512,"caption":"NouBarris.Net"},"image":{"@id":"https:\/\/www.noubarris.net\/web40\/#\/schema\/logo\/image\/"},"sameAs":["https:\/\/www.facebook.com\/NouBarris.net\/?locale=es_ES","https:\/\/x.com\/9BTV"]},{"@type":"Person","@id":"https:\/\/www.noubarris.net\/web40\/#\/schema\/person\/1827f92aaa316c54abbf4dac0de76069","name":"Informatius","image":{"@type":"ImageObject","inLanguage":"ca","@id":"https:\/\/www.noubarris.net\/web40\/#\/schema\/person\/image\/","url":"https:\/\/secure.gravatar.com\/avatar\/87a3b47928835fc72c6ee5b0e1a7263ef0c2d05003a98189bc14926c5f11bcdb?s=96&d=mm&r=g","contentUrl":"https:\/\/secure.gravatar.com\/avatar\/87a3b47928835fc72c6ee5b0e1a7263ef0c2d05003a98189bc14926c5f11bcdb?s=96&d=mm&r=g","caption":"Informatius"},"url":"https:\/\/www.noubarris.net\/web40\/author\/tele\/"}]}},"_links":{"self":[{"href":"https:\/\/www.noubarris.net\/web40\/wp-json\/wp\/v2\/posts\/73203","targetHints":{"allow":["GET"]}}],"collection":[{"href":"https:\/\/www.noubarris.net\/web40\/wp-json\/wp\/v2\/posts"}],"about":[{"href":"https:\/\/www.noubarris.net\/web40\/wp-json\/wp\/v2\/types\/post"}],"author":[{"embeddable":true,"href":"https:\/\/www.noubarris.net\/web40\/wp-json\/wp\/v2\/users\/2"}],"replies":[{"embeddable":true,"href":"https:\/\/www.noubarris.net\/web40\/wp-json\/wp\/v2\/comments?post=73203"}],"version-history":[{"count":0,"href":"https:\/\/www.noubarris.net\/web40\/wp-json\/wp\/v2\/posts\/73203\/revisions"}],"wp:featuredmedia":[{"embeddable":true,"href":"https:\/\/www.noubarris.net\/web40\/wp-json\/wp\/v2\/media\/73205"}],"wp:attachment":[{"href":"https:\/\/www.noubarris.net\/web40\/wp-json\/wp\/v2\/media?parent=73203"}],"wp:term":[{"taxonomy":"category","embeddable":true,"href":"https:\/\/www.noubarris.net\/web40\/wp-json\/wp\/v2\/categories?post=73203"},{"taxonomy":"post_tag","embeddable":true,"href":"https:\/\/www.noubarris.net\/web40\/wp-json\/wp\/v2\/tags?post=73203"}],"curies":[{"name":"wp","href":"https:\/\/api.w.org\/{rel}","templated":true}]}}