{"id":73206,"date":"2018-11-05T00:00:07","date_gmt":"2018-11-04T22:00:07","guid":{"rendered":"http:\/\/www.noubarris.net\/web40\/?p=73206"},"modified":"2018-10-31T14:09:02","modified_gmt":"2018-10-31T12:09:02","slug":"barris-doficis-un-programa-de-treball-i-formacio","status":"publish","type":"post","link":"https:\/\/www.noubarris.net\/web40\/barris-doficis-un-programa-de-treball-i-formacio\/","title":{"rendered":"&#8220;Barris d&#8217;oficis&#8221;, un programa de treball i formaci\u00f3"},"content":{"rendered":"<p><strong>Les persones en situaci\u00f3 d&#8217;atur o precarietat es poden inscriure fins al 25 de novembre\u00a0<\/strong><\/p>\n<p>\u201cBarris d\u2019oficis\u201d\u00a0\u00e9s un\u00a0programa de treball i formaci\u00f3\u00a0adre\u00e7at a\u00a0persones en situaci\u00f3 d\u2019atur o de precarietat laboral. Les persones participants seran contractades per un per\u00edode de dotze mesos,\u00a0a jornada completa i amb unes condicions salarials dignes. Aquestes persones han de ser\u00a0residents dels barris\u00a0on l\u2019Ajuntament de Barcelona desplega el Pla de barris que, en el cas de Nou Barris s\u00f3n la Zona Nord (Ciutat Meridiana, Vallbona i Torre Bar\u00f3), la Trinitat Nova i les Roquetes.<\/p>\n<p>El programa ofereix\u00a0oportunitats laborals en diferents sectors. Les persones preseleccionades concretaran el seu ofici en una entrevista. Alguns dels possibles sectors s\u00f3n:<\/p>\n<p>Atenci\u00f3 sociosanit\u00e0ria a persones en situaci\u00f3 de depend\u00e8ncia<br \/>\nNeteja industrial i gesti\u00f3 de residus industrials<br \/>\nInd\u00fastria<br \/>\nInd\u00fastria aliment\u00e0ria<br \/>\nAgroecologia i medi ambient<br \/>\nFabricaci\u00f3 digital i impressi\u00f3 en 3D<br \/>\nReparaci\u00f3 i manteniment<br \/>\nActivitats portu\u00e0ries<br \/>\nAltres serveis a les persones<\/p>\n<p>Durant els dotze mesos de contractaci\u00f3, les persones tamb\u00e9 rebran formaci\u00f3 tant professional com transversal. La formaci\u00f3 professional permetr\u00e0 adquirir les compet\u00e8ncies necess\u00e0ries per desenvolupar un ofici. La transversal permetr\u00e0 desenvolupar funcions professionals b\u00e0siques.\u00a0 Les persones participants disposaran d\u2019un tutor o una tutora, que les acompanyar\u00e0 i assessorar\u00e0; i al final del contracte, els\/les ajudar\u00e0 a trobar una nova oportunitat laboral.<\/p>\n<p>Per inscriure&#8217;s i consultar m\u00e9s informaci\u00f3 podeu trucar al\u00a0932 346 119\u00a0o envieu un correu electr\u00f2nic a\u00a0barrisdoficis@barcelonactiva.cat. Tamb\u00e9 podeu assistir\u00a0a les\u00a0sessions informatives\u00a0del teu barri. Despr\u00e9s de la sessi\u00f3 podreu fer la preinscripci\u00f3 a trav\u00e9s dels ordinadors del centre i, si ho necessiteu, disposareu de l\u2019ajuda dels t\u00e8cnics i les t\u00e8cniques del programa. El calendari de les sessions \u00e9s:<\/p>\n<p>La Zona Nord (Ciutat Meridiana, Torre Bar\u00f3, Vallbona): Avui dilluns, 5 de novembre, a les 16h, a la Biblioteca Zona Nord (Vallcivera, 3).<\/p>\n<p>La Trinitat Nova: dimecres, 7 de novembre, a les 10.30h, al Casal de Barri Trinitat Nova \u2013\u00a0SomLaPera\u00a0(Garb\u00ed, 3).<\/p>\n<p>Les Roquetes: dimecres, 7 de novembre, a les 16h, a l\u2019Ateneu Popular 9 Barris (Portlligat, 11-15).<\/p>\n","protected":false},"excerpt":{"rendered":"<p>Les persones en situaci\u00f3 d&#8217;atur o precarietat es poden inscriure fins al 25 de novembre\u00a0 \u201cBarris d\u2019oficis\u201d\u00a0\u00e9s un\u00a0programa de treball<\/p>\n","protected":false},"author":2,"featured_media":73219,"comment_status":"closed","ping_status":"closed","sticky":false,"template":"","format":"standard","meta":{"colormag_page_layout":"default_layout","_monsterinsights_skip_tracking":false,"_monsterinsights_sitenote_active":false,"_monsterinsights_sitenote_note":"","_monsterinsights_sitenote_category":0,"footnotes":""},"categories":[1,124],"tags":[52,49,501,530,438],"class_list":["post-73206","post","type-post","status-publish","format-standard","has-post-thumbnail","hentry","category-nou-barris","category-societat","tag-la-trinitat-nova","tag-les-roquetes","tag-ocupacio","tag-pla-de-barris","tag-zona-nord"],"yoast_head":"<!-- This site is optimized with the Yoast SEO plugin v25.3 - https:\/\/yoast.com\/wordpress\/plugins\/seo\/ -->\n<title>&quot;Barris d&#039;oficis&quot;, un programa de treball i formaci\u00f3 - NouBarris.Net<\/title>\n<meta name=\"robots\" content=\"index, follow, max-snippet:-1, max-image-preview:large, max-video-preview:-1\" \/>\n<link rel=\"canonical\" href=\"https:\/\/www.noubarris.net\/web40\/barris-doficis-un-programa-de-treball-i-formacio\/\" \/>\n<meta property=\"og:locale\" content=\"ca_ES\" \/>\n<meta property=\"og:type\" content=\"article\" \/>\n<meta property=\"og:title\" content=\"&quot;Barris d&#039;oficis&quot;, un programa de treball i formaci\u00f3 - NouBarris.Net\" \/>\n<meta property=\"og:description\" content=\"Les persones en situaci\u00f3 d&#8217;atur o precarietat es poden inscriure fins al 25 de novembre\u00a0 \u201cBarris d\u2019oficis\u201d\u00a0\u00e9s un\u00a0programa de treball\" \/>\n<meta property=\"og:url\" content=\"https:\/\/www.noubarris.net\/web40\/barris-doficis-un-programa-de-treball-i-formacio\/\" \/>\n<meta property=\"og:site_name\" content=\"NouBarris.Net\" \/>\n<meta property=\"article:publisher\" content=\"https:\/\/www.facebook.com\/NouBarris.net\/?locale=es_ES\" \/>\n<meta property=\"article:published_time\" content=\"2018-11-04T22:00:07+00:00\" \/>\n<meta property=\"og:image\" content=\"https:\/\/www.noubarris.net\/web40\/wp-content\/uploads\/2018\/11\/051118.gif\" \/>\n\t<meta property=\"og:image:width\" content=\"768\" \/>\n\t<meta property=\"og:image:height\" content=\"432\" \/>\n\t<meta property=\"og:image:type\" content=\"image\/gif\" \/>\n<meta name=\"author\" content=\"Informatius\" \/>\n<meta name=\"twitter:card\" content=\"summary_large_image\" \/>\n<meta name=\"twitter:creator\" content=\"@9BTV\" \/>\n<meta name=\"twitter:site\" content=\"@9BTV\" \/>\n<meta name=\"twitter:label1\" content=\"Escrit per\" \/>\n\t<meta name=\"twitter:data1\" content=\"Informatius\" \/>\n\t<meta name=\"twitter:label2\" content=\"Temps estimat de lectura\" \/>\n\t<meta name=\"twitter:data2\" content=\"2 minuts\" \/>\n<script type=\"application\/ld+json\" class=\"yoast-schema-graph\">{\"@context\":\"https:\/\/schema.org\",\"@graph\":[{\"@type\":\"Article\",\"@id\":\"https:\/\/www.noubarris.net\/web40\/barris-doficis-un-programa-de-treball-i-formacio\/#article\",\"isPartOf\":{\"@id\":\"https:\/\/www.noubarris.net\/web40\/barris-doficis-un-programa-de-treball-i-formacio\/\"},\"author\":{\"name\":\"Informatius\",\"@id\":\"https:\/\/www.noubarris.net\/web40\/#\/schema\/person\/1827f92aaa316c54abbf4dac0de76069\"},\"headline\":\"&#8220;Barris d&#8217;oficis&#8221;, un programa de treball i formaci\u00f3\",\"datePublished\":\"2018-11-04T22:00:07+00:00\",\"mainEntityOfPage\":{\"@id\":\"https:\/\/www.noubarris.net\/web40\/barris-doficis-un-programa-de-treball-i-formacio\/\"},\"wordCount\":366,\"publisher\":{\"@id\":\"https:\/\/www.noubarris.net\/web40\/#organization\"},\"image\":{\"@id\":\"https:\/\/www.noubarris.net\/web40\/barris-doficis-un-programa-de-treball-i-formacio\/#primaryimage\"},\"thumbnailUrl\":\"https:\/\/www.noubarris.net\/web40\/wp-content\/uploads\/2018\/11\/051118.gif\",\"keywords\":[\"La Trinitat Nova\",\"Les Roquetes\",\"ocupaci\u00f3\",\"pla de barris\",\"Zona Nord\"],\"articleSection\":[\"Nou Barris\",\"Societat\"],\"inLanguage\":\"ca\"},{\"@type\":\"WebPage\",\"@id\":\"https:\/\/www.noubarris.net\/web40\/barris-doficis-un-programa-de-treball-i-formacio\/\",\"url\":\"https:\/\/www.noubarris.net\/web40\/barris-doficis-un-programa-de-treball-i-formacio\/\",\"name\":\"\\\"Barris d'oficis\\\", un programa de treball i formaci\u00f3 - NouBarris.Net\",\"isPartOf\":{\"@id\":\"https:\/\/www.noubarris.net\/web40\/#website\"},\"primaryImageOfPage\":{\"@id\":\"https:\/\/www.noubarris.net\/web40\/barris-doficis-un-programa-de-treball-i-formacio\/#primaryimage\"},\"image\":{\"@id\":\"https:\/\/www.noubarris.net\/web40\/barris-doficis-un-programa-de-treball-i-formacio\/#primaryimage\"},\"thumbnailUrl\":\"https:\/\/www.noubarris.net\/web40\/wp-content\/uploads\/2018\/11\/051118.gif\",\"datePublished\":\"2018-11-04T22:00:07+00:00\",\"breadcrumb\":{\"@id\":\"https:\/\/www.noubarris.net\/web40\/barris-doficis-un-programa-de-treball-i-formacio\/#breadcrumb\"},\"inLanguage\":\"ca\",\"potentialAction\":[{\"@type\":\"ReadAction\",\"target\":[\"https:\/\/www.noubarris.net\/web40\/barris-doficis-un-programa-de-treball-i-formacio\/\"]}]},{\"@type\":\"ImageObject\",\"inLanguage\":\"ca\",\"@id\":\"https:\/\/www.noubarris.net\/web40\/barris-doficis-un-programa-de-treball-i-formacio\/#primaryimage\",\"url\":\"https:\/\/www.noubarris.net\/web40\/wp-content\/uploads\/2018\/11\/051118.gif\",\"contentUrl\":\"https:\/\/www.noubarris.net\/web40\/wp-content\/uploads\/2018\/11\/051118.gif\",\"width\":768,\"height\":432},{\"@type\":\"BreadcrumbList\",\"@id\":\"https:\/\/www.noubarris.net\/web40\/barris-doficis-un-programa-de-treball-i-formacio\/#breadcrumb\",\"itemListElement\":[{\"@type\":\"ListItem\",\"position\":1,\"name\":\"Inici\",\"item\":\"https:\/\/www.noubarris.net\/web40\/\"},{\"@type\":\"ListItem\",\"position\":2,\"name\":\"&#8220;Barris d&#8217;oficis&#8221;, un programa de treball i formaci\u00f3\"}]},{\"@type\":\"WebSite\",\"@id\":\"https:\/\/www.noubarris.net\/web40\/#website\",\"url\":\"https:\/\/www.noubarris.net\/web40\/\",\"name\":\"NouBarris.Net\",\"description\":\"Seguint la vida de Nou Barris des de 1985\",\"publisher\":{\"@id\":\"https:\/\/www.noubarris.net\/web40\/#organization\"},\"potentialAction\":[{\"@type\":\"SearchAction\",\"target\":{\"@type\":\"EntryPoint\",\"urlTemplate\":\"https:\/\/www.noubarris.net\/web40\/?s={search_term_string}\"},\"query-input\":{\"@type\":\"PropertyValueSpecification\",\"valueRequired\":true,\"valueName\":\"search_term_string\"}}],\"inLanguage\":\"ca\"},{\"@type\":\"Organization\",\"@id\":\"https:\/\/www.noubarris.net\/web40\/#organization\",\"name\":\"NouBarris.Net\",\"url\":\"https:\/\/www.noubarris.net\/web40\/\",\"logo\":{\"@type\":\"ImageObject\",\"inLanguage\":\"ca\",\"@id\":\"https:\/\/www.noubarris.net\/web40\/#\/schema\/logo\/image\/\",\"url\":\"https:\/\/www.noubarris.net\/web40\/wp-content\/uploads\/2024\/11\/cropped-cropped-LOGO_9BTV-2024_Insta-1.jpg\",\"contentUrl\":\"https:\/\/www.noubarris.net\/web40\/wp-content\/uploads\/2024\/11\/cropped-cropped-LOGO_9BTV-2024_Insta-1.jpg\",\"width\":512,\"height\":512,\"caption\":\"NouBarris.Net\"},\"image\":{\"@id\":\"https:\/\/www.noubarris.net\/web40\/#\/schema\/logo\/image\/\"},\"sameAs\":[\"https:\/\/www.facebook.com\/NouBarris.net\/?locale=es_ES\",\"https:\/\/x.com\/9BTV\"]},{\"@type\":\"Person\",\"@id\":\"https:\/\/www.noubarris.net\/web40\/#\/schema\/person\/1827f92aaa316c54abbf4dac0de76069\",\"name\":\"Informatius\",\"image\":{\"@type\":\"ImageObject\",\"inLanguage\":\"ca\",\"@id\":\"https:\/\/www.noubarris.net\/web40\/#\/schema\/person\/image\/\",\"url\":\"https:\/\/secure.gravatar.com\/avatar\/87a3b47928835fc72c6ee5b0e1a7263ef0c2d05003a98189bc14926c5f11bcdb?s=96&d=mm&r=g\",\"contentUrl\":\"https:\/\/secure.gravatar.com\/avatar\/87a3b47928835fc72c6ee5b0e1a7263ef0c2d05003a98189bc14926c5f11bcdb?s=96&d=mm&r=g\",\"caption\":\"Informatius\"},\"url\":\"https:\/\/www.noubarris.net\/web40\/author\/tele\/\"}]}<\/script>\n<!-- \/ Yoast SEO plugin. -->","yoast_head_json":{"title":"\"Barris d'oficis\", un programa de treball i formaci\u00f3 - NouBarris.Net","robots":{"index":"index","follow":"follow","max-snippet":"max-snippet:-1","max-image-preview":"max-image-preview:large","max-video-preview":"max-video-preview:-1"},"canonical":"https:\/\/www.noubarris.net\/web40\/barris-doficis-un-programa-de-treball-i-formacio\/","og_locale":"ca_ES","og_type":"article","og_title":"\"Barris d'oficis\", un programa de treball i formaci\u00f3 - NouBarris.Net","og_description":"Les persones en situaci\u00f3 d&#8217;atur o precarietat es poden inscriure fins al 25 de novembre\u00a0 \u201cBarris d\u2019oficis\u201d\u00a0\u00e9s un\u00a0programa de treball","og_url":"https:\/\/www.noubarris.net\/web40\/barris-doficis-un-programa-de-treball-i-formacio\/","og_site_name":"NouBarris.Net","article_publisher":"https:\/\/www.facebook.com\/NouBarris.net\/?locale=es_ES","article_published_time":"2018-11-04T22:00:07+00:00","og_image":[{"width":768,"height":432,"url":"https:\/\/www.noubarris.net\/web40\/wp-content\/uploads\/2018\/11\/051118.gif","type":"image\/gif"}],"author":"Informatius","twitter_card":"summary_large_image","twitter_creator":"@9BTV","twitter_site":"@9BTV","twitter_misc":{"Escrit per":"Informatius","Temps estimat de lectura":"2 minuts"},"schema":{"@context":"https:\/\/schema.org","@graph":[{"@type":"Article","@id":"https:\/\/www.noubarris.net\/web40\/barris-doficis-un-programa-de-treball-i-formacio\/#article","isPartOf":{"@id":"https:\/\/www.noubarris.net\/web40\/barris-doficis-un-programa-de-treball-i-formacio\/"},"author":{"name":"Informatius","@id":"https:\/\/www.noubarris.net\/web40\/#\/schema\/person\/1827f92aaa316c54abbf4dac0de76069"},"headline":"&#8220;Barris d&#8217;oficis&#8221;, un programa de treball i formaci\u00f3","datePublished":"2018-11-04T22:00:07+00:00","mainEntityOfPage":{"@id":"https:\/\/www.noubarris.net\/web40\/barris-doficis-un-programa-de-treball-i-formacio\/"},"wordCount":366,"publisher":{"@id":"https:\/\/www.noubarris.net\/web40\/#organization"},"image":{"@id":"https:\/\/www.noubarris.net\/web40\/barris-doficis-un-programa-de-treball-i-formacio\/#primaryimage"},"thumbnailUrl":"https:\/\/www.noubarris.net\/web40\/wp-content\/uploads\/2018\/11\/051118.gif","keywords":["La Trinitat Nova","Les Roquetes","ocupaci\u00f3","pla de barris","Zona Nord"],"articleSection":["Nou Barris","Societat"],"inLanguage":"ca"},{"@type":"WebPage","@id":"https:\/\/www.noubarris.net\/web40\/barris-doficis-un-programa-de-treball-i-formacio\/","url":"https:\/\/www.noubarris.net\/web40\/barris-doficis-un-programa-de-treball-i-formacio\/","name":"\"Barris d'oficis\", un programa de treball i formaci\u00f3 - NouBarris.Net","isPartOf":{"@id":"https:\/\/www.noubarris.net\/web40\/#website"},"primaryImageOfPage":{"@id":"https:\/\/www.noubarris.net\/web40\/barris-doficis-un-programa-de-treball-i-formacio\/#primaryimage"},"image":{"@id":"https:\/\/www.noubarris.net\/web40\/barris-doficis-un-programa-de-treball-i-formacio\/#primaryimage"},"thumbnailUrl":"https:\/\/www.noubarris.net\/web40\/wp-content\/uploads\/2018\/11\/051118.gif","datePublished":"2018-11-04T22:00:07+00:00","breadcrumb":{"@id":"https:\/\/www.noubarris.net\/web40\/barris-doficis-un-programa-de-treball-i-formacio\/#breadcrumb"},"inLanguage":"ca","potentialAction":[{"@type":"ReadAction","target":["https:\/\/www.noubarris.net\/web40\/barris-doficis-un-programa-de-treball-i-formacio\/"]}]},{"@type":"ImageObject","inLanguage":"ca","@id":"https:\/\/www.noubarris.net\/web40\/barris-doficis-un-programa-de-treball-i-formacio\/#primaryimage","url":"https:\/\/www.noubarris.net\/web40\/wp-content\/uploads\/2018\/11\/051118.gif","contentUrl":"https:\/\/www.noubarris.net\/web40\/wp-content\/uploads\/2018\/11\/051118.gif","width":768,"height":432},{"@type":"BreadcrumbList","@id":"https:\/\/www.noubarris.net\/web40\/barris-doficis-un-programa-de-treball-i-formacio\/#breadcrumb","itemListElement":[{"@type":"ListItem","position":1,"name":"Inici","item":"https:\/\/www.noubarris.net\/web40\/"},{"@type":"ListItem","position":2,"name":"&#8220;Barris d&#8217;oficis&#8221;, un programa de treball i formaci\u00f3"}]},{"@type":"WebSite","@id":"https:\/\/www.noubarris.net\/web40\/#website","url":"https:\/\/www.noubarris.net\/web40\/","name":"NouBarris.Net","description":"Seguint la vida de Nou Barris des de 1985","publisher":{"@id":"https:\/\/www.noubarris.net\/web40\/#organization"},"potentialAction":[{"@type":"SearchAction","target":{"@type":"EntryPoint","urlTemplate":"https:\/\/www.noubarris.net\/web40\/?s={search_term_string}"},"query-input":{"@type":"PropertyValueSpecification","valueRequired":true,"valueName":"search_term_string"}}],"inLanguage":"ca"},{"@type":"Organization","@id":"https:\/\/www.noubarris.net\/web40\/#organization","name":"NouBarris.Net","url":"https:\/\/www.noubarris.net\/web40\/","logo":{"@type":"ImageObject","inLanguage":"ca","@id":"https:\/\/www.noubarris.net\/web40\/#\/schema\/logo\/image\/","url":"https:\/\/www.noubarris.net\/web40\/wp-content\/uploads\/2024\/11\/cropped-cropped-LOGO_9BTV-2024_Insta-1.jpg","contentUrl":"https:\/\/www.noubarris.net\/web40\/wp-content\/uploads\/2024\/11\/cropped-cropped-LOGO_9BTV-2024_Insta-1.jpg","width":512,"height":512,"caption":"NouBarris.Net"},"image":{"@id":"https:\/\/www.noubarris.net\/web40\/#\/schema\/logo\/image\/"},"sameAs":["https:\/\/www.facebook.com\/NouBarris.net\/?locale=es_ES","https:\/\/x.com\/9BTV"]},{"@type":"Person","@id":"https:\/\/www.noubarris.net\/web40\/#\/schema\/person\/1827f92aaa316c54abbf4dac0de76069","name":"Informatius","image":{"@type":"ImageObject","inLanguage":"ca","@id":"https:\/\/www.noubarris.net\/web40\/#\/schema\/person\/image\/","url":"https:\/\/secure.gravatar.com\/avatar\/87a3b47928835fc72c6ee5b0e1a7263ef0c2d05003a98189bc14926c5f11bcdb?s=96&d=mm&r=g","contentUrl":"https:\/\/secure.gravatar.com\/avatar\/87a3b47928835fc72c6ee5b0e1a7263ef0c2d05003a98189bc14926c5f11bcdb?s=96&d=mm&r=g","caption":"Informatius"},"url":"https:\/\/www.noubarris.net\/web40\/author\/tele\/"}]}},"_links":{"self":[{"href":"https:\/\/www.noubarris.net\/web40\/wp-json\/wp\/v2\/posts\/73206","targetHints":{"allow":["GET"]}}],"collection":[{"href":"https:\/\/www.noubarris.net\/web40\/wp-json\/wp\/v2\/posts"}],"about":[{"href":"https:\/\/www.noubarris.net\/web40\/wp-json\/wp\/v2\/types\/post"}],"author":[{"embeddable":true,"href":"https:\/\/www.noubarris.net\/web40\/wp-json\/wp\/v2\/users\/2"}],"replies":[{"embeddable":true,"href":"https:\/\/www.noubarris.net\/web40\/wp-json\/wp\/v2\/comments?post=73206"}],"version-history":[{"count":0,"href":"https:\/\/www.noubarris.net\/web40\/wp-json\/wp\/v2\/posts\/73206\/revisions"}],"wp:featuredmedia":[{"embeddable":true,"href":"https:\/\/www.noubarris.net\/web40\/wp-json\/wp\/v2\/media\/73219"}],"wp:attachment":[{"href":"https:\/\/www.noubarris.net\/web40\/wp-json\/wp\/v2\/media?parent=73206"}],"wp:term":[{"taxonomy":"category","embeddable":true,"href":"https:\/\/www.noubarris.net\/web40\/wp-json\/wp\/v2\/categories?post=73206"},{"taxonomy":"post_tag","embeddable":true,"href":"https:\/\/www.noubarris.net\/web40\/wp-json\/wp\/v2\/tags?post=73206"}],"curies":[{"name":"wp","href":"https:\/\/api.w.org\/{rel}","templated":true}]}}