{"id":73234,"date":"2018-11-06T00:00:30","date_gmt":"2018-11-05T22:00:30","guid":{"rendered":"http:\/\/www.noubarris.net\/web40\/?p=73234"},"modified":"2018-11-05T16:40:57","modified_gmt":"2018-11-05T14:40:57","slug":"la-linia-97-passa-cada-quart-dhora-per-vallbona","status":"publish","type":"post","link":"https:\/\/www.noubarris.net\/web40\/la-linia-97-passa-cada-quart-dhora-per-vallbona\/","title":{"rendered":"La l\u00ednia 97 passa cada quart d\u2019hora per Vallbona"},"content":{"rendered":"<p><strong>Un segon vehicle de refor\u00e7 permet reduir la freq\u00fc\u00e8ncia de pas els dies laborables<\/strong><\/p>\n<p>La 97 \u00e9s una de les tres l\u00ednies de bus que a partir d\u2019avui es reforcen per millorar la freq\u00fc\u00e8ncia de pas. \u00c9s una bona not\u00edcia per als ve\u00efns de Vallbona que avui han comprovat que el bus ja no passa cada mitja hora sin\u00f3 a cada quart. La incorporaci\u00f3 d\u2019un segon vehicle a la l\u00ednia des de les 6.30h del mat\u00ed fins a les 20h en dies laborables ha perm\u00e8s aquesta millora. Les l\u00ednies 13 i i 91 tamb\u00e9 han millorat els horaris amb la incorporaci\u00f3 de vehicles nous.<\/p>\n<p>El segon vehicle de la 97 entra en funcionament una hora m\u00e9s tard i acaba dues hores abans que l\u2019horari del primer vehicle. Aquest refor\u00e7 permet una millor freq\u00fc\u00e8ncia a les hores de m\u00e9s volum d\u2019usuaris i m\u00e9s tr\u00e0nsit. Fins ara, els usuaris havien d\u2019esperar mitja hora entre bus i bus. Una espera que s\u2019allargava quan hi havia qualsevol tipus d\u2019incid\u00e8ncia amb l`\u00fanic vehicle de la l\u00ednia. Aquest mat\u00ed, alguns ve\u00efns de Vallbona s\u2019han apropat a les marquesines i parades per veure els nous horaris. \u201cAvui m\u2019he assabentat que hi havia un segon vehicle de la l\u00ednia 97. \u2013 comenta la Matilde Asensio, ve\u00efna de Vallbona &#8211; La veritat \u00e9s que ens va millor, perqu\u00e8 abans perdia moltes voltes. I amb aquest quart d\u2019hora que hem aconseguit, ens va millor.\u201d El segon vehicle \u00e9s de gran utilitat per a les persones que surten de Vallbona en direcci\u00f3 Fabra i Puig cap a la feina i les escoles a primera hora del mat\u00ed i tornen al vespre. \u201c\u00c9s molt \u00fatil al mat\u00ed, sobretot perqu\u00e8 quan els nens van a l\u2019escola, a vegades no es volen llevar molt r\u00e0pid i quan arribes a la parada el bus ja ha marxat\u201d, explica la Juana Constanza, ve\u00efna de Vallbona.\u00a0 Tamb\u00e9 la Asunci\u00f3n Gris est\u00e0 molt satisfeta amb els nous horaris: \u201cA mi em va estupendament, perqu\u00e8, clar, ara faig vacances per\u00f2 quan treballo de 7 a 15h de la tarda, m\u2019anir\u00e0 molt b\u00e9 que hi hagi un bus cada quart d\u2019hora.\u201d<\/p>\n<p>Per als ve\u00efns de Vallbona els autobusos s\u00f3n una connexi\u00f3 fonamental amb la resta de la ciutat ja que \u00e9s un dels pocs barris de Barcelona que no disposen de cap parada de metro. Les autopistes i les vies de tren separen Vallbona de la ciutat. Gr\u00e0cies als autobusos, Vallbona es comunica amb m\u00e9s rapidesa en transport p\u00fablic amb el metro i la renfe.<\/p>\n","protected":false},"excerpt":{"rendered":"<p>Un segon vehicle de refor\u00e7 permet reduir la freq\u00fc\u00e8ncia de pas els dies laborables La 97 \u00e9s una de les<\/p>\n","protected":false},"author":2,"featured_media":73235,"comment_status":"closed","ping_status":"closed","sticky":false,"template":"","format":"standard","meta":{"colormag_page_layout":"default_layout","_monsterinsights_skip_tracking":false,"_monsterinsights_sitenote_active":false,"_monsterinsights_sitenote_note":"","_monsterinsights_sitenote_category":0,"footnotes":""},"categories":[125,140],"tags":[404,253,55],"class_list":["post-73234","post","type-post","status-publish","format-standard","has-post-thumbnail","hentry","category-mobilitat","category-vallbona","tag-autobus","tag-mobilitat","tag-vallbona"],"yoast_head":"<!-- This site is optimized with the Yoast SEO plugin v25.3 - https:\/\/yoast.com\/wordpress\/plugins\/seo\/ -->\n<title>La l\u00ednia 97 passa cada quart d\u2019hora per Vallbona - NouBarris.Net<\/title>\n<meta name=\"robots\" content=\"index, follow, max-snippet:-1, max-image-preview:large, max-video-preview:-1\" \/>\n<link rel=\"canonical\" href=\"https:\/\/www.noubarris.net\/web40\/la-linia-97-passa-cada-quart-dhora-per-vallbona\/\" \/>\n<meta property=\"og:locale\" content=\"ca_ES\" \/>\n<meta property=\"og:type\" content=\"article\" \/>\n<meta property=\"og:title\" content=\"La l\u00ednia 97 passa cada quart d\u2019hora per Vallbona - NouBarris.Net\" \/>\n<meta property=\"og:description\" content=\"Un segon vehicle de refor\u00e7 permet reduir la freq\u00fc\u00e8ncia de pas els dies laborables La 97 \u00e9s una de les\" \/>\n<meta property=\"og:url\" content=\"https:\/\/www.noubarris.net\/web40\/la-linia-97-passa-cada-quart-dhora-per-vallbona\/\" \/>\n<meta property=\"og:site_name\" content=\"NouBarris.Net\" \/>\n<meta property=\"article:publisher\" content=\"https:\/\/www.facebook.com\/NouBarris.net\/?locale=es_ES\" \/>\n<meta property=\"article:published_time\" content=\"2018-11-05T22:00:30+00:00\" \/>\n<meta property=\"og:image\" content=\"https:\/\/www.noubarris.net\/web40\/wp-content\/uploads\/2018\/11\/061118.gif\" \/>\n\t<meta property=\"og:image:width\" content=\"768\" \/>\n\t<meta property=\"og:image:height\" content=\"432\" \/>\n\t<meta property=\"og:image:type\" content=\"image\/gif\" \/>\n<meta name=\"author\" content=\"Informatius\" \/>\n<meta name=\"twitter:card\" content=\"summary_large_image\" \/>\n<meta name=\"twitter:creator\" content=\"@9BTV\" \/>\n<meta name=\"twitter:site\" content=\"@9BTV\" \/>\n<meta name=\"twitter:label1\" content=\"Escrit per\" \/>\n\t<meta name=\"twitter:data1\" content=\"Informatius\" \/>\n\t<meta name=\"twitter:label2\" content=\"Temps estimat de lectura\" \/>\n\t<meta name=\"twitter:data2\" content=\"2 minuts\" \/>\n<script type=\"application\/ld+json\" class=\"yoast-schema-graph\">{\"@context\":\"https:\/\/schema.org\",\"@graph\":[{\"@type\":\"Article\",\"@id\":\"https:\/\/www.noubarris.net\/web40\/la-linia-97-passa-cada-quart-dhora-per-vallbona\/#article\",\"isPartOf\":{\"@id\":\"https:\/\/www.noubarris.net\/web40\/la-linia-97-passa-cada-quart-dhora-per-vallbona\/\"},\"author\":{\"name\":\"Informatius\",\"@id\":\"https:\/\/www.noubarris.net\/web40\/#\/schema\/person\/1827f92aaa316c54abbf4dac0de76069\"},\"headline\":\"La l\u00ednia 97 passa cada quart d\u2019hora per Vallbona\",\"datePublished\":\"2018-11-05T22:00:30+00:00\",\"mainEntityOfPage\":{\"@id\":\"https:\/\/www.noubarris.net\/web40\/la-linia-97-passa-cada-quart-dhora-per-vallbona\/\"},\"wordCount\":458,\"publisher\":{\"@id\":\"https:\/\/www.noubarris.net\/web40\/#organization\"},\"image\":{\"@id\":\"https:\/\/www.noubarris.net\/web40\/la-linia-97-passa-cada-quart-dhora-per-vallbona\/#primaryimage\"},\"thumbnailUrl\":\"https:\/\/www.noubarris.net\/web40\/wp-content\/uploads\/2018\/11\/061118.gif\",\"keywords\":[\"Autob\u00fas\",\"Mobilitat\",\"Vallbona\"],\"articleSection\":[\"Mobilitat\",\"Vallbona\"],\"inLanguage\":\"ca\"},{\"@type\":\"WebPage\",\"@id\":\"https:\/\/www.noubarris.net\/web40\/la-linia-97-passa-cada-quart-dhora-per-vallbona\/\",\"url\":\"https:\/\/www.noubarris.net\/web40\/la-linia-97-passa-cada-quart-dhora-per-vallbona\/\",\"name\":\"La l\u00ednia 97 passa cada quart d\u2019hora per Vallbona - NouBarris.Net\",\"isPartOf\":{\"@id\":\"https:\/\/www.noubarris.net\/web40\/#website\"},\"primaryImageOfPage\":{\"@id\":\"https:\/\/www.noubarris.net\/web40\/la-linia-97-passa-cada-quart-dhora-per-vallbona\/#primaryimage\"},\"image\":{\"@id\":\"https:\/\/www.noubarris.net\/web40\/la-linia-97-passa-cada-quart-dhora-per-vallbona\/#primaryimage\"},\"thumbnailUrl\":\"https:\/\/www.noubarris.net\/web40\/wp-content\/uploads\/2018\/11\/061118.gif\",\"datePublished\":\"2018-11-05T22:00:30+00:00\",\"breadcrumb\":{\"@id\":\"https:\/\/www.noubarris.net\/web40\/la-linia-97-passa-cada-quart-dhora-per-vallbona\/#breadcrumb\"},\"inLanguage\":\"ca\",\"potentialAction\":[{\"@type\":\"ReadAction\",\"target\":[\"https:\/\/www.noubarris.net\/web40\/la-linia-97-passa-cada-quart-dhora-per-vallbona\/\"]}]},{\"@type\":\"ImageObject\",\"inLanguage\":\"ca\",\"@id\":\"https:\/\/www.noubarris.net\/web40\/la-linia-97-passa-cada-quart-dhora-per-vallbona\/#primaryimage\",\"url\":\"https:\/\/www.noubarris.net\/web40\/wp-content\/uploads\/2018\/11\/061118.gif\",\"contentUrl\":\"https:\/\/www.noubarris.net\/web40\/wp-content\/uploads\/2018\/11\/061118.gif\",\"width\":768,\"height\":432},{\"@type\":\"BreadcrumbList\",\"@id\":\"https:\/\/www.noubarris.net\/web40\/la-linia-97-passa-cada-quart-dhora-per-vallbona\/#breadcrumb\",\"itemListElement\":[{\"@type\":\"ListItem\",\"position\":1,\"name\":\"Inici\",\"item\":\"https:\/\/www.noubarris.net\/web40\/\"},{\"@type\":\"ListItem\",\"position\":2,\"name\":\"La l\u00ednia 97 passa cada quart d\u2019hora per Vallbona\"}]},{\"@type\":\"WebSite\",\"@id\":\"https:\/\/www.noubarris.net\/web40\/#website\",\"url\":\"https:\/\/www.noubarris.net\/web40\/\",\"name\":\"NouBarris.Net\",\"description\":\"Seguint la vida de Nou Barris des de 1985\",\"publisher\":{\"@id\":\"https:\/\/www.noubarris.net\/web40\/#organization\"},\"potentialAction\":[{\"@type\":\"SearchAction\",\"target\":{\"@type\":\"EntryPoint\",\"urlTemplate\":\"https:\/\/www.noubarris.net\/web40\/?s={search_term_string}\"},\"query-input\":{\"@type\":\"PropertyValueSpecification\",\"valueRequired\":true,\"valueName\":\"search_term_string\"}}],\"inLanguage\":\"ca\"},{\"@type\":\"Organization\",\"@id\":\"https:\/\/www.noubarris.net\/web40\/#organization\",\"name\":\"NouBarris.Net\",\"url\":\"https:\/\/www.noubarris.net\/web40\/\",\"logo\":{\"@type\":\"ImageObject\",\"inLanguage\":\"ca\",\"@id\":\"https:\/\/www.noubarris.net\/web40\/#\/schema\/logo\/image\/\",\"url\":\"https:\/\/www.noubarris.net\/web40\/wp-content\/uploads\/2024\/11\/cropped-cropped-LOGO_9BTV-2024_Insta-1.jpg\",\"contentUrl\":\"https:\/\/www.noubarris.net\/web40\/wp-content\/uploads\/2024\/11\/cropped-cropped-LOGO_9BTV-2024_Insta-1.jpg\",\"width\":512,\"height\":512,\"caption\":\"NouBarris.Net\"},\"image\":{\"@id\":\"https:\/\/www.noubarris.net\/web40\/#\/schema\/logo\/image\/\"},\"sameAs\":[\"https:\/\/www.facebook.com\/NouBarris.net\/?locale=es_ES\",\"https:\/\/x.com\/9BTV\"]},{\"@type\":\"Person\",\"@id\":\"https:\/\/www.noubarris.net\/web40\/#\/schema\/person\/1827f92aaa316c54abbf4dac0de76069\",\"name\":\"Informatius\",\"image\":{\"@type\":\"ImageObject\",\"inLanguage\":\"ca\",\"@id\":\"https:\/\/www.noubarris.net\/web40\/#\/schema\/person\/image\/\",\"url\":\"https:\/\/secure.gravatar.com\/avatar\/87a3b47928835fc72c6ee5b0e1a7263ef0c2d05003a98189bc14926c5f11bcdb?s=96&d=mm&r=g\",\"contentUrl\":\"https:\/\/secure.gravatar.com\/avatar\/87a3b47928835fc72c6ee5b0e1a7263ef0c2d05003a98189bc14926c5f11bcdb?s=96&d=mm&r=g\",\"caption\":\"Informatius\"},\"url\":\"https:\/\/www.noubarris.net\/web40\/author\/tele\/\"}]}<\/script>\n<!-- \/ Yoast SEO plugin. -->","yoast_head_json":{"title":"La l\u00ednia 97 passa cada quart d\u2019hora per Vallbona - NouBarris.Net","robots":{"index":"index","follow":"follow","max-snippet":"max-snippet:-1","max-image-preview":"max-image-preview:large","max-video-preview":"max-video-preview:-1"},"canonical":"https:\/\/www.noubarris.net\/web40\/la-linia-97-passa-cada-quart-dhora-per-vallbona\/","og_locale":"ca_ES","og_type":"article","og_title":"La l\u00ednia 97 passa cada quart d\u2019hora per Vallbona - NouBarris.Net","og_description":"Un segon vehicle de refor\u00e7 permet reduir la freq\u00fc\u00e8ncia de pas els dies laborables La 97 \u00e9s una de les","og_url":"https:\/\/www.noubarris.net\/web40\/la-linia-97-passa-cada-quart-dhora-per-vallbona\/","og_site_name":"NouBarris.Net","article_publisher":"https:\/\/www.facebook.com\/NouBarris.net\/?locale=es_ES","article_published_time":"2018-11-05T22:00:30+00:00","og_image":[{"width":768,"height":432,"url":"https:\/\/www.noubarris.net\/web40\/wp-content\/uploads\/2018\/11\/061118.gif","type":"image\/gif"}],"author":"Informatius","twitter_card":"summary_large_image","twitter_creator":"@9BTV","twitter_site":"@9BTV","twitter_misc":{"Escrit per":"Informatius","Temps estimat de lectura":"2 minuts"},"schema":{"@context":"https:\/\/schema.org","@graph":[{"@type":"Article","@id":"https:\/\/www.noubarris.net\/web40\/la-linia-97-passa-cada-quart-dhora-per-vallbona\/#article","isPartOf":{"@id":"https:\/\/www.noubarris.net\/web40\/la-linia-97-passa-cada-quart-dhora-per-vallbona\/"},"author":{"name":"Informatius","@id":"https:\/\/www.noubarris.net\/web40\/#\/schema\/person\/1827f92aaa316c54abbf4dac0de76069"},"headline":"La l\u00ednia 97 passa cada quart d\u2019hora per Vallbona","datePublished":"2018-11-05T22:00:30+00:00","mainEntityOfPage":{"@id":"https:\/\/www.noubarris.net\/web40\/la-linia-97-passa-cada-quart-dhora-per-vallbona\/"},"wordCount":458,"publisher":{"@id":"https:\/\/www.noubarris.net\/web40\/#organization"},"image":{"@id":"https:\/\/www.noubarris.net\/web40\/la-linia-97-passa-cada-quart-dhora-per-vallbona\/#primaryimage"},"thumbnailUrl":"https:\/\/www.noubarris.net\/web40\/wp-content\/uploads\/2018\/11\/061118.gif","keywords":["Autob\u00fas","Mobilitat","Vallbona"],"articleSection":["Mobilitat","Vallbona"],"inLanguage":"ca"},{"@type":"WebPage","@id":"https:\/\/www.noubarris.net\/web40\/la-linia-97-passa-cada-quart-dhora-per-vallbona\/","url":"https:\/\/www.noubarris.net\/web40\/la-linia-97-passa-cada-quart-dhora-per-vallbona\/","name":"La l\u00ednia 97 passa cada quart d\u2019hora per Vallbona - NouBarris.Net","isPartOf":{"@id":"https:\/\/www.noubarris.net\/web40\/#website"},"primaryImageOfPage":{"@id":"https:\/\/www.noubarris.net\/web40\/la-linia-97-passa-cada-quart-dhora-per-vallbona\/#primaryimage"},"image":{"@id":"https:\/\/www.noubarris.net\/web40\/la-linia-97-passa-cada-quart-dhora-per-vallbona\/#primaryimage"},"thumbnailUrl":"https:\/\/www.noubarris.net\/web40\/wp-content\/uploads\/2018\/11\/061118.gif","datePublished":"2018-11-05T22:00:30+00:00","breadcrumb":{"@id":"https:\/\/www.noubarris.net\/web40\/la-linia-97-passa-cada-quart-dhora-per-vallbona\/#breadcrumb"},"inLanguage":"ca","potentialAction":[{"@type":"ReadAction","target":["https:\/\/www.noubarris.net\/web40\/la-linia-97-passa-cada-quart-dhora-per-vallbona\/"]}]},{"@type":"ImageObject","inLanguage":"ca","@id":"https:\/\/www.noubarris.net\/web40\/la-linia-97-passa-cada-quart-dhora-per-vallbona\/#primaryimage","url":"https:\/\/www.noubarris.net\/web40\/wp-content\/uploads\/2018\/11\/061118.gif","contentUrl":"https:\/\/www.noubarris.net\/web40\/wp-content\/uploads\/2018\/11\/061118.gif","width":768,"height":432},{"@type":"BreadcrumbList","@id":"https:\/\/www.noubarris.net\/web40\/la-linia-97-passa-cada-quart-dhora-per-vallbona\/#breadcrumb","itemListElement":[{"@type":"ListItem","position":1,"name":"Inici","item":"https:\/\/www.noubarris.net\/web40\/"},{"@type":"ListItem","position":2,"name":"La l\u00ednia 97 passa cada quart d\u2019hora per Vallbona"}]},{"@type":"WebSite","@id":"https:\/\/www.noubarris.net\/web40\/#website","url":"https:\/\/www.noubarris.net\/web40\/","name":"NouBarris.Net","description":"Seguint la vida de Nou Barris des de 1985","publisher":{"@id":"https:\/\/www.noubarris.net\/web40\/#organization"},"potentialAction":[{"@type":"SearchAction","target":{"@type":"EntryPoint","urlTemplate":"https:\/\/www.noubarris.net\/web40\/?s={search_term_string}"},"query-input":{"@type":"PropertyValueSpecification","valueRequired":true,"valueName":"search_term_string"}}],"inLanguage":"ca"},{"@type":"Organization","@id":"https:\/\/www.noubarris.net\/web40\/#organization","name":"NouBarris.Net","url":"https:\/\/www.noubarris.net\/web40\/","logo":{"@type":"ImageObject","inLanguage":"ca","@id":"https:\/\/www.noubarris.net\/web40\/#\/schema\/logo\/image\/","url":"https:\/\/www.noubarris.net\/web40\/wp-content\/uploads\/2024\/11\/cropped-cropped-LOGO_9BTV-2024_Insta-1.jpg","contentUrl":"https:\/\/www.noubarris.net\/web40\/wp-content\/uploads\/2024\/11\/cropped-cropped-LOGO_9BTV-2024_Insta-1.jpg","width":512,"height":512,"caption":"NouBarris.Net"},"image":{"@id":"https:\/\/www.noubarris.net\/web40\/#\/schema\/logo\/image\/"},"sameAs":["https:\/\/www.facebook.com\/NouBarris.net\/?locale=es_ES","https:\/\/x.com\/9BTV"]},{"@type":"Person","@id":"https:\/\/www.noubarris.net\/web40\/#\/schema\/person\/1827f92aaa316c54abbf4dac0de76069","name":"Informatius","image":{"@type":"ImageObject","inLanguage":"ca","@id":"https:\/\/www.noubarris.net\/web40\/#\/schema\/person\/image\/","url":"https:\/\/secure.gravatar.com\/avatar\/87a3b47928835fc72c6ee5b0e1a7263ef0c2d05003a98189bc14926c5f11bcdb?s=96&d=mm&r=g","contentUrl":"https:\/\/secure.gravatar.com\/avatar\/87a3b47928835fc72c6ee5b0e1a7263ef0c2d05003a98189bc14926c5f11bcdb?s=96&d=mm&r=g","caption":"Informatius"},"url":"https:\/\/www.noubarris.net\/web40\/author\/tele\/"}]}},"_links":{"self":[{"href":"https:\/\/www.noubarris.net\/web40\/wp-json\/wp\/v2\/posts\/73234","targetHints":{"allow":["GET"]}}],"collection":[{"href":"https:\/\/www.noubarris.net\/web40\/wp-json\/wp\/v2\/posts"}],"about":[{"href":"https:\/\/www.noubarris.net\/web40\/wp-json\/wp\/v2\/types\/post"}],"author":[{"embeddable":true,"href":"https:\/\/www.noubarris.net\/web40\/wp-json\/wp\/v2\/users\/2"}],"replies":[{"embeddable":true,"href":"https:\/\/www.noubarris.net\/web40\/wp-json\/wp\/v2\/comments?post=73234"}],"version-history":[{"count":0,"href":"https:\/\/www.noubarris.net\/web40\/wp-json\/wp\/v2\/posts\/73234\/revisions"}],"wp:featuredmedia":[{"embeddable":true,"href":"https:\/\/www.noubarris.net\/web40\/wp-json\/wp\/v2\/media\/73235"}],"wp:attachment":[{"href":"https:\/\/www.noubarris.net\/web40\/wp-json\/wp\/v2\/media?parent=73234"}],"wp:term":[{"taxonomy":"category","embeddable":true,"href":"https:\/\/www.noubarris.net\/web40\/wp-json\/wp\/v2\/categories?post=73234"},{"taxonomy":"post_tag","embeddable":true,"href":"https:\/\/www.noubarris.net\/web40\/wp-json\/wp\/v2\/tags?post=73234"}],"curies":[{"name":"wp","href":"https:\/\/api.w.org\/{rel}","templated":true}]}}