{"id":73242,"date":"2018-11-07T00:00:24","date_gmt":"2018-11-06T22:00:24","guid":{"rendered":"http:\/\/www.noubarris.net\/web40\/?p=73242"},"modified":"2018-11-06T16:48:12","modified_gmt":"2018-11-06T14:48:12","slug":"acaba-la-reurbanitzacio-del-carrer-dalcudia-entre-valldemossa-i-deia","status":"publish","type":"post","link":"https:\/\/www.noubarris.net\/web40\/acaba-la-reurbanitzacio-del-carrer-dalcudia-entre-valldemossa-i-deia\/","title":{"rendered":"Acaba la reurbanitzaci\u00f3 del carrer d\u2019Alc\u00fadia, entre Valldemossa i Dei\u00e0"},"content":{"rendered":"<p><strong>Els vianants guanyen un espai m\u00e9s accessible amb voreres m\u00e9s amples\u00a0<\/strong><\/p>\n<p>Els operaris fan aquests dies els darrers retocs al carrer d\u2019Alc\u00fadia, \u00a0en el tram que va entre els carrers de Dei\u00e0 i Valldemossa. Les obres han reurbanitzat aquest tram de carrer que quedava pendent d\u2019enlla\u00e7ar amb la resta.<\/p>\n<p>Les obres han creat un espai m\u00e9s accessible per als ve\u00efns de l\u2019entorn, \u00a0eliminant els desnivells i les barreres arquitect\u00f2niques. S\u2019han ampliat les voreres a banda i banda per tal de guanyar m\u00e9s espai per als vianants, i tamb\u00e9 s\u2019hi ha instal\u00b7lat mobiliari urb\u00e0 i nou arbrat. Pel que fa a l\u2019enllumenat, s\u2019han renovat els fanals i tota la xarxa amb tecnologia led i s\u2019han soterrat les l\u00ednies de serveis a\u00e8ries. El sistema de recollida d\u2019aig\u00fces tamb\u00e9 \u00e9s nou.<\/p>\n<p>A la cal\u00e7ada, s\u2019ha unificat el tram de velocitat m\u00e0xima 30 com a l\u2019entrada del carrer. Tamb\u00e9 s\u2019han perdut algunes places d\u2019aparcament en superf\u00edcie.<\/p>\n<p>Les obres van comen\u00e7ar a la primavera i acaben aquest mes de novembre, segons el calendari previst. Durant aquests mesos, aquest tram de carrer ha estat tallat al tr\u00e0nsit.<\/p>\n","protected":false},"excerpt":{"rendered":"<p>Els vianants guanyen un espai m\u00e9s accessible amb voreres m\u00e9s amples\u00a0 Els operaris fan aquests dies els darrers retocs al<\/p>\n","protected":false},"author":2,"featured_media":73243,"comment_status":"closed","ping_status":"closed","sticky":false,"template":"","format":"standard","meta":{"colormag_page_layout":"default_layout","_monsterinsights_skip_tracking":false,"_monsterinsights_sitenote_active":false,"_monsterinsights_sitenote_note":"","_monsterinsights_sitenote_category":0,"footnotes":""},"categories":[134,302],"tags":[360,44,69],"class_list":["post-73242","post","type-post","status-publish","format-standard","has-post-thumbnail","hentry","category-porta","category-urbanisme","tag-obres","tag-porta","tag-urbanisme"],"yoast_head":"<!-- This site is optimized with the Yoast SEO plugin v25.3 - https:\/\/yoast.com\/wordpress\/plugins\/seo\/ -->\n<title>Acaba la reurbanitzaci\u00f3 del carrer d\u2019Alc\u00fadia, entre Valldemossa i Dei\u00e0 - NouBarris.Net<\/title>\n<meta name=\"robots\" content=\"index, follow, max-snippet:-1, max-image-preview:large, max-video-preview:-1\" \/>\n<link rel=\"canonical\" href=\"https:\/\/www.noubarris.net\/web40\/acaba-la-reurbanitzacio-del-carrer-dalcudia-entre-valldemossa-i-deia\/\" \/>\n<meta property=\"og:locale\" content=\"ca_ES\" \/>\n<meta property=\"og:type\" content=\"article\" \/>\n<meta property=\"og:title\" content=\"Acaba la reurbanitzaci\u00f3 del carrer d\u2019Alc\u00fadia, entre Valldemossa i Dei\u00e0 - NouBarris.Net\" \/>\n<meta property=\"og:description\" content=\"Els vianants guanyen un espai m\u00e9s accessible amb voreres m\u00e9s amples\u00a0 Els operaris fan aquests dies els darrers retocs al\" \/>\n<meta property=\"og:url\" content=\"https:\/\/www.noubarris.net\/web40\/acaba-la-reurbanitzacio-del-carrer-dalcudia-entre-valldemossa-i-deia\/\" \/>\n<meta property=\"og:site_name\" content=\"NouBarris.Net\" \/>\n<meta property=\"article:publisher\" content=\"https:\/\/www.facebook.com\/NouBarris.net\/?locale=es_ES\" \/>\n<meta property=\"article:published_time\" content=\"2018-11-06T22:00:24+00:00\" \/>\n<meta property=\"og:image\" content=\"https:\/\/www.noubarris.net\/web40\/wp-content\/uploads\/2018\/11\/071118.gif\" \/>\n\t<meta property=\"og:image:width\" content=\"768\" \/>\n\t<meta property=\"og:image:height\" content=\"432\" \/>\n\t<meta property=\"og:image:type\" content=\"image\/gif\" \/>\n<meta name=\"author\" content=\"Informatius\" \/>\n<meta name=\"twitter:card\" content=\"summary_large_image\" \/>\n<meta name=\"twitter:creator\" content=\"@9BTV\" \/>\n<meta name=\"twitter:site\" content=\"@9BTV\" \/>\n<meta name=\"twitter:label1\" content=\"Escrit per\" \/>\n\t<meta name=\"twitter:data1\" content=\"Informatius\" \/>\n\t<meta name=\"twitter:label2\" content=\"Temps estimat de lectura\" \/>\n\t<meta name=\"twitter:data2\" content=\"1 minut\" \/>\n<script type=\"application\/ld+json\" class=\"yoast-schema-graph\">{\"@context\":\"https:\/\/schema.org\",\"@graph\":[{\"@type\":\"Article\",\"@id\":\"https:\/\/www.noubarris.net\/web40\/acaba-la-reurbanitzacio-del-carrer-dalcudia-entre-valldemossa-i-deia\/#article\",\"isPartOf\":{\"@id\":\"https:\/\/www.noubarris.net\/web40\/acaba-la-reurbanitzacio-del-carrer-dalcudia-entre-valldemossa-i-deia\/\"},\"author\":{\"name\":\"Informatius\",\"@id\":\"https:\/\/www.noubarris.net\/web40\/#\/schema\/person\/1827f92aaa316c54abbf4dac0de76069\"},\"headline\":\"Acaba la reurbanitzaci\u00f3 del carrer d\u2019Alc\u00fadia, entre Valldemossa i Dei\u00e0\",\"datePublished\":\"2018-11-06T22:00:24+00:00\",\"mainEntityOfPage\":{\"@id\":\"https:\/\/www.noubarris.net\/web40\/acaba-la-reurbanitzacio-del-carrer-dalcudia-entre-valldemossa-i-deia\/\"},\"wordCount\":222,\"publisher\":{\"@id\":\"https:\/\/www.noubarris.net\/web40\/#organization\"},\"image\":{\"@id\":\"https:\/\/www.noubarris.net\/web40\/acaba-la-reurbanitzacio-del-carrer-dalcudia-entre-valldemossa-i-deia\/#primaryimage\"},\"thumbnailUrl\":\"https:\/\/www.noubarris.net\/web40\/wp-content\/uploads\/2018\/11\/071118.gif\",\"keywords\":[\"Obres\",\"Porta\",\"Urbanisme\"],\"articleSection\":[\"Porta\",\"Urbanisme\"],\"inLanguage\":\"ca\"},{\"@type\":\"WebPage\",\"@id\":\"https:\/\/www.noubarris.net\/web40\/acaba-la-reurbanitzacio-del-carrer-dalcudia-entre-valldemossa-i-deia\/\",\"url\":\"https:\/\/www.noubarris.net\/web40\/acaba-la-reurbanitzacio-del-carrer-dalcudia-entre-valldemossa-i-deia\/\",\"name\":\"Acaba la reurbanitzaci\u00f3 del carrer d\u2019Alc\u00fadia, entre Valldemossa i Dei\u00e0 - NouBarris.Net\",\"isPartOf\":{\"@id\":\"https:\/\/www.noubarris.net\/web40\/#website\"},\"primaryImageOfPage\":{\"@id\":\"https:\/\/www.noubarris.net\/web40\/acaba-la-reurbanitzacio-del-carrer-dalcudia-entre-valldemossa-i-deia\/#primaryimage\"},\"image\":{\"@id\":\"https:\/\/www.noubarris.net\/web40\/acaba-la-reurbanitzacio-del-carrer-dalcudia-entre-valldemossa-i-deia\/#primaryimage\"},\"thumbnailUrl\":\"https:\/\/www.noubarris.net\/web40\/wp-content\/uploads\/2018\/11\/071118.gif\",\"datePublished\":\"2018-11-06T22:00:24+00:00\",\"breadcrumb\":{\"@id\":\"https:\/\/www.noubarris.net\/web40\/acaba-la-reurbanitzacio-del-carrer-dalcudia-entre-valldemossa-i-deia\/#breadcrumb\"},\"inLanguage\":\"ca\",\"potentialAction\":[{\"@type\":\"ReadAction\",\"target\":[\"https:\/\/www.noubarris.net\/web40\/acaba-la-reurbanitzacio-del-carrer-dalcudia-entre-valldemossa-i-deia\/\"]}]},{\"@type\":\"ImageObject\",\"inLanguage\":\"ca\",\"@id\":\"https:\/\/www.noubarris.net\/web40\/acaba-la-reurbanitzacio-del-carrer-dalcudia-entre-valldemossa-i-deia\/#primaryimage\",\"url\":\"https:\/\/www.noubarris.net\/web40\/wp-content\/uploads\/2018\/11\/071118.gif\",\"contentUrl\":\"https:\/\/www.noubarris.net\/web40\/wp-content\/uploads\/2018\/11\/071118.gif\",\"width\":768,\"height\":432},{\"@type\":\"BreadcrumbList\",\"@id\":\"https:\/\/www.noubarris.net\/web40\/acaba-la-reurbanitzacio-del-carrer-dalcudia-entre-valldemossa-i-deia\/#breadcrumb\",\"itemListElement\":[{\"@type\":\"ListItem\",\"position\":1,\"name\":\"Inici\",\"item\":\"https:\/\/www.noubarris.net\/web40\/\"},{\"@type\":\"ListItem\",\"position\":2,\"name\":\"Acaba la reurbanitzaci\u00f3 del carrer d\u2019Alc\u00fadia, entre Valldemossa i Dei\u00e0\"}]},{\"@type\":\"WebSite\",\"@id\":\"https:\/\/www.noubarris.net\/web40\/#website\",\"url\":\"https:\/\/www.noubarris.net\/web40\/\",\"name\":\"NouBarris.Net\",\"description\":\"Seguint la vida de Nou Barris des de 1985\",\"publisher\":{\"@id\":\"https:\/\/www.noubarris.net\/web40\/#organization\"},\"potentialAction\":[{\"@type\":\"SearchAction\",\"target\":{\"@type\":\"EntryPoint\",\"urlTemplate\":\"https:\/\/www.noubarris.net\/web40\/?s={search_term_string}\"},\"query-input\":{\"@type\":\"PropertyValueSpecification\",\"valueRequired\":true,\"valueName\":\"search_term_string\"}}],\"inLanguage\":\"ca\"},{\"@type\":\"Organization\",\"@id\":\"https:\/\/www.noubarris.net\/web40\/#organization\",\"name\":\"NouBarris.Net\",\"url\":\"https:\/\/www.noubarris.net\/web40\/\",\"logo\":{\"@type\":\"ImageObject\",\"inLanguage\":\"ca\",\"@id\":\"https:\/\/www.noubarris.net\/web40\/#\/schema\/logo\/image\/\",\"url\":\"https:\/\/www.noubarris.net\/web40\/wp-content\/uploads\/2024\/11\/cropped-cropped-LOGO_9BTV-2024_Insta-1.jpg\",\"contentUrl\":\"https:\/\/www.noubarris.net\/web40\/wp-content\/uploads\/2024\/11\/cropped-cropped-LOGO_9BTV-2024_Insta-1.jpg\",\"width\":512,\"height\":512,\"caption\":\"NouBarris.Net\"},\"image\":{\"@id\":\"https:\/\/www.noubarris.net\/web40\/#\/schema\/logo\/image\/\"},\"sameAs\":[\"https:\/\/www.facebook.com\/NouBarris.net\/?locale=es_ES\",\"https:\/\/x.com\/9BTV\"]},{\"@type\":\"Person\",\"@id\":\"https:\/\/www.noubarris.net\/web40\/#\/schema\/person\/1827f92aaa316c54abbf4dac0de76069\",\"name\":\"Informatius\",\"image\":{\"@type\":\"ImageObject\",\"inLanguage\":\"ca\",\"@id\":\"https:\/\/www.noubarris.net\/web40\/#\/schema\/person\/image\/\",\"url\":\"https:\/\/secure.gravatar.com\/avatar\/87a3b47928835fc72c6ee5b0e1a7263ef0c2d05003a98189bc14926c5f11bcdb?s=96&d=mm&r=g\",\"contentUrl\":\"https:\/\/secure.gravatar.com\/avatar\/87a3b47928835fc72c6ee5b0e1a7263ef0c2d05003a98189bc14926c5f11bcdb?s=96&d=mm&r=g\",\"caption\":\"Informatius\"},\"url\":\"https:\/\/www.noubarris.net\/web40\/author\/tele\/\"}]}<\/script>\n<!-- \/ Yoast SEO plugin. -->","yoast_head_json":{"title":"Acaba la reurbanitzaci\u00f3 del carrer d\u2019Alc\u00fadia, entre Valldemossa i Dei\u00e0 - NouBarris.Net","robots":{"index":"index","follow":"follow","max-snippet":"max-snippet:-1","max-image-preview":"max-image-preview:large","max-video-preview":"max-video-preview:-1"},"canonical":"https:\/\/www.noubarris.net\/web40\/acaba-la-reurbanitzacio-del-carrer-dalcudia-entre-valldemossa-i-deia\/","og_locale":"ca_ES","og_type":"article","og_title":"Acaba la reurbanitzaci\u00f3 del carrer d\u2019Alc\u00fadia, entre Valldemossa i Dei\u00e0 - NouBarris.Net","og_description":"Els vianants guanyen un espai m\u00e9s accessible amb voreres m\u00e9s amples\u00a0 Els operaris fan aquests dies els darrers retocs al","og_url":"https:\/\/www.noubarris.net\/web40\/acaba-la-reurbanitzacio-del-carrer-dalcudia-entre-valldemossa-i-deia\/","og_site_name":"NouBarris.Net","article_publisher":"https:\/\/www.facebook.com\/NouBarris.net\/?locale=es_ES","article_published_time":"2018-11-06T22:00:24+00:00","og_image":[{"width":768,"height":432,"url":"https:\/\/www.noubarris.net\/web40\/wp-content\/uploads\/2018\/11\/071118.gif","type":"image\/gif"}],"author":"Informatius","twitter_card":"summary_large_image","twitter_creator":"@9BTV","twitter_site":"@9BTV","twitter_misc":{"Escrit per":"Informatius","Temps estimat de lectura":"1 minut"},"schema":{"@context":"https:\/\/schema.org","@graph":[{"@type":"Article","@id":"https:\/\/www.noubarris.net\/web40\/acaba-la-reurbanitzacio-del-carrer-dalcudia-entre-valldemossa-i-deia\/#article","isPartOf":{"@id":"https:\/\/www.noubarris.net\/web40\/acaba-la-reurbanitzacio-del-carrer-dalcudia-entre-valldemossa-i-deia\/"},"author":{"name":"Informatius","@id":"https:\/\/www.noubarris.net\/web40\/#\/schema\/person\/1827f92aaa316c54abbf4dac0de76069"},"headline":"Acaba la reurbanitzaci\u00f3 del carrer d\u2019Alc\u00fadia, entre Valldemossa i Dei\u00e0","datePublished":"2018-11-06T22:00:24+00:00","mainEntityOfPage":{"@id":"https:\/\/www.noubarris.net\/web40\/acaba-la-reurbanitzacio-del-carrer-dalcudia-entre-valldemossa-i-deia\/"},"wordCount":222,"publisher":{"@id":"https:\/\/www.noubarris.net\/web40\/#organization"},"image":{"@id":"https:\/\/www.noubarris.net\/web40\/acaba-la-reurbanitzacio-del-carrer-dalcudia-entre-valldemossa-i-deia\/#primaryimage"},"thumbnailUrl":"https:\/\/www.noubarris.net\/web40\/wp-content\/uploads\/2018\/11\/071118.gif","keywords":["Obres","Porta","Urbanisme"],"articleSection":["Porta","Urbanisme"],"inLanguage":"ca"},{"@type":"WebPage","@id":"https:\/\/www.noubarris.net\/web40\/acaba-la-reurbanitzacio-del-carrer-dalcudia-entre-valldemossa-i-deia\/","url":"https:\/\/www.noubarris.net\/web40\/acaba-la-reurbanitzacio-del-carrer-dalcudia-entre-valldemossa-i-deia\/","name":"Acaba la reurbanitzaci\u00f3 del carrer d\u2019Alc\u00fadia, entre Valldemossa i Dei\u00e0 - NouBarris.Net","isPartOf":{"@id":"https:\/\/www.noubarris.net\/web40\/#website"},"primaryImageOfPage":{"@id":"https:\/\/www.noubarris.net\/web40\/acaba-la-reurbanitzacio-del-carrer-dalcudia-entre-valldemossa-i-deia\/#primaryimage"},"image":{"@id":"https:\/\/www.noubarris.net\/web40\/acaba-la-reurbanitzacio-del-carrer-dalcudia-entre-valldemossa-i-deia\/#primaryimage"},"thumbnailUrl":"https:\/\/www.noubarris.net\/web40\/wp-content\/uploads\/2018\/11\/071118.gif","datePublished":"2018-11-06T22:00:24+00:00","breadcrumb":{"@id":"https:\/\/www.noubarris.net\/web40\/acaba-la-reurbanitzacio-del-carrer-dalcudia-entre-valldemossa-i-deia\/#breadcrumb"},"inLanguage":"ca","potentialAction":[{"@type":"ReadAction","target":["https:\/\/www.noubarris.net\/web40\/acaba-la-reurbanitzacio-del-carrer-dalcudia-entre-valldemossa-i-deia\/"]}]},{"@type":"ImageObject","inLanguage":"ca","@id":"https:\/\/www.noubarris.net\/web40\/acaba-la-reurbanitzacio-del-carrer-dalcudia-entre-valldemossa-i-deia\/#primaryimage","url":"https:\/\/www.noubarris.net\/web40\/wp-content\/uploads\/2018\/11\/071118.gif","contentUrl":"https:\/\/www.noubarris.net\/web40\/wp-content\/uploads\/2018\/11\/071118.gif","width":768,"height":432},{"@type":"BreadcrumbList","@id":"https:\/\/www.noubarris.net\/web40\/acaba-la-reurbanitzacio-del-carrer-dalcudia-entre-valldemossa-i-deia\/#breadcrumb","itemListElement":[{"@type":"ListItem","position":1,"name":"Inici","item":"https:\/\/www.noubarris.net\/web40\/"},{"@type":"ListItem","position":2,"name":"Acaba la reurbanitzaci\u00f3 del carrer d\u2019Alc\u00fadia, entre Valldemossa i Dei\u00e0"}]},{"@type":"WebSite","@id":"https:\/\/www.noubarris.net\/web40\/#website","url":"https:\/\/www.noubarris.net\/web40\/","name":"NouBarris.Net","description":"Seguint la vida de Nou Barris des de 1985","publisher":{"@id":"https:\/\/www.noubarris.net\/web40\/#organization"},"potentialAction":[{"@type":"SearchAction","target":{"@type":"EntryPoint","urlTemplate":"https:\/\/www.noubarris.net\/web40\/?s={search_term_string}"},"query-input":{"@type":"PropertyValueSpecification","valueRequired":true,"valueName":"search_term_string"}}],"inLanguage":"ca"},{"@type":"Organization","@id":"https:\/\/www.noubarris.net\/web40\/#organization","name":"NouBarris.Net","url":"https:\/\/www.noubarris.net\/web40\/","logo":{"@type":"ImageObject","inLanguage":"ca","@id":"https:\/\/www.noubarris.net\/web40\/#\/schema\/logo\/image\/","url":"https:\/\/www.noubarris.net\/web40\/wp-content\/uploads\/2024\/11\/cropped-cropped-LOGO_9BTV-2024_Insta-1.jpg","contentUrl":"https:\/\/www.noubarris.net\/web40\/wp-content\/uploads\/2024\/11\/cropped-cropped-LOGO_9BTV-2024_Insta-1.jpg","width":512,"height":512,"caption":"NouBarris.Net"},"image":{"@id":"https:\/\/www.noubarris.net\/web40\/#\/schema\/logo\/image\/"},"sameAs":["https:\/\/www.facebook.com\/NouBarris.net\/?locale=es_ES","https:\/\/x.com\/9BTV"]},{"@type":"Person","@id":"https:\/\/www.noubarris.net\/web40\/#\/schema\/person\/1827f92aaa316c54abbf4dac0de76069","name":"Informatius","image":{"@type":"ImageObject","inLanguage":"ca","@id":"https:\/\/www.noubarris.net\/web40\/#\/schema\/person\/image\/","url":"https:\/\/secure.gravatar.com\/avatar\/87a3b47928835fc72c6ee5b0e1a7263ef0c2d05003a98189bc14926c5f11bcdb?s=96&d=mm&r=g","contentUrl":"https:\/\/secure.gravatar.com\/avatar\/87a3b47928835fc72c6ee5b0e1a7263ef0c2d05003a98189bc14926c5f11bcdb?s=96&d=mm&r=g","caption":"Informatius"},"url":"https:\/\/www.noubarris.net\/web40\/author\/tele\/"}]}},"_links":{"self":[{"href":"https:\/\/www.noubarris.net\/web40\/wp-json\/wp\/v2\/posts\/73242","targetHints":{"allow":["GET"]}}],"collection":[{"href":"https:\/\/www.noubarris.net\/web40\/wp-json\/wp\/v2\/posts"}],"about":[{"href":"https:\/\/www.noubarris.net\/web40\/wp-json\/wp\/v2\/types\/post"}],"author":[{"embeddable":true,"href":"https:\/\/www.noubarris.net\/web40\/wp-json\/wp\/v2\/users\/2"}],"replies":[{"embeddable":true,"href":"https:\/\/www.noubarris.net\/web40\/wp-json\/wp\/v2\/comments?post=73242"}],"version-history":[{"count":0,"href":"https:\/\/www.noubarris.net\/web40\/wp-json\/wp\/v2\/posts\/73242\/revisions"}],"wp:featuredmedia":[{"embeddable":true,"href":"https:\/\/www.noubarris.net\/web40\/wp-json\/wp\/v2\/media\/73243"}],"wp:attachment":[{"href":"https:\/\/www.noubarris.net\/web40\/wp-json\/wp\/v2\/media?parent=73242"}],"wp:term":[{"taxonomy":"category","embeddable":true,"href":"https:\/\/www.noubarris.net\/web40\/wp-json\/wp\/v2\/categories?post=73242"},{"taxonomy":"post_tag","embeddable":true,"href":"https:\/\/www.noubarris.net\/web40\/wp-json\/wp\/v2\/tags?post=73242"}],"curies":[{"name":"wp","href":"https:\/\/api.w.org\/{rel}","templated":true}]}}