{"id":73246,"date":"2018-11-08T00:00:05","date_gmt":"2018-11-07T22:00:05","guid":{"rendered":"http:\/\/www.noubarris.net\/web40\/?p=73246"},"modified":"2018-11-07T15:08:58","modified_gmt":"2018-11-07T13:08:58","slug":"el-sap-muntanya-inicia-una-campanya-per-reforcar-latencio-sanitaria-primaria","status":"publish","type":"post","link":"https:\/\/www.noubarris.net\/web40\/el-sap-muntanya-inicia-una-campanya-per-reforcar-latencio-sanitaria-primaria\/","title":{"rendered":"El SAP Muntanya inicia una campanya per refor\u00e7ar l\u2019atenci\u00f3 sanit\u00e0ria prim\u00e0ria"},"content":{"rendered":"<p><strong>La plataforma d\u2019entitats ve\u00efnals recull signatures per reclamar l\u2019increment de personal i recursos \u00a0<\/strong><\/p>\n<p>El SAP Muntanya ha iniciat al CAP Roquetes una recollida de signatures per reclamar el refor\u00e7 de l\u2019atenci\u00f3 prim\u00e0ria, que passar\u00e0 per la resta d\u2019ambulatoris que s\u2019aixopluguen sota la plataforma. L\u2019entitat engloba les vocalies de salut de Nou Barris, Horta i Sant Andreu i reclama que el servei torni al nivell anterior a les retallades. Es queixen que s\u2019han perdut uns 3.000 professionals a l\u2019atenci\u00f3 prim\u00e0ria des de 2010 a tot Catalunya i que aix\u00f2 ha fet que les esperes s\u2019allarguin. La plataforma reclama que les cites per als metges de cap\u00e7alera i les infermeres es donin com a m\u00e0xim en 48 hores, per evitar la saturaci\u00f3 del servei a trav\u00e9s de les visites espont\u00e0nies. Actualment asseguren que l\u2019ICS dona per bones les cites donades a cinc dies, per\u00f2 que en alguns ambulatoris se sobrepassen aquests cinc dies amb escreix. Citen com a exemple el CAP Rio de Janeiro, a la Prosperitat. \u201cNo s\u00f3n les 48 hores que nosaltres vol\u00edem des del minut 1, per\u00f2 no s\u00f3n els 5 dies que per a ells seria l\u2019ideal. -explica Marcela Iturriaga, de la Vocalia de Salut de l&#8217;AV Roquetes- Estan donant, segons m\u2019han comentat avui, a Rio els ha donat per al 15 de desembre per al metge de cap\u00e7alera. Per tant, t\u2019has de presentar d\u2019espontani\u201d. L\u2019increment de personal tamb\u00e9 facilitaria, diuen, que el temps de les visites sigui de m\u00e9s qualitat, en tenir m\u00e9s temps per escoltar, avaluar i decidir.<\/p>\n<p>El SAP Muntanya tamb\u00e9 es queixa que els professionals es troben en situacions prec\u00e0ries, i que aix\u00f2 ha provocat que marx\u00e9s molt personal a la recerca de millors condicions i estabilitat. El cas m\u00e9s flagrant, diuen, \u00e9s la pediatria, l\u2019especialitat on falten m\u00e9s metges. La campanya s\u2019emmarca en una mobilitzaci\u00f3 a nivell de Catalunya.<\/p>\n<p>Avui a les 19h el casal Ton i Guida acollir\u00e0 una xerrada amb professionals sanitaris per tractar la situaci\u00f3 actual dels metges de fam\u00edlia, els pediatres i l\u2019atenci\u00f3 prim\u00e0ria en general, i posar en valor la campanya \u201cDonem vida a l\u2019Atenci\u00f3 Prim\u00e0ria.\u201d<\/p>\n","protected":false},"excerpt":{"rendered":"<p>La plataforma d\u2019entitats ve\u00efnals recull signatures per reclamar l\u2019increment de personal i recursos \u00a0 El SAP Muntanya ha iniciat al<\/p>\n","protected":false},"author":2,"featured_media":73248,"comment_status":"closed","ping_status":"closed","sticky":false,"template":"","format":"standard","meta":{"colormag_page_layout":"default_layout","_monsterinsights_skip_tracking":false,"_monsterinsights_sitenote_active":false,"_monsterinsights_sitenote_note":"","_monsterinsights_sitenote_category":0,"footnotes":""},"categories":[136,124],"tags":[121,428,272,584],"class_list":["post-73246","post","type-post","status-publish","format-standard","has-post-thumbnail","hentry","category-les-roquetes","category-societat","tag-equipaments","tag-queixes","tag-salut","tag-sap-muntanya"],"yoast_head":"<!-- This site is optimized with the Yoast SEO plugin v25.3 - https:\/\/yoast.com\/wordpress\/plugins\/seo\/ -->\n<title>El SAP Muntanya inicia una campanya per refor\u00e7ar l\u2019atenci\u00f3 sanit\u00e0ria prim\u00e0ria - NouBarris.Net<\/title>\n<meta name=\"robots\" content=\"index, follow, max-snippet:-1, max-image-preview:large, max-video-preview:-1\" \/>\n<link rel=\"canonical\" href=\"https:\/\/www.noubarris.net\/web40\/el-sap-muntanya-inicia-una-campanya-per-reforcar-latencio-sanitaria-primaria\/\" \/>\n<meta property=\"og:locale\" content=\"ca_ES\" \/>\n<meta property=\"og:type\" content=\"article\" \/>\n<meta property=\"og:title\" content=\"El SAP Muntanya inicia una campanya per refor\u00e7ar l\u2019atenci\u00f3 sanit\u00e0ria prim\u00e0ria - NouBarris.Net\" \/>\n<meta property=\"og:description\" content=\"La plataforma d\u2019entitats ve\u00efnals recull signatures per reclamar l\u2019increment de personal i recursos \u00a0 El SAP Muntanya ha iniciat al\" \/>\n<meta property=\"og:url\" content=\"https:\/\/www.noubarris.net\/web40\/el-sap-muntanya-inicia-una-campanya-per-reforcar-latencio-sanitaria-primaria\/\" \/>\n<meta property=\"og:site_name\" content=\"NouBarris.Net\" \/>\n<meta property=\"article:publisher\" content=\"https:\/\/www.facebook.com\/NouBarris.net\/?locale=es_ES\" \/>\n<meta property=\"article:published_time\" content=\"2018-11-07T22:00:05+00:00\" \/>\n<meta property=\"og:image\" content=\"https:\/\/www.noubarris.net\/web40\/wp-content\/uploads\/2018\/11\/081118_CAP_roquetes.jpg\" \/>\n\t<meta property=\"og:image:width\" content=\"1024\" \/>\n\t<meta property=\"og:image:height\" content=\"576\" \/>\n\t<meta property=\"og:image:type\" content=\"image\/jpeg\" \/>\n<meta name=\"author\" content=\"Informatius\" \/>\n<meta name=\"twitter:card\" content=\"summary_large_image\" \/>\n<meta name=\"twitter:creator\" content=\"@9BTV\" \/>\n<meta name=\"twitter:site\" content=\"@9BTV\" \/>\n<meta name=\"twitter:label1\" content=\"Escrit per\" \/>\n\t<meta name=\"twitter:data1\" content=\"Informatius\" \/>\n\t<meta name=\"twitter:label2\" content=\"Temps estimat de lectura\" \/>\n\t<meta name=\"twitter:data2\" content=\"2 minuts\" \/>\n<script type=\"application\/ld+json\" class=\"yoast-schema-graph\">{\"@context\":\"https:\/\/schema.org\",\"@graph\":[{\"@type\":\"Article\",\"@id\":\"https:\/\/www.noubarris.net\/web40\/el-sap-muntanya-inicia-una-campanya-per-reforcar-latencio-sanitaria-primaria\/#article\",\"isPartOf\":{\"@id\":\"https:\/\/www.noubarris.net\/web40\/el-sap-muntanya-inicia-una-campanya-per-reforcar-latencio-sanitaria-primaria\/\"},\"author\":{\"name\":\"Informatius\",\"@id\":\"https:\/\/www.noubarris.net\/web40\/#\/schema\/person\/1827f92aaa316c54abbf4dac0de76069\"},\"headline\":\"El SAP Muntanya inicia una campanya per refor\u00e7ar l\u2019atenci\u00f3 sanit\u00e0ria prim\u00e0ria\",\"datePublished\":\"2018-11-07T22:00:05+00:00\",\"mainEntityOfPage\":{\"@id\":\"https:\/\/www.noubarris.net\/web40\/el-sap-muntanya-inicia-una-campanya-per-reforcar-latencio-sanitaria-primaria\/\"},\"wordCount\":396,\"publisher\":{\"@id\":\"https:\/\/www.noubarris.net\/web40\/#organization\"},\"image\":{\"@id\":\"https:\/\/www.noubarris.net\/web40\/el-sap-muntanya-inicia-una-campanya-per-reforcar-latencio-sanitaria-primaria\/#primaryimage\"},\"thumbnailUrl\":\"https:\/\/www.noubarris.net\/web40\/wp-content\/uploads\/2018\/11\/081118_CAP_roquetes.jpg\",\"keywords\":[\"Equipaments\",\"Queixes\",\"Salut\",\"SAP Muntanya\"],\"articleSection\":[\"Les Roquetes\",\"Societat\"],\"inLanguage\":\"ca\"},{\"@type\":\"WebPage\",\"@id\":\"https:\/\/www.noubarris.net\/web40\/el-sap-muntanya-inicia-una-campanya-per-reforcar-latencio-sanitaria-primaria\/\",\"url\":\"https:\/\/www.noubarris.net\/web40\/el-sap-muntanya-inicia-una-campanya-per-reforcar-latencio-sanitaria-primaria\/\",\"name\":\"El SAP Muntanya inicia una campanya per refor\u00e7ar l\u2019atenci\u00f3 sanit\u00e0ria prim\u00e0ria - NouBarris.Net\",\"isPartOf\":{\"@id\":\"https:\/\/www.noubarris.net\/web40\/#website\"},\"primaryImageOfPage\":{\"@id\":\"https:\/\/www.noubarris.net\/web40\/el-sap-muntanya-inicia-una-campanya-per-reforcar-latencio-sanitaria-primaria\/#primaryimage\"},\"image\":{\"@id\":\"https:\/\/www.noubarris.net\/web40\/el-sap-muntanya-inicia-una-campanya-per-reforcar-latencio-sanitaria-primaria\/#primaryimage\"},\"thumbnailUrl\":\"https:\/\/www.noubarris.net\/web40\/wp-content\/uploads\/2018\/11\/081118_CAP_roquetes.jpg\",\"datePublished\":\"2018-11-07T22:00:05+00:00\",\"breadcrumb\":{\"@id\":\"https:\/\/www.noubarris.net\/web40\/el-sap-muntanya-inicia-una-campanya-per-reforcar-latencio-sanitaria-primaria\/#breadcrumb\"},\"inLanguage\":\"ca\",\"potentialAction\":[{\"@type\":\"ReadAction\",\"target\":[\"https:\/\/www.noubarris.net\/web40\/el-sap-muntanya-inicia-una-campanya-per-reforcar-latencio-sanitaria-primaria\/\"]}]},{\"@type\":\"ImageObject\",\"inLanguage\":\"ca\",\"@id\":\"https:\/\/www.noubarris.net\/web40\/el-sap-muntanya-inicia-una-campanya-per-reforcar-latencio-sanitaria-primaria\/#primaryimage\",\"url\":\"https:\/\/www.noubarris.net\/web40\/wp-content\/uploads\/2018\/11\/081118_CAP_roquetes.jpg\",\"contentUrl\":\"https:\/\/www.noubarris.net\/web40\/wp-content\/uploads\/2018\/11\/081118_CAP_roquetes.jpg\",\"width\":1024,\"height\":576},{\"@type\":\"BreadcrumbList\",\"@id\":\"https:\/\/www.noubarris.net\/web40\/el-sap-muntanya-inicia-una-campanya-per-reforcar-latencio-sanitaria-primaria\/#breadcrumb\",\"itemListElement\":[{\"@type\":\"ListItem\",\"position\":1,\"name\":\"Inici\",\"item\":\"https:\/\/www.noubarris.net\/web40\/\"},{\"@type\":\"ListItem\",\"position\":2,\"name\":\"El SAP Muntanya inicia una campanya per refor\u00e7ar l\u2019atenci\u00f3 sanit\u00e0ria prim\u00e0ria\"}]},{\"@type\":\"WebSite\",\"@id\":\"https:\/\/www.noubarris.net\/web40\/#website\",\"url\":\"https:\/\/www.noubarris.net\/web40\/\",\"name\":\"NouBarris.Net\",\"description\":\"Seguint la vida de Nou Barris des de 1985\",\"publisher\":{\"@id\":\"https:\/\/www.noubarris.net\/web40\/#organization\"},\"potentialAction\":[{\"@type\":\"SearchAction\",\"target\":{\"@type\":\"EntryPoint\",\"urlTemplate\":\"https:\/\/www.noubarris.net\/web40\/?s={search_term_string}\"},\"query-input\":{\"@type\":\"PropertyValueSpecification\",\"valueRequired\":true,\"valueName\":\"search_term_string\"}}],\"inLanguage\":\"ca\"},{\"@type\":\"Organization\",\"@id\":\"https:\/\/www.noubarris.net\/web40\/#organization\",\"name\":\"NouBarris.Net\",\"url\":\"https:\/\/www.noubarris.net\/web40\/\",\"logo\":{\"@type\":\"ImageObject\",\"inLanguage\":\"ca\",\"@id\":\"https:\/\/www.noubarris.net\/web40\/#\/schema\/logo\/image\/\",\"url\":\"https:\/\/www.noubarris.net\/web40\/wp-content\/uploads\/2024\/11\/cropped-cropped-LOGO_9BTV-2024_Insta-1.jpg\",\"contentUrl\":\"https:\/\/www.noubarris.net\/web40\/wp-content\/uploads\/2024\/11\/cropped-cropped-LOGO_9BTV-2024_Insta-1.jpg\",\"width\":512,\"height\":512,\"caption\":\"NouBarris.Net\"},\"image\":{\"@id\":\"https:\/\/www.noubarris.net\/web40\/#\/schema\/logo\/image\/\"},\"sameAs\":[\"https:\/\/www.facebook.com\/NouBarris.net\/?locale=es_ES\",\"https:\/\/x.com\/9BTV\"]},{\"@type\":\"Person\",\"@id\":\"https:\/\/www.noubarris.net\/web40\/#\/schema\/person\/1827f92aaa316c54abbf4dac0de76069\",\"name\":\"Informatius\",\"image\":{\"@type\":\"ImageObject\",\"inLanguage\":\"ca\",\"@id\":\"https:\/\/www.noubarris.net\/web40\/#\/schema\/person\/image\/\",\"url\":\"https:\/\/secure.gravatar.com\/avatar\/87a3b47928835fc72c6ee5b0e1a7263ef0c2d05003a98189bc14926c5f11bcdb?s=96&d=mm&r=g\",\"contentUrl\":\"https:\/\/secure.gravatar.com\/avatar\/87a3b47928835fc72c6ee5b0e1a7263ef0c2d05003a98189bc14926c5f11bcdb?s=96&d=mm&r=g\",\"caption\":\"Informatius\"},\"url\":\"https:\/\/www.noubarris.net\/web40\/author\/tele\/\"}]}<\/script>\n<!-- \/ Yoast SEO plugin. -->","yoast_head_json":{"title":"El SAP Muntanya inicia una campanya per refor\u00e7ar l\u2019atenci\u00f3 sanit\u00e0ria prim\u00e0ria - NouBarris.Net","robots":{"index":"index","follow":"follow","max-snippet":"max-snippet:-1","max-image-preview":"max-image-preview:large","max-video-preview":"max-video-preview:-1"},"canonical":"https:\/\/www.noubarris.net\/web40\/el-sap-muntanya-inicia-una-campanya-per-reforcar-latencio-sanitaria-primaria\/","og_locale":"ca_ES","og_type":"article","og_title":"El SAP Muntanya inicia una campanya per refor\u00e7ar l\u2019atenci\u00f3 sanit\u00e0ria prim\u00e0ria - NouBarris.Net","og_description":"La plataforma d\u2019entitats ve\u00efnals recull signatures per reclamar l\u2019increment de personal i recursos \u00a0 El SAP Muntanya ha iniciat al","og_url":"https:\/\/www.noubarris.net\/web40\/el-sap-muntanya-inicia-una-campanya-per-reforcar-latencio-sanitaria-primaria\/","og_site_name":"NouBarris.Net","article_publisher":"https:\/\/www.facebook.com\/NouBarris.net\/?locale=es_ES","article_published_time":"2018-11-07T22:00:05+00:00","og_image":[{"width":1024,"height":576,"url":"https:\/\/www.noubarris.net\/web40\/wp-content\/uploads\/2018\/11\/081118_CAP_roquetes.jpg","type":"image\/jpeg"}],"author":"Informatius","twitter_card":"summary_large_image","twitter_creator":"@9BTV","twitter_site":"@9BTV","twitter_misc":{"Escrit per":"Informatius","Temps estimat de lectura":"2 minuts"},"schema":{"@context":"https:\/\/schema.org","@graph":[{"@type":"Article","@id":"https:\/\/www.noubarris.net\/web40\/el-sap-muntanya-inicia-una-campanya-per-reforcar-latencio-sanitaria-primaria\/#article","isPartOf":{"@id":"https:\/\/www.noubarris.net\/web40\/el-sap-muntanya-inicia-una-campanya-per-reforcar-latencio-sanitaria-primaria\/"},"author":{"name":"Informatius","@id":"https:\/\/www.noubarris.net\/web40\/#\/schema\/person\/1827f92aaa316c54abbf4dac0de76069"},"headline":"El SAP Muntanya inicia una campanya per refor\u00e7ar l\u2019atenci\u00f3 sanit\u00e0ria prim\u00e0ria","datePublished":"2018-11-07T22:00:05+00:00","mainEntityOfPage":{"@id":"https:\/\/www.noubarris.net\/web40\/el-sap-muntanya-inicia-una-campanya-per-reforcar-latencio-sanitaria-primaria\/"},"wordCount":396,"publisher":{"@id":"https:\/\/www.noubarris.net\/web40\/#organization"},"image":{"@id":"https:\/\/www.noubarris.net\/web40\/el-sap-muntanya-inicia-una-campanya-per-reforcar-latencio-sanitaria-primaria\/#primaryimage"},"thumbnailUrl":"https:\/\/www.noubarris.net\/web40\/wp-content\/uploads\/2018\/11\/081118_CAP_roquetes.jpg","keywords":["Equipaments","Queixes","Salut","SAP Muntanya"],"articleSection":["Les Roquetes","Societat"],"inLanguage":"ca"},{"@type":"WebPage","@id":"https:\/\/www.noubarris.net\/web40\/el-sap-muntanya-inicia-una-campanya-per-reforcar-latencio-sanitaria-primaria\/","url":"https:\/\/www.noubarris.net\/web40\/el-sap-muntanya-inicia-una-campanya-per-reforcar-latencio-sanitaria-primaria\/","name":"El SAP Muntanya inicia una campanya per refor\u00e7ar l\u2019atenci\u00f3 sanit\u00e0ria prim\u00e0ria - NouBarris.Net","isPartOf":{"@id":"https:\/\/www.noubarris.net\/web40\/#website"},"primaryImageOfPage":{"@id":"https:\/\/www.noubarris.net\/web40\/el-sap-muntanya-inicia-una-campanya-per-reforcar-latencio-sanitaria-primaria\/#primaryimage"},"image":{"@id":"https:\/\/www.noubarris.net\/web40\/el-sap-muntanya-inicia-una-campanya-per-reforcar-latencio-sanitaria-primaria\/#primaryimage"},"thumbnailUrl":"https:\/\/www.noubarris.net\/web40\/wp-content\/uploads\/2018\/11\/081118_CAP_roquetes.jpg","datePublished":"2018-11-07T22:00:05+00:00","breadcrumb":{"@id":"https:\/\/www.noubarris.net\/web40\/el-sap-muntanya-inicia-una-campanya-per-reforcar-latencio-sanitaria-primaria\/#breadcrumb"},"inLanguage":"ca","potentialAction":[{"@type":"ReadAction","target":["https:\/\/www.noubarris.net\/web40\/el-sap-muntanya-inicia-una-campanya-per-reforcar-latencio-sanitaria-primaria\/"]}]},{"@type":"ImageObject","inLanguage":"ca","@id":"https:\/\/www.noubarris.net\/web40\/el-sap-muntanya-inicia-una-campanya-per-reforcar-latencio-sanitaria-primaria\/#primaryimage","url":"https:\/\/www.noubarris.net\/web40\/wp-content\/uploads\/2018\/11\/081118_CAP_roquetes.jpg","contentUrl":"https:\/\/www.noubarris.net\/web40\/wp-content\/uploads\/2018\/11\/081118_CAP_roquetes.jpg","width":1024,"height":576},{"@type":"BreadcrumbList","@id":"https:\/\/www.noubarris.net\/web40\/el-sap-muntanya-inicia-una-campanya-per-reforcar-latencio-sanitaria-primaria\/#breadcrumb","itemListElement":[{"@type":"ListItem","position":1,"name":"Inici","item":"https:\/\/www.noubarris.net\/web40\/"},{"@type":"ListItem","position":2,"name":"El SAP Muntanya inicia una campanya per refor\u00e7ar l\u2019atenci\u00f3 sanit\u00e0ria prim\u00e0ria"}]},{"@type":"WebSite","@id":"https:\/\/www.noubarris.net\/web40\/#website","url":"https:\/\/www.noubarris.net\/web40\/","name":"NouBarris.Net","description":"Seguint la vida de Nou Barris des de 1985","publisher":{"@id":"https:\/\/www.noubarris.net\/web40\/#organization"},"potentialAction":[{"@type":"SearchAction","target":{"@type":"EntryPoint","urlTemplate":"https:\/\/www.noubarris.net\/web40\/?s={search_term_string}"},"query-input":{"@type":"PropertyValueSpecification","valueRequired":true,"valueName":"search_term_string"}}],"inLanguage":"ca"},{"@type":"Organization","@id":"https:\/\/www.noubarris.net\/web40\/#organization","name":"NouBarris.Net","url":"https:\/\/www.noubarris.net\/web40\/","logo":{"@type":"ImageObject","inLanguage":"ca","@id":"https:\/\/www.noubarris.net\/web40\/#\/schema\/logo\/image\/","url":"https:\/\/www.noubarris.net\/web40\/wp-content\/uploads\/2024\/11\/cropped-cropped-LOGO_9BTV-2024_Insta-1.jpg","contentUrl":"https:\/\/www.noubarris.net\/web40\/wp-content\/uploads\/2024\/11\/cropped-cropped-LOGO_9BTV-2024_Insta-1.jpg","width":512,"height":512,"caption":"NouBarris.Net"},"image":{"@id":"https:\/\/www.noubarris.net\/web40\/#\/schema\/logo\/image\/"},"sameAs":["https:\/\/www.facebook.com\/NouBarris.net\/?locale=es_ES","https:\/\/x.com\/9BTV"]},{"@type":"Person","@id":"https:\/\/www.noubarris.net\/web40\/#\/schema\/person\/1827f92aaa316c54abbf4dac0de76069","name":"Informatius","image":{"@type":"ImageObject","inLanguage":"ca","@id":"https:\/\/www.noubarris.net\/web40\/#\/schema\/person\/image\/","url":"https:\/\/secure.gravatar.com\/avatar\/87a3b47928835fc72c6ee5b0e1a7263ef0c2d05003a98189bc14926c5f11bcdb?s=96&d=mm&r=g","contentUrl":"https:\/\/secure.gravatar.com\/avatar\/87a3b47928835fc72c6ee5b0e1a7263ef0c2d05003a98189bc14926c5f11bcdb?s=96&d=mm&r=g","caption":"Informatius"},"url":"https:\/\/www.noubarris.net\/web40\/author\/tele\/"}]}},"_links":{"self":[{"href":"https:\/\/www.noubarris.net\/web40\/wp-json\/wp\/v2\/posts\/73246","targetHints":{"allow":["GET"]}}],"collection":[{"href":"https:\/\/www.noubarris.net\/web40\/wp-json\/wp\/v2\/posts"}],"about":[{"href":"https:\/\/www.noubarris.net\/web40\/wp-json\/wp\/v2\/types\/post"}],"author":[{"embeddable":true,"href":"https:\/\/www.noubarris.net\/web40\/wp-json\/wp\/v2\/users\/2"}],"replies":[{"embeddable":true,"href":"https:\/\/www.noubarris.net\/web40\/wp-json\/wp\/v2\/comments?post=73246"}],"version-history":[{"count":0,"href":"https:\/\/www.noubarris.net\/web40\/wp-json\/wp\/v2\/posts\/73246\/revisions"}],"wp:featuredmedia":[{"embeddable":true,"href":"https:\/\/www.noubarris.net\/web40\/wp-json\/wp\/v2\/media\/73248"}],"wp:attachment":[{"href":"https:\/\/www.noubarris.net\/web40\/wp-json\/wp\/v2\/media?parent=73246"}],"wp:term":[{"taxonomy":"category","embeddable":true,"href":"https:\/\/www.noubarris.net\/web40\/wp-json\/wp\/v2\/categories?post=73246"},{"taxonomy":"post_tag","embeddable":true,"href":"https:\/\/www.noubarris.net\/web40\/wp-json\/wp\/v2\/tags?post=73246"}],"curies":[{"name":"wp","href":"https:\/\/api.w.org\/{rel}","templated":true}]}}