{"id":73257,"date":"2018-11-09T00:00:05","date_gmt":"2018-11-08T22:00:05","guid":{"rendered":"http:\/\/www.noubarris.net\/web40\/?p=73257"},"modified":"2018-11-08T16:26:53","modified_gmt":"2018-11-08T14:26:53","slug":"els-paradistes-decideixen-a-finals-de-mes-si-volen-un-nou-mercat-de-montserrat","status":"publish","type":"post","link":"https:\/\/www.noubarris.net\/web40\/els-paradistes-decideixen-a-finals-de-mes-si-volen-un-nou-mercat-de-montserrat\/","title":{"rendered":"Els paradistes decideixen a finals de mes si volen un nou Mercat de Montserrat"},"content":{"rendered":"<p><strong>El principal fre \u00e9s la forta inversi\u00f3 econ\u00f2mica que suposa instal\u00b7lar una nova parada <\/strong><\/p>\n<p>El proper dia 26 de novembre els paradistes del Mercat de Montserrat decidiran si volen traslladar-se a un nou equipament. L\u2019Institut de Mercats i la junta de paradistes ja van arribar a un acord que preveu la construcci\u00f3 d\u2019un mercat nou adjacent a l\u2019actual per al 2020-21. El projecte contempla reduir el mercat a 25 parades i modernitzar-lo, encabir-hi un supermercat, construir un aparcament i urbanitzar l\u2019entorn de l\u2019equipament amb una zona verda. La iniciativa il\u00b7lusiona molts paradistes, que creuen que continuar amb l\u2019actual mercat significa una mort ag\u00f2nica. Tot i aix\u00f2, l\u2019elevada inversi\u00f3 que suposa instal\u00b7lar una parada nova posa fre al somni de molts. Un altre factor a tenir en compte \u00e9s que la mitjana d\u2019edat dels paradistes \u00e9s d\u2019uns 50 anys i que molts d\u2019ells no tenen relleu per al negoci.<\/p>\n<p>La junta de paradistes es mant\u00e9 optimista i espera que el resultat de la votaci\u00f3 sigui un s\u00ed. Compten amb algunes baixes per jubilaci\u00f3, dels comerciants m\u00e9s grans sense relleu, i que tamb\u00e9 alguns paradistes decidiran tancar i acceptar les indemnitzacions. \u00a0Per\u00f2 tamb\u00e9 confien en que la meitat dels quaranta paradistes continu\u00ef amb el negoci en el futur mercat. Des de la junta dels paradistes es destaca el gran esfor\u00e7 que hauran de fer per instal\u00b7lar parades noves (amb un cost que pot arribar als 150.000 euros en alguns casos). \u00c9s per aix\u00f2 que demanen algun tipus d\u2019ajudes a l\u2019Institut de Mercats que faci m\u00e9s f\u00e0cil el trasllat del negoci.<\/p>\n<p>Segons l\u2019opini\u00f3 de molts paradistes, el nou equipament \u00e9s vital per a la superviv\u00e8ncia del mercat. De fet, per a molts arriba tard. A hores d\u2019ara el mercat t\u00e9 obertes dos ter\u00e7os del total de les parades. La resta de negocis han anat tancant en els darrers anys. Les instal\u00b7lacions de l\u2019actual mercat estan obsoletes, a l\u2019hivern fa fred i a l\u2019estiu calor, no disposa de serveis en condicions, manquen places d\u2019aparcament per als clients i no s\u2019obre a les tardes. Tot plegat fa que poc a poc els paradistes vegin com es redueixen cada cop m\u00e9s les vendes i els ingressos en un mercat que fa temps havia estat un punt de refer\u00e8ncia per al territori i un lloc de peregrinatge de molts compradors provinents d\u2019altres barris.<\/p>\n","protected":false},"excerpt":{"rendered":"<p>El principal fre \u00e9s la forta inversi\u00f3 econ\u00f2mica que suposa instal\u00b7lar una nova parada El proper dia 26 de novembre<\/p>\n","protected":false},"author":2,"featured_media":73259,"comment_status":"closed","ping_status":"closed","sticky":false,"template":"","format":"standard","meta":{"colormag_page_layout":"default_layout","_monsterinsights_skip_tracking":false,"_monsterinsights_sitenote_active":false,"_monsterinsights_sitenote_note":"","_monsterinsights_sitenote_category":0,"footnotes":""},"categories":[136,124,302],"tags":[153,444,49,230],"class_list":["post-73257","post","type-post","status-publish","format-standard","has-post-thumbnail","hentry","category-les-roquetes","category-societat","category-urbanisme","tag-comerc","tag-economia","tag-les-roquetes","tag-mercat-de-montserrat"],"yoast_head":"<!-- This site is optimized with the Yoast SEO plugin v25.3 - https:\/\/yoast.com\/wordpress\/plugins\/seo\/ -->\n<title>Els paradistes decideixen a finals de mes si volen un nou Mercat de Montserrat - NouBarris.Net<\/title>\n<meta name=\"robots\" content=\"index, follow, max-snippet:-1, max-image-preview:large, max-video-preview:-1\" \/>\n<link rel=\"canonical\" href=\"https:\/\/www.noubarris.net\/web40\/els-paradistes-decideixen-a-finals-de-mes-si-volen-un-nou-mercat-de-montserrat\/\" \/>\n<meta property=\"og:locale\" content=\"ca_ES\" \/>\n<meta property=\"og:type\" content=\"article\" \/>\n<meta property=\"og:title\" content=\"Els paradistes decideixen a finals de mes si volen un nou Mercat de Montserrat - NouBarris.Net\" \/>\n<meta property=\"og:description\" content=\"El principal fre \u00e9s la forta inversi\u00f3 econ\u00f2mica que suposa instal\u00b7lar una nova parada El proper dia 26 de novembre\" \/>\n<meta property=\"og:url\" content=\"https:\/\/www.noubarris.net\/web40\/els-paradistes-decideixen-a-finals-de-mes-si-volen-un-nou-mercat-de-montserrat\/\" \/>\n<meta property=\"og:site_name\" content=\"NouBarris.Net\" \/>\n<meta property=\"article:publisher\" content=\"https:\/\/www.facebook.com\/NouBarris.net\/?locale=es_ES\" \/>\n<meta property=\"article:published_time\" content=\"2018-11-08T22:00:05+00:00\" \/>\n<meta property=\"og:image\" content=\"https:\/\/www.noubarris.net\/web40\/wp-content\/uploads\/2018\/11\/091118.jpg\" \/>\n\t<meta property=\"og:image:width\" content=\"768\" \/>\n\t<meta property=\"og:image:height\" content=\"432\" \/>\n\t<meta property=\"og:image:type\" content=\"image\/jpeg\" \/>\n<meta name=\"author\" content=\"Informatius\" \/>\n<meta name=\"twitter:card\" content=\"summary_large_image\" \/>\n<meta name=\"twitter:creator\" content=\"@9BTV\" \/>\n<meta name=\"twitter:site\" content=\"@9BTV\" \/>\n<meta name=\"twitter:label1\" content=\"Escrit per\" \/>\n\t<meta name=\"twitter:data1\" content=\"Informatius\" \/>\n\t<meta name=\"twitter:label2\" content=\"Temps estimat de lectura\" \/>\n\t<meta name=\"twitter:data2\" content=\"2 minuts\" \/>\n<script type=\"application\/ld+json\" class=\"yoast-schema-graph\">{\"@context\":\"https:\/\/schema.org\",\"@graph\":[{\"@type\":\"Article\",\"@id\":\"https:\/\/www.noubarris.net\/web40\/els-paradistes-decideixen-a-finals-de-mes-si-volen-un-nou-mercat-de-montserrat\/#article\",\"isPartOf\":{\"@id\":\"https:\/\/www.noubarris.net\/web40\/els-paradistes-decideixen-a-finals-de-mes-si-volen-un-nou-mercat-de-montserrat\/\"},\"author\":{\"name\":\"Informatius\",\"@id\":\"https:\/\/www.noubarris.net\/web40\/#\/schema\/person\/1827f92aaa316c54abbf4dac0de76069\"},\"headline\":\"Els paradistes decideixen a finals de mes si volen un nou Mercat de Montserrat\",\"datePublished\":\"2018-11-08T22:00:05+00:00\",\"mainEntityOfPage\":{\"@id\":\"https:\/\/www.noubarris.net\/web40\/els-paradistes-decideixen-a-finals-de-mes-si-volen-un-nou-mercat-de-montserrat\/\"},\"wordCount\":430,\"publisher\":{\"@id\":\"https:\/\/www.noubarris.net\/web40\/#organization\"},\"image\":{\"@id\":\"https:\/\/www.noubarris.net\/web40\/els-paradistes-decideixen-a-finals-de-mes-si-volen-un-nou-mercat-de-montserrat\/#primaryimage\"},\"thumbnailUrl\":\"https:\/\/www.noubarris.net\/web40\/wp-content\/uploads\/2018\/11\/091118.jpg\",\"keywords\":[\"Comer\u00e7\",\"Economia\",\"Les Roquetes\",\"Mercat de Montserrat\"],\"articleSection\":[\"Les Roquetes\",\"Societat\",\"Urbanisme\"],\"inLanguage\":\"ca\"},{\"@type\":\"WebPage\",\"@id\":\"https:\/\/www.noubarris.net\/web40\/els-paradistes-decideixen-a-finals-de-mes-si-volen-un-nou-mercat-de-montserrat\/\",\"url\":\"https:\/\/www.noubarris.net\/web40\/els-paradistes-decideixen-a-finals-de-mes-si-volen-un-nou-mercat-de-montserrat\/\",\"name\":\"Els paradistes decideixen a finals de mes si volen un nou Mercat de Montserrat - NouBarris.Net\",\"isPartOf\":{\"@id\":\"https:\/\/www.noubarris.net\/web40\/#website\"},\"primaryImageOfPage\":{\"@id\":\"https:\/\/www.noubarris.net\/web40\/els-paradistes-decideixen-a-finals-de-mes-si-volen-un-nou-mercat-de-montserrat\/#primaryimage\"},\"image\":{\"@id\":\"https:\/\/www.noubarris.net\/web40\/els-paradistes-decideixen-a-finals-de-mes-si-volen-un-nou-mercat-de-montserrat\/#primaryimage\"},\"thumbnailUrl\":\"https:\/\/www.noubarris.net\/web40\/wp-content\/uploads\/2018\/11\/091118.jpg\",\"datePublished\":\"2018-11-08T22:00:05+00:00\",\"breadcrumb\":{\"@id\":\"https:\/\/www.noubarris.net\/web40\/els-paradistes-decideixen-a-finals-de-mes-si-volen-un-nou-mercat-de-montserrat\/#breadcrumb\"},\"inLanguage\":\"ca\",\"potentialAction\":[{\"@type\":\"ReadAction\",\"target\":[\"https:\/\/www.noubarris.net\/web40\/els-paradistes-decideixen-a-finals-de-mes-si-volen-un-nou-mercat-de-montserrat\/\"]}]},{\"@type\":\"ImageObject\",\"inLanguage\":\"ca\",\"@id\":\"https:\/\/www.noubarris.net\/web40\/els-paradistes-decideixen-a-finals-de-mes-si-volen-un-nou-mercat-de-montserrat\/#primaryimage\",\"url\":\"https:\/\/www.noubarris.net\/web40\/wp-content\/uploads\/2018\/11\/091118.jpg\",\"contentUrl\":\"https:\/\/www.noubarris.net\/web40\/wp-content\/uploads\/2018\/11\/091118.jpg\",\"width\":768,\"height\":432},{\"@type\":\"BreadcrumbList\",\"@id\":\"https:\/\/www.noubarris.net\/web40\/els-paradistes-decideixen-a-finals-de-mes-si-volen-un-nou-mercat-de-montserrat\/#breadcrumb\",\"itemListElement\":[{\"@type\":\"ListItem\",\"position\":1,\"name\":\"Inici\",\"item\":\"https:\/\/www.noubarris.net\/web40\/\"},{\"@type\":\"ListItem\",\"position\":2,\"name\":\"Els paradistes decideixen a finals de mes si volen un nou Mercat de Montserrat\"}]},{\"@type\":\"WebSite\",\"@id\":\"https:\/\/www.noubarris.net\/web40\/#website\",\"url\":\"https:\/\/www.noubarris.net\/web40\/\",\"name\":\"NouBarris.Net\",\"description\":\"Seguint la vida de Nou Barris des de 1985\",\"publisher\":{\"@id\":\"https:\/\/www.noubarris.net\/web40\/#organization\"},\"potentialAction\":[{\"@type\":\"SearchAction\",\"target\":{\"@type\":\"EntryPoint\",\"urlTemplate\":\"https:\/\/www.noubarris.net\/web40\/?s={search_term_string}\"},\"query-input\":{\"@type\":\"PropertyValueSpecification\",\"valueRequired\":true,\"valueName\":\"search_term_string\"}}],\"inLanguage\":\"ca\"},{\"@type\":\"Organization\",\"@id\":\"https:\/\/www.noubarris.net\/web40\/#organization\",\"name\":\"NouBarris.Net\",\"url\":\"https:\/\/www.noubarris.net\/web40\/\",\"logo\":{\"@type\":\"ImageObject\",\"inLanguage\":\"ca\",\"@id\":\"https:\/\/www.noubarris.net\/web40\/#\/schema\/logo\/image\/\",\"url\":\"https:\/\/www.noubarris.net\/web40\/wp-content\/uploads\/2024\/11\/cropped-cropped-LOGO_9BTV-2024_Insta-1.jpg\",\"contentUrl\":\"https:\/\/www.noubarris.net\/web40\/wp-content\/uploads\/2024\/11\/cropped-cropped-LOGO_9BTV-2024_Insta-1.jpg\",\"width\":512,\"height\":512,\"caption\":\"NouBarris.Net\"},\"image\":{\"@id\":\"https:\/\/www.noubarris.net\/web40\/#\/schema\/logo\/image\/\"},\"sameAs\":[\"https:\/\/www.facebook.com\/NouBarris.net\/?locale=es_ES\",\"https:\/\/x.com\/9BTV\"]},{\"@type\":\"Person\",\"@id\":\"https:\/\/www.noubarris.net\/web40\/#\/schema\/person\/1827f92aaa316c54abbf4dac0de76069\",\"name\":\"Informatius\",\"image\":{\"@type\":\"ImageObject\",\"inLanguage\":\"ca\",\"@id\":\"https:\/\/www.noubarris.net\/web40\/#\/schema\/person\/image\/\",\"url\":\"https:\/\/secure.gravatar.com\/avatar\/87a3b47928835fc72c6ee5b0e1a7263ef0c2d05003a98189bc14926c5f11bcdb?s=96&d=mm&r=g\",\"contentUrl\":\"https:\/\/secure.gravatar.com\/avatar\/87a3b47928835fc72c6ee5b0e1a7263ef0c2d05003a98189bc14926c5f11bcdb?s=96&d=mm&r=g\",\"caption\":\"Informatius\"},\"url\":\"https:\/\/www.noubarris.net\/web40\/author\/tele\/\"}]}<\/script>\n<!-- \/ Yoast SEO plugin. -->","yoast_head_json":{"title":"Els paradistes decideixen a finals de mes si volen un nou Mercat de Montserrat - NouBarris.Net","robots":{"index":"index","follow":"follow","max-snippet":"max-snippet:-1","max-image-preview":"max-image-preview:large","max-video-preview":"max-video-preview:-1"},"canonical":"https:\/\/www.noubarris.net\/web40\/els-paradistes-decideixen-a-finals-de-mes-si-volen-un-nou-mercat-de-montserrat\/","og_locale":"ca_ES","og_type":"article","og_title":"Els paradistes decideixen a finals de mes si volen un nou Mercat de Montserrat - NouBarris.Net","og_description":"El principal fre \u00e9s la forta inversi\u00f3 econ\u00f2mica que suposa instal\u00b7lar una nova parada El proper dia 26 de novembre","og_url":"https:\/\/www.noubarris.net\/web40\/els-paradistes-decideixen-a-finals-de-mes-si-volen-un-nou-mercat-de-montserrat\/","og_site_name":"NouBarris.Net","article_publisher":"https:\/\/www.facebook.com\/NouBarris.net\/?locale=es_ES","article_published_time":"2018-11-08T22:00:05+00:00","og_image":[{"width":768,"height":432,"url":"https:\/\/www.noubarris.net\/web40\/wp-content\/uploads\/2018\/11\/091118.jpg","type":"image\/jpeg"}],"author":"Informatius","twitter_card":"summary_large_image","twitter_creator":"@9BTV","twitter_site":"@9BTV","twitter_misc":{"Escrit per":"Informatius","Temps estimat de lectura":"2 minuts"},"schema":{"@context":"https:\/\/schema.org","@graph":[{"@type":"Article","@id":"https:\/\/www.noubarris.net\/web40\/els-paradistes-decideixen-a-finals-de-mes-si-volen-un-nou-mercat-de-montserrat\/#article","isPartOf":{"@id":"https:\/\/www.noubarris.net\/web40\/els-paradistes-decideixen-a-finals-de-mes-si-volen-un-nou-mercat-de-montserrat\/"},"author":{"name":"Informatius","@id":"https:\/\/www.noubarris.net\/web40\/#\/schema\/person\/1827f92aaa316c54abbf4dac0de76069"},"headline":"Els paradistes decideixen a finals de mes si volen un nou Mercat de Montserrat","datePublished":"2018-11-08T22:00:05+00:00","mainEntityOfPage":{"@id":"https:\/\/www.noubarris.net\/web40\/els-paradistes-decideixen-a-finals-de-mes-si-volen-un-nou-mercat-de-montserrat\/"},"wordCount":430,"publisher":{"@id":"https:\/\/www.noubarris.net\/web40\/#organization"},"image":{"@id":"https:\/\/www.noubarris.net\/web40\/els-paradistes-decideixen-a-finals-de-mes-si-volen-un-nou-mercat-de-montserrat\/#primaryimage"},"thumbnailUrl":"https:\/\/www.noubarris.net\/web40\/wp-content\/uploads\/2018\/11\/091118.jpg","keywords":["Comer\u00e7","Economia","Les Roquetes","Mercat de Montserrat"],"articleSection":["Les Roquetes","Societat","Urbanisme"],"inLanguage":"ca"},{"@type":"WebPage","@id":"https:\/\/www.noubarris.net\/web40\/els-paradistes-decideixen-a-finals-de-mes-si-volen-un-nou-mercat-de-montserrat\/","url":"https:\/\/www.noubarris.net\/web40\/els-paradistes-decideixen-a-finals-de-mes-si-volen-un-nou-mercat-de-montserrat\/","name":"Els paradistes decideixen a finals de mes si volen un nou Mercat de Montserrat - NouBarris.Net","isPartOf":{"@id":"https:\/\/www.noubarris.net\/web40\/#website"},"primaryImageOfPage":{"@id":"https:\/\/www.noubarris.net\/web40\/els-paradistes-decideixen-a-finals-de-mes-si-volen-un-nou-mercat-de-montserrat\/#primaryimage"},"image":{"@id":"https:\/\/www.noubarris.net\/web40\/els-paradistes-decideixen-a-finals-de-mes-si-volen-un-nou-mercat-de-montserrat\/#primaryimage"},"thumbnailUrl":"https:\/\/www.noubarris.net\/web40\/wp-content\/uploads\/2018\/11\/091118.jpg","datePublished":"2018-11-08T22:00:05+00:00","breadcrumb":{"@id":"https:\/\/www.noubarris.net\/web40\/els-paradistes-decideixen-a-finals-de-mes-si-volen-un-nou-mercat-de-montserrat\/#breadcrumb"},"inLanguage":"ca","potentialAction":[{"@type":"ReadAction","target":["https:\/\/www.noubarris.net\/web40\/els-paradistes-decideixen-a-finals-de-mes-si-volen-un-nou-mercat-de-montserrat\/"]}]},{"@type":"ImageObject","inLanguage":"ca","@id":"https:\/\/www.noubarris.net\/web40\/els-paradistes-decideixen-a-finals-de-mes-si-volen-un-nou-mercat-de-montserrat\/#primaryimage","url":"https:\/\/www.noubarris.net\/web40\/wp-content\/uploads\/2018\/11\/091118.jpg","contentUrl":"https:\/\/www.noubarris.net\/web40\/wp-content\/uploads\/2018\/11\/091118.jpg","width":768,"height":432},{"@type":"BreadcrumbList","@id":"https:\/\/www.noubarris.net\/web40\/els-paradistes-decideixen-a-finals-de-mes-si-volen-un-nou-mercat-de-montserrat\/#breadcrumb","itemListElement":[{"@type":"ListItem","position":1,"name":"Inici","item":"https:\/\/www.noubarris.net\/web40\/"},{"@type":"ListItem","position":2,"name":"Els paradistes decideixen a finals de mes si volen un nou Mercat de Montserrat"}]},{"@type":"WebSite","@id":"https:\/\/www.noubarris.net\/web40\/#website","url":"https:\/\/www.noubarris.net\/web40\/","name":"NouBarris.Net","description":"Seguint la vida de Nou Barris des de 1985","publisher":{"@id":"https:\/\/www.noubarris.net\/web40\/#organization"},"potentialAction":[{"@type":"SearchAction","target":{"@type":"EntryPoint","urlTemplate":"https:\/\/www.noubarris.net\/web40\/?s={search_term_string}"},"query-input":{"@type":"PropertyValueSpecification","valueRequired":true,"valueName":"search_term_string"}}],"inLanguage":"ca"},{"@type":"Organization","@id":"https:\/\/www.noubarris.net\/web40\/#organization","name":"NouBarris.Net","url":"https:\/\/www.noubarris.net\/web40\/","logo":{"@type":"ImageObject","inLanguage":"ca","@id":"https:\/\/www.noubarris.net\/web40\/#\/schema\/logo\/image\/","url":"https:\/\/www.noubarris.net\/web40\/wp-content\/uploads\/2024\/11\/cropped-cropped-LOGO_9BTV-2024_Insta-1.jpg","contentUrl":"https:\/\/www.noubarris.net\/web40\/wp-content\/uploads\/2024\/11\/cropped-cropped-LOGO_9BTV-2024_Insta-1.jpg","width":512,"height":512,"caption":"NouBarris.Net"},"image":{"@id":"https:\/\/www.noubarris.net\/web40\/#\/schema\/logo\/image\/"},"sameAs":["https:\/\/www.facebook.com\/NouBarris.net\/?locale=es_ES","https:\/\/x.com\/9BTV"]},{"@type":"Person","@id":"https:\/\/www.noubarris.net\/web40\/#\/schema\/person\/1827f92aaa316c54abbf4dac0de76069","name":"Informatius","image":{"@type":"ImageObject","inLanguage":"ca","@id":"https:\/\/www.noubarris.net\/web40\/#\/schema\/person\/image\/","url":"https:\/\/secure.gravatar.com\/avatar\/87a3b47928835fc72c6ee5b0e1a7263ef0c2d05003a98189bc14926c5f11bcdb?s=96&d=mm&r=g","contentUrl":"https:\/\/secure.gravatar.com\/avatar\/87a3b47928835fc72c6ee5b0e1a7263ef0c2d05003a98189bc14926c5f11bcdb?s=96&d=mm&r=g","caption":"Informatius"},"url":"https:\/\/www.noubarris.net\/web40\/author\/tele\/"}]}},"_links":{"self":[{"href":"https:\/\/www.noubarris.net\/web40\/wp-json\/wp\/v2\/posts\/73257","targetHints":{"allow":["GET"]}}],"collection":[{"href":"https:\/\/www.noubarris.net\/web40\/wp-json\/wp\/v2\/posts"}],"about":[{"href":"https:\/\/www.noubarris.net\/web40\/wp-json\/wp\/v2\/types\/post"}],"author":[{"embeddable":true,"href":"https:\/\/www.noubarris.net\/web40\/wp-json\/wp\/v2\/users\/2"}],"replies":[{"embeddable":true,"href":"https:\/\/www.noubarris.net\/web40\/wp-json\/wp\/v2\/comments?post=73257"}],"version-history":[{"count":0,"href":"https:\/\/www.noubarris.net\/web40\/wp-json\/wp\/v2\/posts\/73257\/revisions"}],"wp:featuredmedia":[{"embeddable":true,"href":"https:\/\/www.noubarris.net\/web40\/wp-json\/wp\/v2\/media\/73259"}],"wp:attachment":[{"href":"https:\/\/www.noubarris.net\/web40\/wp-json\/wp\/v2\/media?parent=73257"}],"wp:term":[{"taxonomy":"category","embeddable":true,"href":"https:\/\/www.noubarris.net\/web40\/wp-json\/wp\/v2\/categories?post=73257"},{"taxonomy":"post_tag","embeddable":true,"href":"https:\/\/www.noubarris.net\/web40\/wp-json\/wp\/v2\/tags?post=73257"}],"curies":[{"name":"wp","href":"https:\/\/api.w.org\/{rel}","templated":true}]}}