{"id":73280,"date":"2018-11-14T00:00:53","date_gmt":"2018-11-13T22:00:53","guid":{"rendered":"http:\/\/www.noubarris.net\/web40\/?p=73280"},"modified":"2018-11-13T15:32:03","modified_gmt":"2018-11-13T13:32:03","slug":"la-placa-dhumberto-rivas-pendent-de-batejar-oficialment","status":"publish","type":"post","link":"https:\/\/www.noubarris.net\/web40\/la-placa-dhumberto-rivas-pendent-de-batejar-oficialment\/","title":{"rendered":"La pla\u00e7a d\u2019Humberto Rivas pendent de batejar oficialment"},"content":{"rendered":"<p><strong>Els ve\u00efns denuncien que els tr\u00e0mits burocr\u00e0tics amb Nomencl\u00e0tor sumen ja quatre anys de retard<\/strong><\/p>\n<p>La pla\u00e7a d\u2019Humberto Rivas continua sent avui dia un espai sense nom. El ve\u00efns denuncien que les plaques de nomencl\u00e0tor que han d\u2019identificar l\u2019indret amb el nom del fot\u00f2graf argent\u00ed no arriben. Fa quatre anys, un error burocr\u00e0tic va retardar els tr\u00e0mits. Nomencl\u00e0tor va batejar per error la pla\u00e7a situada a l\u2019entrada de Can Bast\u00e9 en lloc de l\u2019espai situat al darrera, espai que entitats i ve\u00efns volen dedicar al fot\u00f2graf que va deixar empremta al centre c\u00edvic Can Bast\u00e9. \u00a0Precisament aquesta pla\u00e7a \u00e9s un dels espais expositius a l\u2019aire lliure que fa servir centre en determinades ocasions.<\/p>\n<p>Al juliol passat es va corregir l\u2019error, i es va decidir nombrar l\u2019espai de davant del centre c\u00edvic com a pla\u00e7a de Can Bast\u00e9 i el de darrera com pla\u00e7a d\u2019Humberto Rivas. Un any despr\u00e9s, per\u00f2, encara no hi ha instal\u00b7lada cap placa que identifiqui tots dos espais. \u00a0Els ve\u00efns demanen a l\u2019Ajuntament i Nomencl\u00e0tor que agilitzi el proc\u00e9s per poder inaugurar oficialment la pla\u00e7a d\u2019Humberto Rivas. Fa uns anys, ja es va fer de manera simb\u00f2lica amb la pres\u00e8ncia de familiars i amics del fot\u00f2graf. L\u2019AV del Tur\u00f3 de la Peira i el centre c\u00edvic Can Bast\u00e9 van enganxar diverses plaques de paper a la pla\u00e7a, unes plaques que amb el temps ja han desaparegut.<\/p>\n","protected":false},"excerpt":{"rendered":"<p>Els ve\u00efns denuncien que els tr\u00e0mits burocr\u00e0tics amb Nomencl\u00e0tor sumen ja quatre anys de retard La pla\u00e7a d\u2019Humberto Rivas continua<\/p>\n","protected":false},"author":2,"featured_media":73281,"comment_status":"closed","ping_status":"closed","sticky":false,"template":"","format":"standard","meta":{"colormag_page_layout":"default_layout","_monsterinsights_skip_tracking":false,"_monsterinsights_sitenote_active":false,"_monsterinsights_sitenote_note":"","_monsterinsights_sitenote_category":0,"footnotes":""},"categories":[139,302],"tags":[88,246,527],"class_list":["post-73280","post","type-post","status-publish","format-standard","has-post-thumbnail","hentry","category-el-turo-de-la-peira","category-urbanisme","tag-can-baste","tag-el-turo-de-la-peira","tag-nomenclator"],"yoast_head":"<!-- This site is optimized with the Yoast SEO plugin v25.3 - https:\/\/yoast.com\/wordpress\/plugins\/seo\/ -->\n<title>La pla\u00e7a d\u2019Humberto Rivas pendent de batejar oficialment - NouBarris.Net<\/title>\n<meta name=\"robots\" content=\"index, follow, max-snippet:-1, max-image-preview:large, max-video-preview:-1\" \/>\n<link rel=\"canonical\" href=\"https:\/\/www.noubarris.net\/web40\/la-placa-dhumberto-rivas-pendent-de-batejar-oficialment\/\" \/>\n<meta property=\"og:locale\" content=\"ca_ES\" \/>\n<meta property=\"og:type\" content=\"article\" \/>\n<meta property=\"og:title\" content=\"La pla\u00e7a d\u2019Humberto Rivas pendent de batejar oficialment - NouBarris.Net\" \/>\n<meta property=\"og:description\" content=\"Els ve\u00efns denuncien que els tr\u00e0mits burocr\u00e0tics amb Nomencl\u00e0tor sumen ja quatre anys de retard La pla\u00e7a d\u2019Humberto Rivas continua\" \/>\n<meta property=\"og:url\" content=\"https:\/\/www.noubarris.net\/web40\/la-placa-dhumberto-rivas-pendent-de-batejar-oficialment\/\" \/>\n<meta property=\"og:site_name\" content=\"NouBarris.Net\" \/>\n<meta property=\"article:publisher\" content=\"https:\/\/www.facebook.com\/NouBarris.net\/?locale=es_ES\" \/>\n<meta property=\"article:published_time\" content=\"2018-11-13T22:00:53+00:00\" \/>\n<meta property=\"og:image\" content=\"https:\/\/www.noubarris.net\/web40\/wp-content\/uploads\/2018\/11\/141118_humberto_rivas.jpg\" \/>\n\t<meta property=\"og:image:width\" content=\"1024\" \/>\n\t<meta property=\"og:image:height\" content=\"576\" \/>\n\t<meta property=\"og:image:type\" content=\"image\/jpeg\" \/>\n<meta name=\"author\" content=\"Informatius\" \/>\n<meta name=\"twitter:card\" content=\"summary_large_image\" \/>\n<meta name=\"twitter:creator\" content=\"@9BTV\" \/>\n<meta name=\"twitter:site\" content=\"@9BTV\" \/>\n<meta name=\"twitter:label1\" content=\"Escrit per\" \/>\n\t<meta name=\"twitter:data1\" content=\"Informatius\" \/>\n\t<meta name=\"twitter:label2\" content=\"Temps estimat de lectura\" \/>\n\t<meta name=\"twitter:data2\" content=\"1 minut\" \/>\n<script type=\"application\/ld+json\" class=\"yoast-schema-graph\">{\"@context\":\"https:\/\/schema.org\",\"@graph\":[{\"@type\":\"Article\",\"@id\":\"https:\/\/www.noubarris.net\/web40\/la-placa-dhumberto-rivas-pendent-de-batejar-oficialment\/#article\",\"isPartOf\":{\"@id\":\"https:\/\/www.noubarris.net\/web40\/la-placa-dhumberto-rivas-pendent-de-batejar-oficialment\/\"},\"author\":{\"name\":\"Informatius\",\"@id\":\"https:\/\/www.noubarris.net\/web40\/#\/schema\/person\/1827f92aaa316c54abbf4dac0de76069\"},\"headline\":\"La pla\u00e7a d\u2019Humberto Rivas pendent de batejar oficialment\",\"datePublished\":\"2018-11-13T22:00:53+00:00\",\"mainEntityOfPage\":{\"@id\":\"https:\/\/www.noubarris.net\/web40\/la-placa-dhumberto-rivas-pendent-de-batejar-oficialment\/\"},\"wordCount\":281,\"publisher\":{\"@id\":\"https:\/\/www.noubarris.net\/web40\/#organization\"},\"image\":{\"@id\":\"https:\/\/www.noubarris.net\/web40\/la-placa-dhumberto-rivas-pendent-de-batejar-oficialment\/#primaryimage\"},\"thumbnailUrl\":\"https:\/\/www.noubarris.net\/web40\/wp-content\/uploads\/2018\/11\/141118_humberto_rivas.jpg\",\"keywords\":[\"Can Bast\u00e9\",\"El Tur\u00f3 de la Peira\",\"nomencl\u00e0tor\"],\"articleSection\":[\"El Tur\u00f3 de la Peira\",\"Urbanisme\"],\"inLanguage\":\"ca\"},{\"@type\":\"WebPage\",\"@id\":\"https:\/\/www.noubarris.net\/web40\/la-placa-dhumberto-rivas-pendent-de-batejar-oficialment\/\",\"url\":\"https:\/\/www.noubarris.net\/web40\/la-placa-dhumberto-rivas-pendent-de-batejar-oficialment\/\",\"name\":\"La pla\u00e7a d\u2019Humberto Rivas pendent de batejar oficialment - NouBarris.Net\",\"isPartOf\":{\"@id\":\"https:\/\/www.noubarris.net\/web40\/#website\"},\"primaryImageOfPage\":{\"@id\":\"https:\/\/www.noubarris.net\/web40\/la-placa-dhumberto-rivas-pendent-de-batejar-oficialment\/#primaryimage\"},\"image\":{\"@id\":\"https:\/\/www.noubarris.net\/web40\/la-placa-dhumberto-rivas-pendent-de-batejar-oficialment\/#primaryimage\"},\"thumbnailUrl\":\"https:\/\/www.noubarris.net\/web40\/wp-content\/uploads\/2018\/11\/141118_humberto_rivas.jpg\",\"datePublished\":\"2018-11-13T22:00:53+00:00\",\"breadcrumb\":{\"@id\":\"https:\/\/www.noubarris.net\/web40\/la-placa-dhumberto-rivas-pendent-de-batejar-oficialment\/#breadcrumb\"},\"inLanguage\":\"ca\",\"potentialAction\":[{\"@type\":\"ReadAction\",\"target\":[\"https:\/\/www.noubarris.net\/web40\/la-placa-dhumberto-rivas-pendent-de-batejar-oficialment\/\"]}]},{\"@type\":\"ImageObject\",\"inLanguage\":\"ca\",\"@id\":\"https:\/\/www.noubarris.net\/web40\/la-placa-dhumberto-rivas-pendent-de-batejar-oficialment\/#primaryimage\",\"url\":\"https:\/\/www.noubarris.net\/web40\/wp-content\/uploads\/2018\/11\/141118_humberto_rivas.jpg\",\"contentUrl\":\"https:\/\/www.noubarris.net\/web40\/wp-content\/uploads\/2018\/11\/141118_humberto_rivas.jpg\",\"width\":1024,\"height\":576},{\"@type\":\"BreadcrumbList\",\"@id\":\"https:\/\/www.noubarris.net\/web40\/la-placa-dhumberto-rivas-pendent-de-batejar-oficialment\/#breadcrumb\",\"itemListElement\":[{\"@type\":\"ListItem\",\"position\":1,\"name\":\"Inici\",\"item\":\"https:\/\/www.noubarris.net\/web40\/\"},{\"@type\":\"ListItem\",\"position\":2,\"name\":\"La pla\u00e7a d\u2019Humberto Rivas pendent de batejar oficialment\"}]},{\"@type\":\"WebSite\",\"@id\":\"https:\/\/www.noubarris.net\/web40\/#website\",\"url\":\"https:\/\/www.noubarris.net\/web40\/\",\"name\":\"NouBarris.Net\",\"description\":\"Seguint la vida de Nou Barris des de 1985\",\"publisher\":{\"@id\":\"https:\/\/www.noubarris.net\/web40\/#organization\"},\"potentialAction\":[{\"@type\":\"SearchAction\",\"target\":{\"@type\":\"EntryPoint\",\"urlTemplate\":\"https:\/\/www.noubarris.net\/web40\/?s={search_term_string}\"},\"query-input\":{\"@type\":\"PropertyValueSpecification\",\"valueRequired\":true,\"valueName\":\"search_term_string\"}}],\"inLanguage\":\"ca\"},{\"@type\":\"Organization\",\"@id\":\"https:\/\/www.noubarris.net\/web40\/#organization\",\"name\":\"NouBarris.Net\",\"url\":\"https:\/\/www.noubarris.net\/web40\/\",\"logo\":{\"@type\":\"ImageObject\",\"inLanguage\":\"ca\",\"@id\":\"https:\/\/www.noubarris.net\/web40\/#\/schema\/logo\/image\/\",\"url\":\"https:\/\/www.noubarris.net\/web40\/wp-content\/uploads\/2024\/11\/cropped-cropped-LOGO_9BTV-2024_Insta-1.jpg\",\"contentUrl\":\"https:\/\/www.noubarris.net\/web40\/wp-content\/uploads\/2024\/11\/cropped-cropped-LOGO_9BTV-2024_Insta-1.jpg\",\"width\":512,\"height\":512,\"caption\":\"NouBarris.Net\"},\"image\":{\"@id\":\"https:\/\/www.noubarris.net\/web40\/#\/schema\/logo\/image\/\"},\"sameAs\":[\"https:\/\/www.facebook.com\/NouBarris.net\/?locale=es_ES\",\"https:\/\/x.com\/9BTV\"]},{\"@type\":\"Person\",\"@id\":\"https:\/\/www.noubarris.net\/web40\/#\/schema\/person\/1827f92aaa316c54abbf4dac0de76069\",\"name\":\"Informatius\",\"image\":{\"@type\":\"ImageObject\",\"inLanguage\":\"ca\",\"@id\":\"https:\/\/www.noubarris.net\/web40\/#\/schema\/person\/image\/\",\"url\":\"https:\/\/secure.gravatar.com\/avatar\/87a3b47928835fc72c6ee5b0e1a7263ef0c2d05003a98189bc14926c5f11bcdb?s=96&d=mm&r=g\",\"contentUrl\":\"https:\/\/secure.gravatar.com\/avatar\/87a3b47928835fc72c6ee5b0e1a7263ef0c2d05003a98189bc14926c5f11bcdb?s=96&d=mm&r=g\",\"caption\":\"Informatius\"},\"url\":\"https:\/\/www.noubarris.net\/web40\/author\/tele\/\"}]}<\/script>\n<!-- \/ Yoast SEO plugin. -->","yoast_head_json":{"title":"La pla\u00e7a d\u2019Humberto Rivas pendent de batejar oficialment - NouBarris.Net","robots":{"index":"index","follow":"follow","max-snippet":"max-snippet:-1","max-image-preview":"max-image-preview:large","max-video-preview":"max-video-preview:-1"},"canonical":"https:\/\/www.noubarris.net\/web40\/la-placa-dhumberto-rivas-pendent-de-batejar-oficialment\/","og_locale":"ca_ES","og_type":"article","og_title":"La pla\u00e7a d\u2019Humberto Rivas pendent de batejar oficialment - NouBarris.Net","og_description":"Els ve\u00efns denuncien que els tr\u00e0mits burocr\u00e0tics amb Nomencl\u00e0tor sumen ja quatre anys de retard La pla\u00e7a d\u2019Humberto Rivas continua","og_url":"https:\/\/www.noubarris.net\/web40\/la-placa-dhumberto-rivas-pendent-de-batejar-oficialment\/","og_site_name":"NouBarris.Net","article_publisher":"https:\/\/www.facebook.com\/NouBarris.net\/?locale=es_ES","article_published_time":"2018-11-13T22:00:53+00:00","og_image":[{"width":1024,"height":576,"url":"https:\/\/www.noubarris.net\/web40\/wp-content\/uploads\/2018\/11\/141118_humberto_rivas.jpg","type":"image\/jpeg"}],"author":"Informatius","twitter_card":"summary_large_image","twitter_creator":"@9BTV","twitter_site":"@9BTV","twitter_misc":{"Escrit per":"Informatius","Temps estimat de lectura":"1 minut"},"schema":{"@context":"https:\/\/schema.org","@graph":[{"@type":"Article","@id":"https:\/\/www.noubarris.net\/web40\/la-placa-dhumberto-rivas-pendent-de-batejar-oficialment\/#article","isPartOf":{"@id":"https:\/\/www.noubarris.net\/web40\/la-placa-dhumberto-rivas-pendent-de-batejar-oficialment\/"},"author":{"name":"Informatius","@id":"https:\/\/www.noubarris.net\/web40\/#\/schema\/person\/1827f92aaa316c54abbf4dac0de76069"},"headline":"La pla\u00e7a d\u2019Humberto Rivas pendent de batejar oficialment","datePublished":"2018-11-13T22:00:53+00:00","mainEntityOfPage":{"@id":"https:\/\/www.noubarris.net\/web40\/la-placa-dhumberto-rivas-pendent-de-batejar-oficialment\/"},"wordCount":281,"publisher":{"@id":"https:\/\/www.noubarris.net\/web40\/#organization"},"image":{"@id":"https:\/\/www.noubarris.net\/web40\/la-placa-dhumberto-rivas-pendent-de-batejar-oficialment\/#primaryimage"},"thumbnailUrl":"https:\/\/www.noubarris.net\/web40\/wp-content\/uploads\/2018\/11\/141118_humberto_rivas.jpg","keywords":["Can Bast\u00e9","El Tur\u00f3 de la Peira","nomencl\u00e0tor"],"articleSection":["El Tur\u00f3 de la Peira","Urbanisme"],"inLanguage":"ca"},{"@type":"WebPage","@id":"https:\/\/www.noubarris.net\/web40\/la-placa-dhumberto-rivas-pendent-de-batejar-oficialment\/","url":"https:\/\/www.noubarris.net\/web40\/la-placa-dhumberto-rivas-pendent-de-batejar-oficialment\/","name":"La pla\u00e7a d\u2019Humberto Rivas pendent de batejar oficialment - NouBarris.Net","isPartOf":{"@id":"https:\/\/www.noubarris.net\/web40\/#website"},"primaryImageOfPage":{"@id":"https:\/\/www.noubarris.net\/web40\/la-placa-dhumberto-rivas-pendent-de-batejar-oficialment\/#primaryimage"},"image":{"@id":"https:\/\/www.noubarris.net\/web40\/la-placa-dhumberto-rivas-pendent-de-batejar-oficialment\/#primaryimage"},"thumbnailUrl":"https:\/\/www.noubarris.net\/web40\/wp-content\/uploads\/2018\/11\/141118_humberto_rivas.jpg","datePublished":"2018-11-13T22:00:53+00:00","breadcrumb":{"@id":"https:\/\/www.noubarris.net\/web40\/la-placa-dhumberto-rivas-pendent-de-batejar-oficialment\/#breadcrumb"},"inLanguage":"ca","potentialAction":[{"@type":"ReadAction","target":["https:\/\/www.noubarris.net\/web40\/la-placa-dhumberto-rivas-pendent-de-batejar-oficialment\/"]}]},{"@type":"ImageObject","inLanguage":"ca","@id":"https:\/\/www.noubarris.net\/web40\/la-placa-dhumberto-rivas-pendent-de-batejar-oficialment\/#primaryimage","url":"https:\/\/www.noubarris.net\/web40\/wp-content\/uploads\/2018\/11\/141118_humberto_rivas.jpg","contentUrl":"https:\/\/www.noubarris.net\/web40\/wp-content\/uploads\/2018\/11\/141118_humberto_rivas.jpg","width":1024,"height":576},{"@type":"BreadcrumbList","@id":"https:\/\/www.noubarris.net\/web40\/la-placa-dhumberto-rivas-pendent-de-batejar-oficialment\/#breadcrumb","itemListElement":[{"@type":"ListItem","position":1,"name":"Inici","item":"https:\/\/www.noubarris.net\/web40\/"},{"@type":"ListItem","position":2,"name":"La pla\u00e7a d\u2019Humberto Rivas pendent de batejar oficialment"}]},{"@type":"WebSite","@id":"https:\/\/www.noubarris.net\/web40\/#website","url":"https:\/\/www.noubarris.net\/web40\/","name":"NouBarris.Net","description":"Seguint la vida de Nou Barris des de 1985","publisher":{"@id":"https:\/\/www.noubarris.net\/web40\/#organization"},"potentialAction":[{"@type":"SearchAction","target":{"@type":"EntryPoint","urlTemplate":"https:\/\/www.noubarris.net\/web40\/?s={search_term_string}"},"query-input":{"@type":"PropertyValueSpecification","valueRequired":true,"valueName":"search_term_string"}}],"inLanguage":"ca"},{"@type":"Organization","@id":"https:\/\/www.noubarris.net\/web40\/#organization","name":"NouBarris.Net","url":"https:\/\/www.noubarris.net\/web40\/","logo":{"@type":"ImageObject","inLanguage":"ca","@id":"https:\/\/www.noubarris.net\/web40\/#\/schema\/logo\/image\/","url":"https:\/\/www.noubarris.net\/web40\/wp-content\/uploads\/2024\/11\/cropped-cropped-LOGO_9BTV-2024_Insta-1.jpg","contentUrl":"https:\/\/www.noubarris.net\/web40\/wp-content\/uploads\/2024\/11\/cropped-cropped-LOGO_9BTV-2024_Insta-1.jpg","width":512,"height":512,"caption":"NouBarris.Net"},"image":{"@id":"https:\/\/www.noubarris.net\/web40\/#\/schema\/logo\/image\/"},"sameAs":["https:\/\/www.facebook.com\/NouBarris.net\/?locale=es_ES","https:\/\/x.com\/9BTV"]},{"@type":"Person","@id":"https:\/\/www.noubarris.net\/web40\/#\/schema\/person\/1827f92aaa316c54abbf4dac0de76069","name":"Informatius","image":{"@type":"ImageObject","inLanguage":"ca","@id":"https:\/\/www.noubarris.net\/web40\/#\/schema\/person\/image\/","url":"https:\/\/secure.gravatar.com\/avatar\/87a3b47928835fc72c6ee5b0e1a7263ef0c2d05003a98189bc14926c5f11bcdb?s=96&d=mm&r=g","contentUrl":"https:\/\/secure.gravatar.com\/avatar\/87a3b47928835fc72c6ee5b0e1a7263ef0c2d05003a98189bc14926c5f11bcdb?s=96&d=mm&r=g","caption":"Informatius"},"url":"https:\/\/www.noubarris.net\/web40\/author\/tele\/"}]}},"_links":{"self":[{"href":"https:\/\/www.noubarris.net\/web40\/wp-json\/wp\/v2\/posts\/73280","targetHints":{"allow":["GET"]}}],"collection":[{"href":"https:\/\/www.noubarris.net\/web40\/wp-json\/wp\/v2\/posts"}],"about":[{"href":"https:\/\/www.noubarris.net\/web40\/wp-json\/wp\/v2\/types\/post"}],"author":[{"embeddable":true,"href":"https:\/\/www.noubarris.net\/web40\/wp-json\/wp\/v2\/users\/2"}],"replies":[{"embeddable":true,"href":"https:\/\/www.noubarris.net\/web40\/wp-json\/wp\/v2\/comments?post=73280"}],"version-history":[{"count":0,"href":"https:\/\/www.noubarris.net\/web40\/wp-json\/wp\/v2\/posts\/73280\/revisions"}],"wp:featuredmedia":[{"embeddable":true,"href":"https:\/\/www.noubarris.net\/web40\/wp-json\/wp\/v2\/media\/73281"}],"wp:attachment":[{"href":"https:\/\/www.noubarris.net\/web40\/wp-json\/wp\/v2\/media?parent=73280"}],"wp:term":[{"taxonomy":"category","embeddable":true,"href":"https:\/\/www.noubarris.net\/web40\/wp-json\/wp\/v2\/categories?post=73280"},{"taxonomy":"post_tag","embeddable":true,"href":"https:\/\/www.noubarris.net\/web40\/wp-json\/wp\/v2\/tags?post=73280"}],"curies":[{"name":"wp","href":"https:\/\/api.w.org\/{rel}","templated":true}]}}