{"id":73286,"date":"2018-11-16T00:00:36","date_gmt":"2018-11-15T22:00:36","guid":{"rendered":"http:\/\/www.noubarris.net\/web40\/?p=73286"},"modified":"2018-11-15T17:59:50","modified_gmt":"2018-11-15T15:59:50","slug":"el-barri-de-porta-unit-contra-lespeculacio-als-terrenys-de-la-maladeta","status":"publish","type":"post","link":"https:\/\/www.noubarris.net\/web40\/el-barri-de-porta-unit-contra-lespeculacio-als-terrenys-de-la-maladeta\/","title":{"rendered":"El barri de Porta unit contra l\u2019especulaci\u00f3 als terrenys de la Maladeta"},"content":{"rendered":"<p><strong>S&#8217;activa una iniciativa ciutadana per introduir el tema a l\u2019ordre del dia del Consell Plenari \u00a0<\/strong><\/p>\n<p>L\u2019AV de Porta acaba d\u2019engegar una iniciativa ciutadana per aconseguir fer fora les constructores i que els terrenys de la Maladeta esdevinguin un espai p\u00fablic. L\u2019amena\u00e7a d\u2019una nova llic\u00e8ncia d\u2019obres en un dels solars ha estat el detonant definitiu per posar en peu de guerra al barri. Al consell de barri de Porta, els ve\u00efns van reclamar a l\u2019Ajuntament una soluci\u00f3 que faci que els terrenys siguin p\u00fablics. El govern, per\u00f2, va argumentar que pol\u00edticament no es pot aturar una llic\u00e8ncia si aquesta compleix tots els requisits t\u00e8cnics. Tamb\u00e9 es va reafirmar en la idea que comprar amb diners p\u00fablics els terrenys a les promotores privades no seria la millor opci\u00f3. \u00c9s per aix\u00f2 que van tornar a convidar els ve\u00efns a reunir-se a tres bandes per aconseguir el consens. Els ve\u00efns, per\u00f2, es mantenen ferms en la defensa d\u2019aquest espai, ocupat parcialment per uns horts urbans, com a espai p\u00fablic i ja preparen mobilitzacions.<\/p>\n<p>El promotor d\u2019un dels solars de la Maladeta va presentar la setmana passada una llic\u00e8ncia per construir al terreny. La not\u00edcia ha alarmat als ve\u00efns, que no volen m\u00e9s pisos al barri. Fa uns mesos, una altra de les promotores ja va presentar una llic\u00e8ncia per a un dels solars que actualment ocupen els horts, per\u00f2 aquesta va ser desestimada perqu\u00e8 no complia els requisits t\u00e8cnics. A la part de dalt dels terrenys s\u2019ha de construir un projecte \u00fanic. La llic\u00e8ncia que s\u2019acaba de presentar, per\u00f2, podria ser acceptada ja que pertany als solars de la part de baix, sense horts, i on es pot construir per separat, sense acord entre les promotores. La consellera representant del barri de Porta, Esther Flaquer, va informar als ve\u00efns que l\u2019Ajuntament no pot aturar el proc\u00e9s per la via pol\u00edtica: \u00a0\u201cEns han presentat una llic\u00e8ncia amb un projecte i de moment ha entrat la llic\u00e8ncia, que s\u2019est\u00e0 estudiant, per\u00f2 si compleix tots els requisits, nosaltres com a Ajuntament, en aquests moments, no podrem dir que no.\u201d<\/p>\n<p>Les entitats del barri, liderades per l\u2019AV de Porta, han comen\u00e7at una iniciativa ciutadana per introduir al Consell Plenari els solars de la Maladeta com a punt de l\u2019ordre del dia. \u201cVolem recollir un m\u00ednim de 800 i a partir d\u2019aqu\u00ed introduir una pregunta molt simple al plenari del districte \u2013 explica Albert Villacampa, presidents de l\u2019AV Porta &#8211; Consistir\u00e0 en preguntar a cada partit si volem que els solars de Maladeta siguin un espai p\u00fablic.\u201d<\/p>\n<p>Per la seva banda, l\u2019Ajuntament es nega a adquirir la propietat dels terrenys negociant amb les promotores. \u201cEns trobem en una situaci\u00f3 que ning\u00fa ens agrada, aix\u00f2 \u00e9s cert. \u2013 argumenta Carlos Izquierdo, conseller t\u00e8cnic de Nou Barri &#8211; \u00a0La pregunta que ens fem i que ja ha fet la regidora \u00e9s que no sabem si la soluci\u00f3 per a aquest cas particular de Maladeta passa per pagar diners p\u00fablics a un especulador que el que est\u00e0 fent precisament \u00e9s especular.\u201d \u00a0\u00c9s per aix\u00f2 que tornen a oferir la possibilitat de crear una taula amb totes les parts per trobar un consens. Per a les entitats, per\u00f2, la resposta l\u2019han de donar les administracions. De moment, a banda de la recollida de signatures, ja preparen mobilitzacions en defensa de l\u2019espai.<\/p>\n<p>&nbsp;<\/p>\n","protected":false},"excerpt":{"rendered":"<p>S&#8217;activa una iniciativa ciutadana per introduir el tema a l\u2019ordre del dia del Consell Plenari \u00a0 L\u2019AV de Porta acaba<\/p>\n","protected":false},"author":2,"featured_media":73288,"comment_status":"closed","ping_status":"closed","sticky":false,"template":"","format":"standard","meta":{"colormag_page_layout":"default_layout","_monsterinsights_skip_tracking":false,"_monsterinsights_sitenote_active":false,"_monsterinsights_sitenote_note":"","_monsterinsights_sitenote_category":0,"footnotes":""},"categories":[484,134,302],"tags":[331,606,44,428],"class_list":["post-73286","post","type-post","status-publish","format-standard","has-post-thumbnail","hentry","category-participacio","category-porta","category-urbanisme","tag-consell-de-barri","tag-horts-maladeta","tag-porta","tag-queixes"],"yoast_head":"<!-- This site is optimized with the Yoast SEO plugin v25.3 - https:\/\/yoast.com\/wordpress\/plugins\/seo\/ -->\n<title>El barri de Porta unit contra l\u2019especulaci\u00f3 als terrenys de la Maladeta - NouBarris.Net<\/title>\n<meta name=\"robots\" content=\"index, follow, max-snippet:-1, max-image-preview:large, max-video-preview:-1\" \/>\n<link rel=\"canonical\" href=\"https:\/\/www.noubarris.net\/web40\/el-barri-de-porta-unit-contra-lespeculacio-als-terrenys-de-la-maladeta\/\" \/>\n<meta property=\"og:locale\" content=\"ca_ES\" \/>\n<meta property=\"og:type\" content=\"article\" \/>\n<meta property=\"og:title\" content=\"El barri de Porta unit contra l\u2019especulaci\u00f3 als terrenys de la Maladeta - NouBarris.Net\" \/>\n<meta property=\"og:description\" content=\"S&#8217;activa una iniciativa ciutadana per introduir el tema a l\u2019ordre del dia del Consell Plenari \u00a0 L\u2019AV de Porta acaba\" \/>\n<meta property=\"og:url\" content=\"https:\/\/www.noubarris.net\/web40\/el-barri-de-porta-unit-contra-lespeculacio-als-terrenys-de-la-maladeta\/\" \/>\n<meta property=\"og:site_name\" content=\"NouBarris.Net\" \/>\n<meta property=\"article:publisher\" content=\"https:\/\/www.facebook.com\/NouBarris.net\/?locale=es_ES\" \/>\n<meta property=\"article:published_time\" content=\"2018-11-15T22:00:36+00:00\" \/>\n<meta property=\"og:image\" content=\"https:\/\/www.noubarris.net\/web40\/wp-content\/uploads\/2018\/11\/161118.jpg\" \/>\n\t<meta property=\"og:image:width\" content=\"768\" \/>\n\t<meta property=\"og:image:height\" content=\"432\" \/>\n\t<meta property=\"og:image:type\" content=\"image\/jpeg\" \/>\n<meta name=\"author\" content=\"Informatius\" \/>\n<meta name=\"twitter:card\" content=\"summary_large_image\" \/>\n<meta name=\"twitter:creator\" content=\"@9BTV\" \/>\n<meta name=\"twitter:site\" content=\"@9BTV\" \/>\n<meta name=\"twitter:label1\" content=\"Escrit per\" \/>\n\t<meta name=\"twitter:data1\" content=\"Informatius\" \/>\n\t<meta name=\"twitter:label2\" content=\"Temps estimat de lectura\" \/>\n\t<meta name=\"twitter:data2\" content=\"3 minuts\" \/>\n<script type=\"application\/ld+json\" class=\"yoast-schema-graph\">{\"@context\":\"https:\/\/schema.org\",\"@graph\":[{\"@type\":\"Article\",\"@id\":\"https:\/\/www.noubarris.net\/web40\/el-barri-de-porta-unit-contra-lespeculacio-als-terrenys-de-la-maladeta\/#article\",\"isPartOf\":{\"@id\":\"https:\/\/www.noubarris.net\/web40\/el-barri-de-porta-unit-contra-lespeculacio-als-terrenys-de-la-maladeta\/\"},\"author\":{\"name\":\"Informatius\",\"@id\":\"https:\/\/www.noubarris.net\/web40\/#\/schema\/person\/1827f92aaa316c54abbf4dac0de76069\"},\"headline\":\"El barri de Porta unit contra l\u2019especulaci\u00f3 als terrenys de la Maladeta\",\"datePublished\":\"2018-11-15T22:00:36+00:00\",\"mainEntityOfPage\":{\"@id\":\"https:\/\/www.noubarris.net\/web40\/el-barri-de-porta-unit-contra-lespeculacio-als-terrenys-de-la-maladeta\/\"},\"wordCount\":610,\"publisher\":{\"@id\":\"https:\/\/www.noubarris.net\/web40\/#organization\"},\"image\":{\"@id\":\"https:\/\/www.noubarris.net\/web40\/el-barri-de-porta-unit-contra-lespeculacio-als-terrenys-de-la-maladeta\/#primaryimage\"},\"thumbnailUrl\":\"https:\/\/www.noubarris.net\/web40\/wp-content\/uploads\/2018\/11\/161118.jpg\",\"keywords\":[\"Consell de barri\",\"horts maladeta\",\"Porta\",\"Queixes\"],\"articleSection\":[\"Participaci\u00f3\",\"Porta\",\"Urbanisme\"],\"inLanguage\":\"ca\"},{\"@type\":\"WebPage\",\"@id\":\"https:\/\/www.noubarris.net\/web40\/el-barri-de-porta-unit-contra-lespeculacio-als-terrenys-de-la-maladeta\/\",\"url\":\"https:\/\/www.noubarris.net\/web40\/el-barri-de-porta-unit-contra-lespeculacio-als-terrenys-de-la-maladeta\/\",\"name\":\"El barri de Porta unit contra l\u2019especulaci\u00f3 als terrenys de la Maladeta - NouBarris.Net\",\"isPartOf\":{\"@id\":\"https:\/\/www.noubarris.net\/web40\/#website\"},\"primaryImageOfPage\":{\"@id\":\"https:\/\/www.noubarris.net\/web40\/el-barri-de-porta-unit-contra-lespeculacio-als-terrenys-de-la-maladeta\/#primaryimage\"},\"image\":{\"@id\":\"https:\/\/www.noubarris.net\/web40\/el-barri-de-porta-unit-contra-lespeculacio-als-terrenys-de-la-maladeta\/#primaryimage\"},\"thumbnailUrl\":\"https:\/\/www.noubarris.net\/web40\/wp-content\/uploads\/2018\/11\/161118.jpg\",\"datePublished\":\"2018-11-15T22:00:36+00:00\",\"breadcrumb\":{\"@id\":\"https:\/\/www.noubarris.net\/web40\/el-barri-de-porta-unit-contra-lespeculacio-als-terrenys-de-la-maladeta\/#breadcrumb\"},\"inLanguage\":\"ca\",\"potentialAction\":[{\"@type\":\"ReadAction\",\"target\":[\"https:\/\/www.noubarris.net\/web40\/el-barri-de-porta-unit-contra-lespeculacio-als-terrenys-de-la-maladeta\/\"]}]},{\"@type\":\"ImageObject\",\"inLanguage\":\"ca\",\"@id\":\"https:\/\/www.noubarris.net\/web40\/el-barri-de-porta-unit-contra-lespeculacio-als-terrenys-de-la-maladeta\/#primaryimage\",\"url\":\"https:\/\/www.noubarris.net\/web40\/wp-content\/uploads\/2018\/11\/161118.jpg\",\"contentUrl\":\"https:\/\/www.noubarris.net\/web40\/wp-content\/uploads\/2018\/11\/161118.jpg\",\"width\":768,\"height\":432},{\"@type\":\"BreadcrumbList\",\"@id\":\"https:\/\/www.noubarris.net\/web40\/el-barri-de-porta-unit-contra-lespeculacio-als-terrenys-de-la-maladeta\/#breadcrumb\",\"itemListElement\":[{\"@type\":\"ListItem\",\"position\":1,\"name\":\"Inici\",\"item\":\"https:\/\/www.noubarris.net\/web40\/\"},{\"@type\":\"ListItem\",\"position\":2,\"name\":\"El barri de Porta unit contra l\u2019especulaci\u00f3 als terrenys de la Maladeta\"}]},{\"@type\":\"WebSite\",\"@id\":\"https:\/\/www.noubarris.net\/web40\/#website\",\"url\":\"https:\/\/www.noubarris.net\/web40\/\",\"name\":\"NouBarris.Net\",\"description\":\"Seguint la vida de Nou Barris des de 1985\",\"publisher\":{\"@id\":\"https:\/\/www.noubarris.net\/web40\/#organization\"},\"potentialAction\":[{\"@type\":\"SearchAction\",\"target\":{\"@type\":\"EntryPoint\",\"urlTemplate\":\"https:\/\/www.noubarris.net\/web40\/?s={search_term_string}\"},\"query-input\":{\"@type\":\"PropertyValueSpecification\",\"valueRequired\":true,\"valueName\":\"search_term_string\"}}],\"inLanguage\":\"ca\"},{\"@type\":\"Organization\",\"@id\":\"https:\/\/www.noubarris.net\/web40\/#organization\",\"name\":\"NouBarris.Net\",\"url\":\"https:\/\/www.noubarris.net\/web40\/\",\"logo\":{\"@type\":\"ImageObject\",\"inLanguage\":\"ca\",\"@id\":\"https:\/\/www.noubarris.net\/web40\/#\/schema\/logo\/image\/\",\"url\":\"https:\/\/www.noubarris.net\/web40\/wp-content\/uploads\/2024\/11\/cropped-cropped-LOGO_9BTV-2024_Insta-1.jpg\",\"contentUrl\":\"https:\/\/www.noubarris.net\/web40\/wp-content\/uploads\/2024\/11\/cropped-cropped-LOGO_9BTV-2024_Insta-1.jpg\",\"width\":512,\"height\":512,\"caption\":\"NouBarris.Net\"},\"image\":{\"@id\":\"https:\/\/www.noubarris.net\/web40\/#\/schema\/logo\/image\/\"},\"sameAs\":[\"https:\/\/www.facebook.com\/NouBarris.net\/?locale=es_ES\",\"https:\/\/x.com\/9BTV\"]},{\"@type\":\"Person\",\"@id\":\"https:\/\/www.noubarris.net\/web40\/#\/schema\/person\/1827f92aaa316c54abbf4dac0de76069\",\"name\":\"Informatius\",\"image\":{\"@type\":\"ImageObject\",\"inLanguage\":\"ca\",\"@id\":\"https:\/\/www.noubarris.net\/web40\/#\/schema\/person\/image\/\",\"url\":\"https:\/\/secure.gravatar.com\/avatar\/87a3b47928835fc72c6ee5b0e1a7263ef0c2d05003a98189bc14926c5f11bcdb?s=96&d=mm&r=g\",\"contentUrl\":\"https:\/\/secure.gravatar.com\/avatar\/87a3b47928835fc72c6ee5b0e1a7263ef0c2d05003a98189bc14926c5f11bcdb?s=96&d=mm&r=g\",\"caption\":\"Informatius\"},\"url\":\"https:\/\/www.noubarris.net\/web40\/author\/tele\/\"}]}<\/script>\n<!-- \/ Yoast SEO plugin. -->","yoast_head_json":{"title":"El barri de Porta unit contra l\u2019especulaci\u00f3 als terrenys de la Maladeta - NouBarris.Net","robots":{"index":"index","follow":"follow","max-snippet":"max-snippet:-1","max-image-preview":"max-image-preview:large","max-video-preview":"max-video-preview:-1"},"canonical":"https:\/\/www.noubarris.net\/web40\/el-barri-de-porta-unit-contra-lespeculacio-als-terrenys-de-la-maladeta\/","og_locale":"ca_ES","og_type":"article","og_title":"El barri de Porta unit contra l\u2019especulaci\u00f3 als terrenys de la Maladeta - NouBarris.Net","og_description":"S&#8217;activa una iniciativa ciutadana per introduir el tema a l\u2019ordre del dia del Consell Plenari \u00a0 L\u2019AV de Porta acaba","og_url":"https:\/\/www.noubarris.net\/web40\/el-barri-de-porta-unit-contra-lespeculacio-als-terrenys-de-la-maladeta\/","og_site_name":"NouBarris.Net","article_publisher":"https:\/\/www.facebook.com\/NouBarris.net\/?locale=es_ES","article_published_time":"2018-11-15T22:00:36+00:00","og_image":[{"width":768,"height":432,"url":"https:\/\/www.noubarris.net\/web40\/wp-content\/uploads\/2018\/11\/161118.jpg","type":"image\/jpeg"}],"author":"Informatius","twitter_card":"summary_large_image","twitter_creator":"@9BTV","twitter_site":"@9BTV","twitter_misc":{"Escrit per":"Informatius","Temps estimat de lectura":"3 minuts"},"schema":{"@context":"https:\/\/schema.org","@graph":[{"@type":"Article","@id":"https:\/\/www.noubarris.net\/web40\/el-barri-de-porta-unit-contra-lespeculacio-als-terrenys-de-la-maladeta\/#article","isPartOf":{"@id":"https:\/\/www.noubarris.net\/web40\/el-barri-de-porta-unit-contra-lespeculacio-als-terrenys-de-la-maladeta\/"},"author":{"name":"Informatius","@id":"https:\/\/www.noubarris.net\/web40\/#\/schema\/person\/1827f92aaa316c54abbf4dac0de76069"},"headline":"El barri de Porta unit contra l\u2019especulaci\u00f3 als terrenys de la Maladeta","datePublished":"2018-11-15T22:00:36+00:00","mainEntityOfPage":{"@id":"https:\/\/www.noubarris.net\/web40\/el-barri-de-porta-unit-contra-lespeculacio-als-terrenys-de-la-maladeta\/"},"wordCount":610,"publisher":{"@id":"https:\/\/www.noubarris.net\/web40\/#organization"},"image":{"@id":"https:\/\/www.noubarris.net\/web40\/el-barri-de-porta-unit-contra-lespeculacio-als-terrenys-de-la-maladeta\/#primaryimage"},"thumbnailUrl":"https:\/\/www.noubarris.net\/web40\/wp-content\/uploads\/2018\/11\/161118.jpg","keywords":["Consell de barri","horts maladeta","Porta","Queixes"],"articleSection":["Participaci\u00f3","Porta","Urbanisme"],"inLanguage":"ca"},{"@type":"WebPage","@id":"https:\/\/www.noubarris.net\/web40\/el-barri-de-porta-unit-contra-lespeculacio-als-terrenys-de-la-maladeta\/","url":"https:\/\/www.noubarris.net\/web40\/el-barri-de-porta-unit-contra-lespeculacio-als-terrenys-de-la-maladeta\/","name":"El barri de Porta unit contra l\u2019especulaci\u00f3 als terrenys de la Maladeta - NouBarris.Net","isPartOf":{"@id":"https:\/\/www.noubarris.net\/web40\/#website"},"primaryImageOfPage":{"@id":"https:\/\/www.noubarris.net\/web40\/el-barri-de-porta-unit-contra-lespeculacio-als-terrenys-de-la-maladeta\/#primaryimage"},"image":{"@id":"https:\/\/www.noubarris.net\/web40\/el-barri-de-porta-unit-contra-lespeculacio-als-terrenys-de-la-maladeta\/#primaryimage"},"thumbnailUrl":"https:\/\/www.noubarris.net\/web40\/wp-content\/uploads\/2018\/11\/161118.jpg","datePublished":"2018-11-15T22:00:36+00:00","breadcrumb":{"@id":"https:\/\/www.noubarris.net\/web40\/el-barri-de-porta-unit-contra-lespeculacio-als-terrenys-de-la-maladeta\/#breadcrumb"},"inLanguage":"ca","potentialAction":[{"@type":"ReadAction","target":["https:\/\/www.noubarris.net\/web40\/el-barri-de-porta-unit-contra-lespeculacio-als-terrenys-de-la-maladeta\/"]}]},{"@type":"ImageObject","inLanguage":"ca","@id":"https:\/\/www.noubarris.net\/web40\/el-barri-de-porta-unit-contra-lespeculacio-als-terrenys-de-la-maladeta\/#primaryimage","url":"https:\/\/www.noubarris.net\/web40\/wp-content\/uploads\/2018\/11\/161118.jpg","contentUrl":"https:\/\/www.noubarris.net\/web40\/wp-content\/uploads\/2018\/11\/161118.jpg","width":768,"height":432},{"@type":"BreadcrumbList","@id":"https:\/\/www.noubarris.net\/web40\/el-barri-de-porta-unit-contra-lespeculacio-als-terrenys-de-la-maladeta\/#breadcrumb","itemListElement":[{"@type":"ListItem","position":1,"name":"Inici","item":"https:\/\/www.noubarris.net\/web40\/"},{"@type":"ListItem","position":2,"name":"El barri de Porta unit contra l\u2019especulaci\u00f3 als terrenys de la Maladeta"}]},{"@type":"WebSite","@id":"https:\/\/www.noubarris.net\/web40\/#website","url":"https:\/\/www.noubarris.net\/web40\/","name":"NouBarris.Net","description":"Seguint la vida de Nou Barris des de 1985","publisher":{"@id":"https:\/\/www.noubarris.net\/web40\/#organization"},"potentialAction":[{"@type":"SearchAction","target":{"@type":"EntryPoint","urlTemplate":"https:\/\/www.noubarris.net\/web40\/?s={search_term_string}"},"query-input":{"@type":"PropertyValueSpecification","valueRequired":true,"valueName":"search_term_string"}}],"inLanguage":"ca"},{"@type":"Organization","@id":"https:\/\/www.noubarris.net\/web40\/#organization","name":"NouBarris.Net","url":"https:\/\/www.noubarris.net\/web40\/","logo":{"@type":"ImageObject","inLanguage":"ca","@id":"https:\/\/www.noubarris.net\/web40\/#\/schema\/logo\/image\/","url":"https:\/\/www.noubarris.net\/web40\/wp-content\/uploads\/2024\/11\/cropped-cropped-LOGO_9BTV-2024_Insta-1.jpg","contentUrl":"https:\/\/www.noubarris.net\/web40\/wp-content\/uploads\/2024\/11\/cropped-cropped-LOGO_9BTV-2024_Insta-1.jpg","width":512,"height":512,"caption":"NouBarris.Net"},"image":{"@id":"https:\/\/www.noubarris.net\/web40\/#\/schema\/logo\/image\/"},"sameAs":["https:\/\/www.facebook.com\/NouBarris.net\/?locale=es_ES","https:\/\/x.com\/9BTV"]},{"@type":"Person","@id":"https:\/\/www.noubarris.net\/web40\/#\/schema\/person\/1827f92aaa316c54abbf4dac0de76069","name":"Informatius","image":{"@type":"ImageObject","inLanguage":"ca","@id":"https:\/\/www.noubarris.net\/web40\/#\/schema\/person\/image\/","url":"https:\/\/secure.gravatar.com\/avatar\/87a3b47928835fc72c6ee5b0e1a7263ef0c2d05003a98189bc14926c5f11bcdb?s=96&d=mm&r=g","contentUrl":"https:\/\/secure.gravatar.com\/avatar\/87a3b47928835fc72c6ee5b0e1a7263ef0c2d05003a98189bc14926c5f11bcdb?s=96&d=mm&r=g","caption":"Informatius"},"url":"https:\/\/www.noubarris.net\/web40\/author\/tele\/"}]}},"_links":{"self":[{"href":"https:\/\/www.noubarris.net\/web40\/wp-json\/wp\/v2\/posts\/73286","targetHints":{"allow":["GET"]}}],"collection":[{"href":"https:\/\/www.noubarris.net\/web40\/wp-json\/wp\/v2\/posts"}],"about":[{"href":"https:\/\/www.noubarris.net\/web40\/wp-json\/wp\/v2\/types\/post"}],"author":[{"embeddable":true,"href":"https:\/\/www.noubarris.net\/web40\/wp-json\/wp\/v2\/users\/2"}],"replies":[{"embeddable":true,"href":"https:\/\/www.noubarris.net\/web40\/wp-json\/wp\/v2\/comments?post=73286"}],"version-history":[{"count":0,"href":"https:\/\/www.noubarris.net\/web40\/wp-json\/wp\/v2\/posts\/73286\/revisions"}],"wp:featuredmedia":[{"embeddable":true,"href":"https:\/\/www.noubarris.net\/web40\/wp-json\/wp\/v2\/media\/73288"}],"wp:attachment":[{"href":"https:\/\/www.noubarris.net\/web40\/wp-json\/wp\/v2\/media?parent=73286"}],"wp:term":[{"taxonomy":"category","embeddable":true,"href":"https:\/\/www.noubarris.net\/web40\/wp-json\/wp\/v2\/categories?post=73286"},{"taxonomy":"post_tag","embeddable":true,"href":"https:\/\/www.noubarris.net\/web40\/wp-json\/wp\/v2\/tags?post=73286"}],"curies":[{"name":"wp","href":"https:\/\/api.w.org\/{rel}","templated":true}]}}