{"id":73289,"date":"2018-11-17T00:00:00","date_gmt":"2018-11-16T22:00:00","guid":{"rendered":"http:\/\/www.noubarris.net\/web40\/?p=73289"},"modified":"2018-11-16T13:33:32","modified_gmt":"2018-11-16T11:33:32","slug":"bloqueig-administratiu-a-la-construccio-del-nou-casal-de-joves-de-la-prosperitat","status":"publish","type":"post","link":"https:\/\/www.noubarris.net\/web40\/bloqueig-administratiu-a-la-construccio-del-nou-casal-de-joves-de-la-prosperitat\/","title":{"rendered":"Bloqueig administratiu a la construcci\u00f3 del nou Casal de Joves de la Prosperitat"},"content":{"rendered":"<p><strong>Una c\u00e0rrega econ\u00f2mica del terreny impedeix la licitaci\u00f3 del projecte<\/strong><\/p>\n<p>Els joves de la Prosperitat es mouen entre la indignaci\u00f3 i la decepci\u00f3 despr\u00e9s de con\u00e8ixer que el projecte per al nou casal queda aturat de moment. Ja tenien el disseny del projecte i les obres havien de comen\u00e7ar en els propers mesos. Per\u00f2 a l\u2019hora de licitar el projecte, ha aparegut una c\u00e0rrega econ\u00f2mica que bloqueja el proc\u00e9s. Un deute que, segons l\u2019Ajuntament, ha d\u2019assumir el Consell Comarcal del Barcelon\u00e8s per l\u2019expropiaci\u00f3 que va fer Regesa en el seu dia. \u00c9s nom\u00e9s un dels comptes pendents entre les dues administracions i sembla de soluci\u00f3 complexa.<\/p>\n<p>Els joves i les entitats de la Prosperitat reclamen el casal nou des de 2010, quan l\u2019Ajuntament va tancar l\u2019espai que tenien al carrer de Joaquim Valls per les den\u00fancies ve\u00efnals per soroll. Els joves es van traslladar al 2012 als m\u00f2duls actuals, de lloguer, i en els darrers anys han treballat amb la resta d\u2019entitats per tenir llest un concurs d\u2019idees i el disseny del nou casal de joves. Aquest s\u2019havia de construir en un solar adjacent a l\u2019equipament actual, que consisteix en una s\u00e8rie de m\u00f2duls prefabricats. Despr\u00e9s d\u2019anys de reivindicacions, el casal era aquest cop la prioritat del barri per a aquest mandat, sobretot perqu\u00e8 els m\u00f2duls s\u2019han quedat petits i s\u2019han degradat amb el temps. \u201cVam col\u00b7locar el casal de joves com a una de les actuacions estrelles d\u2019aquest mandat \u2013 explica Ricardo Domingo, president de l\u2019AV Prosperitat- \u00c9s un equipament irrenunciable. Les anaven a comen\u00e7ar abans que acab\u00e9s el mandat i de cop ens trobem aquesta sorpresa.\u201d La sorpresa s\u00f3n tres milions d\u2019euros de c\u00e0rrega econ\u00f2mica del solar.<\/p>\n<p>El problema s\u2019origina en la compra del solar que ha d\u2019acollir el nou casal. Quan els joves es traslladen als m\u00f2duls, l\u2019Ajuntament va comprar un terreny propietat de Renfe\/Adif a trav\u00e9s de Regesa, del qual el Consell Comarcal del Barcelon\u00e8s era l\u2019\u00fanic accionista. Segons explica l\u2019Ajuntament \u201cRegesa no va abonar l&#8217;import de justipreu fixat per sent\u00e8ncia a Renfe\/Adif\u201d. Regesa ha desaparegut del mapa i el Consell Comarcal est\u00e0 en liquidaci\u00f3. Per\u00f2 dins aquest proc\u00e9s de liquidaci\u00f3 queden comptes i temes pendents entre les dues administracions locals. Un dels conflictes \u00e9s el terreny del futur casal de joves. Mentre les dues administracions no arriben a una entesa per resoldre la c\u00e0rrega, no es pot licitar el projecte del casal de joves, ni cap altre relacionat amb la resta de solars de Regesa, que es trobin en casu\u00edstiques similars.<\/p>\n<p>Tot plegat ha generat desconfian\u00e7a entre els joves. \u201cNo entenem com no hi ha comunicaci\u00f3 entre departaments municipals, entre Patrimoni i Urbanisme. \u2013afirma Fran Fern\u00e1ndez, vicepresident del Casal de Joves de la Prosperitat- Si hi hagu\u00e9s hagut, s\u2019hagu\u00e9s descobert el problema des del primer minut i hagu\u00e9ssim tingut m\u00e9s temps de reacci\u00f3 per solucionar un tema que ve de molt lluny- afirma Fran Fern\u00e1ndez, vicepresident del Casal de Joves de la Prosperitat.\u201d La principal preocupaci\u00f3 que tenen ara \u00e9s el temps i l\u2019\u00fanica soluci\u00f3 que veuen \u00e9s que hi intervingui la ger\u00e8ncia central de Ajuntament. \u201cAix\u00f2 sobrepassa el Districte de Nou Barris, ha de ser l\u2019Ajuntament central qui s\u2019ha d\u2019implicar i establir com s\u2019ha de solucionar i sobretot donar-nos dates.\u201d afirma \u00c1lex Navarro, treballador del casal. \u201cSi no comencen les obres en aquest mandat, ser\u00e0 un problema, perqu\u00e8 cada mandat nou implica un reinici, un refer el proc\u00e9s i tot el que hem fet es pot perdre\u201d, es lamenta Ricardo Domingo, el president de l\u2019AV Prosperitat. Per aix\u00f2 volen tamb\u00e9 el comprom\u00eds de tots els partits pol\u00edtics que, passi el que passi la propera legislatura, el projecte de Casal de Joves de la Prosperitat es dur\u00e0 a terme.<\/p>\n","protected":false},"excerpt":{"rendered":"<p>Una c\u00e0rrega econ\u00f2mica del terreny impedeix la licitaci\u00f3 del projecte Els joves de la Prosperitat es mouen entre la indignaci\u00f3<\/p>\n","protected":false},"author":2,"featured_media":73291,"comment_status":"closed","ping_status":"closed","sticky":false,"template":"","format":"standard","meta":{"colormag_page_layout":"default_layout","_monsterinsights_skip_tracking":false,"_monsterinsights_sitenote_active":false,"_monsterinsights_sitenote_note":"","_monsterinsights_sitenote_category":0,"footnotes":""},"categories":[135],"tags":[493,121,51],"class_list":["post-73289","post","type-post","status-publish","format-standard","has-post-thumbnail","hentry","category-la-prosperitat","tag-casal-de-joves-de-la-prosperitat","tag-equipaments","tag-la-prosperitat"],"yoast_head":"<!-- This site is optimized with the Yoast SEO plugin v25.3 - https:\/\/yoast.com\/wordpress\/plugins\/seo\/ -->\n<title>Bloqueig administratiu a la construcci\u00f3 del nou Casal de Joves de la Prosperitat - NouBarris.Net<\/title>\n<meta name=\"robots\" content=\"index, follow, max-snippet:-1, max-image-preview:large, max-video-preview:-1\" \/>\n<link rel=\"canonical\" href=\"https:\/\/www.noubarris.net\/web40\/bloqueig-administratiu-a-la-construccio-del-nou-casal-de-joves-de-la-prosperitat\/\" \/>\n<meta property=\"og:locale\" content=\"ca_ES\" \/>\n<meta property=\"og:type\" content=\"article\" \/>\n<meta property=\"og:title\" content=\"Bloqueig administratiu a la construcci\u00f3 del nou Casal de Joves de la Prosperitat - NouBarris.Net\" \/>\n<meta property=\"og:description\" content=\"Una c\u00e0rrega econ\u00f2mica del terreny impedeix la licitaci\u00f3 del projecte Els joves de la Prosperitat es mouen entre la indignaci\u00f3\" \/>\n<meta property=\"og:url\" content=\"https:\/\/www.noubarris.net\/web40\/bloqueig-administratiu-a-la-construccio-del-nou-casal-de-joves-de-la-prosperitat\/\" \/>\n<meta property=\"og:site_name\" content=\"NouBarris.Net\" \/>\n<meta property=\"article:publisher\" content=\"https:\/\/www.facebook.com\/NouBarris.net\/?locale=es_ES\" \/>\n<meta property=\"article:published_time\" content=\"2018-11-16T22:00:00+00:00\" \/>\n<meta property=\"og:image\" content=\"https:\/\/www.noubarris.net\/web40\/wp-content\/uploads\/2018\/11\/171118.jpg\" \/>\n\t<meta property=\"og:image:width\" content=\"768\" \/>\n\t<meta property=\"og:image:height\" content=\"432\" \/>\n\t<meta property=\"og:image:type\" content=\"image\/jpeg\" \/>\n<meta name=\"author\" content=\"Informatius\" \/>\n<meta name=\"twitter:card\" content=\"summary_large_image\" \/>\n<meta name=\"twitter:creator\" content=\"@9BTV\" \/>\n<meta name=\"twitter:site\" content=\"@9BTV\" \/>\n<meta name=\"twitter:label1\" content=\"Escrit per\" \/>\n\t<meta name=\"twitter:data1\" content=\"Informatius\" \/>\n\t<meta name=\"twitter:label2\" content=\"Temps estimat de lectura\" \/>\n\t<meta name=\"twitter:data2\" content=\"3 minuts\" \/>\n<script type=\"application\/ld+json\" class=\"yoast-schema-graph\">{\"@context\":\"https:\/\/schema.org\",\"@graph\":[{\"@type\":\"Article\",\"@id\":\"https:\/\/www.noubarris.net\/web40\/bloqueig-administratiu-a-la-construccio-del-nou-casal-de-joves-de-la-prosperitat\/#article\",\"isPartOf\":{\"@id\":\"https:\/\/www.noubarris.net\/web40\/bloqueig-administratiu-a-la-construccio-del-nou-casal-de-joves-de-la-prosperitat\/\"},\"author\":{\"name\":\"Informatius\",\"@id\":\"https:\/\/www.noubarris.net\/web40\/#\/schema\/person\/1827f92aaa316c54abbf4dac0de76069\"},\"headline\":\"Bloqueig administratiu a la construcci\u00f3 del nou Casal de Joves de la Prosperitat\",\"datePublished\":\"2018-11-16T22:00:00+00:00\",\"mainEntityOfPage\":{\"@id\":\"https:\/\/www.noubarris.net\/web40\/bloqueig-administratiu-a-la-construccio-del-nou-casal-de-joves-de-la-prosperitat\/\"},\"wordCount\":696,\"publisher\":{\"@id\":\"https:\/\/www.noubarris.net\/web40\/#organization\"},\"image\":{\"@id\":\"https:\/\/www.noubarris.net\/web40\/bloqueig-administratiu-a-la-construccio-del-nou-casal-de-joves-de-la-prosperitat\/#primaryimage\"},\"thumbnailUrl\":\"https:\/\/www.noubarris.net\/web40\/wp-content\/uploads\/2018\/11\/171118.jpg\",\"keywords\":[\"Casal de Joves de la Prosperitat\",\"Equipaments\",\"La Prosperitat\"],\"articleSection\":[\"La Prosperitat\"],\"inLanguage\":\"ca\"},{\"@type\":\"WebPage\",\"@id\":\"https:\/\/www.noubarris.net\/web40\/bloqueig-administratiu-a-la-construccio-del-nou-casal-de-joves-de-la-prosperitat\/\",\"url\":\"https:\/\/www.noubarris.net\/web40\/bloqueig-administratiu-a-la-construccio-del-nou-casal-de-joves-de-la-prosperitat\/\",\"name\":\"Bloqueig administratiu a la construcci\u00f3 del nou Casal de Joves de la Prosperitat - NouBarris.Net\",\"isPartOf\":{\"@id\":\"https:\/\/www.noubarris.net\/web40\/#website\"},\"primaryImageOfPage\":{\"@id\":\"https:\/\/www.noubarris.net\/web40\/bloqueig-administratiu-a-la-construccio-del-nou-casal-de-joves-de-la-prosperitat\/#primaryimage\"},\"image\":{\"@id\":\"https:\/\/www.noubarris.net\/web40\/bloqueig-administratiu-a-la-construccio-del-nou-casal-de-joves-de-la-prosperitat\/#primaryimage\"},\"thumbnailUrl\":\"https:\/\/www.noubarris.net\/web40\/wp-content\/uploads\/2018\/11\/171118.jpg\",\"datePublished\":\"2018-11-16T22:00:00+00:00\",\"breadcrumb\":{\"@id\":\"https:\/\/www.noubarris.net\/web40\/bloqueig-administratiu-a-la-construccio-del-nou-casal-de-joves-de-la-prosperitat\/#breadcrumb\"},\"inLanguage\":\"ca\",\"potentialAction\":[{\"@type\":\"ReadAction\",\"target\":[\"https:\/\/www.noubarris.net\/web40\/bloqueig-administratiu-a-la-construccio-del-nou-casal-de-joves-de-la-prosperitat\/\"]}]},{\"@type\":\"ImageObject\",\"inLanguage\":\"ca\",\"@id\":\"https:\/\/www.noubarris.net\/web40\/bloqueig-administratiu-a-la-construccio-del-nou-casal-de-joves-de-la-prosperitat\/#primaryimage\",\"url\":\"https:\/\/www.noubarris.net\/web40\/wp-content\/uploads\/2018\/11\/171118.jpg\",\"contentUrl\":\"https:\/\/www.noubarris.net\/web40\/wp-content\/uploads\/2018\/11\/171118.jpg\",\"width\":768,\"height\":432},{\"@type\":\"BreadcrumbList\",\"@id\":\"https:\/\/www.noubarris.net\/web40\/bloqueig-administratiu-a-la-construccio-del-nou-casal-de-joves-de-la-prosperitat\/#breadcrumb\",\"itemListElement\":[{\"@type\":\"ListItem\",\"position\":1,\"name\":\"Inici\",\"item\":\"https:\/\/www.noubarris.net\/web40\/\"},{\"@type\":\"ListItem\",\"position\":2,\"name\":\"Bloqueig administratiu a la construcci\u00f3 del nou Casal de Joves de la Prosperitat\"}]},{\"@type\":\"WebSite\",\"@id\":\"https:\/\/www.noubarris.net\/web40\/#website\",\"url\":\"https:\/\/www.noubarris.net\/web40\/\",\"name\":\"NouBarris.Net\",\"description\":\"Seguint la vida de Nou Barris des de 1985\",\"publisher\":{\"@id\":\"https:\/\/www.noubarris.net\/web40\/#organization\"},\"potentialAction\":[{\"@type\":\"SearchAction\",\"target\":{\"@type\":\"EntryPoint\",\"urlTemplate\":\"https:\/\/www.noubarris.net\/web40\/?s={search_term_string}\"},\"query-input\":{\"@type\":\"PropertyValueSpecification\",\"valueRequired\":true,\"valueName\":\"search_term_string\"}}],\"inLanguage\":\"ca\"},{\"@type\":\"Organization\",\"@id\":\"https:\/\/www.noubarris.net\/web40\/#organization\",\"name\":\"NouBarris.Net\",\"url\":\"https:\/\/www.noubarris.net\/web40\/\",\"logo\":{\"@type\":\"ImageObject\",\"inLanguage\":\"ca\",\"@id\":\"https:\/\/www.noubarris.net\/web40\/#\/schema\/logo\/image\/\",\"url\":\"https:\/\/www.noubarris.net\/web40\/wp-content\/uploads\/2024\/11\/cropped-cropped-LOGO_9BTV-2024_Insta-1.jpg\",\"contentUrl\":\"https:\/\/www.noubarris.net\/web40\/wp-content\/uploads\/2024\/11\/cropped-cropped-LOGO_9BTV-2024_Insta-1.jpg\",\"width\":512,\"height\":512,\"caption\":\"NouBarris.Net\"},\"image\":{\"@id\":\"https:\/\/www.noubarris.net\/web40\/#\/schema\/logo\/image\/\"},\"sameAs\":[\"https:\/\/www.facebook.com\/NouBarris.net\/?locale=es_ES\",\"https:\/\/x.com\/9BTV\"]},{\"@type\":\"Person\",\"@id\":\"https:\/\/www.noubarris.net\/web40\/#\/schema\/person\/1827f92aaa316c54abbf4dac0de76069\",\"name\":\"Informatius\",\"image\":{\"@type\":\"ImageObject\",\"inLanguage\":\"ca\",\"@id\":\"https:\/\/www.noubarris.net\/web40\/#\/schema\/person\/image\/\",\"url\":\"https:\/\/secure.gravatar.com\/avatar\/87a3b47928835fc72c6ee5b0e1a7263ef0c2d05003a98189bc14926c5f11bcdb?s=96&d=mm&r=g\",\"contentUrl\":\"https:\/\/secure.gravatar.com\/avatar\/87a3b47928835fc72c6ee5b0e1a7263ef0c2d05003a98189bc14926c5f11bcdb?s=96&d=mm&r=g\",\"caption\":\"Informatius\"},\"url\":\"https:\/\/www.noubarris.net\/web40\/author\/tele\/\"}]}<\/script>\n<!-- \/ Yoast SEO plugin. -->","yoast_head_json":{"title":"Bloqueig administratiu a la construcci\u00f3 del nou Casal de Joves de la Prosperitat - NouBarris.Net","robots":{"index":"index","follow":"follow","max-snippet":"max-snippet:-1","max-image-preview":"max-image-preview:large","max-video-preview":"max-video-preview:-1"},"canonical":"https:\/\/www.noubarris.net\/web40\/bloqueig-administratiu-a-la-construccio-del-nou-casal-de-joves-de-la-prosperitat\/","og_locale":"ca_ES","og_type":"article","og_title":"Bloqueig administratiu a la construcci\u00f3 del nou Casal de Joves de la Prosperitat - NouBarris.Net","og_description":"Una c\u00e0rrega econ\u00f2mica del terreny impedeix la licitaci\u00f3 del projecte Els joves de la Prosperitat es mouen entre la indignaci\u00f3","og_url":"https:\/\/www.noubarris.net\/web40\/bloqueig-administratiu-a-la-construccio-del-nou-casal-de-joves-de-la-prosperitat\/","og_site_name":"NouBarris.Net","article_publisher":"https:\/\/www.facebook.com\/NouBarris.net\/?locale=es_ES","article_published_time":"2018-11-16T22:00:00+00:00","og_image":[{"width":768,"height":432,"url":"https:\/\/www.noubarris.net\/web40\/wp-content\/uploads\/2018\/11\/171118.jpg","type":"image\/jpeg"}],"author":"Informatius","twitter_card":"summary_large_image","twitter_creator":"@9BTV","twitter_site":"@9BTV","twitter_misc":{"Escrit per":"Informatius","Temps estimat de lectura":"3 minuts"},"schema":{"@context":"https:\/\/schema.org","@graph":[{"@type":"Article","@id":"https:\/\/www.noubarris.net\/web40\/bloqueig-administratiu-a-la-construccio-del-nou-casal-de-joves-de-la-prosperitat\/#article","isPartOf":{"@id":"https:\/\/www.noubarris.net\/web40\/bloqueig-administratiu-a-la-construccio-del-nou-casal-de-joves-de-la-prosperitat\/"},"author":{"name":"Informatius","@id":"https:\/\/www.noubarris.net\/web40\/#\/schema\/person\/1827f92aaa316c54abbf4dac0de76069"},"headline":"Bloqueig administratiu a la construcci\u00f3 del nou Casal de Joves de la Prosperitat","datePublished":"2018-11-16T22:00:00+00:00","mainEntityOfPage":{"@id":"https:\/\/www.noubarris.net\/web40\/bloqueig-administratiu-a-la-construccio-del-nou-casal-de-joves-de-la-prosperitat\/"},"wordCount":696,"publisher":{"@id":"https:\/\/www.noubarris.net\/web40\/#organization"},"image":{"@id":"https:\/\/www.noubarris.net\/web40\/bloqueig-administratiu-a-la-construccio-del-nou-casal-de-joves-de-la-prosperitat\/#primaryimage"},"thumbnailUrl":"https:\/\/www.noubarris.net\/web40\/wp-content\/uploads\/2018\/11\/171118.jpg","keywords":["Casal de Joves de la Prosperitat","Equipaments","La Prosperitat"],"articleSection":["La Prosperitat"],"inLanguage":"ca"},{"@type":"WebPage","@id":"https:\/\/www.noubarris.net\/web40\/bloqueig-administratiu-a-la-construccio-del-nou-casal-de-joves-de-la-prosperitat\/","url":"https:\/\/www.noubarris.net\/web40\/bloqueig-administratiu-a-la-construccio-del-nou-casal-de-joves-de-la-prosperitat\/","name":"Bloqueig administratiu a la construcci\u00f3 del nou Casal de Joves de la Prosperitat - NouBarris.Net","isPartOf":{"@id":"https:\/\/www.noubarris.net\/web40\/#website"},"primaryImageOfPage":{"@id":"https:\/\/www.noubarris.net\/web40\/bloqueig-administratiu-a-la-construccio-del-nou-casal-de-joves-de-la-prosperitat\/#primaryimage"},"image":{"@id":"https:\/\/www.noubarris.net\/web40\/bloqueig-administratiu-a-la-construccio-del-nou-casal-de-joves-de-la-prosperitat\/#primaryimage"},"thumbnailUrl":"https:\/\/www.noubarris.net\/web40\/wp-content\/uploads\/2018\/11\/171118.jpg","datePublished":"2018-11-16T22:00:00+00:00","breadcrumb":{"@id":"https:\/\/www.noubarris.net\/web40\/bloqueig-administratiu-a-la-construccio-del-nou-casal-de-joves-de-la-prosperitat\/#breadcrumb"},"inLanguage":"ca","potentialAction":[{"@type":"ReadAction","target":["https:\/\/www.noubarris.net\/web40\/bloqueig-administratiu-a-la-construccio-del-nou-casal-de-joves-de-la-prosperitat\/"]}]},{"@type":"ImageObject","inLanguage":"ca","@id":"https:\/\/www.noubarris.net\/web40\/bloqueig-administratiu-a-la-construccio-del-nou-casal-de-joves-de-la-prosperitat\/#primaryimage","url":"https:\/\/www.noubarris.net\/web40\/wp-content\/uploads\/2018\/11\/171118.jpg","contentUrl":"https:\/\/www.noubarris.net\/web40\/wp-content\/uploads\/2018\/11\/171118.jpg","width":768,"height":432},{"@type":"BreadcrumbList","@id":"https:\/\/www.noubarris.net\/web40\/bloqueig-administratiu-a-la-construccio-del-nou-casal-de-joves-de-la-prosperitat\/#breadcrumb","itemListElement":[{"@type":"ListItem","position":1,"name":"Inici","item":"https:\/\/www.noubarris.net\/web40\/"},{"@type":"ListItem","position":2,"name":"Bloqueig administratiu a la construcci\u00f3 del nou Casal de Joves de la Prosperitat"}]},{"@type":"WebSite","@id":"https:\/\/www.noubarris.net\/web40\/#website","url":"https:\/\/www.noubarris.net\/web40\/","name":"NouBarris.Net","description":"Seguint la vida de Nou Barris des de 1985","publisher":{"@id":"https:\/\/www.noubarris.net\/web40\/#organization"},"potentialAction":[{"@type":"SearchAction","target":{"@type":"EntryPoint","urlTemplate":"https:\/\/www.noubarris.net\/web40\/?s={search_term_string}"},"query-input":{"@type":"PropertyValueSpecification","valueRequired":true,"valueName":"search_term_string"}}],"inLanguage":"ca"},{"@type":"Organization","@id":"https:\/\/www.noubarris.net\/web40\/#organization","name":"NouBarris.Net","url":"https:\/\/www.noubarris.net\/web40\/","logo":{"@type":"ImageObject","inLanguage":"ca","@id":"https:\/\/www.noubarris.net\/web40\/#\/schema\/logo\/image\/","url":"https:\/\/www.noubarris.net\/web40\/wp-content\/uploads\/2024\/11\/cropped-cropped-LOGO_9BTV-2024_Insta-1.jpg","contentUrl":"https:\/\/www.noubarris.net\/web40\/wp-content\/uploads\/2024\/11\/cropped-cropped-LOGO_9BTV-2024_Insta-1.jpg","width":512,"height":512,"caption":"NouBarris.Net"},"image":{"@id":"https:\/\/www.noubarris.net\/web40\/#\/schema\/logo\/image\/"},"sameAs":["https:\/\/www.facebook.com\/NouBarris.net\/?locale=es_ES","https:\/\/x.com\/9BTV"]},{"@type":"Person","@id":"https:\/\/www.noubarris.net\/web40\/#\/schema\/person\/1827f92aaa316c54abbf4dac0de76069","name":"Informatius","image":{"@type":"ImageObject","inLanguage":"ca","@id":"https:\/\/www.noubarris.net\/web40\/#\/schema\/person\/image\/","url":"https:\/\/secure.gravatar.com\/avatar\/87a3b47928835fc72c6ee5b0e1a7263ef0c2d05003a98189bc14926c5f11bcdb?s=96&d=mm&r=g","contentUrl":"https:\/\/secure.gravatar.com\/avatar\/87a3b47928835fc72c6ee5b0e1a7263ef0c2d05003a98189bc14926c5f11bcdb?s=96&d=mm&r=g","caption":"Informatius"},"url":"https:\/\/www.noubarris.net\/web40\/author\/tele\/"}]}},"_links":{"self":[{"href":"https:\/\/www.noubarris.net\/web40\/wp-json\/wp\/v2\/posts\/73289","targetHints":{"allow":["GET"]}}],"collection":[{"href":"https:\/\/www.noubarris.net\/web40\/wp-json\/wp\/v2\/posts"}],"about":[{"href":"https:\/\/www.noubarris.net\/web40\/wp-json\/wp\/v2\/types\/post"}],"author":[{"embeddable":true,"href":"https:\/\/www.noubarris.net\/web40\/wp-json\/wp\/v2\/users\/2"}],"replies":[{"embeddable":true,"href":"https:\/\/www.noubarris.net\/web40\/wp-json\/wp\/v2\/comments?post=73289"}],"version-history":[{"count":0,"href":"https:\/\/www.noubarris.net\/web40\/wp-json\/wp\/v2\/posts\/73289\/revisions"}],"wp:featuredmedia":[{"embeddable":true,"href":"https:\/\/www.noubarris.net\/web40\/wp-json\/wp\/v2\/media\/73291"}],"wp:attachment":[{"href":"https:\/\/www.noubarris.net\/web40\/wp-json\/wp\/v2\/media?parent=73289"}],"wp:term":[{"taxonomy":"category","embeddable":true,"href":"https:\/\/www.noubarris.net\/web40\/wp-json\/wp\/v2\/categories?post=73289"},{"taxonomy":"post_tag","embeddable":true,"href":"https:\/\/www.noubarris.net\/web40\/wp-json\/wp\/v2\/tags?post=73289"}],"curies":[{"name":"wp","href":"https:\/\/api.w.org\/{rel}","templated":true}]}}