{"id":73590,"date":"2019-01-26T00:00:47","date_gmt":"2019-01-25T22:00:47","guid":{"rendered":"http:\/\/www.noubarris.net\/web40\/?p=73590"},"modified":"2019-01-25T12:27:12","modified_gmt":"2019-01-25T10:27:12","slug":"nou-barris-celebra-lany-nou-xines","status":"publish","type":"post","link":"https:\/\/www.noubarris.net\/web40\/nou-barris-celebra-lany-nou-xines\/","title":{"rendered":"Nou Barris celebra l&#8217;Any Nou Xin\u00e8s"},"content":{"rendered":"<p><strong>Una cercavila de lleons i dracs tradicionals encetaran el seguit d&#8217;actuacions a la pla\u00e7a d&#8217;\u00c0ngel Pesta\u00f1a<\/strong><\/p>\n<p>El nostre districte acull avui, per segon cop, la festa que marca l\u2019inici de l\u2019any segons el calendari xin\u00e8s, que oficialment comen\u00e7a el 5 de febrer. L&#8217;entitat de cultura xinesa AMANECER organitza la festa amb la col\u00b7laboraci\u00f3 de diverses entitats del territori, com ara 9 Barris Acull, el Casal de Barri de la Prosperitat i els eixos comercials. Tot comen\u00e7ar\u00e0 a les 12h a la pla\u00e7a Major de Nou Barris. Des d&#8217;aqu\u00ed partir\u00e0 una cercavila amb dracs i lleons xinesos, tot un espectacle que arribar\u00e0 fins a la pla\u00e7a d&#8217;\u00c0ngel Pesta\u00f1a, on est\u00e0 previst que s&#8217;hi duguin a terme una s\u00e8rie d&#8217;actuacions, tamb\u00e9 amb toc tradicional, a partir de les 13h.<\/p>\n<p>L&#8217;any que estrenaran els xinesos \u00e9s el del Porc, el dotz\u00e8 dels animals que, segons la llegenda, van anar a acomiadar-se seguint la crida que Buda va fer abans de partir la Terra. L&#8217;Any del Porc es\u00a0considera d\u2019abund\u00e0ncia, prosperitat i salut, de manera que es creu que els nens i nenes que neixen dins de l\u2019Any del Porc seran feli\u00e7os i honrats, i tamb\u00e9 que \u00e9s un per\u00edode \u00f2ptim per fer inversions.<\/p>\n<p>L\u2019Any Nou Xin\u00e8s, tamb\u00e9 anomenat \u201cAny Nou Llunar\u201d o \u201cFestival de la Primavera\u201d, \u00e9s la celebraci\u00f3 m\u00e9s significativa de la Xina. Es defineix com el primer dia del primer mes en el calendari tradicional xin\u00e8s. A difer\u00e8ncia del calendari occidental, que es basa en un calendari solar, el calendari oriental xin\u00e8s es basa en un calendari\u00a0lunisolar, \u00e9s a dir, la data indica tant la fase de la lluna com l\u2019\u00e8poca de l\u2019any solar.\u00a0 El calendari lunar xin\u00e8s \u00e9s el registre m\u00e9s llarg cronol\u00f2gic de la hist\u00f2ria, ja que data de 2.637 a. de C., quan es va introduir el primer cicle del zod\u00edac.<\/p>\n","protected":false},"excerpt":{"rendered":"<p>Una cercavila de lleons i dracs tradicionals encetaran el seguit d&#8217;actuacions a la pla\u00e7a d&#8217;\u00c0ngel Pesta\u00f1a El nostre districte acull<\/p>\n","protected":false},"author":2,"featured_media":73592,"comment_status":"closed","ping_status":"closed","sticky":false,"template":"","format":"standard","meta":{"colormag_page_layout":"default_layout","_monsterinsights_skip_tracking":false,"_monsterinsights_sitenote_active":false,"_monsterinsights_sitenote_note":"","_monsterinsights_sitenote_category":0,"footnotes":""},"categories":[129,1],"tags":[234,511,64,319],"class_list":["post-73590","post","type-post","status-publish","format-standard","has-post-thumbnail","hentry","category-cultura","category-nou-barris","tag-cultura","tag-diversitat","tag-festes","tag-nou-barris"],"yoast_head":"<!-- This site is optimized with the Yoast SEO plugin v25.3 - https:\/\/yoast.com\/wordpress\/plugins\/seo\/ -->\n<title>Nou Barris celebra l&#039;Any Nou Xin\u00e8s - NouBarris.Net<\/title>\n<meta name=\"robots\" content=\"index, follow, max-snippet:-1, max-image-preview:large, max-video-preview:-1\" \/>\n<link rel=\"canonical\" href=\"https:\/\/www.noubarris.net\/web40\/nou-barris-celebra-lany-nou-xines\/\" \/>\n<meta property=\"og:locale\" content=\"ca_ES\" \/>\n<meta property=\"og:type\" content=\"article\" \/>\n<meta property=\"og:title\" content=\"Nou Barris celebra l&#039;Any Nou Xin\u00e8s - NouBarris.Net\" \/>\n<meta property=\"og:description\" content=\"Una cercavila de lleons i dracs tradicionals encetaran el seguit d&#8217;actuacions a la pla\u00e7a d&#8217;\u00c0ngel Pesta\u00f1a El nostre districte acull\" \/>\n<meta property=\"og:url\" content=\"https:\/\/www.noubarris.net\/web40\/nou-barris-celebra-lany-nou-xines\/\" \/>\n<meta property=\"og:site_name\" content=\"NouBarris.Net\" \/>\n<meta property=\"article:publisher\" content=\"https:\/\/www.facebook.com\/NouBarris.net\/?locale=es_ES\" \/>\n<meta property=\"article:published_time\" content=\"2019-01-25T22:00:47+00:00\" \/>\n<meta property=\"og:image\" content=\"https:\/\/www.noubarris.net\/web40\/wp-content\/uploads\/2019\/01\/260119.jpg\" \/>\n\t<meta property=\"og:image:width\" content=\"768\" \/>\n\t<meta property=\"og:image:height\" content=\"432\" \/>\n\t<meta property=\"og:image:type\" content=\"image\/jpeg\" \/>\n<meta name=\"author\" content=\"Informatius\" \/>\n<meta name=\"twitter:card\" content=\"summary_large_image\" \/>\n<meta name=\"twitter:creator\" content=\"@9BTV\" \/>\n<meta name=\"twitter:site\" content=\"@9BTV\" \/>\n<meta name=\"twitter:label1\" content=\"Escrit per\" \/>\n\t<meta name=\"twitter:data1\" content=\"Informatius\" \/>\n\t<meta name=\"twitter:label2\" content=\"Temps estimat de lectura\" \/>\n\t<meta name=\"twitter:data2\" content=\"2 minuts\" \/>\n<script type=\"application\/ld+json\" class=\"yoast-schema-graph\">{\"@context\":\"https:\/\/schema.org\",\"@graph\":[{\"@type\":\"Article\",\"@id\":\"https:\/\/www.noubarris.net\/web40\/nou-barris-celebra-lany-nou-xines\/#article\",\"isPartOf\":{\"@id\":\"https:\/\/www.noubarris.net\/web40\/nou-barris-celebra-lany-nou-xines\/\"},\"author\":{\"name\":\"Informatius\",\"@id\":\"https:\/\/www.noubarris.net\/web40\/#\/schema\/person\/1827f92aaa316c54abbf4dac0de76069\"},\"headline\":\"Nou Barris celebra l&#8217;Any Nou Xin\u00e8s\",\"datePublished\":\"2019-01-25T22:00:47+00:00\",\"mainEntityOfPage\":{\"@id\":\"https:\/\/www.noubarris.net\/web40\/nou-barris-celebra-lany-nou-xines\/\"},\"wordCount\":348,\"publisher\":{\"@id\":\"https:\/\/www.noubarris.net\/web40\/#organization\"},\"image\":{\"@id\":\"https:\/\/www.noubarris.net\/web40\/nou-barris-celebra-lany-nou-xines\/#primaryimage\"},\"thumbnailUrl\":\"https:\/\/www.noubarris.net\/web40\/wp-content\/uploads\/2019\/01\/260119.jpg\",\"keywords\":[\"Cultura\",\"diversitat\",\"Festes\",\"Nou Barris\"],\"articleSection\":[\"Cultura\",\"Nou Barris\"],\"inLanguage\":\"ca\"},{\"@type\":\"WebPage\",\"@id\":\"https:\/\/www.noubarris.net\/web40\/nou-barris-celebra-lany-nou-xines\/\",\"url\":\"https:\/\/www.noubarris.net\/web40\/nou-barris-celebra-lany-nou-xines\/\",\"name\":\"Nou Barris celebra l'Any Nou Xin\u00e8s - NouBarris.Net\",\"isPartOf\":{\"@id\":\"https:\/\/www.noubarris.net\/web40\/#website\"},\"primaryImageOfPage\":{\"@id\":\"https:\/\/www.noubarris.net\/web40\/nou-barris-celebra-lany-nou-xines\/#primaryimage\"},\"image\":{\"@id\":\"https:\/\/www.noubarris.net\/web40\/nou-barris-celebra-lany-nou-xines\/#primaryimage\"},\"thumbnailUrl\":\"https:\/\/www.noubarris.net\/web40\/wp-content\/uploads\/2019\/01\/260119.jpg\",\"datePublished\":\"2019-01-25T22:00:47+00:00\",\"breadcrumb\":{\"@id\":\"https:\/\/www.noubarris.net\/web40\/nou-barris-celebra-lany-nou-xines\/#breadcrumb\"},\"inLanguage\":\"ca\",\"potentialAction\":[{\"@type\":\"ReadAction\",\"target\":[\"https:\/\/www.noubarris.net\/web40\/nou-barris-celebra-lany-nou-xines\/\"]}]},{\"@type\":\"ImageObject\",\"inLanguage\":\"ca\",\"@id\":\"https:\/\/www.noubarris.net\/web40\/nou-barris-celebra-lany-nou-xines\/#primaryimage\",\"url\":\"https:\/\/www.noubarris.net\/web40\/wp-content\/uploads\/2019\/01\/260119.jpg\",\"contentUrl\":\"https:\/\/www.noubarris.net\/web40\/wp-content\/uploads\/2019\/01\/260119.jpg\",\"width\":768,\"height\":432},{\"@type\":\"BreadcrumbList\",\"@id\":\"https:\/\/www.noubarris.net\/web40\/nou-barris-celebra-lany-nou-xines\/#breadcrumb\",\"itemListElement\":[{\"@type\":\"ListItem\",\"position\":1,\"name\":\"Inici\",\"item\":\"https:\/\/www.noubarris.net\/web40\/\"},{\"@type\":\"ListItem\",\"position\":2,\"name\":\"Nou Barris celebra l&#8217;Any Nou Xin\u00e8s\"}]},{\"@type\":\"WebSite\",\"@id\":\"https:\/\/www.noubarris.net\/web40\/#website\",\"url\":\"https:\/\/www.noubarris.net\/web40\/\",\"name\":\"NouBarris.Net\",\"description\":\"Seguint la vida de Nou Barris des de 1985\",\"publisher\":{\"@id\":\"https:\/\/www.noubarris.net\/web40\/#organization\"},\"potentialAction\":[{\"@type\":\"SearchAction\",\"target\":{\"@type\":\"EntryPoint\",\"urlTemplate\":\"https:\/\/www.noubarris.net\/web40\/?s={search_term_string}\"},\"query-input\":{\"@type\":\"PropertyValueSpecification\",\"valueRequired\":true,\"valueName\":\"search_term_string\"}}],\"inLanguage\":\"ca\"},{\"@type\":\"Organization\",\"@id\":\"https:\/\/www.noubarris.net\/web40\/#organization\",\"name\":\"NouBarris.Net\",\"url\":\"https:\/\/www.noubarris.net\/web40\/\",\"logo\":{\"@type\":\"ImageObject\",\"inLanguage\":\"ca\",\"@id\":\"https:\/\/www.noubarris.net\/web40\/#\/schema\/logo\/image\/\",\"url\":\"https:\/\/www.noubarris.net\/web40\/wp-content\/uploads\/2024\/11\/cropped-cropped-LOGO_9BTV-2024_Insta-1.jpg\",\"contentUrl\":\"https:\/\/www.noubarris.net\/web40\/wp-content\/uploads\/2024\/11\/cropped-cropped-LOGO_9BTV-2024_Insta-1.jpg\",\"width\":512,\"height\":512,\"caption\":\"NouBarris.Net\"},\"image\":{\"@id\":\"https:\/\/www.noubarris.net\/web40\/#\/schema\/logo\/image\/\"},\"sameAs\":[\"https:\/\/www.facebook.com\/NouBarris.net\/?locale=es_ES\",\"https:\/\/x.com\/9BTV\"]},{\"@type\":\"Person\",\"@id\":\"https:\/\/www.noubarris.net\/web40\/#\/schema\/person\/1827f92aaa316c54abbf4dac0de76069\",\"name\":\"Informatius\",\"image\":{\"@type\":\"ImageObject\",\"inLanguage\":\"ca\",\"@id\":\"https:\/\/www.noubarris.net\/web40\/#\/schema\/person\/image\/\",\"url\":\"https:\/\/secure.gravatar.com\/avatar\/87a3b47928835fc72c6ee5b0e1a7263ef0c2d05003a98189bc14926c5f11bcdb?s=96&d=mm&r=g\",\"contentUrl\":\"https:\/\/secure.gravatar.com\/avatar\/87a3b47928835fc72c6ee5b0e1a7263ef0c2d05003a98189bc14926c5f11bcdb?s=96&d=mm&r=g\",\"caption\":\"Informatius\"},\"url\":\"https:\/\/www.noubarris.net\/web40\/author\/tele\/\"}]}<\/script>\n<!-- \/ Yoast SEO plugin. -->","yoast_head_json":{"title":"Nou Barris celebra l'Any Nou Xin\u00e8s - NouBarris.Net","robots":{"index":"index","follow":"follow","max-snippet":"max-snippet:-1","max-image-preview":"max-image-preview:large","max-video-preview":"max-video-preview:-1"},"canonical":"https:\/\/www.noubarris.net\/web40\/nou-barris-celebra-lany-nou-xines\/","og_locale":"ca_ES","og_type":"article","og_title":"Nou Barris celebra l'Any Nou Xin\u00e8s - NouBarris.Net","og_description":"Una cercavila de lleons i dracs tradicionals encetaran el seguit d&#8217;actuacions a la pla\u00e7a d&#8217;\u00c0ngel Pesta\u00f1a El nostre districte acull","og_url":"https:\/\/www.noubarris.net\/web40\/nou-barris-celebra-lany-nou-xines\/","og_site_name":"NouBarris.Net","article_publisher":"https:\/\/www.facebook.com\/NouBarris.net\/?locale=es_ES","article_published_time":"2019-01-25T22:00:47+00:00","og_image":[{"width":768,"height":432,"url":"https:\/\/www.noubarris.net\/web40\/wp-content\/uploads\/2019\/01\/260119.jpg","type":"image\/jpeg"}],"author":"Informatius","twitter_card":"summary_large_image","twitter_creator":"@9BTV","twitter_site":"@9BTV","twitter_misc":{"Escrit per":"Informatius","Temps estimat de lectura":"2 minuts"},"schema":{"@context":"https:\/\/schema.org","@graph":[{"@type":"Article","@id":"https:\/\/www.noubarris.net\/web40\/nou-barris-celebra-lany-nou-xines\/#article","isPartOf":{"@id":"https:\/\/www.noubarris.net\/web40\/nou-barris-celebra-lany-nou-xines\/"},"author":{"name":"Informatius","@id":"https:\/\/www.noubarris.net\/web40\/#\/schema\/person\/1827f92aaa316c54abbf4dac0de76069"},"headline":"Nou Barris celebra l&#8217;Any Nou Xin\u00e8s","datePublished":"2019-01-25T22:00:47+00:00","mainEntityOfPage":{"@id":"https:\/\/www.noubarris.net\/web40\/nou-barris-celebra-lany-nou-xines\/"},"wordCount":348,"publisher":{"@id":"https:\/\/www.noubarris.net\/web40\/#organization"},"image":{"@id":"https:\/\/www.noubarris.net\/web40\/nou-barris-celebra-lany-nou-xines\/#primaryimage"},"thumbnailUrl":"https:\/\/www.noubarris.net\/web40\/wp-content\/uploads\/2019\/01\/260119.jpg","keywords":["Cultura","diversitat","Festes","Nou Barris"],"articleSection":["Cultura","Nou Barris"],"inLanguage":"ca"},{"@type":"WebPage","@id":"https:\/\/www.noubarris.net\/web40\/nou-barris-celebra-lany-nou-xines\/","url":"https:\/\/www.noubarris.net\/web40\/nou-barris-celebra-lany-nou-xines\/","name":"Nou Barris celebra l'Any Nou Xin\u00e8s - NouBarris.Net","isPartOf":{"@id":"https:\/\/www.noubarris.net\/web40\/#website"},"primaryImageOfPage":{"@id":"https:\/\/www.noubarris.net\/web40\/nou-barris-celebra-lany-nou-xines\/#primaryimage"},"image":{"@id":"https:\/\/www.noubarris.net\/web40\/nou-barris-celebra-lany-nou-xines\/#primaryimage"},"thumbnailUrl":"https:\/\/www.noubarris.net\/web40\/wp-content\/uploads\/2019\/01\/260119.jpg","datePublished":"2019-01-25T22:00:47+00:00","breadcrumb":{"@id":"https:\/\/www.noubarris.net\/web40\/nou-barris-celebra-lany-nou-xines\/#breadcrumb"},"inLanguage":"ca","potentialAction":[{"@type":"ReadAction","target":["https:\/\/www.noubarris.net\/web40\/nou-barris-celebra-lany-nou-xines\/"]}]},{"@type":"ImageObject","inLanguage":"ca","@id":"https:\/\/www.noubarris.net\/web40\/nou-barris-celebra-lany-nou-xines\/#primaryimage","url":"https:\/\/www.noubarris.net\/web40\/wp-content\/uploads\/2019\/01\/260119.jpg","contentUrl":"https:\/\/www.noubarris.net\/web40\/wp-content\/uploads\/2019\/01\/260119.jpg","width":768,"height":432},{"@type":"BreadcrumbList","@id":"https:\/\/www.noubarris.net\/web40\/nou-barris-celebra-lany-nou-xines\/#breadcrumb","itemListElement":[{"@type":"ListItem","position":1,"name":"Inici","item":"https:\/\/www.noubarris.net\/web40\/"},{"@type":"ListItem","position":2,"name":"Nou Barris celebra l&#8217;Any Nou Xin\u00e8s"}]},{"@type":"WebSite","@id":"https:\/\/www.noubarris.net\/web40\/#website","url":"https:\/\/www.noubarris.net\/web40\/","name":"NouBarris.Net","description":"Seguint la vida de Nou Barris des de 1985","publisher":{"@id":"https:\/\/www.noubarris.net\/web40\/#organization"},"potentialAction":[{"@type":"SearchAction","target":{"@type":"EntryPoint","urlTemplate":"https:\/\/www.noubarris.net\/web40\/?s={search_term_string}"},"query-input":{"@type":"PropertyValueSpecification","valueRequired":true,"valueName":"search_term_string"}}],"inLanguage":"ca"},{"@type":"Organization","@id":"https:\/\/www.noubarris.net\/web40\/#organization","name":"NouBarris.Net","url":"https:\/\/www.noubarris.net\/web40\/","logo":{"@type":"ImageObject","inLanguage":"ca","@id":"https:\/\/www.noubarris.net\/web40\/#\/schema\/logo\/image\/","url":"https:\/\/www.noubarris.net\/web40\/wp-content\/uploads\/2024\/11\/cropped-cropped-LOGO_9BTV-2024_Insta-1.jpg","contentUrl":"https:\/\/www.noubarris.net\/web40\/wp-content\/uploads\/2024\/11\/cropped-cropped-LOGO_9BTV-2024_Insta-1.jpg","width":512,"height":512,"caption":"NouBarris.Net"},"image":{"@id":"https:\/\/www.noubarris.net\/web40\/#\/schema\/logo\/image\/"},"sameAs":["https:\/\/www.facebook.com\/NouBarris.net\/?locale=es_ES","https:\/\/x.com\/9BTV"]},{"@type":"Person","@id":"https:\/\/www.noubarris.net\/web40\/#\/schema\/person\/1827f92aaa316c54abbf4dac0de76069","name":"Informatius","image":{"@type":"ImageObject","inLanguage":"ca","@id":"https:\/\/www.noubarris.net\/web40\/#\/schema\/person\/image\/","url":"https:\/\/secure.gravatar.com\/avatar\/87a3b47928835fc72c6ee5b0e1a7263ef0c2d05003a98189bc14926c5f11bcdb?s=96&d=mm&r=g","contentUrl":"https:\/\/secure.gravatar.com\/avatar\/87a3b47928835fc72c6ee5b0e1a7263ef0c2d05003a98189bc14926c5f11bcdb?s=96&d=mm&r=g","caption":"Informatius"},"url":"https:\/\/www.noubarris.net\/web40\/author\/tele\/"}]}},"_links":{"self":[{"href":"https:\/\/www.noubarris.net\/web40\/wp-json\/wp\/v2\/posts\/73590","targetHints":{"allow":["GET"]}}],"collection":[{"href":"https:\/\/www.noubarris.net\/web40\/wp-json\/wp\/v2\/posts"}],"about":[{"href":"https:\/\/www.noubarris.net\/web40\/wp-json\/wp\/v2\/types\/post"}],"author":[{"embeddable":true,"href":"https:\/\/www.noubarris.net\/web40\/wp-json\/wp\/v2\/users\/2"}],"replies":[{"embeddable":true,"href":"https:\/\/www.noubarris.net\/web40\/wp-json\/wp\/v2\/comments?post=73590"}],"version-history":[{"count":0,"href":"https:\/\/www.noubarris.net\/web40\/wp-json\/wp\/v2\/posts\/73590\/revisions"}],"wp:featuredmedia":[{"embeddable":true,"href":"https:\/\/www.noubarris.net\/web40\/wp-json\/wp\/v2\/media\/73592"}],"wp:attachment":[{"href":"https:\/\/www.noubarris.net\/web40\/wp-json\/wp\/v2\/media?parent=73590"}],"wp:term":[{"taxonomy":"category","embeddable":true,"href":"https:\/\/www.noubarris.net\/web40\/wp-json\/wp\/v2\/categories?post=73590"},{"taxonomy":"post_tag","embeddable":true,"href":"https:\/\/www.noubarris.net\/web40\/wp-json\/wp\/v2\/tags?post=73590"}],"curies":[{"name":"wp","href":"https:\/\/api.w.org\/{rel}","templated":true}]}}