{"id":73665,"date":"2019-02-12T00:00:55","date_gmt":"2019-02-11T22:00:55","guid":{"rendered":"http:\/\/www.noubarris.net\/web40\/?p=73665"},"modified":"2019-02-11T15:08:08","modified_gmt":"2019-02-11T13:08:08","slug":"verdum-estrena-voreres-mes-amples-al-carrer-dalmansa","status":"publish","type":"post","link":"https:\/\/www.noubarris.net\/web40\/verdum-estrena-voreres-mes-amples-al-carrer-dalmansa\/","title":{"rendered":"Verdum estrena voreres m\u00e9s amples al carrer d\u2019Almansa"},"content":{"rendered":"<p><strong>Molts ve\u00efns lamenten la p\u00e8rdua dels dos sentits de circulaci\u00f3 i la reducci\u00f3 de les places d\u2019aparcament<\/strong><\/p>\n<p>Queden per definir nom\u00e9s els darrers retocs de les obres de remodelaci\u00f3 del tram m\u00e9s alt del carrer d\u2019Almansa, al barri de Verdum. L\u2019associaci\u00f3 de ve\u00efns del barri i els t\u00e8cnics de l\u2019Ajuntament decidien avui on ubicar ara mobiliari urb\u00e0 com ara les papereres i els bancs.\u00a0 S\u00f3n els darrers detalls d\u2019una obra que des del primer dia ja va generar algunes cr\u00edtiques ve\u00efnals. L\u2019Ajuntament va decidir ampliar les voreres del carrer i convertir-lo en un vial de direcci\u00f3 \u00fanica amb dos carrils. El motiu, la implantaci\u00f3 dels nous busos de la xarxa ortogonal impedia la doble direcci\u00f3 que defensaven molts ve\u00efns. A m\u00e9s, amb el nou disseny de vorera m\u00e9s ample es perdia l\u2019aparcament en bateria de vehicles. Amb la nova redistribuci\u00f3 dels cotxes en l\u00ednia es perden moltes places d\u2019aparcament.\u00a0\u201cMolta vorera, molta vorera i no hi ha lloc ni per als cotxes, ni perqu\u00e8 aparquin ni per a res. -es queixa\u00a0Isabel Zaragoza, ve\u00efna del barri- Qu\u00e8 hem de fer amb els cotxes que tenim? Ho veig molt malament.\u201d<\/p>\n<p>Aquestes modificacions encara no acaben de conv\u00e8ncer a molts ve\u00efns del barri, que creuen que aquest carrer no necessitava una vorera d\u2019uns cinc metres. Segons els ve\u00efns, la vorera m\u00e9s ample nom\u00e9s serveix per descongestionar l\u2019entrada i sortida d\u2019alumnes a les dues escoles que hi ha en un tram del carrer.\u00a0\u201cEm sobra una mica de vorera perqu\u00e8 aquest no \u00e9s un carrer per passejar. Fa pujada, passejar poc, per\u00f2 queda m\u00e9s bonic, a la vista \u00e9s m\u00e9s maco.\u201d, explica Conchi Machado, una altra ve\u00efna.<\/p>\n<p>Les obres finalitzen amb retard, i encara falten per definir els darrers detalls com ara l\u2019ubicaci\u00f3 dels bancs i les papereres. En el tram m\u00e9s alt del carrer s\u2019hi han ubicat parterres amb arbres al mig de la vorera. A m\u00e9s, s\u2019han renovat l\u2019enllumenat tant el que dona a la vorera com el que est\u00e0 destinat a il\u00b7luminar la cal\u00e7ada.<\/p>\n","protected":false},"excerpt":{"rendered":"<p>Molts ve\u00efns lamenten la p\u00e8rdua dels dos sentits de circulaci\u00f3 i la reducci\u00f3 de les places d\u2019aparcament Queden per definir<\/p>\n","protected":false},"author":2,"featured_media":73666,"comment_status":"closed","ping_status":"closed","sticky":false,"template":"","format":"standard","meta":{"colormag_page_layout":"default_layout","_monsterinsights_skip_tracking":false,"_monsterinsights_sitenote_active":false,"_monsterinsights_sitenote_note":"","_monsterinsights_sitenote_category":0,"footnotes":""},"categories":[302,141],"tags":[428,69,151],"class_list":["post-73665","post","type-post","status-publish","format-standard","has-post-thumbnail","hentry","category-urbanisme","category-verdum","tag-queixes","tag-urbanisme","tag-verdum"],"yoast_head":"<!-- This site is optimized with the Yoast SEO plugin v25.3 - https:\/\/yoast.com\/wordpress\/plugins\/seo\/ -->\n<title>Verdum estrena voreres m\u00e9s amples al carrer d\u2019Almansa - NouBarris.Net<\/title>\n<meta name=\"robots\" content=\"index, follow, max-snippet:-1, max-image-preview:large, max-video-preview:-1\" \/>\n<link rel=\"canonical\" href=\"https:\/\/www.noubarris.net\/web40\/verdum-estrena-voreres-mes-amples-al-carrer-dalmansa\/\" \/>\n<meta property=\"og:locale\" content=\"ca_ES\" \/>\n<meta property=\"og:type\" content=\"article\" \/>\n<meta property=\"og:title\" content=\"Verdum estrena voreres m\u00e9s amples al carrer d\u2019Almansa - NouBarris.Net\" \/>\n<meta property=\"og:description\" content=\"Molts ve\u00efns lamenten la p\u00e8rdua dels dos sentits de circulaci\u00f3 i la reducci\u00f3 de les places d\u2019aparcament Queden per definir\" \/>\n<meta property=\"og:url\" content=\"https:\/\/www.noubarris.net\/web40\/verdum-estrena-voreres-mes-amples-al-carrer-dalmansa\/\" \/>\n<meta property=\"og:site_name\" content=\"NouBarris.Net\" \/>\n<meta property=\"article:publisher\" content=\"https:\/\/www.facebook.com\/NouBarris.net\/?locale=es_ES\" \/>\n<meta property=\"article:published_time\" content=\"2019-02-11T22:00:55+00:00\" \/>\n<meta property=\"og:image\" content=\"https:\/\/www.noubarris.net\/web40\/wp-content\/uploads\/2019\/02\/120219.jpg\" \/>\n\t<meta property=\"og:image:width\" content=\"768\" \/>\n\t<meta property=\"og:image:height\" content=\"432\" \/>\n\t<meta property=\"og:image:type\" content=\"image\/jpeg\" \/>\n<meta name=\"author\" content=\"Informatius\" \/>\n<meta name=\"twitter:card\" content=\"summary_large_image\" \/>\n<meta name=\"twitter:creator\" content=\"@9BTV\" \/>\n<meta name=\"twitter:site\" content=\"@9BTV\" \/>\n<meta name=\"twitter:label1\" content=\"Escrit per\" \/>\n\t<meta name=\"twitter:data1\" content=\"Informatius\" \/>\n\t<meta name=\"twitter:label2\" content=\"Temps estimat de lectura\" \/>\n\t<meta name=\"twitter:data2\" content=\"2 minuts\" \/>\n<script type=\"application\/ld+json\" class=\"yoast-schema-graph\">{\"@context\":\"https:\/\/schema.org\",\"@graph\":[{\"@type\":\"Article\",\"@id\":\"https:\/\/www.noubarris.net\/web40\/verdum-estrena-voreres-mes-amples-al-carrer-dalmansa\/#article\",\"isPartOf\":{\"@id\":\"https:\/\/www.noubarris.net\/web40\/verdum-estrena-voreres-mes-amples-al-carrer-dalmansa\/\"},\"author\":{\"name\":\"Informatius\",\"@id\":\"https:\/\/www.noubarris.net\/web40\/#\/schema\/person\/1827f92aaa316c54abbf4dac0de76069\"},\"headline\":\"Verdum estrena voreres m\u00e9s amples al carrer d\u2019Almansa\",\"datePublished\":\"2019-02-11T22:00:55+00:00\",\"mainEntityOfPage\":{\"@id\":\"https:\/\/www.noubarris.net\/web40\/verdum-estrena-voreres-mes-amples-al-carrer-dalmansa\/\"},\"wordCount\":385,\"publisher\":{\"@id\":\"https:\/\/www.noubarris.net\/web40\/#organization\"},\"image\":{\"@id\":\"https:\/\/www.noubarris.net\/web40\/verdum-estrena-voreres-mes-amples-al-carrer-dalmansa\/#primaryimage\"},\"thumbnailUrl\":\"https:\/\/www.noubarris.net\/web40\/wp-content\/uploads\/2019\/02\/120219.jpg\",\"keywords\":[\"Queixes\",\"Urbanisme\",\"Verdum\"],\"articleSection\":[\"Urbanisme\",\"Verdum\"],\"inLanguage\":\"ca\"},{\"@type\":\"WebPage\",\"@id\":\"https:\/\/www.noubarris.net\/web40\/verdum-estrena-voreres-mes-amples-al-carrer-dalmansa\/\",\"url\":\"https:\/\/www.noubarris.net\/web40\/verdum-estrena-voreres-mes-amples-al-carrer-dalmansa\/\",\"name\":\"Verdum estrena voreres m\u00e9s amples al carrer d\u2019Almansa - NouBarris.Net\",\"isPartOf\":{\"@id\":\"https:\/\/www.noubarris.net\/web40\/#website\"},\"primaryImageOfPage\":{\"@id\":\"https:\/\/www.noubarris.net\/web40\/verdum-estrena-voreres-mes-amples-al-carrer-dalmansa\/#primaryimage\"},\"image\":{\"@id\":\"https:\/\/www.noubarris.net\/web40\/verdum-estrena-voreres-mes-amples-al-carrer-dalmansa\/#primaryimage\"},\"thumbnailUrl\":\"https:\/\/www.noubarris.net\/web40\/wp-content\/uploads\/2019\/02\/120219.jpg\",\"datePublished\":\"2019-02-11T22:00:55+00:00\",\"breadcrumb\":{\"@id\":\"https:\/\/www.noubarris.net\/web40\/verdum-estrena-voreres-mes-amples-al-carrer-dalmansa\/#breadcrumb\"},\"inLanguage\":\"ca\",\"potentialAction\":[{\"@type\":\"ReadAction\",\"target\":[\"https:\/\/www.noubarris.net\/web40\/verdum-estrena-voreres-mes-amples-al-carrer-dalmansa\/\"]}]},{\"@type\":\"ImageObject\",\"inLanguage\":\"ca\",\"@id\":\"https:\/\/www.noubarris.net\/web40\/verdum-estrena-voreres-mes-amples-al-carrer-dalmansa\/#primaryimage\",\"url\":\"https:\/\/www.noubarris.net\/web40\/wp-content\/uploads\/2019\/02\/120219.jpg\",\"contentUrl\":\"https:\/\/www.noubarris.net\/web40\/wp-content\/uploads\/2019\/02\/120219.jpg\",\"width\":768,\"height\":432},{\"@type\":\"BreadcrumbList\",\"@id\":\"https:\/\/www.noubarris.net\/web40\/verdum-estrena-voreres-mes-amples-al-carrer-dalmansa\/#breadcrumb\",\"itemListElement\":[{\"@type\":\"ListItem\",\"position\":1,\"name\":\"Inici\",\"item\":\"https:\/\/www.noubarris.net\/web40\/\"},{\"@type\":\"ListItem\",\"position\":2,\"name\":\"Verdum estrena voreres m\u00e9s amples al carrer d\u2019Almansa\"}]},{\"@type\":\"WebSite\",\"@id\":\"https:\/\/www.noubarris.net\/web40\/#website\",\"url\":\"https:\/\/www.noubarris.net\/web40\/\",\"name\":\"NouBarris.Net\",\"description\":\"Seguint la vida de Nou Barris des de 1985\",\"publisher\":{\"@id\":\"https:\/\/www.noubarris.net\/web40\/#organization\"},\"potentialAction\":[{\"@type\":\"SearchAction\",\"target\":{\"@type\":\"EntryPoint\",\"urlTemplate\":\"https:\/\/www.noubarris.net\/web40\/?s={search_term_string}\"},\"query-input\":{\"@type\":\"PropertyValueSpecification\",\"valueRequired\":true,\"valueName\":\"search_term_string\"}}],\"inLanguage\":\"ca\"},{\"@type\":\"Organization\",\"@id\":\"https:\/\/www.noubarris.net\/web40\/#organization\",\"name\":\"NouBarris.Net\",\"url\":\"https:\/\/www.noubarris.net\/web40\/\",\"logo\":{\"@type\":\"ImageObject\",\"inLanguage\":\"ca\",\"@id\":\"https:\/\/www.noubarris.net\/web40\/#\/schema\/logo\/image\/\",\"url\":\"https:\/\/www.noubarris.net\/web40\/wp-content\/uploads\/2024\/11\/cropped-cropped-LOGO_9BTV-2024_Insta-1.jpg\",\"contentUrl\":\"https:\/\/www.noubarris.net\/web40\/wp-content\/uploads\/2024\/11\/cropped-cropped-LOGO_9BTV-2024_Insta-1.jpg\",\"width\":512,\"height\":512,\"caption\":\"NouBarris.Net\"},\"image\":{\"@id\":\"https:\/\/www.noubarris.net\/web40\/#\/schema\/logo\/image\/\"},\"sameAs\":[\"https:\/\/www.facebook.com\/NouBarris.net\/?locale=es_ES\",\"https:\/\/x.com\/9BTV\"]},{\"@type\":\"Person\",\"@id\":\"https:\/\/www.noubarris.net\/web40\/#\/schema\/person\/1827f92aaa316c54abbf4dac0de76069\",\"name\":\"Informatius\",\"image\":{\"@type\":\"ImageObject\",\"inLanguage\":\"ca\",\"@id\":\"https:\/\/www.noubarris.net\/web40\/#\/schema\/person\/image\/\",\"url\":\"https:\/\/secure.gravatar.com\/avatar\/87a3b47928835fc72c6ee5b0e1a7263ef0c2d05003a98189bc14926c5f11bcdb?s=96&d=mm&r=g\",\"contentUrl\":\"https:\/\/secure.gravatar.com\/avatar\/87a3b47928835fc72c6ee5b0e1a7263ef0c2d05003a98189bc14926c5f11bcdb?s=96&d=mm&r=g\",\"caption\":\"Informatius\"},\"url\":\"https:\/\/www.noubarris.net\/web40\/author\/tele\/\"}]}<\/script>\n<!-- \/ Yoast SEO plugin. -->","yoast_head_json":{"title":"Verdum estrena voreres m\u00e9s amples al carrer d\u2019Almansa - NouBarris.Net","robots":{"index":"index","follow":"follow","max-snippet":"max-snippet:-1","max-image-preview":"max-image-preview:large","max-video-preview":"max-video-preview:-1"},"canonical":"https:\/\/www.noubarris.net\/web40\/verdum-estrena-voreres-mes-amples-al-carrer-dalmansa\/","og_locale":"ca_ES","og_type":"article","og_title":"Verdum estrena voreres m\u00e9s amples al carrer d\u2019Almansa - NouBarris.Net","og_description":"Molts ve\u00efns lamenten la p\u00e8rdua dels dos sentits de circulaci\u00f3 i la reducci\u00f3 de les places d\u2019aparcament Queden per definir","og_url":"https:\/\/www.noubarris.net\/web40\/verdum-estrena-voreres-mes-amples-al-carrer-dalmansa\/","og_site_name":"NouBarris.Net","article_publisher":"https:\/\/www.facebook.com\/NouBarris.net\/?locale=es_ES","article_published_time":"2019-02-11T22:00:55+00:00","og_image":[{"width":768,"height":432,"url":"https:\/\/www.noubarris.net\/web40\/wp-content\/uploads\/2019\/02\/120219.jpg","type":"image\/jpeg"}],"author":"Informatius","twitter_card":"summary_large_image","twitter_creator":"@9BTV","twitter_site":"@9BTV","twitter_misc":{"Escrit per":"Informatius","Temps estimat de lectura":"2 minuts"},"schema":{"@context":"https:\/\/schema.org","@graph":[{"@type":"Article","@id":"https:\/\/www.noubarris.net\/web40\/verdum-estrena-voreres-mes-amples-al-carrer-dalmansa\/#article","isPartOf":{"@id":"https:\/\/www.noubarris.net\/web40\/verdum-estrena-voreres-mes-amples-al-carrer-dalmansa\/"},"author":{"name":"Informatius","@id":"https:\/\/www.noubarris.net\/web40\/#\/schema\/person\/1827f92aaa316c54abbf4dac0de76069"},"headline":"Verdum estrena voreres m\u00e9s amples al carrer d\u2019Almansa","datePublished":"2019-02-11T22:00:55+00:00","mainEntityOfPage":{"@id":"https:\/\/www.noubarris.net\/web40\/verdum-estrena-voreres-mes-amples-al-carrer-dalmansa\/"},"wordCount":385,"publisher":{"@id":"https:\/\/www.noubarris.net\/web40\/#organization"},"image":{"@id":"https:\/\/www.noubarris.net\/web40\/verdum-estrena-voreres-mes-amples-al-carrer-dalmansa\/#primaryimage"},"thumbnailUrl":"https:\/\/www.noubarris.net\/web40\/wp-content\/uploads\/2019\/02\/120219.jpg","keywords":["Queixes","Urbanisme","Verdum"],"articleSection":["Urbanisme","Verdum"],"inLanguage":"ca"},{"@type":"WebPage","@id":"https:\/\/www.noubarris.net\/web40\/verdum-estrena-voreres-mes-amples-al-carrer-dalmansa\/","url":"https:\/\/www.noubarris.net\/web40\/verdum-estrena-voreres-mes-amples-al-carrer-dalmansa\/","name":"Verdum estrena voreres m\u00e9s amples al carrer d\u2019Almansa - NouBarris.Net","isPartOf":{"@id":"https:\/\/www.noubarris.net\/web40\/#website"},"primaryImageOfPage":{"@id":"https:\/\/www.noubarris.net\/web40\/verdum-estrena-voreres-mes-amples-al-carrer-dalmansa\/#primaryimage"},"image":{"@id":"https:\/\/www.noubarris.net\/web40\/verdum-estrena-voreres-mes-amples-al-carrer-dalmansa\/#primaryimage"},"thumbnailUrl":"https:\/\/www.noubarris.net\/web40\/wp-content\/uploads\/2019\/02\/120219.jpg","datePublished":"2019-02-11T22:00:55+00:00","breadcrumb":{"@id":"https:\/\/www.noubarris.net\/web40\/verdum-estrena-voreres-mes-amples-al-carrer-dalmansa\/#breadcrumb"},"inLanguage":"ca","potentialAction":[{"@type":"ReadAction","target":["https:\/\/www.noubarris.net\/web40\/verdum-estrena-voreres-mes-amples-al-carrer-dalmansa\/"]}]},{"@type":"ImageObject","inLanguage":"ca","@id":"https:\/\/www.noubarris.net\/web40\/verdum-estrena-voreres-mes-amples-al-carrer-dalmansa\/#primaryimage","url":"https:\/\/www.noubarris.net\/web40\/wp-content\/uploads\/2019\/02\/120219.jpg","contentUrl":"https:\/\/www.noubarris.net\/web40\/wp-content\/uploads\/2019\/02\/120219.jpg","width":768,"height":432},{"@type":"BreadcrumbList","@id":"https:\/\/www.noubarris.net\/web40\/verdum-estrena-voreres-mes-amples-al-carrer-dalmansa\/#breadcrumb","itemListElement":[{"@type":"ListItem","position":1,"name":"Inici","item":"https:\/\/www.noubarris.net\/web40\/"},{"@type":"ListItem","position":2,"name":"Verdum estrena voreres m\u00e9s amples al carrer d\u2019Almansa"}]},{"@type":"WebSite","@id":"https:\/\/www.noubarris.net\/web40\/#website","url":"https:\/\/www.noubarris.net\/web40\/","name":"NouBarris.Net","description":"Seguint la vida de Nou Barris des de 1985","publisher":{"@id":"https:\/\/www.noubarris.net\/web40\/#organization"},"potentialAction":[{"@type":"SearchAction","target":{"@type":"EntryPoint","urlTemplate":"https:\/\/www.noubarris.net\/web40\/?s={search_term_string}"},"query-input":{"@type":"PropertyValueSpecification","valueRequired":true,"valueName":"search_term_string"}}],"inLanguage":"ca"},{"@type":"Organization","@id":"https:\/\/www.noubarris.net\/web40\/#organization","name":"NouBarris.Net","url":"https:\/\/www.noubarris.net\/web40\/","logo":{"@type":"ImageObject","inLanguage":"ca","@id":"https:\/\/www.noubarris.net\/web40\/#\/schema\/logo\/image\/","url":"https:\/\/www.noubarris.net\/web40\/wp-content\/uploads\/2024\/11\/cropped-cropped-LOGO_9BTV-2024_Insta-1.jpg","contentUrl":"https:\/\/www.noubarris.net\/web40\/wp-content\/uploads\/2024\/11\/cropped-cropped-LOGO_9BTV-2024_Insta-1.jpg","width":512,"height":512,"caption":"NouBarris.Net"},"image":{"@id":"https:\/\/www.noubarris.net\/web40\/#\/schema\/logo\/image\/"},"sameAs":["https:\/\/www.facebook.com\/NouBarris.net\/?locale=es_ES","https:\/\/x.com\/9BTV"]},{"@type":"Person","@id":"https:\/\/www.noubarris.net\/web40\/#\/schema\/person\/1827f92aaa316c54abbf4dac0de76069","name":"Informatius","image":{"@type":"ImageObject","inLanguage":"ca","@id":"https:\/\/www.noubarris.net\/web40\/#\/schema\/person\/image\/","url":"https:\/\/secure.gravatar.com\/avatar\/87a3b47928835fc72c6ee5b0e1a7263ef0c2d05003a98189bc14926c5f11bcdb?s=96&d=mm&r=g","contentUrl":"https:\/\/secure.gravatar.com\/avatar\/87a3b47928835fc72c6ee5b0e1a7263ef0c2d05003a98189bc14926c5f11bcdb?s=96&d=mm&r=g","caption":"Informatius"},"url":"https:\/\/www.noubarris.net\/web40\/author\/tele\/"}]}},"_links":{"self":[{"href":"https:\/\/www.noubarris.net\/web40\/wp-json\/wp\/v2\/posts\/73665","targetHints":{"allow":["GET"]}}],"collection":[{"href":"https:\/\/www.noubarris.net\/web40\/wp-json\/wp\/v2\/posts"}],"about":[{"href":"https:\/\/www.noubarris.net\/web40\/wp-json\/wp\/v2\/types\/post"}],"author":[{"embeddable":true,"href":"https:\/\/www.noubarris.net\/web40\/wp-json\/wp\/v2\/users\/2"}],"replies":[{"embeddable":true,"href":"https:\/\/www.noubarris.net\/web40\/wp-json\/wp\/v2\/comments?post=73665"}],"version-history":[{"count":0,"href":"https:\/\/www.noubarris.net\/web40\/wp-json\/wp\/v2\/posts\/73665\/revisions"}],"wp:featuredmedia":[{"embeddable":true,"href":"https:\/\/www.noubarris.net\/web40\/wp-json\/wp\/v2\/media\/73666"}],"wp:attachment":[{"href":"https:\/\/www.noubarris.net\/web40\/wp-json\/wp\/v2\/media?parent=73665"}],"wp:term":[{"taxonomy":"category","embeddable":true,"href":"https:\/\/www.noubarris.net\/web40\/wp-json\/wp\/v2\/categories?post=73665"},{"taxonomy":"post_tag","embeddable":true,"href":"https:\/\/www.noubarris.net\/web40\/wp-json\/wp\/v2\/tags?post=73665"}],"curies":[{"name":"wp","href":"https:\/\/api.w.org\/{rel}","templated":true}]}}