{"id":73729,"date":"2019-02-27T00:00:37","date_gmt":"2019-02-26T22:00:37","guid":{"rendered":"http:\/\/www.noubarris.net\/web40\/?p=73729"},"modified":"2019-02-26T16:52:38","modified_gmt":"2019-02-26T14:52:38","slug":"un-artista-en-dibuixar-insectes-amb-fruites-i-verdures","status":"publish","type":"post","link":"https:\/\/www.noubarris.net\/web40\/un-artista-en-dibuixar-insectes-amb-fruites-i-verdures\/","title":{"rendered":"Un artista en dibuixar insectes amb fruites i verdures"},"content":{"rendered":"<p><strong>Les obres de Pau Rod\u00e9s s\u00f3n m\u00e9s del que semblen al primer cop d\u2019ull \u00a0<\/strong><\/p>\n<p>Pau Rod\u00e9s assegura que \u00e9s un artista per casualitat. Va comen\u00e7ar a dibuixar en un moment dif\u00edcil de la seva vida. \u201cPer tenir ocupat el cap havia de dibuixar coses molt petites, i com que abans era cuiner vaig comen\u00e7ar a fer-ho amb verduretes, una trentena de verdures i fruites\u201d, recorda Rod\u00e9s. Amb aquests ingredients ha dibuixat tot d\u2019insectes del territori catal\u00e0 i nord aragon\u00e8s que ara s\u2019exposen a la Casa de l\u2019Aigua de la Trinitat Nova. El que va comen\u00e7ar com a ter\u00e0pia fa un any, s\u2019ha convertit en una ocupaci\u00f3. Pau Rod\u00e9s ha vist com de forma autodidacta anava evolucionant, amb la incorporaci\u00f3 de m\u00e9s t\u00e8cniques i materials. \u201cAl principi m\u2019hi estava dies, unes vuit hores, a mesura que vaig evolucionar trigo menys. \u2013assegura- Arriba un moment en qu\u00e8 ja surten per in\u00e8rcia, nom\u00e9s amb l\u2019esborrany ja acaba de sortir tot. Els insectes van ser dif\u00edcil de fer, perqu\u00e8 havia de fer les corbes amb les verdures, a per\u00f2 poc a poc el teu cap funciona sol.\u201d<\/p>\n<p>Als dibuixos hi trobem una aranya, un espiadimonis, escarabats&#8230; tot d\u2019insectes convertits en art a trav\u00e9s de la tinta i el blanc i negre. Dos colors als quals es mant\u00e9 fidel, afirma: \u201cDibuixo en blanc i negre primer perqu\u00e8 m\u2019agrada vestir de negre, m\u2019agrada el negre. En blanc i negre has de pensar m\u00e9s. Si no vols que et quedi tot mon\u00f2ton, has de fer servir m\u00e9s el cap perqu\u00e8 cada dibuix sigui diferent i necessitava tenir el cap ocupat.\u201d Per refermar-se en aquest estil ha estat clau el descobriment d\u2019un retolador que li permet pintar blanc sobre negre.<\/p>\n<p>Pau Rod\u00e9s exposa els seus insectes fins a l\u20191 d\u2019abril. No trobareu c\u00f2pies, s\u00f3n originals, ja que fa servir totes les eines al seu abast per evitar les c\u00f2pies i protegir els seus dibuixos. Per aquesta ra\u00f3, no el trobareu a les xarxes socials. \u201cNo estic a les xarxes perqu\u00e8 m\u2019agrada molt el boca a orella i no m\u2019est\u00e0 anant malament, estic exposant ara i he venut alguns dibuixos. La majoria de gent em pot trobar per carrer, dibuixo en bars amb grans finestrals, on tothom em pot veure i se\u2019m pot apropat- assegura- M\u2019agrada que la gent surti de casa i vingui a veure els dibuixos originals a les exposicions. Faig un dibuix i ara te\u2019l dono a tu, te\u2019l venc o l\u2019exposo. Venc de tu a tu.\u201d<\/p>\n<p>Despr\u00e9s de mesos concentrat en els insectes i les verdures, ara Pau Rod\u00e9s afronta un altre repte. \u201cEl tema dels insectes arriba un moment que em cansa i vaig comen\u00e7ar a fer les aus. Ara faig servir m\u00e9s el m\u00f3n del patronatge (punts blancs i negres, figuretes), sense arribar a ser mandales, perqu\u00e8 no hi ha simetria.\u201d Tot apunta que un cop acabat el projecte, es podr\u00e0 veure tamb\u00e9 a la Casa de l\u2019Aigua de la Trinitat Nova.<\/p>\n","protected":false},"excerpt":{"rendered":"<p>Les obres de Pau Rod\u00e9s s\u00f3n m\u00e9s del que semblen al primer cop d\u2019ull \u00a0 Pau Rod\u00e9s assegura que \u00e9s<\/p>\n","protected":false},"author":2,"featured_media":73731,"comment_status":"closed","ping_status":"closed","sticky":false,"template":"","format":"standard","meta":{"colormag_page_layout":"default_layout","_monsterinsights_skip_tracking":false,"_monsterinsights_sitenote_active":false,"_monsterinsights_sitenote_note":"","_monsterinsights_sitenote_category":0,"footnotes":""},"categories":[138,124],"tags":[435,112,268,52],"class_list":["post-73729","post","type-post","status-publish","format-standard","has-post-thumbnail","hentry","category-la-trinitat-nova","category-societat","tag-art","tag-casa-de-laigua","tag-exposicio","tag-la-trinitat-nova"],"yoast_head":"<!-- This site is optimized with the Yoast SEO plugin v25.3 - https:\/\/yoast.com\/wordpress\/plugins\/seo\/ -->\n<title>Un artista en dibuixar insectes amb fruites i verdures - NouBarris.Net<\/title>\n<meta name=\"robots\" content=\"index, follow, max-snippet:-1, max-image-preview:large, max-video-preview:-1\" \/>\n<link rel=\"canonical\" href=\"https:\/\/www.noubarris.net\/web40\/un-artista-en-dibuixar-insectes-amb-fruites-i-verdures\/\" \/>\n<meta property=\"og:locale\" content=\"ca_ES\" \/>\n<meta property=\"og:type\" content=\"article\" \/>\n<meta property=\"og:title\" content=\"Un artista en dibuixar insectes amb fruites i verdures - NouBarris.Net\" \/>\n<meta property=\"og:description\" content=\"Les obres de Pau Rod\u00e9s s\u00f3n m\u00e9s del que semblen al primer cop d\u2019ull \u00a0 Pau Rod\u00e9s assegura que \u00e9s\" \/>\n<meta property=\"og:url\" content=\"https:\/\/www.noubarris.net\/web40\/un-artista-en-dibuixar-insectes-amb-fruites-i-verdures\/\" \/>\n<meta property=\"og:site_name\" content=\"NouBarris.Net\" \/>\n<meta property=\"article:publisher\" content=\"https:\/\/www.facebook.com\/NouBarris.net\/?locale=es_ES\" \/>\n<meta property=\"article:published_time\" content=\"2019-02-26T22:00:37+00:00\" \/>\n<meta property=\"og:image\" content=\"https:\/\/www.noubarris.net\/web40\/wp-content\/uploads\/2019\/02\/270219.jpg\" \/>\n\t<meta property=\"og:image:width\" content=\"768\" \/>\n\t<meta property=\"og:image:height\" content=\"432\" \/>\n\t<meta property=\"og:image:type\" content=\"image\/jpeg\" \/>\n<meta name=\"author\" content=\"Informatius\" \/>\n<meta name=\"twitter:card\" content=\"summary_large_image\" \/>\n<meta name=\"twitter:creator\" content=\"@9BTV\" \/>\n<meta name=\"twitter:site\" content=\"@9BTV\" \/>\n<meta name=\"twitter:label1\" content=\"Escrit per\" \/>\n\t<meta name=\"twitter:data1\" content=\"Informatius\" \/>\n\t<meta name=\"twitter:label2\" content=\"Temps estimat de lectura\" \/>\n\t<meta name=\"twitter:data2\" content=\"3 minuts\" \/>\n<script type=\"application\/ld+json\" class=\"yoast-schema-graph\">{\"@context\":\"https:\/\/schema.org\",\"@graph\":[{\"@type\":\"Article\",\"@id\":\"https:\/\/www.noubarris.net\/web40\/un-artista-en-dibuixar-insectes-amb-fruites-i-verdures\/#article\",\"isPartOf\":{\"@id\":\"https:\/\/www.noubarris.net\/web40\/un-artista-en-dibuixar-insectes-amb-fruites-i-verdures\/\"},\"author\":{\"name\":\"Informatius\",\"@id\":\"https:\/\/www.noubarris.net\/web40\/#\/schema\/person\/1827f92aaa316c54abbf4dac0de76069\"},\"headline\":\"Un artista en dibuixar insectes amb fruites i verdures\",\"datePublished\":\"2019-02-26T22:00:37+00:00\",\"mainEntityOfPage\":{\"@id\":\"https:\/\/www.noubarris.net\/web40\/un-artista-en-dibuixar-insectes-amb-fruites-i-verdures\/\"},\"wordCount\":548,\"publisher\":{\"@id\":\"https:\/\/www.noubarris.net\/web40\/#organization\"},\"image\":{\"@id\":\"https:\/\/www.noubarris.net\/web40\/un-artista-en-dibuixar-insectes-amb-fruites-i-verdures\/#primaryimage\"},\"thumbnailUrl\":\"https:\/\/www.noubarris.net\/web40\/wp-content\/uploads\/2019\/02\/270219.jpg\",\"keywords\":[\"art\",\"Casa de l'Aigua\",\"Exposici\u00f3\",\"La Trinitat Nova\"],\"articleSection\":[\"La Trinitat Nova\",\"Societat\"],\"inLanguage\":\"ca\"},{\"@type\":\"WebPage\",\"@id\":\"https:\/\/www.noubarris.net\/web40\/un-artista-en-dibuixar-insectes-amb-fruites-i-verdures\/\",\"url\":\"https:\/\/www.noubarris.net\/web40\/un-artista-en-dibuixar-insectes-amb-fruites-i-verdures\/\",\"name\":\"Un artista en dibuixar insectes amb fruites i verdures - NouBarris.Net\",\"isPartOf\":{\"@id\":\"https:\/\/www.noubarris.net\/web40\/#website\"},\"primaryImageOfPage\":{\"@id\":\"https:\/\/www.noubarris.net\/web40\/un-artista-en-dibuixar-insectes-amb-fruites-i-verdures\/#primaryimage\"},\"image\":{\"@id\":\"https:\/\/www.noubarris.net\/web40\/un-artista-en-dibuixar-insectes-amb-fruites-i-verdures\/#primaryimage\"},\"thumbnailUrl\":\"https:\/\/www.noubarris.net\/web40\/wp-content\/uploads\/2019\/02\/270219.jpg\",\"datePublished\":\"2019-02-26T22:00:37+00:00\",\"breadcrumb\":{\"@id\":\"https:\/\/www.noubarris.net\/web40\/un-artista-en-dibuixar-insectes-amb-fruites-i-verdures\/#breadcrumb\"},\"inLanguage\":\"ca\",\"potentialAction\":[{\"@type\":\"ReadAction\",\"target\":[\"https:\/\/www.noubarris.net\/web40\/un-artista-en-dibuixar-insectes-amb-fruites-i-verdures\/\"]}]},{\"@type\":\"ImageObject\",\"inLanguage\":\"ca\",\"@id\":\"https:\/\/www.noubarris.net\/web40\/un-artista-en-dibuixar-insectes-amb-fruites-i-verdures\/#primaryimage\",\"url\":\"https:\/\/www.noubarris.net\/web40\/wp-content\/uploads\/2019\/02\/270219.jpg\",\"contentUrl\":\"https:\/\/www.noubarris.net\/web40\/wp-content\/uploads\/2019\/02\/270219.jpg\",\"width\":768,\"height\":432},{\"@type\":\"BreadcrumbList\",\"@id\":\"https:\/\/www.noubarris.net\/web40\/un-artista-en-dibuixar-insectes-amb-fruites-i-verdures\/#breadcrumb\",\"itemListElement\":[{\"@type\":\"ListItem\",\"position\":1,\"name\":\"Inici\",\"item\":\"https:\/\/www.noubarris.net\/web40\/\"},{\"@type\":\"ListItem\",\"position\":2,\"name\":\"Un artista en dibuixar insectes amb fruites i verdures\"}]},{\"@type\":\"WebSite\",\"@id\":\"https:\/\/www.noubarris.net\/web40\/#website\",\"url\":\"https:\/\/www.noubarris.net\/web40\/\",\"name\":\"NouBarris.Net\",\"description\":\"Seguint la vida de Nou Barris des de 1985\",\"publisher\":{\"@id\":\"https:\/\/www.noubarris.net\/web40\/#organization\"},\"potentialAction\":[{\"@type\":\"SearchAction\",\"target\":{\"@type\":\"EntryPoint\",\"urlTemplate\":\"https:\/\/www.noubarris.net\/web40\/?s={search_term_string}\"},\"query-input\":{\"@type\":\"PropertyValueSpecification\",\"valueRequired\":true,\"valueName\":\"search_term_string\"}}],\"inLanguage\":\"ca\"},{\"@type\":\"Organization\",\"@id\":\"https:\/\/www.noubarris.net\/web40\/#organization\",\"name\":\"NouBarris.Net\",\"url\":\"https:\/\/www.noubarris.net\/web40\/\",\"logo\":{\"@type\":\"ImageObject\",\"inLanguage\":\"ca\",\"@id\":\"https:\/\/www.noubarris.net\/web40\/#\/schema\/logo\/image\/\",\"url\":\"https:\/\/www.noubarris.net\/web40\/wp-content\/uploads\/2024\/11\/cropped-cropped-LOGO_9BTV-2024_Insta-1.jpg\",\"contentUrl\":\"https:\/\/www.noubarris.net\/web40\/wp-content\/uploads\/2024\/11\/cropped-cropped-LOGO_9BTV-2024_Insta-1.jpg\",\"width\":512,\"height\":512,\"caption\":\"NouBarris.Net\"},\"image\":{\"@id\":\"https:\/\/www.noubarris.net\/web40\/#\/schema\/logo\/image\/\"},\"sameAs\":[\"https:\/\/www.facebook.com\/NouBarris.net\/?locale=es_ES\",\"https:\/\/x.com\/9BTV\"]},{\"@type\":\"Person\",\"@id\":\"https:\/\/www.noubarris.net\/web40\/#\/schema\/person\/1827f92aaa316c54abbf4dac0de76069\",\"name\":\"Informatius\",\"image\":{\"@type\":\"ImageObject\",\"inLanguage\":\"ca\",\"@id\":\"https:\/\/www.noubarris.net\/web40\/#\/schema\/person\/image\/\",\"url\":\"https:\/\/secure.gravatar.com\/avatar\/87a3b47928835fc72c6ee5b0e1a7263ef0c2d05003a98189bc14926c5f11bcdb?s=96&d=mm&r=g\",\"contentUrl\":\"https:\/\/secure.gravatar.com\/avatar\/87a3b47928835fc72c6ee5b0e1a7263ef0c2d05003a98189bc14926c5f11bcdb?s=96&d=mm&r=g\",\"caption\":\"Informatius\"},\"url\":\"https:\/\/www.noubarris.net\/web40\/author\/tele\/\"}]}<\/script>\n<!-- \/ Yoast SEO plugin. -->","yoast_head_json":{"title":"Un artista en dibuixar insectes amb fruites i verdures - NouBarris.Net","robots":{"index":"index","follow":"follow","max-snippet":"max-snippet:-1","max-image-preview":"max-image-preview:large","max-video-preview":"max-video-preview:-1"},"canonical":"https:\/\/www.noubarris.net\/web40\/un-artista-en-dibuixar-insectes-amb-fruites-i-verdures\/","og_locale":"ca_ES","og_type":"article","og_title":"Un artista en dibuixar insectes amb fruites i verdures - NouBarris.Net","og_description":"Les obres de Pau Rod\u00e9s s\u00f3n m\u00e9s del que semblen al primer cop d\u2019ull \u00a0 Pau Rod\u00e9s assegura que \u00e9s","og_url":"https:\/\/www.noubarris.net\/web40\/un-artista-en-dibuixar-insectes-amb-fruites-i-verdures\/","og_site_name":"NouBarris.Net","article_publisher":"https:\/\/www.facebook.com\/NouBarris.net\/?locale=es_ES","article_published_time":"2019-02-26T22:00:37+00:00","og_image":[{"width":768,"height":432,"url":"https:\/\/www.noubarris.net\/web40\/wp-content\/uploads\/2019\/02\/270219.jpg","type":"image\/jpeg"}],"author":"Informatius","twitter_card":"summary_large_image","twitter_creator":"@9BTV","twitter_site":"@9BTV","twitter_misc":{"Escrit per":"Informatius","Temps estimat de lectura":"3 minuts"},"schema":{"@context":"https:\/\/schema.org","@graph":[{"@type":"Article","@id":"https:\/\/www.noubarris.net\/web40\/un-artista-en-dibuixar-insectes-amb-fruites-i-verdures\/#article","isPartOf":{"@id":"https:\/\/www.noubarris.net\/web40\/un-artista-en-dibuixar-insectes-amb-fruites-i-verdures\/"},"author":{"name":"Informatius","@id":"https:\/\/www.noubarris.net\/web40\/#\/schema\/person\/1827f92aaa316c54abbf4dac0de76069"},"headline":"Un artista en dibuixar insectes amb fruites i verdures","datePublished":"2019-02-26T22:00:37+00:00","mainEntityOfPage":{"@id":"https:\/\/www.noubarris.net\/web40\/un-artista-en-dibuixar-insectes-amb-fruites-i-verdures\/"},"wordCount":548,"publisher":{"@id":"https:\/\/www.noubarris.net\/web40\/#organization"},"image":{"@id":"https:\/\/www.noubarris.net\/web40\/un-artista-en-dibuixar-insectes-amb-fruites-i-verdures\/#primaryimage"},"thumbnailUrl":"https:\/\/www.noubarris.net\/web40\/wp-content\/uploads\/2019\/02\/270219.jpg","keywords":["art","Casa de l'Aigua","Exposici\u00f3","La Trinitat Nova"],"articleSection":["La Trinitat Nova","Societat"],"inLanguage":"ca"},{"@type":"WebPage","@id":"https:\/\/www.noubarris.net\/web40\/un-artista-en-dibuixar-insectes-amb-fruites-i-verdures\/","url":"https:\/\/www.noubarris.net\/web40\/un-artista-en-dibuixar-insectes-amb-fruites-i-verdures\/","name":"Un artista en dibuixar insectes amb fruites i verdures - NouBarris.Net","isPartOf":{"@id":"https:\/\/www.noubarris.net\/web40\/#website"},"primaryImageOfPage":{"@id":"https:\/\/www.noubarris.net\/web40\/un-artista-en-dibuixar-insectes-amb-fruites-i-verdures\/#primaryimage"},"image":{"@id":"https:\/\/www.noubarris.net\/web40\/un-artista-en-dibuixar-insectes-amb-fruites-i-verdures\/#primaryimage"},"thumbnailUrl":"https:\/\/www.noubarris.net\/web40\/wp-content\/uploads\/2019\/02\/270219.jpg","datePublished":"2019-02-26T22:00:37+00:00","breadcrumb":{"@id":"https:\/\/www.noubarris.net\/web40\/un-artista-en-dibuixar-insectes-amb-fruites-i-verdures\/#breadcrumb"},"inLanguage":"ca","potentialAction":[{"@type":"ReadAction","target":["https:\/\/www.noubarris.net\/web40\/un-artista-en-dibuixar-insectes-amb-fruites-i-verdures\/"]}]},{"@type":"ImageObject","inLanguage":"ca","@id":"https:\/\/www.noubarris.net\/web40\/un-artista-en-dibuixar-insectes-amb-fruites-i-verdures\/#primaryimage","url":"https:\/\/www.noubarris.net\/web40\/wp-content\/uploads\/2019\/02\/270219.jpg","contentUrl":"https:\/\/www.noubarris.net\/web40\/wp-content\/uploads\/2019\/02\/270219.jpg","width":768,"height":432},{"@type":"BreadcrumbList","@id":"https:\/\/www.noubarris.net\/web40\/un-artista-en-dibuixar-insectes-amb-fruites-i-verdures\/#breadcrumb","itemListElement":[{"@type":"ListItem","position":1,"name":"Inici","item":"https:\/\/www.noubarris.net\/web40\/"},{"@type":"ListItem","position":2,"name":"Un artista en dibuixar insectes amb fruites i verdures"}]},{"@type":"WebSite","@id":"https:\/\/www.noubarris.net\/web40\/#website","url":"https:\/\/www.noubarris.net\/web40\/","name":"NouBarris.Net","description":"Seguint la vida de Nou Barris des de 1985","publisher":{"@id":"https:\/\/www.noubarris.net\/web40\/#organization"},"potentialAction":[{"@type":"SearchAction","target":{"@type":"EntryPoint","urlTemplate":"https:\/\/www.noubarris.net\/web40\/?s={search_term_string}"},"query-input":{"@type":"PropertyValueSpecification","valueRequired":true,"valueName":"search_term_string"}}],"inLanguage":"ca"},{"@type":"Organization","@id":"https:\/\/www.noubarris.net\/web40\/#organization","name":"NouBarris.Net","url":"https:\/\/www.noubarris.net\/web40\/","logo":{"@type":"ImageObject","inLanguage":"ca","@id":"https:\/\/www.noubarris.net\/web40\/#\/schema\/logo\/image\/","url":"https:\/\/www.noubarris.net\/web40\/wp-content\/uploads\/2024\/11\/cropped-cropped-LOGO_9BTV-2024_Insta-1.jpg","contentUrl":"https:\/\/www.noubarris.net\/web40\/wp-content\/uploads\/2024\/11\/cropped-cropped-LOGO_9BTV-2024_Insta-1.jpg","width":512,"height":512,"caption":"NouBarris.Net"},"image":{"@id":"https:\/\/www.noubarris.net\/web40\/#\/schema\/logo\/image\/"},"sameAs":["https:\/\/www.facebook.com\/NouBarris.net\/?locale=es_ES","https:\/\/x.com\/9BTV"]},{"@type":"Person","@id":"https:\/\/www.noubarris.net\/web40\/#\/schema\/person\/1827f92aaa316c54abbf4dac0de76069","name":"Informatius","image":{"@type":"ImageObject","inLanguage":"ca","@id":"https:\/\/www.noubarris.net\/web40\/#\/schema\/person\/image\/","url":"https:\/\/secure.gravatar.com\/avatar\/87a3b47928835fc72c6ee5b0e1a7263ef0c2d05003a98189bc14926c5f11bcdb?s=96&d=mm&r=g","contentUrl":"https:\/\/secure.gravatar.com\/avatar\/87a3b47928835fc72c6ee5b0e1a7263ef0c2d05003a98189bc14926c5f11bcdb?s=96&d=mm&r=g","caption":"Informatius"},"url":"https:\/\/www.noubarris.net\/web40\/author\/tele\/"}]}},"_links":{"self":[{"href":"https:\/\/www.noubarris.net\/web40\/wp-json\/wp\/v2\/posts\/73729","targetHints":{"allow":["GET"]}}],"collection":[{"href":"https:\/\/www.noubarris.net\/web40\/wp-json\/wp\/v2\/posts"}],"about":[{"href":"https:\/\/www.noubarris.net\/web40\/wp-json\/wp\/v2\/types\/post"}],"author":[{"embeddable":true,"href":"https:\/\/www.noubarris.net\/web40\/wp-json\/wp\/v2\/users\/2"}],"replies":[{"embeddable":true,"href":"https:\/\/www.noubarris.net\/web40\/wp-json\/wp\/v2\/comments?post=73729"}],"version-history":[{"count":0,"href":"https:\/\/www.noubarris.net\/web40\/wp-json\/wp\/v2\/posts\/73729\/revisions"}],"wp:featuredmedia":[{"embeddable":true,"href":"https:\/\/www.noubarris.net\/web40\/wp-json\/wp\/v2\/media\/73731"}],"wp:attachment":[{"href":"https:\/\/www.noubarris.net\/web40\/wp-json\/wp\/v2\/media?parent=73729"}],"wp:term":[{"taxonomy":"category","embeddable":true,"href":"https:\/\/www.noubarris.net\/web40\/wp-json\/wp\/v2\/categories?post=73729"},{"taxonomy":"post_tag","embeddable":true,"href":"https:\/\/www.noubarris.net\/web40\/wp-json\/wp\/v2\/tags?post=73729"}],"curies":[{"name":"wp","href":"https:\/\/api.w.org\/{rel}","templated":true}]}}