{"id":73734,"date":"2019-02-28T00:00:35","date_gmt":"2019-02-27T22:00:35","guid":{"rendered":"http:\/\/www.noubarris.net\/web40\/?p=73734"},"modified":"2019-02-27T14:29:42","modified_gmt":"2019-02-27T12:29:42","slug":"loficina-de-lhabitatge-de-la-zona-nord-obrira-a-labril","status":"publish","type":"post","link":"https:\/\/www.noubarris.net\/web40\/loficina-de-lhabitatge-de-la-zona-nord-obrira-a-labril\/","title":{"rendered":"L\u2019Oficina de l\u2019habitatge de la Zona Nord obrir\u00e0 a l\u2019abril"},"content":{"rendered":"<p><strong>L\u2019equipament compartir\u00e0 espai amb una nova Oficina d\u2019Atenci\u00f3 Ciutadana<\/strong><\/p>\n<p>Els locals de la promoci\u00f3 d\u2019habitatges de l\u2019avinguda de l\u2019Escolapi C\u00e0ncer concentraran un bon nombre d\u2019equipaments i serveis de la Zona Nord. Al Casal de Barri i el Punt de Barcelona Activa s\u2019hi sumaran ara una Oficina d\u2019Habitatge, una nova Oficina d\u2019Atenci\u00f3 Ciutadana (que substituir\u00e0 l\u2019actual) per als barris de Torre Bar\u00f3, Ciutat Meridiana i Vallbona; i un Punt d\u2019Assessorament Energ\u00e8tic.\u00a0 Tot just al davant se situen tamb\u00e9 l\u2019Oficina del Pla de Barris i de Treball als Barris.\u00a0 Les obres, que tenen un cost de 296.000 euros finalitzaran aquest mes de mar\u00e7. La nova Oficina de l\u2019Habitatge de la Zona Nord s\u2019inaugurar\u00e0 a l\u2019abril.<\/p>\n<p>Fins ara, els ve\u00efns d\u2019aquests barris que volien assessorar-se o rebre informaci\u00f3 sobre habitatge havien de despla\u00e7ar-se fins a la Seu del Districte, al barri de la Guineueta. Per arribar-hi havia de fer servir for\u00e7osament el transport privat o p\u00fablic. L\u2019obertura d\u2019un nou servei a Torre Bar\u00f3 facilita l\u2019acc\u00e9s a tots els ve\u00efns de la Zona Nord. L\u2019oficina dona resposta a un dels territoris que m\u00e9s necessitats i demandes t\u00e9 d\u2019habitatge protegits i d\u2019emerg\u00e8ncia social. Aquest nou equipament entra dins el finan\u00e7ament del Pla de Barris de la Zona Nord.<\/p>\n<p>Amb la incorporaci\u00f3 dels nous serveis els entorns de la pla\u00e7a dels Eucaliptus es consoliden com un centre neur\u00e0lgic per als barris de la Zona Nord. Als equipaments i serveis s\u2019hi sumen tamb\u00e9 l\u2019obertura d\u2019alguns locals comercials i el restaurant escola Cru\u00eflla al Punt.<\/p>\n","protected":false},"excerpt":{"rendered":"<p>L\u2019equipament compartir\u00e0 espai amb una nova Oficina d\u2019Atenci\u00f3 Ciutadana Els locals de la promoci\u00f3 d\u2019habitatges de l\u2019avinguda de l\u2019Escolapi C\u00e0ncer<\/p>\n","protected":false},"author":2,"featured_media":73736,"comment_status":"closed","ping_status":"closed","sticky":false,"template":"","format":"standard","meta":{"colormag_page_layout":"default_layout","_monsterinsights_skip_tracking":false,"_monsterinsights_sitenote_active":false,"_monsterinsights_sitenote_note":"","_monsterinsights_sitenote_category":0,"footnotes":""},"categories":[137,302],"tags":[121,94,530,53],"class_list":["post-73734","post","type-post","status-publish","format-standard","has-post-thumbnail","hentry","category-torre-baro","category-urbanisme","tag-equipaments","tag-habitatge","tag-pla-de-barris","tag-torre-baro"],"yoast_head":"<!-- This site is optimized with the Yoast SEO plugin v25.3 - https:\/\/yoast.com\/wordpress\/plugins\/seo\/ -->\n<title>L\u2019Oficina de l\u2019habitatge de la Zona Nord obrir\u00e0 a l\u2019abril - NouBarris.Net<\/title>\n<meta name=\"robots\" content=\"index, follow, max-snippet:-1, max-image-preview:large, max-video-preview:-1\" \/>\n<link rel=\"canonical\" href=\"https:\/\/www.noubarris.net\/web40\/loficina-de-lhabitatge-de-la-zona-nord-obrira-a-labril\/\" \/>\n<meta property=\"og:locale\" content=\"ca_ES\" \/>\n<meta property=\"og:type\" content=\"article\" \/>\n<meta property=\"og:title\" content=\"L\u2019Oficina de l\u2019habitatge de la Zona Nord obrir\u00e0 a l\u2019abril - NouBarris.Net\" \/>\n<meta property=\"og:description\" content=\"L\u2019equipament compartir\u00e0 espai amb una nova Oficina d\u2019Atenci\u00f3 Ciutadana Els locals de la promoci\u00f3 d\u2019habitatges de l\u2019avinguda de l\u2019Escolapi C\u00e0ncer\" \/>\n<meta property=\"og:url\" content=\"https:\/\/www.noubarris.net\/web40\/loficina-de-lhabitatge-de-la-zona-nord-obrira-a-labril\/\" \/>\n<meta property=\"og:site_name\" content=\"NouBarris.Net\" \/>\n<meta property=\"article:publisher\" content=\"https:\/\/www.facebook.com\/NouBarris.net\/?locale=es_ES\" \/>\n<meta property=\"article:published_time\" content=\"2019-02-27T22:00:35+00:00\" \/>\n<meta property=\"og:image\" content=\"https:\/\/www.noubarris.net\/web40\/wp-content\/uploads\/2019\/02\/280219.jpg\" \/>\n\t<meta property=\"og:image:width\" content=\"768\" \/>\n\t<meta property=\"og:image:height\" content=\"432\" \/>\n\t<meta property=\"og:image:type\" content=\"image\/jpeg\" \/>\n<meta name=\"author\" content=\"Informatius\" \/>\n<meta name=\"twitter:card\" content=\"summary_large_image\" \/>\n<meta name=\"twitter:creator\" content=\"@9BTV\" \/>\n<meta name=\"twitter:site\" content=\"@9BTV\" \/>\n<meta name=\"twitter:label1\" content=\"Escrit per\" \/>\n\t<meta name=\"twitter:data1\" content=\"Informatius\" \/>\n\t<meta name=\"twitter:label2\" content=\"Temps estimat de lectura\" \/>\n\t<meta name=\"twitter:data2\" content=\"1 minut\" \/>\n<script type=\"application\/ld+json\" class=\"yoast-schema-graph\">{\"@context\":\"https:\/\/schema.org\",\"@graph\":[{\"@type\":\"Article\",\"@id\":\"https:\/\/www.noubarris.net\/web40\/loficina-de-lhabitatge-de-la-zona-nord-obrira-a-labril\/#article\",\"isPartOf\":{\"@id\":\"https:\/\/www.noubarris.net\/web40\/loficina-de-lhabitatge-de-la-zona-nord-obrira-a-labril\/\"},\"author\":{\"name\":\"Informatius\",\"@id\":\"https:\/\/www.noubarris.net\/web40\/#\/schema\/person\/1827f92aaa316c54abbf4dac0de76069\"},\"headline\":\"L\u2019Oficina de l\u2019habitatge de la Zona Nord obrir\u00e0 a l\u2019abril\",\"datePublished\":\"2019-02-27T22:00:35+00:00\",\"mainEntityOfPage\":{\"@id\":\"https:\/\/www.noubarris.net\/web40\/loficina-de-lhabitatge-de-la-zona-nord-obrira-a-labril\/\"},\"wordCount\":298,\"publisher\":{\"@id\":\"https:\/\/www.noubarris.net\/web40\/#organization\"},\"image\":{\"@id\":\"https:\/\/www.noubarris.net\/web40\/loficina-de-lhabitatge-de-la-zona-nord-obrira-a-labril\/#primaryimage\"},\"thumbnailUrl\":\"https:\/\/www.noubarris.net\/web40\/wp-content\/uploads\/2019\/02\/280219.jpg\",\"keywords\":[\"Equipaments\",\"Habitatge\",\"pla de barris\",\"Torre Bar\u00f3\"],\"articleSection\":[\"Torre Bar\u00f3\",\"Urbanisme\"],\"inLanguage\":\"ca\"},{\"@type\":\"WebPage\",\"@id\":\"https:\/\/www.noubarris.net\/web40\/loficina-de-lhabitatge-de-la-zona-nord-obrira-a-labril\/\",\"url\":\"https:\/\/www.noubarris.net\/web40\/loficina-de-lhabitatge-de-la-zona-nord-obrira-a-labril\/\",\"name\":\"L\u2019Oficina de l\u2019habitatge de la Zona Nord obrir\u00e0 a l\u2019abril - NouBarris.Net\",\"isPartOf\":{\"@id\":\"https:\/\/www.noubarris.net\/web40\/#website\"},\"primaryImageOfPage\":{\"@id\":\"https:\/\/www.noubarris.net\/web40\/loficina-de-lhabitatge-de-la-zona-nord-obrira-a-labril\/#primaryimage\"},\"image\":{\"@id\":\"https:\/\/www.noubarris.net\/web40\/loficina-de-lhabitatge-de-la-zona-nord-obrira-a-labril\/#primaryimage\"},\"thumbnailUrl\":\"https:\/\/www.noubarris.net\/web40\/wp-content\/uploads\/2019\/02\/280219.jpg\",\"datePublished\":\"2019-02-27T22:00:35+00:00\",\"breadcrumb\":{\"@id\":\"https:\/\/www.noubarris.net\/web40\/loficina-de-lhabitatge-de-la-zona-nord-obrira-a-labril\/#breadcrumb\"},\"inLanguage\":\"ca\",\"potentialAction\":[{\"@type\":\"ReadAction\",\"target\":[\"https:\/\/www.noubarris.net\/web40\/loficina-de-lhabitatge-de-la-zona-nord-obrira-a-labril\/\"]}]},{\"@type\":\"ImageObject\",\"inLanguage\":\"ca\",\"@id\":\"https:\/\/www.noubarris.net\/web40\/loficina-de-lhabitatge-de-la-zona-nord-obrira-a-labril\/#primaryimage\",\"url\":\"https:\/\/www.noubarris.net\/web40\/wp-content\/uploads\/2019\/02\/280219.jpg\",\"contentUrl\":\"https:\/\/www.noubarris.net\/web40\/wp-content\/uploads\/2019\/02\/280219.jpg\",\"width\":768,\"height\":432},{\"@type\":\"BreadcrumbList\",\"@id\":\"https:\/\/www.noubarris.net\/web40\/loficina-de-lhabitatge-de-la-zona-nord-obrira-a-labril\/#breadcrumb\",\"itemListElement\":[{\"@type\":\"ListItem\",\"position\":1,\"name\":\"Inici\",\"item\":\"https:\/\/www.noubarris.net\/web40\/\"},{\"@type\":\"ListItem\",\"position\":2,\"name\":\"L\u2019Oficina de l\u2019habitatge de la Zona Nord obrir\u00e0 a l\u2019abril\"}]},{\"@type\":\"WebSite\",\"@id\":\"https:\/\/www.noubarris.net\/web40\/#website\",\"url\":\"https:\/\/www.noubarris.net\/web40\/\",\"name\":\"NouBarris.Net\",\"description\":\"Seguint la vida de Nou Barris des de 1985\",\"publisher\":{\"@id\":\"https:\/\/www.noubarris.net\/web40\/#organization\"},\"potentialAction\":[{\"@type\":\"SearchAction\",\"target\":{\"@type\":\"EntryPoint\",\"urlTemplate\":\"https:\/\/www.noubarris.net\/web40\/?s={search_term_string}\"},\"query-input\":{\"@type\":\"PropertyValueSpecification\",\"valueRequired\":true,\"valueName\":\"search_term_string\"}}],\"inLanguage\":\"ca\"},{\"@type\":\"Organization\",\"@id\":\"https:\/\/www.noubarris.net\/web40\/#organization\",\"name\":\"NouBarris.Net\",\"url\":\"https:\/\/www.noubarris.net\/web40\/\",\"logo\":{\"@type\":\"ImageObject\",\"inLanguage\":\"ca\",\"@id\":\"https:\/\/www.noubarris.net\/web40\/#\/schema\/logo\/image\/\",\"url\":\"https:\/\/www.noubarris.net\/web40\/wp-content\/uploads\/2024\/11\/cropped-cropped-LOGO_9BTV-2024_Insta-1.jpg\",\"contentUrl\":\"https:\/\/www.noubarris.net\/web40\/wp-content\/uploads\/2024\/11\/cropped-cropped-LOGO_9BTV-2024_Insta-1.jpg\",\"width\":512,\"height\":512,\"caption\":\"NouBarris.Net\"},\"image\":{\"@id\":\"https:\/\/www.noubarris.net\/web40\/#\/schema\/logo\/image\/\"},\"sameAs\":[\"https:\/\/www.facebook.com\/NouBarris.net\/?locale=es_ES\",\"https:\/\/x.com\/9BTV\"]},{\"@type\":\"Person\",\"@id\":\"https:\/\/www.noubarris.net\/web40\/#\/schema\/person\/1827f92aaa316c54abbf4dac0de76069\",\"name\":\"Informatius\",\"image\":{\"@type\":\"ImageObject\",\"inLanguage\":\"ca\",\"@id\":\"https:\/\/www.noubarris.net\/web40\/#\/schema\/person\/image\/\",\"url\":\"https:\/\/secure.gravatar.com\/avatar\/87a3b47928835fc72c6ee5b0e1a7263ef0c2d05003a98189bc14926c5f11bcdb?s=96&d=mm&r=g\",\"contentUrl\":\"https:\/\/secure.gravatar.com\/avatar\/87a3b47928835fc72c6ee5b0e1a7263ef0c2d05003a98189bc14926c5f11bcdb?s=96&d=mm&r=g\",\"caption\":\"Informatius\"},\"url\":\"https:\/\/www.noubarris.net\/web40\/author\/tele\/\"}]}<\/script>\n<!-- \/ Yoast SEO plugin. -->","yoast_head_json":{"title":"L\u2019Oficina de l\u2019habitatge de la Zona Nord obrir\u00e0 a l\u2019abril - NouBarris.Net","robots":{"index":"index","follow":"follow","max-snippet":"max-snippet:-1","max-image-preview":"max-image-preview:large","max-video-preview":"max-video-preview:-1"},"canonical":"https:\/\/www.noubarris.net\/web40\/loficina-de-lhabitatge-de-la-zona-nord-obrira-a-labril\/","og_locale":"ca_ES","og_type":"article","og_title":"L\u2019Oficina de l\u2019habitatge de la Zona Nord obrir\u00e0 a l\u2019abril - NouBarris.Net","og_description":"L\u2019equipament compartir\u00e0 espai amb una nova Oficina d\u2019Atenci\u00f3 Ciutadana Els locals de la promoci\u00f3 d\u2019habitatges de l\u2019avinguda de l\u2019Escolapi C\u00e0ncer","og_url":"https:\/\/www.noubarris.net\/web40\/loficina-de-lhabitatge-de-la-zona-nord-obrira-a-labril\/","og_site_name":"NouBarris.Net","article_publisher":"https:\/\/www.facebook.com\/NouBarris.net\/?locale=es_ES","article_published_time":"2019-02-27T22:00:35+00:00","og_image":[{"width":768,"height":432,"url":"https:\/\/www.noubarris.net\/web40\/wp-content\/uploads\/2019\/02\/280219.jpg","type":"image\/jpeg"}],"author":"Informatius","twitter_card":"summary_large_image","twitter_creator":"@9BTV","twitter_site":"@9BTV","twitter_misc":{"Escrit per":"Informatius","Temps estimat de lectura":"1 minut"},"schema":{"@context":"https:\/\/schema.org","@graph":[{"@type":"Article","@id":"https:\/\/www.noubarris.net\/web40\/loficina-de-lhabitatge-de-la-zona-nord-obrira-a-labril\/#article","isPartOf":{"@id":"https:\/\/www.noubarris.net\/web40\/loficina-de-lhabitatge-de-la-zona-nord-obrira-a-labril\/"},"author":{"name":"Informatius","@id":"https:\/\/www.noubarris.net\/web40\/#\/schema\/person\/1827f92aaa316c54abbf4dac0de76069"},"headline":"L\u2019Oficina de l\u2019habitatge de la Zona Nord obrir\u00e0 a l\u2019abril","datePublished":"2019-02-27T22:00:35+00:00","mainEntityOfPage":{"@id":"https:\/\/www.noubarris.net\/web40\/loficina-de-lhabitatge-de-la-zona-nord-obrira-a-labril\/"},"wordCount":298,"publisher":{"@id":"https:\/\/www.noubarris.net\/web40\/#organization"},"image":{"@id":"https:\/\/www.noubarris.net\/web40\/loficina-de-lhabitatge-de-la-zona-nord-obrira-a-labril\/#primaryimage"},"thumbnailUrl":"https:\/\/www.noubarris.net\/web40\/wp-content\/uploads\/2019\/02\/280219.jpg","keywords":["Equipaments","Habitatge","pla de barris","Torre Bar\u00f3"],"articleSection":["Torre Bar\u00f3","Urbanisme"],"inLanguage":"ca"},{"@type":"WebPage","@id":"https:\/\/www.noubarris.net\/web40\/loficina-de-lhabitatge-de-la-zona-nord-obrira-a-labril\/","url":"https:\/\/www.noubarris.net\/web40\/loficina-de-lhabitatge-de-la-zona-nord-obrira-a-labril\/","name":"L\u2019Oficina de l\u2019habitatge de la Zona Nord obrir\u00e0 a l\u2019abril - NouBarris.Net","isPartOf":{"@id":"https:\/\/www.noubarris.net\/web40\/#website"},"primaryImageOfPage":{"@id":"https:\/\/www.noubarris.net\/web40\/loficina-de-lhabitatge-de-la-zona-nord-obrira-a-labril\/#primaryimage"},"image":{"@id":"https:\/\/www.noubarris.net\/web40\/loficina-de-lhabitatge-de-la-zona-nord-obrira-a-labril\/#primaryimage"},"thumbnailUrl":"https:\/\/www.noubarris.net\/web40\/wp-content\/uploads\/2019\/02\/280219.jpg","datePublished":"2019-02-27T22:00:35+00:00","breadcrumb":{"@id":"https:\/\/www.noubarris.net\/web40\/loficina-de-lhabitatge-de-la-zona-nord-obrira-a-labril\/#breadcrumb"},"inLanguage":"ca","potentialAction":[{"@type":"ReadAction","target":["https:\/\/www.noubarris.net\/web40\/loficina-de-lhabitatge-de-la-zona-nord-obrira-a-labril\/"]}]},{"@type":"ImageObject","inLanguage":"ca","@id":"https:\/\/www.noubarris.net\/web40\/loficina-de-lhabitatge-de-la-zona-nord-obrira-a-labril\/#primaryimage","url":"https:\/\/www.noubarris.net\/web40\/wp-content\/uploads\/2019\/02\/280219.jpg","contentUrl":"https:\/\/www.noubarris.net\/web40\/wp-content\/uploads\/2019\/02\/280219.jpg","width":768,"height":432},{"@type":"BreadcrumbList","@id":"https:\/\/www.noubarris.net\/web40\/loficina-de-lhabitatge-de-la-zona-nord-obrira-a-labril\/#breadcrumb","itemListElement":[{"@type":"ListItem","position":1,"name":"Inici","item":"https:\/\/www.noubarris.net\/web40\/"},{"@type":"ListItem","position":2,"name":"L\u2019Oficina de l\u2019habitatge de la Zona Nord obrir\u00e0 a l\u2019abril"}]},{"@type":"WebSite","@id":"https:\/\/www.noubarris.net\/web40\/#website","url":"https:\/\/www.noubarris.net\/web40\/","name":"NouBarris.Net","description":"Seguint la vida de Nou Barris des de 1985","publisher":{"@id":"https:\/\/www.noubarris.net\/web40\/#organization"},"potentialAction":[{"@type":"SearchAction","target":{"@type":"EntryPoint","urlTemplate":"https:\/\/www.noubarris.net\/web40\/?s={search_term_string}"},"query-input":{"@type":"PropertyValueSpecification","valueRequired":true,"valueName":"search_term_string"}}],"inLanguage":"ca"},{"@type":"Organization","@id":"https:\/\/www.noubarris.net\/web40\/#organization","name":"NouBarris.Net","url":"https:\/\/www.noubarris.net\/web40\/","logo":{"@type":"ImageObject","inLanguage":"ca","@id":"https:\/\/www.noubarris.net\/web40\/#\/schema\/logo\/image\/","url":"https:\/\/www.noubarris.net\/web40\/wp-content\/uploads\/2024\/11\/cropped-cropped-LOGO_9BTV-2024_Insta-1.jpg","contentUrl":"https:\/\/www.noubarris.net\/web40\/wp-content\/uploads\/2024\/11\/cropped-cropped-LOGO_9BTV-2024_Insta-1.jpg","width":512,"height":512,"caption":"NouBarris.Net"},"image":{"@id":"https:\/\/www.noubarris.net\/web40\/#\/schema\/logo\/image\/"},"sameAs":["https:\/\/www.facebook.com\/NouBarris.net\/?locale=es_ES","https:\/\/x.com\/9BTV"]},{"@type":"Person","@id":"https:\/\/www.noubarris.net\/web40\/#\/schema\/person\/1827f92aaa316c54abbf4dac0de76069","name":"Informatius","image":{"@type":"ImageObject","inLanguage":"ca","@id":"https:\/\/www.noubarris.net\/web40\/#\/schema\/person\/image\/","url":"https:\/\/secure.gravatar.com\/avatar\/87a3b47928835fc72c6ee5b0e1a7263ef0c2d05003a98189bc14926c5f11bcdb?s=96&d=mm&r=g","contentUrl":"https:\/\/secure.gravatar.com\/avatar\/87a3b47928835fc72c6ee5b0e1a7263ef0c2d05003a98189bc14926c5f11bcdb?s=96&d=mm&r=g","caption":"Informatius"},"url":"https:\/\/www.noubarris.net\/web40\/author\/tele\/"}]}},"_links":{"self":[{"href":"https:\/\/www.noubarris.net\/web40\/wp-json\/wp\/v2\/posts\/73734","targetHints":{"allow":["GET"]}}],"collection":[{"href":"https:\/\/www.noubarris.net\/web40\/wp-json\/wp\/v2\/posts"}],"about":[{"href":"https:\/\/www.noubarris.net\/web40\/wp-json\/wp\/v2\/types\/post"}],"author":[{"embeddable":true,"href":"https:\/\/www.noubarris.net\/web40\/wp-json\/wp\/v2\/users\/2"}],"replies":[{"embeddable":true,"href":"https:\/\/www.noubarris.net\/web40\/wp-json\/wp\/v2\/comments?post=73734"}],"version-history":[{"count":0,"href":"https:\/\/www.noubarris.net\/web40\/wp-json\/wp\/v2\/posts\/73734\/revisions"}],"wp:featuredmedia":[{"embeddable":true,"href":"https:\/\/www.noubarris.net\/web40\/wp-json\/wp\/v2\/media\/73736"}],"wp:attachment":[{"href":"https:\/\/www.noubarris.net\/web40\/wp-json\/wp\/v2\/media?parent=73734"}],"wp:term":[{"taxonomy":"category","embeddable":true,"href":"https:\/\/www.noubarris.net\/web40\/wp-json\/wp\/v2\/categories?post=73734"},{"taxonomy":"post_tag","embeddable":true,"href":"https:\/\/www.noubarris.net\/web40\/wp-json\/wp\/v2\/tags?post=73734"}],"curies":[{"name":"wp","href":"https:\/\/api.w.org\/{rel}","templated":true}]}}