{"id":74413,"date":"2019-07-12T00:00:26","date_gmt":"2019-07-11T22:00:26","guid":{"rendered":"http:\/\/www.noubarris.net\/web40\/?p=74413"},"modified":"2019-07-11T14:41:41","modified_gmt":"2019-07-11T12:41:41","slug":"25-anys-de-convivencia-i-esport-a-la-platja-de-la-prosperitat","status":"publish","type":"post","link":"https:\/\/www.noubarris.net\/web40\/25-anys-de-convivencia-i-esport-a-la-platja-de-la-prosperitat\/","title":{"rendered":"25 anys de conviv\u00e8ncia i esport a la platja de la Prosperitat"},"content":{"rendered":"<p><strong>Cada juliol la sorra del Prospebeach s\u2019omple de casals d\u2019estiu, torneigs de voleibol i ve\u00efns \u00a0<\/strong><\/p>\n<p>La platja de la Prosperitat compleix 25 juliols. Durant vint dies la pla\u00e7a d\u2019\u00c0ngel Pesta\u00f1a queda soterrada sota unes 40 tones de sorra. Aquest escenari acull durant vint dies casals infantils matinals, jocs a la sorra, cinema a la fresca i sobretot molts partits de v\u00f2lei-platja. Els principals se celebren enguany el 13 de juliol, amb una marat\u00f3 de partits simultanis en cinc pistes que comen\u00e7a a les 7h del mat\u00ed i acaba de matinada. En aquests 25 anys, el Prospebeach ha anat creixent i millorant les infraestructures, amb la incorporaci\u00f3 de dutxes, aspersors de rec i algunes ombres.<\/p>\n<p>El Prospebeach va n\u00e9ixer amb motiu de les col\u00f2nies al barri d\u2019un grup de nenes i nens saharauis. Van tenir la idea de dinamitzar l\u2019estada creant una platja artificial, aprofitant el llac que hi havia aleshores a la pla\u00e7a d\u2019\u00c0ngel Pesta\u00f1a, just al costat del casal de Barri de la Prosperitat. De mica en mica aquesta platja va anar creixent per acollir m\u00e9s i m\u00e9s equips de v\u00f2lei-platja, i en paral\u00b7lel, m\u00e9s i m\u00e9s castells de sorra. Ara dues persones s\u2019encarreguen de preparar la \u2018platja de la Prospe\u2019 amb piscines inflables, dutxes, carpes i aspersors, per acollir als casals infantils i els ve\u00efns i ve\u00efnes que gaudeixen de la sorra durant el dia. \u201cAra hem aconseguit regar cada dia la sorra perqu\u00e8 no doni la sensaci\u00f3 de sorra seca, que fa m\u00e9s calor\u201d, explica Santi \u00c1vila, un dels pioners que va comen\u00e7ar a organitzar el Prospebeach i encara hi continua, tot i que ja pensa en la necessitat d\u2019un relleu al capdavant d\u2019aquest cicle. La feina de muntar la platja cada any ha topat amb molts obstacles tant per part d\u2019alguns ve\u00efns com de l\u2019administraci\u00f3. Fins i tot durant tres anys el Prospebeach es va convertir en Prospeciment, ja que es van quedar sense sorra uns anys. Tamb\u00e9 es van haver de traslladar a altres indrets del barri durant les obres de remodelaci\u00f3 de la pla\u00e7a. Per\u00f2 sempre ha acabat tornant-hi.<\/p>\n<p>Per\u00f2 m\u00e9s enll\u00e0 del temps de lleure i oci a la sorra, el Prospebeach ha esdevingut un punt de trobada del barri. \u201cHem aconseguit unir socialment el barri al voltant del Prospebeach.- afegeix \u00c1vila- El dia dels partits hi trobem jugant als avis, als pars i als n\u00e9ts. I al voltant, tot de gent que ve a divertir-se, a dinar, a fer paelles o graellades. S\u2019ha convertit en una festa, haurien de posar-la en el calendari de Nou Barris.\u201d<\/p>\n<p><strong>Dem\u00e0 l&#8217;acte central, el campionat de volei-platja<\/strong><\/p>\n<p>El Prospebeach t\u00e9 com a acte principal el campionat 4&#215;4 de v\u00f2lei-platja. Hi participen prop d\u2019un centenar d\u2019equips, tot i que podrien ser molts m\u00e9s. \u201cAquest any hem deixat fora 25 equips- lamenta Santi \u00c0vila- Ens sap greu, per\u00f2 \u00e9s que no podem inscriure m\u00e9s perqu\u00e8 no donem a l\u2019abast. Tenim cinc pistes i s\u00f3n molt\u00edssimes hores. Comencem a les 8h del mat\u00ed i acabem de matinada.\u201d Un torneig dist\u00e9s, en qu\u00e8 la gran majoria dels equips van a divertir-se, m\u00e9s que a competir. Enguany el dia gran \u00e9s dem\u00e0 dissabte.<\/p>\n","protected":false},"excerpt":{"rendered":"<p>Cada juliol la sorra del Prospebeach s\u2019omple de casals d\u2019estiu, torneigs de voleibol i ve\u00efns \u00a0 La platja de la<\/p>\n","protected":false},"author":2,"featured_media":74414,"comment_status":"closed","ping_status":"closed","sticky":false,"template":"","format":"standard","meta":{"colormag_page_layout":"default_layout","_monsterinsights_skip_tracking":false,"_monsterinsights_sitenote_active":false,"_monsterinsights_sitenote_note":"","_monsterinsights_sitenote_category":0,"footnotes":""},"categories":[135,124],"tags":[449,51,474],"class_list":["post-74413","post","type-post","status-publish","format-standard","has-post-thumbnail","hentry","category-la-prosperitat","category-societat","tag-convivencia","tag-la-prosperitat","tag-prospebeach"],"yoast_head":"<!-- This site is optimized with the Yoast SEO plugin v25.3 - https:\/\/yoast.com\/wordpress\/plugins\/seo\/ -->\n<title>25 anys de conviv\u00e8ncia i esport a la platja de la Prosperitat - NouBarris.Net<\/title>\n<meta name=\"robots\" content=\"index, follow, max-snippet:-1, max-image-preview:large, max-video-preview:-1\" \/>\n<link rel=\"canonical\" href=\"https:\/\/www.noubarris.net\/web40\/25-anys-de-convivencia-i-esport-a-la-platja-de-la-prosperitat\/\" \/>\n<meta property=\"og:locale\" content=\"ca_ES\" \/>\n<meta property=\"og:type\" content=\"article\" \/>\n<meta property=\"og:title\" content=\"25 anys de conviv\u00e8ncia i esport a la platja de la Prosperitat - NouBarris.Net\" \/>\n<meta property=\"og:description\" content=\"Cada juliol la sorra del Prospebeach s\u2019omple de casals d\u2019estiu, torneigs de voleibol i ve\u00efns \u00a0 La platja de la\" \/>\n<meta property=\"og:url\" content=\"https:\/\/www.noubarris.net\/web40\/25-anys-de-convivencia-i-esport-a-la-platja-de-la-prosperitat\/\" \/>\n<meta property=\"og:site_name\" content=\"NouBarris.Net\" \/>\n<meta property=\"article:publisher\" content=\"https:\/\/www.facebook.com\/NouBarris.net\/?locale=es_ES\" \/>\n<meta property=\"article:published_time\" content=\"2019-07-11T22:00:26+00:00\" \/>\n<meta property=\"og:image\" content=\"https:\/\/www.noubarris.net\/web40\/wp-content\/uploads\/2019\/07\/120719.jpg\" \/>\n\t<meta property=\"og:image:width\" content=\"768\" \/>\n\t<meta property=\"og:image:height\" content=\"432\" \/>\n\t<meta property=\"og:image:type\" content=\"image\/jpeg\" \/>\n<meta name=\"author\" content=\"Informatius\" \/>\n<meta name=\"twitter:card\" content=\"summary_large_image\" \/>\n<meta name=\"twitter:creator\" content=\"@9BTV\" \/>\n<meta name=\"twitter:site\" content=\"@9BTV\" \/>\n<meta name=\"twitter:label1\" content=\"Escrit per\" \/>\n\t<meta name=\"twitter:data1\" content=\"Informatius\" \/>\n\t<meta name=\"twitter:label2\" content=\"Temps estimat de lectura\" \/>\n\t<meta name=\"twitter:data2\" content=\"3 minuts\" \/>\n<script type=\"application\/ld+json\" class=\"yoast-schema-graph\">{\"@context\":\"https:\/\/schema.org\",\"@graph\":[{\"@type\":\"Article\",\"@id\":\"https:\/\/www.noubarris.net\/web40\/25-anys-de-convivencia-i-esport-a-la-platja-de-la-prosperitat\/#article\",\"isPartOf\":{\"@id\":\"https:\/\/www.noubarris.net\/web40\/25-anys-de-convivencia-i-esport-a-la-platja-de-la-prosperitat\/\"},\"author\":{\"name\":\"Informatius\",\"@id\":\"https:\/\/www.noubarris.net\/web40\/#\/schema\/person\/1827f92aaa316c54abbf4dac0de76069\"},\"headline\":\"25 anys de conviv\u00e8ncia i esport a la platja de la Prosperitat\",\"datePublished\":\"2019-07-11T22:00:26+00:00\",\"mainEntityOfPage\":{\"@id\":\"https:\/\/www.noubarris.net\/web40\/25-anys-de-convivencia-i-esport-a-la-platja-de-la-prosperitat\/\"},\"wordCount\":576,\"publisher\":{\"@id\":\"https:\/\/www.noubarris.net\/web40\/#organization\"},\"image\":{\"@id\":\"https:\/\/www.noubarris.net\/web40\/25-anys-de-convivencia-i-esport-a-la-platja-de-la-prosperitat\/#primaryimage\"},\"thumbnailUrl\":\"https:\/\/www.noubarris.net\/web40\/wp-content\/uploads\/2019\/07\/120719.jpg\",\"keywords\":[\"conviv\u00e8ncia\",\"La Prosperitat\",\"prospebeach\"],\"articleSection\":[\"La Prosperitat\",\"Societat\"],\"inLanguage\":\"ca\"},{\"@type\":\"WebPage\",\"@id\":\"https:\/\/www.noubarris.net\/web40\/25-anys-de-convivencia-i-esport-a-la-platja-de-la-prosperitat\/\",\"url\":\"https:\/\/www.noubarris.net\/web40\/25-anys-de-convivencia-i-esport-a-la-platja-de-la-prosperitat\/\",\"name\":\"25 anys de conviv\u00e8ncia i esport a la platja de la Prosperitat - NouBarris.Net\",\"isPartOf\":{\"@id\":\"https:\/\/www.noubarris.net\/web40\/#website\"},\"primaryImageOfPage\":{\"@id\":\"https:\/\/www.noubarris.net\/web40\/25-anys-de-convivencia-i-esport-a-la-platja-de-la-prosperitat\/#primaryimage\"},\"image\":{\"@id\":\"https:\/\/www.noubarris.net\/web40\/25-anys-de-convivencia-i-esport-a-la-platja-de-la-prosperitat\/#primaryimage\"},\"thumbnailUrl\":\"https:\/\/www.noubarris.net\/web40\/wp-content\/uploads\/2019\/07\/120719.jpg\",\"datePublished\":\"2019-07-11T22:00:26+00:00\",\"breadcrumb\":{\"@id\":\"https:\/\/www.noubarris.net\/web40\/25-anys-de-convivencia-i-esport-a-la-platja-de-la-prosperitat\/#breadcrumb\"},\"inLanguage\":\"ca\",\"potentialAction\":[{\"@type\":\"ReadAction\",\"target\":[\"https:\/\/www.noubarris.net\/web40\/25-anys-de-convivencia-i-esport-a-la-platja-de-la-prosperitat\/\"]}]},{\"@type\":\"ImageObject\",\"inLanguage\":\"ca\",\"@id\":\"https:\/\/www.noubarris.net\/web40\/25-anys-de-convivencia-i-esport-a-la-platja-de-la-prosperitat\/#primaryimage\",\"url\":\"https:\/\/www.noubarris.net\/web40\/wp-content\/uploads\/2019\/07\/120719.jpg\",\"contentUrl\":\"https:\/\/www.noubarris.net\/web40\/wp-content\/uploads\/2019\/07\/120719.jpg\",\"width\":768,\"height\":432},{\"@type\":\"BreadcrumbList\",\"@id\":\"https:\/\/www.noubarris.net\/web40\/25-anys-de-convivencia-i-esport-a-la-platja-de-la-prosperitat\/#breadcrumb\",\"itemListElement\":[{\"@type\":\"ListItem\",\"position\":1,\"name\":\"Inici\",\"item\":\"https:\/\/www.noubarris.net\/web40\/\"},{\"@type\":\"ListItem\",\"position\":2,\"name\":\"25 anys de conviv\u00e8ncia i esport a la platja de la Prosperitat\"}]},{\"@type\":\"WebSite\",\"@id\":\"https:\/\/www.noubarris.net\/web40\/#website\",\"url\":\"https:\/\/www.noubarris.net\/web40\/\",\"name\":\"NouBarris.Net\",\"description\":\"Seguint la vida de Nou Barris des de 1985\",\"publisher\":{\"@id\":\"https:\/\/www.noubarris.net\/web40\/#organization\"},\"potentialAction\":[{\"@type\":\"SearchAction\",\"target\":{\"@type\":\"EntryPoint\",\"urlTemplate\":\"https:\/\/www.noubarris.net\/web40\/?s={search_term_string}\"},\"query-input\":{\"@type\":\"PropertyValueSpecification\",\"valueRequired\":true,\"valueName\":\"search_term_string\"}}],\"inLanguage\":\"ca\"},{\"@type\":\"Organization\",\"@id\":\"https:\/\/www.noubarris.net\/web40\/#organization\",\"name\":\"NouBarris.Net\",\"url\":\"https:\/\/www.noubarris.net\/web40\/\",\"logo\":{\"@type\":\"ImageObject\",\"inLanguage\":\"ca\",\"@id\":\"https:\/\/www.noubarris.net\/web40\/#\/schema\/logo\/image\/\",\"url\":\"https:\/\/www.noubarris.net\/web40\/wp-content\/uploads\/2024\/11\/cropped-cropped-LOGO_9BTV-2024_Insta-1.jpg\",\"contentUrl\":\"https:\/\/www.noubarris.net\/web40\/wp-content\/uploads\/2024\/11\/cropped-cropped-LOGO_9BTV-2024_Insta-1.jpg\",\"width\":512,\"height\":512,\"caption\":\"NouBarris.Net\"},\"image\":{\"@id\":\"https:\/\/www.noubarris.net\/web40\/#\/schema\/logo\/image\/\"},\"sameAs\":[\"https:\/\/www.facebook.com\/NouBarris.net\/?locale=es_ES\",\"https:\/\/x.com\/9BTV\"]},{\"@type\":\"Person\",\"@id\":\"https:\/\/www.noubarris.net\/web40\/#\/schema\/person\/1827f92aaa316c54abbf4dac0de76069\",\"name\":\"Informatius\",\"image\":{\"@type\":\"ImageObject\",\"inLanguage\":\"ca\",\"@id\":\"https:\/\/www.noubarris.net\/web40\/#\/schema\/person\/image\/\",\"url\":\"https:\/\/secure.gravatar.com\/avatar\/87a3b47928835fc72c6ee5b0e1a7263ef0c2d05003a98189bc14926c5f11bcdb?s=96&d=mm&r=g\",\"contentUrl\":\"https:\/\/secure.gravatar.com\/avatar\/87a3b47928835fc72c6ee5b0e1a7263ef0c2d05003a98189bc14926c5f11bcdb?s=96&d=mm&r=g\",\"caption\":\"Informatius\"},\"url\":\"https:\/\/www.noubarris.net\/web40\/author\/tele\/\"}]}<\/script>\n<!-- \/ Yoast SEO plugin. -->","yoast_head_json":{"title":"25 anys de conviv\u00e8ncia i esport a la platja de la Prosperitat - NouBarris.Net","robots":{"index":"index","follow":"follow","max-snippet":"max-snippet:-1","max-image-preview":"max-image-preview:large","max-video-preview":"max-video-preview:-1"},"canonical":"https:\/\/www.noubarris.net\/web40\/25-anys-de-convivencia-i-esport-a-la-platja-de-la-prosperitat\/","og_locale":"ca_ES","og_type":"article","og_title":"25 anys de conviv\u00e8ncia i esport a la platja de la Prosperitat - NouBarris.Net","og_description":"Cada juliol la sorra del Prospebeach s\u2019omple de casals d\u2019estiu, torneigs de voleibol i ve\u00efns \u00a0 La platja de la","og_url":"https:\/\/www.noubarris.net\/web40\/25-anys-de-convivencia-i-esport-a-la-platja-de-la-prosperitat\/","og_site_name":"NouBarris.Net","article_publisher":"https:\/\/www.facebook.com\/NouBarris.net\/?locale=es_ES","article_published_time":"2019-07-11T22:00:26+00:00","og_image":[{"width":768,"height":432,"url":"https:\/\/www.noubarris.net\/web40\/wp-content\/uploads\/2019\/07\/120719.jpg","type":"image\/jpeg"}],"author":"Informatius","twitter_card":"summary_large_image","twitter_creator":"@9BTV","twitter_site":"@9BTV","twitter_misc":{"Escrit per":"Informatius","Temps estimat de lectura":"3 minuts"},"schema":{"@context":"https:\/\/schema.org","@graph":[{"@type":"Article","@id":"https:\/\/www.noubarris.net\/web40\/25-anys-de-convivencia-i-esport-a-la-platja-de-la-prosperitat\/#article","isPartOf":{"@id":"https:\/\/www.noubarris.net\/web40\/25-anys-de-convivencia-i-esport-a-la-platja-de-la-prosperitat\/"},"author":{"name":"Informatius","@id":"https:\/\/www.noubarris.net\/web40\/#\/schema\/person\/1827f92aaa316c54abbf4dac0de76069"},"headline":"25 anys de conviv\u00e8ncia i esport a la platja de la Prosperitat","datePublished":"2019-07-11T22:00:26+00:00","mainEntityOfPage":{"@id":"https:\/\/www.noubarris.net\/web40\/25-anys-de-convivencia-i-esport-a-la-platja-de-la-prosperitat\/"},"wordCount":576,"publisher":{"@id":"https:\/\/www.noubarris.net\/web40\/#organization"},"image":{"@id":"https:\/\/www.noubarris.net\/web40\/25-anys-de-convivencia-i-esport-a-la-platja-de-la-prosperitat\/#primaryimage"},"thumbnailUrl":"https:\/\/www.noubarris.net\/web40\/wp-content\/uploads\/2019\/07\/120719.jpg","keywords":["conviv\u00e8ncia","La Prosperitat","prospebeach"],"articleSection":["La Prosperitat","Societat"],"inLanguage":"ca"},{"@type":"WebPage","@id":"https:\/\/www.noubarris.net\/web40\/25-anys-de-convivencia-i-esport-a-la-platja-de-la-prosperitat\/","url":"https:\/\/www.noubarris.net\/web40\/25-anys-de-convivencia-i-esport-a-la-platja-de-la-prosperitat\/","name":"25 anys de conviv\u00e8ncia i esport a la platja de la Prosperitat - NouBarris.Net","isPartOf":{"@id":"https:\/\/www.noubarris.net\/web40\/#website"},"primaryImageOfPage":{"@id":"https:\/\/www.noubarris.net\/web40\/25-anys-de-convivencia-i-esport-a-la-platja-de-la-prosperitat\/#primaryimage"},"image":{"@id":"https:\/\/www.noubarris.net\/web40\/25-anys-de-convivencia-i-esport-a-la-platja-de-la-prosperitat\/#primaryimage"},"thumbnailUrl":"https:\/\/www.noubarris.net\/web40\/wp-content\/uploads\/2019\/07\/120719.jpg","datePublished":"2019-07-11T22:00:26+00:00","breadcrumb":{"@id":"https:\/\/www.noubarris.net\/web40\/25-anys-de-convivencia-i-esport-a-la-platja-de-la-prosperitat\/#breadcrumb"},"inLanguage":"ca","potentialAction":[{"@type":"ReadAction","target":["https:\/\/www.noubarris.net\/web40\/25-anys-de-convivencia-i-esport-a-la-platja-de-la-prosperitat\/"]}]},{"@type":"ImageObject","inLanguage":"ca","@id":"https:\/\/www.noubarris.net\/web40\/25-anys-de-convivencia-i-esport-a-la-platja-de-la-prosperitat\/#primaryimage","url":"https:\/\/www.noubarris.net\/web40\/wp-content\/uploads\/2019\/07\/120719.jpg","contentUrl":"https:\/\/www.noubarris.net\/web40\/wp-content\/uploads\/2019\/07\/120719.jpg","width":768,"height":432},{"@type":"BreadcrumbList","@id":"https:\/\/www.noubarris.net\/web40\/25-anys-de-convivencia-i-esport-a-la-platja-de-la-prosperitat\/#breadcrumb","itemListElement":[{"@type":"ListItem","position":1,"name":"Inici","item":"https:\/\/www.noubarris.net\/web40\/"},{"@type":"ListItem","position":2,"name":"25 anys de conviv\u00e8ncia i esport a la platja de la Prosperitat"}]},{"@type":"WebSite","@id":"https:\/\/www.noubarris.net\/web40\/#website","url":"https:\/\/www.noubarris.net\/web40\/","name":"NouBarris.Net","description":"Seguint la vida de Nou Barris des de 1985","publisher":{"@id":"https:\/\/www.noubarris.net\/web40\/#organization"},"potentialAction":[{"@type":"SearchAction","target":{"@type":"EntryPoint","urlTemplate":"https:\/\/www.noubarris.net\/web40\/?s={search_term_string}"},"query-input":{"@type":"PropertyValueSpecification","valueRequired":true,"valueName":"search_term_string"}}],"inLanguage":"ca"},{"@type":"Organization","@id":"https:\/\/www.noubarris.net\/web40\/#organization","name":"NouBarris.Net","url":"https:\/\/www.noubarris.net\/web40\/","logo":{"@type":"ImageObject","inLanguage":"ca","@id":"https:\/\/www.noubarris.net\/web40\/#\/schema\/logo\/image\/","url":"https:\/\/www.noubarris.net\/web40\/wp-content\/uploads\/2024\/11\/cropped-cropped-LOGO_9BTV-2024_Insta-1.jpg","contentUrl":"https:\/\/www.noubarris.net\/web40\/wp-content\/uploads\/2024\/11\/cropped-cropped-LOGO_9BTV-2024_Insta-1.jpg","width":512,"height":512,"caption":"NouBarris.Net"},"image":{"@id":"https:\/\/www.noubarris.net\/web40\/#\/schema\/logo\/image\/"},"sameAs":["https:\/\/www.facebook.com\/NouBarris.net\/?locale=es_ES","https:\/\/x.com\/9BTV"]},{"@type":"Person","@id":"https:\/\/www.noubarris.net\/web40\/#\/schema\/person\/1827f92aaa316c54abbf4dac0de76069","name":"Informatius","image":{"@type":"ImageObject","inLanguage":"ca","@id":"https:\/\/www.noubarris.net\/web40\/#\/schema\/person\/image\/","url":"https:\/\/secure.gravatar.com\/avatar\/87a3b47928835fc72c6ee5b0e1a7263ef0c2d05003a98189bc14926c5f11bcdb?s=96&d=mm&r=g","contentUrl":"https:\/\/secure.gravatar.com\/avatar\/87a3b47928835fc72c6ee5b0e1a7263ef0c2d05003a98189bc14926c5f11bcdb?s=96&d=mm&r=g","caption":"Informatius"},"url":"https:\/\/www.noubarris.net\/web40\/author\/tele\/"}]}},"_links":{"self":[{"href":"https:\/\/www.noubarris.net\/web40\/wp-json\/wp\/v2\/posts\/74413","targetHints":{"allow":["GET"]}}],"collection":[{"href":"https:\/\/www.noubarris.net\/web40\/wp-json\/wp\/v2\/posts"}],"about":[{"href":"https:\/\/www.noubarris.net\/web40\/wp-json\/wp\/v2\/types\/post"}],"author":[{"embeddable":true,"href":"https:\/\/www.noubarris.net\/web40\/wp-json\/wp\/v2\/users\/2"}],"replies":[{"embeddable":true,"href":"https:\/\/www.noubarris.net\/web40\/wp-json\/wp\/v2\/comments?post=74413"}],"version-history":[{"count":0,"href":"https:\/\/www.noubarris.net\/web40\/wp-json\/wp\/v2\/posts\/74413\/revisions"}],"wp:featuredmedia":[{"embeddable":true,"href":"https:\/\/www.noubarris.net\/web40\/wp-json\/wp\/v2\/media\/74414"}],"wp:attachment":[{"href":"https:\/\/www.noubarris.net\/web40\/wp-json\/wp\/v2\/media?parent=74413"}],"wp:term":[{"taxonomy":"category","embeddable":true,"href":"https:\/\/www.noubarris.net\/web40\/wp-json\/wp\/v2\/categories?post=74413"},{"taxonomy":"post_tag","embeddable":true,"href":"https:\/\/www.noubarris.net\/web40\/wp-json\/wp\/v2\/tags?post=74413"}],"curies":[{"name":"wp","href":"https:\/\/api.w.org\/{rel}","templated":true}]}}