{"id":74766,"date":"2019-10-08T00:00:35","date_gmt":"2019-10-07T22:00:35","guid":{"rendered":"http:\/\/www.noubarris.net\/web40\/?p=74766"},"modified":"2019-10-07T17:24:39","modified_gmt":"2019-10-07T15:24:39","slug":"nou-barris-repren-lactivitat-politica-amb-laudiencia-publica-i-el-consell-plenari","status":"publish","type":"post","link":"https:\/\/www.noubarris.net\/web40\/nou-barris-repren-lactivitat-politica-amb-laudiencia-publica-i-el-consell-plenari\/","title":{"rendered":"Nou Barris repr\u00e9n l&#8217;activitat pol\u00edtica amb l&#8217;Audi\u00e8ncia P\u00fablica i el Consell Plenari"},"content":{"rendered":"<p><strong>Les dues sessions comencen a les 18.30h avui i dem\u00e0 respectivament, i es podran seguir per internet<\/strong><\/p>\n<p>Un cop establert el nou govern i superat l&#8217;estiu, Nou Barris enceta la temporada pol\u00edtica i de participaci\u00f3 amb la celebraci\u00f3 avui de la primera Audi\u00e8ncia P\u00fablica de la legislatura. Dem\u00e0 dimecres el ve\u00efnat tindr\u00e0 dues sessions del Consell Plenari, l&#8217;ordinari i un d&#8217;extraordinari per aprovar el cartip\u00e0s.<\/p>\n<p>Pel que fa ala sessi\u00f3 de l&#8217;Audi\u00e8ncia P\u00fablica d&#8217;avui, se celebrar\u00e0 a partir de les 18.30h, com sempre a la Sala de Plens de la Seu del Districte. L&#8217;audi\u00e8ncia \u00e9s l\u2019\u00f2rgan de participaci\u00f3 obert a la ciutadania, que pot formular preguntes o fer suggeriments, un cop han agafat torn de paraula a l&#8217;inici de la sessi\u00f3.\u00a0Si no hi podeu assistir, podreu seguir la convocat\u00f2ria a trav\u00e9s del <a href=\"https:\/\/youtu.be\/dP7rLqDz998\" target=\"_blank\" rel=\"noopener noreferrer\">canal Youtube de l&#8217;Ajuntament<\/a>.<\/p>\n<p>Dem\u00e0 arriba el primer Consell Plenari ordinari despr\u00e9s de constituir-se el nou Consell Municipal del Districte el passat mes de juliol. Comen\u00e7ar\u00e0 un cop acabat el consell extraordinari de les 18.30h en qu\u00e8 s\u2019aprovar\u00e0 el nou cartip\u00e0s del Districte. De la mateixa manera que l&#8217;Audi\u00e8ncia P\u00fablica, tamb\u00e9 podeu seguir el desenvolupament de la sessi\u00f3 a trav\u00e9s de l&#8217;<a href=\"https:\/\/youtu.be\/r4u0f2o8010\" target=\"_blank\" rel=\"noopener noreferrer\">streaming municipal<\/a>.<\/p>\n<p>Al web de Districte trobareu <a href=\"https:\/\/ajuntament.barcelona.cat\/noubarris\/sites\/default\/files\/plenari\/ordres\/09_convocat._plenari_ordinari.pdf\" target=\"_blank\" rel=\"noopener noreferrer\">l&#8217;ordre del dia<\/a>, en qu\u00e8 destaca l&#8217;aprovaci\u00f3 inicial del pla urban\u00edstic que ha de permetre la construcci\u00f3 del Casal de Joves de la Prosperitat en el solar adjacent a l&#8217;equipament provisional actual. Els partit de l&#8217;oposici\u00f3 posaran sobre la taula altres temes com la seguretat, les \u00e0rees de gossos, la senyalitzaci\u00f3 de la mem\u00f2ria hist\u00f2rica de les Cases del Governador o el projecte de cobriment de la pista del Club de B\u00e0squet Canyelles, entre molts altres.<\/p>\n<p>La sessi\u00f3 tamb\u00e9 es fa a la Sala de Plens de la Seu del Districte, un espai accessible i equipat amb bucle magn\u00e8tic per a persones amb problemes d\u2019audici\u00f3. A m\u00e9s hi ha un servei d\u2019interpretaci\u00f3 de signes que funciona pr\u00e8via demanda al correu electr\u00f2nic spitnb@bcn.cat.<\/p>\n<p>&nbsp;<\/p>\n","protected":false},"excerpt":{"rendered":"<p>Les dues sessions comencen a les 18.30h avui i dem\u00e0 respectivament, i es podran seguir per internet Un cop establert<\/p>\n","protected":false},"author":2,"featured_media":74767,"comment_status":"closed","ping_status":"closed","sticky":false,"template":"","format":"standard","meta":{"colormag_page_layout":"default_layout","_monsterinsights_skip_tracking":false,"_monsterinsights_sitenote_active":false,"_monsterinsights_sitenote_note":"","_monsterinsights_sitenote_category":0,"footnotes":""},"categories":[447,1,484],"tags":[318,319,327,320],"class_list":["post-74766","post","type-post","status-publish","format-standard","has-post-thumbnail","hentry","category-audiencia-publica-i-plenari","category-nou-barris","category-participacio","tag-audiencia","tag-nou-barris","tag-participacio","tag-plenari"],"yoast_head":"<!-- This site is optimized with the Yoast SEO plugin v25.3 - https:\/\/yoast.com\/wordpress\/plugins\/seo\/ -->\n<title>Nou Barris repr\u00e9n l&#039;activitat pol\u00edtica amb l&#039;Audi\u00e8ncia P\u00fablica i el Consell Plenari - NouBarris.Net<\/title>\n<meta name=\"robots\" content=\"index, follow, max-snippet:-1, max-image-preview:large, max-video-preview:-1\" \/>\n<link rel=\"canonical\" href=\"https:\/\/www.noubarris.net\/web40\/nou-barris-repren-lactivitat-politica-amb-laudiencia-publica-i-el-consell-plenari\/\" \/>\n<meta property=\"og:locale\" content=\"ca_ES\" \/>\n<meta property=\"og:type\" content=\"article\" \/>\n<meta property=\"og:title\" content=\"Nou Barris repr\u00e9n l&#039;activitat pol\u00edtica amb l&#039;Audi\u00e8ncia P\u00fablica i el Consell Plenari - NouBarris.Net\" \/>\n<meta property=\"og:description\" content=\"Les dues sessions comencen a les 18.30h avui i dem\u00e0 respectivament, i es podran seguir per internet Un cop establert\" \/>\n<meta property=\"og:url\" content=\"https:\/\/www.noubarris.net\/web40\/nou-barris-repren-lactivitat-politica-amb-laudiencia-publica-i-el-consell-plenari\/\" \/>\n<meta property=\"og:site_name\" content=\"NouBarris.Net\" \/>\n<meta property=\"article:publisher\" content=\"https:\/\/www.facebook.com\/NouBarris.net\/?locale=es_ES\" \/>\n<meta property=\"article:published_time\" content=\"2019-10-07T22:00:35+00:00\" \/>\n<meta property=\"og:image\" content=\"https:\/\/www.noubarris.net\/web40\/wp-content\/uploads\/2019\/10\/081019.jpg\" \/>\n\t<meta property=\"og:image:width\" content=\"768\" \/>\n\t<meta property=\"og:image:height\" content=\"432\" \/>\n\t<meta property=\"og:image:type\" content=\"image\/jpeg\" \/>\n<meta name=\"author\" content=\"Informatius\" \/>\n<meta name=\"twitter:card\" content=\"summary_large_image\" \/>\n<meta name=\"twitter:creator\" content=\"@9BTV\" \/>\n<meta name=\"twitter:site\" content=\"@9BTV\" \/>\n<meta name=\"twitter:label1\" content=\"Escrit per\" \/>\n\t<meta name=\"twitter:data1\" content=\"Informatius\" \/>\n\t<meta name=\"twitter:label2\" content=\"Temps estimat de lectura\" \/>\n\t<meta name=\"twitter:data2\" content=\"2 minuts\" \/>\n<script type=\"application\/ld+json\" class=\"yoast-schema-graph\">{\"@context\":\"https:\/\/schema.org\",\"@graph\":[{\"@type\":\"Article\",\"@id\":\"https:\/\/www.noubarris.net\/web40\/nou-barris-repren-lactivitat-politica-amb-laudiencia-publica-i-el-consell-plenari\/#article\",\"isPartOf\":{\"@id\":\"https:\/\/www.noubarris.net\/web40\/nou-barris-repren-lactivitat-politica-amb-laudiencia-publica-i-el-consell-plenari\/\"},\"author\":{\"name\":\"Informatius\",\"@id\":\"https:\/\/www.noubarris.net\/web40\/#\/schema\/person\/1827f92aaa316c54abbf4dac0de76069\"},\"headline\":\"Nou Barris repr\u00e9n l&#8217;activitat pol\u00edtica amb l&#8217;Audi\u00e8ncia P\u00fablica i el Consell Plenari\",\"datePublished\":\"2019-10-07T22:00:35+00:00\",\"mainEntityOfPage\":{\"@id\":\"https:\/\/www.noubarris.net\/web40\/nou-barris-repren-lactivitat-politica-amb-laudiencia-publica-i-el-consell-plenari\/\"},\"wordCount\":386,\"publisher\":{\"@id\":\"https:\/\/www.noubarris.net\/web40\/#organization\"},\"image\":{\"@id\":\"https:\/\/www.noubarris.net\/web40\/nou-barris-repren-lactivitat-politica-amb-laudiencia-publica-i-el-consell-plenari\/#primaryimage\"},\"thumbnailUrl\":\"https:\/\/www.noubarris.net\/web40\/wp-content\/uploads\/2019\/10\/081019.jpg\",\"keywords\":[\"Audi\u00e8ncia\",\"Nou Barris\",\"Participaci\u00f3\",\"Plenari\"],\"articleSection\":[\"Audi\u00e8ncia p\u00fablica i Plenari\",\"Nou Barris\",\"Participaci\u00f3\"],\"inLanguage\":\"ca\"},{\"@type\":\"WebPage\",\"@id\":\"https:\/\/www.noubarris.net\/web40\/nou-barris-repren-lactivitat-politica-amb-laudiencia-publica-i-el-consell-plenari\/\",\"url\":\"https:\/\/www.noubarris.net\/web40\/nou-barris-repren-lactivitat-politica-amb-laudiencia-publica-i-el-consell-plenari\/\",\"name\":\"Nou Barris repr\u00e9n l'activitat pol\u00edtica amb l'Audi\u00e8ncia P\u00fablica i el Consell Plenari - NouBarris.Net\",\"isPartOf\":{\"@id\":\"https:\/\/www.noubarris.net\/web40\/#website\"},\"primaryImageOfPage\":{\"@id\":\"https:\/\/www.noubarris.net\/web40\/nou-barris-repren-lactivitat-politica-amb-laudiencia-publica-i-el-consell-plenari\/#primaryimage\"},\"image\":{\"@id\":\"https:\/\/www.noubarris.net\/web40\/nou-barris-repren-lactivitat-politica-amb-laudiencia-publica-i-el-consell-plenari\/#primaryimage\"},\"thumbnailUrl\":\"https:\/\/www.noubarris.net\/web40\/wp-content\/uploads\/2019\/10\/081019.jpg\",\"datePublished\":\"2019-10-07T22:00:35+00:00\",\"breadcrumb\":{\"@id\":\"https:\/\/www.noubarris.net\/web40\/nou-barris-repren-lactivitat-politica-amb-laudiencia-publica-i-el-consell-plenari\/#breadcrumb\"},\"inLanguage\":\"ca\",\"potentialAction\":[{\"@type\":\"ReadAction\",\"target\":[\"https:\/\/www.noubarris.net\/web40\/nou-barris-repren-lactivitat-politica-amb-laudiencia-publica-i-el-consell-plenari\/\"]}]},{\"@type\":\"ImageObject\",\"inLanguage\":\"ca\",\"@id\":\"https:\/\/www.noubarris.net\/web40\/nou-barris-repren-lactivitat-politica-amb-laudiencia-publica-i-el-consell-plenari\/#primaryimage\",\"url\":\"https:\/\/www.noubarris.net\/web40\/wp-content\/uploads\/2019\/10\/081019.jpg\",\"contentUrl\":\"https:\/\/www.noubarris.net\/web40\/wp-content\/uploads\/2019\/10\/081019.jpg\",\"width\":768,\"height\":432},{\"@type\":\"BreadcrumbList\",\"@id\":\"https:\/\/www.noubarris.net\/web40\/nou-barris-repren-lactivitat-politica-amb-laudiencia-publica-i-el-consell-plenari\/#breadcrumb\",\"itemListElement\":[{\"@type\":\"ListItem\",\"position\":1,\"name\":\"Inici\",\"item\":\"https:\/\/www.noubarris.net\/web40\/\"},{\"@type\":\"ListItem\",\"position\":2,\"name\":\"Nou Barris repr\u00e9n l&#8217;activitat pol\u00edtica amb l&#8217;Audi\u00e8ncia P\u00fablica i el Consell Plenari\"}]},{\"@type\":\"WebSite\",\"@id\":\"https:\/\/www.noubarris.net\/web40\/#website\",\"url\":\"https:\/\/www.noubarris.net\/web40\/\",\"name\":\"NouBarris.Net\",\"description\":\"Seguint la vida de Nou Barris des de 1985\",\"publisher\":{\"@id\":\"https:\/\/www.noubarris.net\/web40\/#organization\"},\"potentialAction\":[{\"@type\":\"SearchAction\",\"target\":{\"@type\":\"EntryPoint\",\"urlTemplate\":\"https:\/\/www.noubarris.net\/web40\/?s={search_term_string}\"},\"query-input\":{\"@type\":\"PropertyValueSpecification\",\"valueRequired\":true,\"valueName\":\"search_term_string\"}}],\"inLanguage\":\"ca\"},{\"@type\":\"Organization\",\"@id\":\"https:\/\/www.noubarris.net\/web40\/#organization\",\"name\":\"NouBarris.Net\",\"url\":\"https:\/\/www.noubarris.net\/web40\/\",\"logo\":{\"@type\":\"ImageObject\",\"inLanguage\":\"ca\",\"@id\":\"https:\/\/www.noubarris.net\/web40\/#\/schema\/logo\/image\/\",\"url\":\"https:\/\/www.noubarris.net\/web40\/wp-content\/uploads\/2024\/11\/cropped-cropped-LOGO_9BTV-2024_Insta-1.jpg\",\"contentUrl\":\"https:\/\/www.noubarris.net\/web40\/wp-content\/uploads\/2024\/11\/cropped-cropped-LOGO_9BTV-2024_Insta-1.jpg\",\"width\":512,\"height\":512,\"caption\":\"NouBarris.Net\"},\"image\":{\"@id\":\"https:\/\/www.noubarris.net\/web40\/#\/schema\/logo\/image\/\"},\"sameAs\":[\"https:\/\/www.facebook.com\/NouBarris.net\/?locale=es_ES\",\"https:\/\/x.com\/9BTV\"]},{\"@type\":\"Person\",\"@id\":\"https:\/\/www.noubarris.net\/web40\/#\/schema\/person\/1827f92aaa316c54abbf4dac0de76069\",\"name\":\"Informatius\",\"image\":{\"@type\":\"ImageObject\",\"inLanguage\":\"ca\",\"@id\":\"https:\/\/www.noubarris.net\/web40\/#\/schema\/person\/image\/\",\"url\":\"https:\/\/secure.gravatar.com\/avatar\/87a3b47928835fc72c6ee5b0e1a7263ef0c2d05003a98189bc14926c5f11bcdb?s=96&d=mm&r=g\",\"contentUrl\":\"https:\/\/secure.gravatar.com\/avatar\/87a3b47928835fc72c6ee5b0e1a7263ef0c2d05003a98189bc14926c5f11bcdb?s=96&d=mm&r=g\",\"caption\":\"Informatius\"},\"url\":\"https:\/\/www.noubarris.net\/web40\/author\/tele\/\"}]}<\/script>\n<!-- \/ Yoast SEO plugin. -->","yoast_head_json":{"title":"Nou Barris repr\u00e9n l'activitat pol\u00edtica amb l'Audi\u00e8ncia P\u00fablica i el Consell Plenari - NouBarris.Net","robots":{"index":"index","follow":"follow","max-snippet":"max-snippet:-1","max-image-preview":"max-image-preview:large","max-video-preview":"max-video-preview:-1"},"canonical":"https:\/\/www.noubarris.net\/web40\/nou-barris-repren-lactivitat-politica-amb-laudiencia-publica-i-el-consell-plenari\/","og_locale":"ca_ES","og_type":"article","og_title":"Nou Barris repr\u00e9n l'activitat pol\u00edtica amb l'Audi\u00e8ncia P\u00fablica i el Consell Plenari - NouBarris.Net","og_description":"Les dues sessions comencen a les 18.30h avui i dem\u00e0 respectivament, i es podran seguir per internet Un cop establert","og_url":"https:\/\/www.noubarris.net\/web40\/nou-barris-repren-lactivitat-politica-amb-laudiencia-publica-i-el-consell-plenari\/","og_site_name":"NouBarris.Net","article_publisher":"https:\/\/www.facebook.com\/NouBarris.net\/?locale=es_ES","article_published_time":"2019-10-07T22:00:35+00:00","og_image":[{"width":768,"height":432,"url":"https:\/\/www.noubarris.net\/web40\/wp-content\/uploads\/2019\/10\/081019.jpg","type":"image\/jpeg"}],"author":"Informatius","twitter_card":"summary_large_image","twitter_creator":"@9BTV","twitter_site":"@9BTV","twitter_misc":{"Escrit per":"Informatius","Temps estimat de lectura":"2 minuts"},"schema":{"@context":"https:\/\/schema.org","@graph":[{"@type":"Article","@id":"https:\/\/www.noubarris.net\/web40\/nou-barris-repren-lactivitat-politica-amb-laudiencia-publica-i-el-consell-plenari\/#article","isPartOf":{"@id":"https:\/\/www.noubarris.net\/web40\/nou-barris-repren-lactivitat-politica-amb-laudiencia-publica-i-el-consell-plenari\/"},"author":{"name":"Informatius","@id":"https:\/\/www.noubarris.net\/web40\/#\/schema\/person\/1827f92aaa316c54abbf4dac0de76069"},"headline":"Nou Barris repr\u00e9n l&#8217;activitat pol\u00edtica amb l&#8217;Audi\u00e8ncia P\u00fablica i el Consell Plenari","datePublished":"2019-10-07T22:00:35+00:00","mainEntityOfPage":{"@id":"https:\/\/www.noubarris.net\/web40\/nou-barris-repren-lactivitat-politica-amb-laudiencia-publica-i-el-consell-plenari\/"},"wordCount":386,"publisher":{"@id":"https:\/\/www.noubarris.net\/web40\/#organization"},"image":{"@id":"https:\/\/www.noubarris.net\/web40\/nou-barris-repren-lactivitat-politica-amb-laudiencia-publica-i-el-consell-plenari\/#primaryimage"},"thumbnailUrl":"https:\/\/www.noubarris.net\/web40\/wp-content\/uploads\/2019\/10\/081019.jpg","keywords":["Audi\u00e8ncia","Nou Barris","Participaci\u00f3","Plenari"],"articleSection":["Audi\u00e8ncia p\u00fablica i Plenari","Nou Barris","Participaci\u00f3"],"inLanguage":"ca"},{"@type":"WebPage","@id":"https:\/\/www.noubarris.net\/web40\/nou-barris-repren-lactivitat-politica-amb-laudiencia-publica-i-el-consell-plenari\/","url":"https:\/\/www.noubarris.net\/web40\/nou-barris-repren-lactivitat-politica-amb-laudiencia-publica-i-el-consell-plenari\/","name":"Nou Barris repr\u00e9n l'activitat pol\u00edtica amb l'Audi\u00e8ncia P\u00fablica i el Consell Plenari - NouBarris.Net","isPartOf":{"@id":"https:\/\/www.noubarris.net\/web40\/#website"},"primaryImageOfPage":{"@id":"https:\/\/www.noubarris.net\/web40\/nou-barris-repren-lactivitat-politica-amb-laudiencia-publica-i-el-consell-plenari\/#primaryimage"},"image":{"@id":"https:\/\/www.noubarris.net\/web40\/nou-barris-repren-lactivitat-politica-amb-laudiencia-publica-i-el-consell-plenari\/#primaryimage"},"thumbnailUrl":"https:\/\/www.noubarris.net\/web40\/wp-content\/uploads\/2019\/10\/081019.jpg","datePublished":"2019-10-07T22:00:35+00:00","breadcrumb":{"@id":"https:\/\/www.noubarris.net\/web40\/nou-barris-repren-lactivitat-politica-amb-laudiencia-publica-i-el-consell-plenari\/#breadcrumb"},"inLanguage":"ca","potentialAction":[{"@type":"ReadAction","target":["https:\/\/www.noubarris.net\/web40\/nou-barris-repren-lactivitat-politica-amb-laudiencia-publica-i-el-consell-plenari\/"]}]},{"@type":"ImageObject","inLanguage":"ca","@id":"https:\/\/www.noubarris.net\/web40\/nou-barris-repren-lactivitat-politica-amb-laudiencia-publica-i-el-consell-plenari\/#primaryimage","url":"https:\/\/www.noubarris.net\/web40\/wp-content\/uploads\/2019\/10\/081019.jpg","contentUrl":"https:\/\/www.noubarris.net\/web40\/wp-content\/uploads\/2019\/10\/081019.jpg","width":768,"height":432},{"@type":"BreadcrumbList","@id":"https:\/\/www.noubarris.net\/web40\/nou-barris-repren-lactivitat-politica-amb-laudiencia-publica-i-el-consell-plenari\/#breadcrumb","itemListElement":[{"@type":"ListItem","position":1,"name":"Inici","item":"https:\/\/www.noubarris.net\/web40\/"},{"@type":"ListItem","position":2,"name":"Nou Barris repr\u00e9n l&#8217;activitat pol\u00edtica amb l&#8217;Audi\u00e8ncia P\u00fablica i el Consell Plenari"}]},{"@type":"WebSite","@id":"https:\/\/www.noubarris.net\/web40\/#website","url":"https:\/\/www.noubarris.net\/web40\/","name":"NouBarris.Net","description":"Seguint la vida de Nou Barris des de 1985","publisher":{"@id":"https:\/\/www.noubarris.net\/web40\/#organization"},"potentialAction":[{"@type":"SearchAction","target":{"@type":"EntryPoint","urlTemplate":"https:\/\/www.noubarris.net\/web40\/?s={search_term_string}"},"query-input":{"@type":"PropertyValueSpecification","valueRequired":true,"valueName":"search_term_string"}}],"inLanguage":"ca"},{"@type":"Organization","@id":"https:\/\/www.noubarris.net\/web40\/#organization","name":"NouBarris.Net","url":"https:\/\/www.noubarris.net\/web40\/","logo":{"@type":"ImageObject","inLanguage":"ca","@id":"https:\/\/www.noubarris.net\/web40\/#\/schema\/logo\/image\/","url":"https:\/\/www.noubarris.net\/web40\/wp-content\/uploads\/2024\/11\/cropped-cropped-LOGO_9BTV-2024_Insta-1.jpg","contentUrl":"https:\/\/www.noubarris.net\/web40\/wp-content\/uploads\/2024\/11\/cropped-cropped-LOGO_9BTV-2024_Insta-1.jpg","width":512,"height":512,"caption":"NouBarris.Net"},"image":{"@id":"https:\/\/www.noubarris.net\/web40\/#\/schema\/logo\/image\/"},"sameAs":["https:\/\/www.facebook.com\/NouBarris.net\/?locale=es_ES","https:\/\/x.com\/9BTV"]},{"@type":"Person","@id":"https:\/\/www.noubarris.net\/web40\/#\/schema\/person\/1827f92aaa316c54abbf4dac0de76069","name":"Informatius","image":{"@type":"ImageObject","inLanguage":"ca","@id":"https:\/\/www.noubarris.net\/web40\/#\/schema\/person\/image\/","url":"https:\/\/secure.gravatar.com\/avatar\/87a3b47928835fc72c6ee5b0e1a7263ef0c2d05003a98189bc14926c5f11bcdb?s=96&d=mm&r=g","contentUrl":"https:\/\/secure.gravatar.com\/avatar\/87a3b47928835fc72c6ee5b0e1a7263ef0c2d05003a98189bc14926c5f11bcdb?s=96&d=mm&r=g","caption":"Informatius"},"url":"https:\/\/www.noubarris.net\/web40\/author\/tele\/"}]}},"_links":{"self":[{"href":"https:\/\/www.noubarris.net\/web40\/wp-json\/wp\/v2\/posts\/74766","targetHints":{"allow":["GET"]}}],"collection":[{"href":"https:\/\/www.noubarris.net\/web40\/wp-json\/wp\/v2\/posts"}],"about":[{"href":"https:\/\/www.noubarris.net\/web40\/wp-json\/wp\/v2\/types\/post"}],"author":[{"embeddable":true,"href":"https:\/\/www.noubarris.net\/web40\/wp-json\/wp\/v2\/users\/2"}],"replies":[{"embeddable":true,"href":"https:\/\/www.noubarris.net\/web40\/wp-json\/wp\/v2\/comments?post=74766"}],"version-history":[{"count":0,"href":"https:\/\/www.noubarris.net\/web40\/wp-json\/wp\/v2\/posts\/74766\/revisions"}],"wp:featuredmedia":[{"embeddable":true,"href":"https:\/\/www.noubarris.net\/web40\/wp-json\/wp\/v2\/media\/74767"}],"wp:attachment":[{"href":"https:\/\/www.noubarris.net\/web40\/wp-json\/wp\/v2\/media?parent=74766"}],"wp:term":[{"taxonomy":"category","embeddable":true,"href":"https:\/\/www.noubarris.net\/web40\/wp-json\/wp\/v2\/categories?post=74766"},{"taxonomy":"post_tag","embeddable":true,"href":"https:\/\/www.noubarris.net\/web40\/wp-json\/wp\/v2\/tags?post=74766"}],"curies":[{"name":"wp","href":"https:\/\/api.w.org\/{rel}","templated":true}]}}