{"id":74771,"date":"2019-10-09T00:00:47","date_gmt":"2019-10-08T22:00:47","guid":{"rendered":"http:\/\/www.noubarris.net\/web40\/?p=74771"},"modified":"2019-10-08T23:08:54","modified_gmt":"2019-10-08T21:08:54","slug":"ciutat-meridiana-demana-millores-en-laccessibilitat-i-mes-habitatge-social","status":"publish","type":"post","link":"https:\/\/www.noubarris.net\/web40\/ciutat-meridiana-demana-millores-en-laccessibilitat-i-mes-habitatge-social\/","title":{"rendered":"Ciutat Meridiana demana millores en l\u2019accessibilitat i m\u00e9s habitatge social"},"content":{"rendered":"<p><strong>Les dues reivindicacions ve\u00efnals continuen vigents\u00a0 a la primera audi\u00e8ncia del mandat\u00a0 \u00a0<\/strong><\/p>\n<p>Ciutat Meridiana ha estat el barri que m\u00e9s torns de paraula ha pres durant la\u00a0 primera audi\u00e8ncia p\u00fablica del mandat a Nou Barris. Bona part de les intervencions s\u2019han centrat en la manca d\u2019habitatge d\u2019emerg\u00e8ncia social per resoldre el problema dels desnonaments a Ciutat Meridiana. La setmana passada el barri va haver d\u2019afrontar-ne nou.\u00a0 Un altre tema recorrent al llarg de la sessi\u00f3 t\u00e9 a veure amb l\u2019accessibilitat. Els ve\u00efns denuncien que les diverses escales mec\u00e0niques que salven els forts desnivells del barri continuen avariant-se. Segons els ve\u00efns, el canvi de contrata que va fer l\u2019Ajuntament amb l\u2019empresa encarregada del manteniment no s\u2019ha notat gaire. Les escales continuen amb avaries constants i aquestes triguen massa en reparar-se. El resultat es tradueix en setmanes amb les escales mec\u00e0niques fora de servei.<\/p>\n<p>Els ve\u00efns denuncien tamb\u00e9 el retard de les obres que han de connectar amb escales mec\u00e0niques el carrer de les Agudes amb la pla\u00e7a del metro de Ciutat Meridiana. A m\u00e9s, no els hi ha agradat el fet que Montcada i Reixac hagi informat els ve\u00efns de l\u2019inici i les afectacions al tr\u00e0nsit d\u2019aquestes obres abans que l\u2019Ajuntament de Barcelona. Segons els hi ha confirmat Districte a l\u2019audi\u00e8ncia p\u00fablica, les tasques comen\u00e7aran la setmana vinent.<\/p>\n<p>Les obres connectaran els carrers de les Agudes i els Rasos de Peguera, per millorar l\u2019accessibilitat i la connectivitat de la zona, tot salvant el desnivell existent. Les tasques provocaran desviacions en el tr\u00e0nsit amb el tall del carrer de les Agudes, entre els Rasos de Peguera i Circumval\u00b7laci\u00f3, a Montcada i Reixac. Aquest tall s\u2019aturar\u00e0 del 20 de desembre al 7 de gener amb motiu de les festes de Nadal, i es reprendr\u00e0 posteriorment fins al 31 de gener. Les l\u00ednies de bus 62, 76, 83 i N3 tamb\u00e9 patiran desviacions.<\/p>\n<p>A m\u00e9s de la instal\u00b7laci\u00f3 de les escales mec\u00e0niques, tamb\u00e9 s\u2019urbanitzaran els entorns. Aix\u00ed, es crearan nous itineraris accessibles, que inclouen els passatges d\u2019acc\u00e9s als habitatges, i s\u2019arranjaran els espais verds existents amb noves plantacions.<\/p>\n<p>Finalment, es crear\u00e0 una nova zona de jocs infantils i es renovaran les xarxes de serveis, de reg i clavegueram. Est\u00e0 previst que les obres acabin el juliol de 2020.<\/p>\n","protected":false},"excerpt":{"rendered":"<p>Les dues reivindicacions ve\u00efnals continuen vigents\u00a0 a la primera audi\u00e8ncia del mandat\u00a0 \u00a0 Ciutat Meridiana ha estat el barri que<\/p>\n","protected":false},"author":2,"featured_media":74772,"comment_status":"closed","ping_status":"closed","sticky":false,"template":"","format":"standard","meta":{"colormag_page_layout":"default_layout","_monsterinsights_skip_tracking":false,"_monsterinsights_sitenote_active":false,"_monsterinsights_sitenote_note":"","_monsterinsights_sitenote_category":0,"footnotes":""},"categories":[132],"tags":[318,54,327],"class_list":["post-74771","post","type-post","status-publish","format-standard","has-post-thumbnail","hentry","category-ciutat-meridiana","tag-audiencia","tag-ciutat-meridiana","tag-participacio"],"yoast_head":"<!-- This site is optimized with the Yoast SEO plugin v25.3 - https:\/\/yoast.com\/wordpress\/plugins\/seo\/ -->\n<title>Ciutat Meridiana demana millores en l\u2019accessibilitat i m\u00e9s habitatge social - NouBarris.Net<\/title>\n<meta name=\"robots\" content=\"index, follow, max-snippet:-1, max-image-preview:large, max-video-preview:-1\" \/>\n<link rel=\"canonical\" href=\"https:\/\/www.noubarris.net\/web40\/ciutat-meridiana-demana-millores-en-laccessibilitat-i-mes-habitatge-social\/\" \/>\n<meta property=\"og:locale\" content=\"ca_ES\" \/>\n<meta property=\"og:type\" content=\"article\" \/>\n<meta property=\"og:title\" content=\"Ciutat Meridiana demana millores en l\u2019accessibilitat i m\u00e9s habitatge social - NouBarris.Net\" \/>\n<meta property=\"og:description\" content=\"Les dues reivindicacions ve\u00efnals continuen vigents\u00a0 a la primera audi\u00e8ncia del mandat\u00a0 \u00a0 Ciutat Meridiana ha estat el barri que\" \/>\n<meta property=\"og:url\" content=\"https:\/\/www.noubarris.net\/web40\/ciutat-meridiana-demana-millores-en-laccessibilitat-i-mes-habitatge-social\/\" \/>\n<meta property=\"og:site_name\" content=\"NouBarris.Net\" \/>\n<meta property=\"article:publisher\" content=\"https:\/\/www.facebook.com\/NouBarris.net\/?locale=es_ES\" \/>\n<meta property=\"article:published_time\" content=\"2019-10-08T22:00:47+00:00\" \/>\n<meta property=\"og:image\" content=\"https:\/\/www.noubarris.net\/web40\/wp-content\/uploads\/2019\/10\/091019.jpg\" \/>\n\t<meta property=\"og:image:width\" content=\"768\" \/>\n\t<meta property=\"og:image:height\" content=\"432\" \/>\n\t<meta property=\"og:image:type\" content=\"image\/jpeg\" \/>\n<meta name=\"author\" content=\"Informatius\" \/>\n<meta name=\"twitter:card\" content=\"summary_large_image\" \/>\n<meta name=\"twitter:creator\" content=\"@9BTV\" \/>\n<meta name=\"twitter:site\" content=\"@9BTV\" \/>\n<meta name=\"twitter:label1\" content=\"Escrit per\" \/>\n\t<meta name=\"twitter:data1\" content=\"Informatius\" \/>\n\t<meta name=\"twitter:label2\" content=\"Temps estimat de lectura\" \/>\n\t<meta name=\"twitter:data2\" content=\"2 minuts\" \/>\n<script type=\"application\/ld+json\" class=\"yoast-schema-graph\">{\"@context\":\"https:\/\/schema.org\",\"@graph\":[{\"@type\":\"Article\",\"@id\":\"https:\/\/www.noubarris.net\/web40\/ciutat-meridiana-demana-millores-en-laccessibilitat-i-mes-habitatge-social\/#article\",\"isPartOf\":{\"@id\":\"https:\/\/www.noubarris.net\/web40\/ciutat-meridiana-demana-millores-en-laccessibilitat-i-mes-habitatge-social\/\"},\"author\":{\"name\":\"Informatius\",\"@id\":\"https:\/\/www.noubarris.net\/web40\/#\/schema\/person\/1827f92aaa316c54abbf4dac0de76069\"},\"headline\":\"Ciutat Meridiana demana millores en l\u2019accessibilitat i m\u00e9s habitatge social\",\"datePublished\":\"2019-10-08T22:00:47+00:00\",\"mainEntityOfPage\":{\"@id\":\"https:\/\/www.noubarris.net\/web40\/ciutat-meridiana-demana-millores-en-laccessibilitat-i-mes-habitatge-social\/\"},\"wordCount\":422,\"publisher\":{\"@id\":\"https:\/\/www.noubarris.net\/web40\/#organization\"},\"image\":{\"@id\":\"https:\/\/www.noubarris.net\/web40\/ciutat-meridiana-demana-millores-en-laccessibilitat-i-mes-habitatge-social\/#primaryimage\"},\"thumbnailUrl\":\"https:\/\/www.noubarris.net\/web40\/wp-content\/uploads\/2019\/10\/091019.jpg\",\"keywords\":[\"Audi\u00e8ncia\",\"Ciutat Meridiana\",\"Participaci\u00f3\"],\"articleSection\":[\"Ciutat Meridiana\"],\"inLanguage\":\"ca\"},{\"@type\":\"WebPage\",\"@id\":\"https:\/\/www.noubarris.net\/web40\/ciutat-meridiana-demana-millores-en-laccessibilitat-i-mes-habitatge-social\/\",\"url\":\"https:\/\/www.noubarris.net\/web40\/ciutat-meridiana-demana-millores-en-laccessibilitat-i-mes-habitatge-social\/\",\"name\":\"Ciutat Meridiana demana millores en l\u2019accessibilitat i m\u00e9s habitatge social - NouBarris.Net\",\"isPartOf\":{\"@id\":\"https:\/\/www.noubarris.net\/web40\/#website\"},\"primaryImageOfPage\":{\"@id\":\"https:\/\/www.noubarris.net\/web40\/ciutat-meridiana-demana-millores-en-laccessibilitat-i-mes-habitatge-social\/#primaryimage\"},\"image\":{\"@id\":\"https:\/\/www.noubarris.net\/web40\/ciutat-meridiana-demana-millores-en-laccessibilitat-i-mes-habitatge-social\/#primaryimage\"},\"thumbnailUrl\":\"https:\/\/www.noubarris.net\/web40\/wp-content\/uploads\/2019\/10\/091019.jpg\",\"datePublished\":\"2019-10-08T22:00:47+00:00\",\"breadcrumb\":{\"@id\":\"https:\/\/www.noubarris.net\/web40\/ciutat-meridiana-demana-millores-en-laccessibilitat-i-mes-habitatge-social\/#breadcrumb\"},\"inLanguage\":\"ca\",\"potentialAction\":[{\"@type\":\"ReadAction\",\"target\":[\"https:\/\/www.noubarris.net\/web40\/ciutat-meridiana-demana-millores-en-laccessibilitat-i-mes-habitatge-social\/\"]}]},{\"@type\":\"ImageObject\",\"inLanguage\":\"ca\",\"@id\":\"https:\/\/www.noubarris.net\/web40\/ciutat-meridiana-demana-millores-en-laccessibilitat-i-mes-habitatge-social\/#primaryimage\",\"url\":\"https:\/\/www.noubarris.net\/web40\/wp-content\/uploads\/2019\/10\/091019.jpg\",\"contentUrl\":\"https:\/\/www.noubarris.net\/web40\/wp-content\/uploads\/2019\/10\/091019.jpg\",\"width\":768,\"height\":432},{\"@type\":\"BreadcrumbList\",\"@id\":\"https:\/\/www.noubarris.net\/web40\/ciutat-meridiana-demana-millores-en-laccessibilitat-i-mes-habitatge-social\/#breadcrumb\",\"itemListElement\":[{\"@type\":\"ListItem\",\"position\":1,\"name\":\"Inici\",\"item\":\"https:\/\/www.noubarris.net\/web40\/\"},{\"@type\":\"ListItem\",\"position\":2,\"name\":\"Ciutat Meridiana demana millores en l\u2019accessibilitat i m\u00e9s habitatge social\"}]},{\"@type\":\"WebSite\",\"@id\":\"https:\/\/www.noubarris.net\/web40\/#website\",\"url\":\"https:\/\/www.noubarris.net\/web40\/\",\"name\":\"NouBarris.Net\",\"description\":\"Seguint la vida de Nou Barris des de 1985\",\"publisher\":{\"@id\":\"https:\/\/www.noubarris.net\/web40\/#organization\"},\"potentialAction\":[{\"@type\":\"SearchAction\",\"target\":{\"@type\":\"EntryPoint\",\"urlTemplate\":\"https:\/\/www.noubarris.net\/web40\/?s={search_term_string}\"},\"query-input\":{\"@type\":\"PropertyValueSpecification\",\"valueRequired\":true,\"valueName\":\"search_term_string\"}}],\"inLanguage\":\"ca\"},{\"@type\":\"Organization\",\"@id\":\"https:\/\/www.noubarris.net\/web40\/#organization\",\"name\":\"NouBarris.Net\",\"url\":\"https:\/\/www.noubarris.net\/web40\/\",\"logo\":{\"@type\":\"ImageObject\",\"inLanguage\":\"ca\",\"@id\":\"https:\/\/www.noubarris.net\/web40\/#\/schema\/logo\/image\/\",\"url\":\"https:\/\/www.noubarris.net\/web40\/wp-content\/uploads\/2024\/11\/cropped-cropped-LOGO_9BTV-2024_Insta-1.jpg\",\"contentUrl\":\"https:\/\/www.noubarris.net\/web40\/wp-content\/uploads\/2024\/11\/cropped-cropped-LOGO_9BTV-2024_Insta-1.jpg\",\"width\":512,\"height\":512,\"caption\":\"NouBarris.Net\"},\"image\":{\"@id\":\"https:\/\/www.noubarris.net\/web40\/#\/schema\/logo\/image\/\"},\"sameAs\":[\"https:\/\/www.facebook.com\/NouBarris.net\/?locale=es_ES\",\"https:\/\/x.com\/9BTV\"]},{\"@type\":\"Person\",\"@id\":\"https:\/\/www.noubarris.net\/web40\/#\/schema\/person\/1827f92aaa316c54abbf4dac0de76069\",\"name\":\"Informatius\",\"image\":{\"@type\":\"ImageObject\",\"inLanguage\":\"ca\",\"@id\":\"https:\/\/www.noubarris.net\/web40\/#\/schema\/person\/image\/\",\"url\":\"https:\/\/secure.gravatar.com\/avatar\/87a3b47928835fc72c6ee5b0e1a7263ef0c2d05003a98189bc14926c5f11bcdb?s=96&d=mm&r=g\",\"contentUrl\":\"https:\/\/secure.gravatar.com\/avatar\/87a3b47928835fc72c6ee5b0e1a7263ef0c2d05003a98189bc14926c5f11bcdb?s=96&d=mm&r=g\",\"caption\":\"Informatius\"},\"url\":\"https:\/\/www.noubarris.net\/web40\/author\/tele\/\"}]}<\/script>\n<!-- \/ Yoast SEO plugin. -->","yoast_head_json":{"title":"Ciutat Meridiana demana millores en l\u2019accessibilitat i m\u00e9s habitatge social - NouBarris.Net","robots":{"index":"index","follow":"follow","max-snippet":"max-snippet:-1","max-image-preview":"max-image-preview:large","max-video-preview":"max-video-preview:-1"},"canonical":"https:\/\/www.noubarris.net\/web40\/ciutat-meridiana-demana-millores-en-laccessibilitat-i-mes-habitatge-social\/","og_locale":"ca_ES","og_type":"article","og_title":"Ciutat Meridiana demana millores en l\u2019accessibilitat i m\u00e9s habitatge social - NouBarris.Net","og_description":"Les dues reivindicacions ve\u00efnals continuen vigents\u00a0 a la primera audi\u00e8ncia del mandat\u00a0 \u00a0 Ciutat Meridiana ha estat el barri que","og_url":"https:\/\/www.noubarris.net\/web40\/ciutat-meridiana-demana-millores-en-laccessibilitat-i-mes-habitatge-social\/","og_site_name":"NouBarris.Net","article_publisher":"https:\/\/www.facebook.com\/NouBarris.net\/?locale=es_ES","article_published_time":"2019-10-08T22:00:47+00:00","og_image":[{"width":768,"height":432,"url":"https:\/\/www.noubarris.net\/web40\/wp-content\/uploads\/2019\/10\/091019.jpg","type":"image\/jpeg"}],"author":"Informatius","twitter_card":"summary_large_image","twitter_creator":"@9BTV","twitter_site":"@9BTV","twitter_misc":{"Escrit per":"Informatius","Temps estimat de lectura":"2 minuts"},"schema":{"@context":"https:\/\/schema.org","@graph":[{"@type":"Article","@id":"https:\/\/www.noubarris.net\/web40\/ciutat-meridiana-demana-millores-en-laccessibilitat-i-mes-habitatge-social\/#article","isPartOf":{"@id":"https:\/\/www.noubarris.net\/web40\/ciutat-meridiana-demana-millores-en-laccessibilitat-i-mes-habitatge-social\/"},"author":{"name":"Informatius","@id":"https:\/\/www.noubarris.net\/web40\/#\/schema\/person\/1827f92aaa316c54abbf4dac0de76069"},"headline":"Ciutat Meridiana demana millores en l\u2019accessibilitat i m\u00e9s habitatge social","datePublished":"2019-10-08T22:00:47+00:00","mainEntityOfPage":{"@id":"https:\/\/www.noubarris.net\/web40\/ciutat-meridiana-demana-millores-en-laccessibilitat-i-mes-habitatge-social\/"},"wordCount":422,"publisher":{"@id":"https:\/\/www.noubarris.net\/web40\/#organization"},"image":{"@id":"https:\/\/www.noubarris.net\/web40\/ciutat-meridiana-demana-millores-en-laccessibilitat-i-mes-habitatge-social\/#primaryimage"},"thumbnailUrl":"https:\/\/www.noubarris.net\/web40\/wp-content\/uploads\/2019\/10\/091019.jpg","keywords":["Audi\u00e8ncia","Ciutat Meridiana","Participaci\u00f3"],"articleSection":["Ciutat Meridiana"],"inLanguage":"ca"},{"@type":"WebPage","@id":"https:\/\/www.noubarris.net\/web40\/ciutat-meridiana-demana-millores-en-laccessibilitat-i-mes-habitatge-social\/","url":"https:\/\/www.noubarris.net\/web40\/ciutat-meridiana-demana-millores-en-laccessibilitat-i-mes-habitatge-social\/","name":"Ciutat Meridiana demana millores en l\u2019accessibilitat i m\u00e9s habitatge social - NouBarris.Net","isPartOf":{"@id":"https:\/\/www.noubarris.net\/web40\/#website"},"primaryImageOfPage":{"@id":"https:\/\/www.noubarris.net\/web40\/ciutat-meridiana-demana-millores-en-laccessibilitat-i-mes-habitatge-social\/#primaryimage"},"image":{"@id":"https:\/\/www.noubarris.net\/web40\/ciutat-meridiana-demana-millores-en-laccessibilitat-i-mes-habitatge-social\/#primaryimage"},"thumbnailUrl":"https:\/\/www.noubarris.net\/web40\/wp-content\/uploads\/2019\/10\/091019.jpg","datePublished":"2019-10-08T22:00:47+00:00","breadcrumb":{"@id":"https:\/\/www.noubarris.net\/web40\/ciutat-meridiana-demana-millores-en-laccessibilitat-i-mes-habitatge-social\/#breadcrumb"},"inLanguage":"ca","potentialAction":[{"@type":"ReadAction","target":["https:\/\/www.noubarris.net\/web40\/ciutat-meridiana-demana-millores-en-laccessibilitat-i-mes-habitatge-social\/"]}]},{"@type":"ImageObject","inLanguage":"ca","@id":"https:\/\/www.noubarris.net\/web40\/ciutat-meridiana-demana-millores-en-laccessibilitat-i-mes-habitatge-social\/#primaryimage","url":"https:\/\/www.noubarris.net\/web40\/wp-content\/uploads\/2019\/10\/091019.jpg","contentUrl":"https:\/\/www.noubarris.net\/web40\/wp-content\/uploads\/2019\/10\/091019.jpg","width":768,"height":432},{"@type":"BreadcrumbList","@id":"https:\/\/www.noubarris.net\/web40\/ciutat-meridiana-demana-millores-en-laccessibilitat-i-mes-habitatge-social\/#breadcrumb","itemListElement":[{"@type":"ListItem","position":1,"name":"Inici","item":"https:\/\/www.noubarris.net\/web40\/"},{"@type":"ListItem","position":2,"name":"Ciutat Meridiana demana millores en l\u2019accessibilitat i m\u00e9s habitatge social"}]},{"@type":"WebSite","@id":"https:\/\/www.noubarris.net\/web40\/#website","url":"https:\/\/www.noubarris.net\/web40\/","name":"NouBarris.Net","description":"Seguint la vida de Nou Barris des de 1985","publisher":{"@id":"https:\/\/www.noubarris.net\/web40\/#organization"},"potentialAction":[{"@type":"SearchAction","target":{"@type":"EntryPoint","urlTemplate":"https:\/\/www.noubarris.net\/web40\/?s={search_term_string}"},"query-input":{"@type":"PropertyValueSpecification","valueRequired":true,"valueName":"search_term_string"}}],"inLanguage":"ca"},{"@type":"Organization","@id":"https:\/\/www.noubarris.net\/web40\/#organization","name":"NouBarris.Net","url":"https:\/\/www.noubarris.net\/web40\/","logo":{"@type":"ImageObject","inLanguage":"ca","@id":"https:\/\/www.noubarris.net\/web40\/#\/schema\/logo\/image\/","url":"https:\/\/www.noubarris.net\/web40\/wp-content\/uploads\/2024\/11\/cropped-cropped-LOGO_9BTV-2024_Insta-1.jpg","contentUrl":"https:\/\/www.noubarris.net\/web40\/wp-content\/uploads\/2024\/11\/cropped-cropped-LOGO_9BTV-2024_Insta-1.jpg","width":512,"height":512,"caption":"NouBarris.Net"},"image":{"@id":"https:\/\/www.noubarris.net\/web40\/#\/schema\/logo\/image\/"},"sameAs":["https:\/\/www.facebook.com\/NouBarris.net\/?locale=es_ES","https:\/\/x.com\/9BTV"]},{"@type":"Person","@id":"https:\/\/www.noubarris.net\/web40\/#\/schema\/person\/1827f92aaa316c54abbf4dac0de76069","name":"Informatius","image":{"@type":"ImageObject","inLanguage":"ca","@id":"https:\/\/www.noubarris.net\/web40\/#\/schema\/person\/image\/","url":"https:\/\/secure.gravatar.com\/avatar\/87a3b47928835fc72c6ee5b0e1a7263ef0c2d05003a98189bc14926c5f11bcdb?s=96&d=mm&r=g","contentUrl":"https:\/\/secure.gravatar.com\/avatar\/87a3b47928835fc72c6ee5b0e1a7263ef0c2d05003a98189bc14926c5f11bcdb?s=96&d=mm&r=g","caption":"Informatius"},"url":"https:\/\/www.noubarris.net\/web40\/author\/tele\/"}]}},"_links":{"self":[{"href":"https:\/\/www.noubarris.net\/web40\/wp-json\/wp\/v2\/posts\/74771","targetHints":{"allow":["GET"]}}],"collection":[{"href":"https:\/\/www.noubarris.net\/web40\/wp-json\/wp\/v2\/posts"}],"about":[{"href":"https:\/\/www.noubarris.net\/web40\/wp-json\/wp\/v2\/types\/post"}],"author":[{"embeddable":true,"href":"https:\/\/www.noubarris.net\/web40\/wp-json\/wp\/v2\/users\/2"}],"replies":[{"embeddable":true,"href":"https:\/\/www.noubarris.net\/web40\/wp-json\/wp\/v2\/comments?post=74771"}],"version-history":[{"count":0,"href":"https:\/\/www.noubarris.net\/web40\/wp-json\/wp\/v2\/posts\/74771\/revisions"}],"wp:featuredmedia":[{"embeddable":true,"href":"https:\/\/www.noubarris.net\/web40\/wp-json\/wp\/v2\/media\/74772"}],"wp:attachment":[{"href":"https:\/\/www.noubarris.net\/web40\/wp-json\/wp\/v2\/media?parent=74771"}],"wp:term":[{"taxonomy":"category","embeddable":true,"href":"https:\/\/www.noubarris.net\/web40\/wp-json\/wp\/v2\/categories?post=74771"},{"taxonomy":"post_tag","embeddable":true,"href":"https:\/\/www.noubarris.net\/web40\/wp-json\/wp\/v2\/tags?post=74771"}],"curies":[{"name":"wp","href":"https:\/\/api.w.org\/{rel}","templated":true}]}}