{"id":74776,"date":"2019-10-10T00:00:06","date_gmt":"2019-10-09T22:00:06","guid":{"rendered":"http:\/\/www.noubarris.net\/web40\/?p=74776"},"modified":"2019-10-09T21:56:31","modified_gmt":"2019-10-09T19:56:31","slug":"es-reactiva-el-projecte-de-construccio-del-nou-casal-de-joves-de-la-prosperitat","status":"publish","type":"post","link":"https:\/\/www.noubarris.net\/web40\/es-reactiva-el-projecte-de-construccio-del-nou-casal-de-joves-de-la-prosperitat\/","title":{"rendered":"Es reactiva el projecte de construcci\u00f3 del nou Casal de Joves de la Prosperitat"},"content":{"rendered":"<p><strong>Un deute econ\u00f2mic sobre el solar va aturar la licitaci\u00f3 de les obres l\u2019any passat<\/strong><\/p>\n<p>El Plenari de Nou Barris ha aprovat avui el pla urban\u00edstic i la regulaci\u00f3 del nou Casal de Joves de la Prosperitat. Aix\u00f2 suposa la reactivaci\u00f3 d\u2019un projecte que, a hores d\u2019ara, ja hauria d\u2019estar en fase d\u2019obres, per\u00f2 que per problemes burocr\u00e0tics i de c\u00e0rregues econ\u00f2miques es va haver d\u2019aturar l\u2019any passat. L\u2019Ajuntament ha invertit el dos milions d\u2019euros que va marcar el jutge com a justipreu per recuperar el terreny lliure de c\u00e0rregues. Ha estat un proc\u00e9s \u00a0de llargues negociacions amb el Consell Comarcal, en les que tamb\u00e9 hi havia inclosos altres terrenys.<\/p>\n<p>El tr\u00e0mit aprovat regula la posici\u00f3 del casal en la pe\u00e7a situada entre l\u2019avinguda de Rio de Janerio amb passeig Valldaura. \u00c9s una pe\u00e7a de 2.151 m2 en total, dels quals el casal ocupar\u00e0 una superf\u00edcie d\u2019uns 840 m2. El pla tamb\u00e9 regula volum\u00e8tricament el futur equipament. \u00c9s un tr\u00e0mit previ a la construcci\u00f3 del nou casal de joves que ha passat pel plenari aprovat per unanimitat.<\/p>\n<p>Els joves reclamen el casal nou des que l\u2019any 2010 l\u2019Ajuntament va tancar l\u2019espai que tenien al carrer de Joaquim Valls per les den\u00fancies ve\u00efnals per soroll. Des de 2012 els joves es troben provisionalment a uns m\u00f2duls de lloguer que, asseguren, ja comencen a notar el desgast i, a m\u00e9s, s\u2019han quedat petits. L\u2019equipament definitiu s\u2019ha de situar en un solar adjacent. En un principi les obres d\u2019aquest casal nou havien de comen\u00e7ar la legislatura passada, com una de les actuacions estrella del PAM de la Prosperitat. Despr\u00e9s d\u2019un concurs participatiu, els joves ja tenien el disseny del projecte i el pressupost. Nom\u00e9s faltava licitar i comen\u00e7ar les obres. En aquest punt l\u2019any passat va saltar la sorpresa i la decepci\u00f3 en forma de dos milions d\u2019euros de c\u00e0rrega econ\u00f2mica del solar. Aquest deute provenia d\u2019anys enrere, quan l\u2019Ajuntament va comprar el terreny a Renfe\/Adif a trav\u00e9s de Regesa. Aquesta empresa, depenent del Consell Comarcal, no va abonar aleshores l&#8217;import de justipreu fixat per sent\u00e8ncia a Renfe\/Adif. I el deute va quedar pendent. Regesa va desapar\u00e8ixer i un cop descobert aquest deute, ha calgut que el Consell Comarcal acabi la seva liquidaci\u00f3 per resoldre el conflicte. Fins que no fos lliure de c\u00e0rregues, no es podia licitar el projecte del casal de joves.<\/p>\n","protected":false},"excerpt":{"rendered":"<p>Un deute econ\u00f2mic sobre el solar va aturar la licitaci\u00f3 de les obres l\u2019any passat El Plenari de Nou Barris<\/p>\n","protected":false},"author":2,"featured_media":74777,"comment_status":"closed","ping_status":"closed","sticky":false,"template":"","format":"standard","meta":{"colormag_page_layout":"default_layout","_monsterinsights_skip_tracking":false,"_monsterinsights_sitenote_active":false,"_monsterinsights_sitenote_note":"","_monsterinsights_sitenote_category":0,"footnotes":""},"categories":[1,484,126,302],"tags":[493,319,360,320],"class_list":["post-74776","post","type-post","status-publish","format-standard","has-post-thumbnail","hentry","category-nou-barris","category-participacio","category-politica","category-urbanisme","tag-casal-de-joves-de-la-prosperitat","tag-nou-barris","tag-obres","tag-plenari"],"yoast_head":"<!-- This site is optimized with the Yoast SEO plugin v25.3 - https:\/\/yoast.com\/wordpress\/plugins\/seo\/ -->\n<title>Es reactiva el projecte de construcci\u00f3 del nou Casal de Joves de la Prosperitat - NouBarris.Net<\/title>\n<meta name=\"robots\" content=\"index, follow, max-snippet:-1, max-image-preview:large, max-video-preview:-1\" \/>\n<link rel=\"canonical\" href=\"https:\/\/www.noubarris.net\/web40\/es-reactiva-el-projecte-de-construccio-del-nou-casal-de-joves-de-la-prosperitat\/\" \/>\n<meta property=\"og:locale\" content=\"ca_ES\" \/>\n<meta property=\"og:type\" content=\"article\" \/>\n<meta property=\"og:title\" content=\"Es reactiva el projecte de construcci\u00f3 del nou Casal de Joves de la Prosperitat - NouBarris.Net\" \/>\n<meta property=\"og:description\" content=\"Un deute econ\u00f2mic sobre el solar va aturar la licitaci\u00f3 de les obres l\u2019any passat El Plenari de Nou Barris\" \/>\n<meta property=\"og:url\" content=\"https:\/\/www.noubarris.net\/web40\/es-reactiva-el-projecte-de-construccio-del-nou-casal-de-joves-de-la-prosperitat\/\" \/>\n<meta property=\"og:site_name\" content=\"NouBarris.Net\" \/>\n<meta property=\"article:publisher\" content=\"https:\/\/www.facebook.com\/NouBarris.net\/?locale=es_ES\" \/>\n<meta property=\"article:published_time\" content=\"2019-10-09T22:00:06+00:00\" \/>\n<meta property=\"og:image\" content=\"https:\/\/www.noubarris.net\/web40\/wp-content\/uploads\/2019\/10\/101019.jpg\" \/>\n\t<meta property=\"og:image:width\" content=\"768\" \/>\n\t<meta property=\"og:image:height\" content=\"432\" \/>\n\t<meta property=\"og:image:type\" content=\"image\/jpeg\" \/>\n<meta name=\"author\" content=\"Informatius\" \/>\n<meta name=\"twitter:card\" content=\"summary_large_image\" \/>\n<meta name=\"twitter:creator\" content=\"@9BTV\" \/>\n<meta name=\"twitter:site\" content=\"@9BTV\" \/>\n<meta name=\"twitter:label1\" content=\"Escrit per\" \/>\n\t<meta name=\"twitter:data1\" content=\"Informatius\" \/>\n\t<meta name=\"twitter:label2\" content=\"Temps estimat de lectura\" \/>\n\t<meta name=\"twitter:data2\" content=\"2 minuts\" \/>\n<script type=\"application\/ld+json\" class=\"yoast-schema-graph\">{\"@context\":\"https:\/\/schema.org\",\"@graph\":[{\"@type\":\"Article\",\"@id\":\"https:\/\/www.noubarris.net\/web40\/es-reactiva-el-projecte-de-construccio-del-nou-casal-de-joves-de-la-prosperitat\/#article\",\"isPartOf\":{\"@id\":\"https:\/\/www.noubarris.net\/web40\/es-reactiva-el-projecte-de-construccio-del-nou-casal-de-joves-de-la-prosperitat\/\"},\"author\":{\"name\":\"Informatius\",\"@id\":\"https:\/\/www.noubarris.net\/web40\/#\/schema\/person\/1827f92aaa316c54abbf4dac0de76069\"},\"headline\":\"Es reactiva el projecte de construcci\u00f3 del nou Casal de Joves de la Prosperitat\",\"datePublished\":\"2019-10-09T22:00:06+00:00\",\"mainEntityOfPage\":{\"@id\":\"https:\/\/www.noubarris.net\/web40\/es-reactiva-el-projecte-de-construccio-del-nou-casal-de-joves-de-la-prosperitat\/\"},\"wordCount\":454,\"publisher\":{\"@id\":\"https:\/\/www.noubarris.net\/web40\/#organization\"},\"image\":{\"@id\":\"https:\/\/www.noubarris.net\/web40\/es-reactiva-el-projecte-de-construccio-del-nou-casal-de-joves-de-la-prosperitat\/#primaryimage\"},\"thumbnailUrl\":\"https:\/\/www.noubarris.net\/web40\/wp-content\/uploads\/2019\/10\/101019.jpg\",\"keywords\":[\"Casal de Joves de la Prosperitat\",\"Nou Barris\",\"Obres\",\"Plenari\"],\"articleSection\":[\"Nou Barris\",\"Participaci\u00f3\",\"Pol\u00edtica\",\"Urbanisme\"],\"inLanguage\":\"ca\"},{\"@type\":\"WebPage\",\"@id\":\"https:\/\/www.noubarris.net\/web40\/es-reactiva-el-projecte-de-construccio-del-nou-casal-de-joves-de-la-prosperitat\/\",\"url\":\"https:\/\/www.noubarris.net\/web40\/es-reactiva-el-projecte-de-construccio-del-nou-casal-de-joves-de-la-prosperitat\/\",\"name\":\"Es reactiva el projecte de construcci\u00f3 del nou Casal de Joves de la Prosperitat - NouBarris.Net\",\"isPartOf\":{\"@id\":\"https:\/\/www.noubarris.net\/web40\/#website\"},\"primaryImageOfPage\":{\"@id\":\"https:\/\/www.noubarris.net\/web40\/es-reactiva-el-projecte-de-construccio-del-nou-casal-de-joves-de-la-prosperitat\/#primaryimage\"},\"image\":{\"@id\":\"https:\/\/www.noubarris.net\/web40\/es-reactiva-el-projecte-de-construccio-del-nou-casal-de-joves-de-la-prosperitat\/#primaryimage\"},\"thumbnailUrl\":\"https:\/\/www.noubarris.net\/web40\/wp-content\/uploads\/2019\/10\/101019.jpg\",\"datePublished\":\"2019-10-09T22:00:06+00:00\",\"breadcrumb\":{\"@id\":\"https:\/\/www.noubarris.net\/web40\/es-reactiva-el-projecte-de-construccio-del-nou-casal-de-joves-de-la-prosperitat\/#breadcrumb\"},\"inLanguage\":\"ca\",\"potentialAction\":[{\"@type\":\"ReadAction\",\"target\":[\"https:\/\/www.noubarris.net\/web40\/es-reactiva-el-projecte-de-construccio-del-nou-casal-de-joves-de-la-prosperitat\/\"]}]},{\"@type\":\"ImageObject\",\"inLanguage\":\"ca\",\"@id\":\"https:\/\/www.noubarris.net\/web40\/es-reactiva-el-projecte-de-construccio-del-nou-casal-de-joves-de-la-prosperitat\/#primaryimage\",\"url\":\"https:\/\/www.noubarris.net\/web40\/wp-content\/uploads\/2019\/10\/101019.jpg\",\"contentUrl\":\"https:\/\/www.noubarris.net\/web40\/wp-content\/uploads\/2019\/10\/101019.jpg\",\"width\":768,\"height\":432},{\"@type\":\"BreadcrumbList\",\"@id\":\"https:\/\/www.noubarris.net\/web40\/es-reactiva-el-projecte-de-construccio-del-nou-casal-de-joves-de-la-prosperitat\/#breadcrumb\",\"itemListElement\":[{\"@type\":\"ListItem\",\"position\":1,\"name\":\"Inici\",\"item\":\"https:\/\/www.noubarris.net\/web40\/\"},{\"@type\":\"ListItem\",\"position\":2,\"name\":\"Es reactiva el projecte de construcci\u00f3 del nou Casal de Joves de la Prosperitat\"}]},{\"@type\":\"WebSite\",\"@id\":\"https:\/\/www.noubarris.net\/web40\/#website\",\"url\":\"https:\/\/www.noubarris.net\/web40\/\",\"name\":\"NouBarris.Net\",\"description\":\"Seguint la vida de Nou Barris des de 1985\",\"publisher\":{\"@id\":\"https:\/\/www.noubarris.net\/web40\/#organization\"},\"potentialAction\":[{\"@type\":\"SearchAction\",\"target\":{\"@type\":\"EntryPoint\",\"urlTemplate\":\"https:\/\/www.noubarris.net\/web40\/?s={search_term_string}\"},\"query-input\":{\"@type\":\"PropertyValueSpecification\",\"valueRequired\":true,\"valueName\":\"search_term_string\"}}],\"inLanguage\":\"ca\"},{\"@type\":\"Organization\",\"@id\":\"https:\/\/www.noubarris.net\/web40\/#organization\",\"name\":\"NouBarris.Net\",\"url\":\"https:\/\/www.noubarris.net\/web40\/\",\"logo\":{\"@type\":\"ImageObject\",\"inLanguage\":\"ca\",\"@id\":\"https:\/\/www.noubarris.net\/web40\/#\/schema\/logo\/image\/\",\"url\":\"https:\/\/www.noubarris.net\/web40\/wp-content\/uploads\/2024\/11\/cropped-cropped-LOGO_9BTV-2024_Insta-1.jpg\",\"contentUrl\":\"https:\/\/www.noubarris.net\/web40\/wp-content\/uploads\/2024\/11\/cropped-cropped-LOGO_9BTV-2024_Insta-1.jpg\",\"width\":512,\"height\":512,\"caption\":\"NouBarris.Net\"},\"image\":{\"@id\":\"https:\/\/www.noubarris.net\/web40\/#\/schema\/logo\/image\/\"},\"sameAs\":[\"https:\/\/www.facebook.com\/NouBarris.net\/?locale=es_ES\",\"https:\/\/x.com\/9BTV\"]},{\"@type\":\"Person\",\"@id\":\"https:\/\/www.noubarris.net\/web40\/#\/schema\/person\/1827f92aaa316c54abbf4dac0de76069\",\"name\":\"Informatius\",\"image\":{\"@type\":\"ImageObject\",\"inLanguage\":\"ca\",\"@id\":\"https:\/\/www.noubarris.net\/web40\/#\/schema\/person\/image\/\",\"url\":\"https:\/\/secure.gravatar.com\/avatar\/87a3b47928835fc72c6ee5b0e1a7263ef0c2d05003a98189bc14926c5f11bcdb?s=96&d=mm&r=g\",\"contentUrl\":\"https:\/\/secure.gravatar.com\/avatar\/87a3b47928835fc72c6ee5b0e1a7263ef0c2d05003a98189bc14926c5f11bcdb?s=96&d=mm&r=g\",\"caption\":\"Informatius\"},\"url\":\"https:\/\/www.noubarris.net\/web40\/author\/tele\/\"}]}<\/script>\n<!-- \/ Yoast SEO plugin. -->","yoast_head_json":{"title":"Es reactiva el projecte de construcci\u00f3 del nou Casal de Joves de la Prosperitat - NouBarris.Net","robots":{"index":"index","follow":"follow","max-snippet":"max-snippet:-1","max-image-preview":"max-image-preview:large","max-video-preview":"max-video-preview:-1"},"canonical":"https:\/\/www.noubarris.net\/web40\/es-reactiva-el-projecte-de-construccio-del-nou-casal-de-joves-de-la-prosperitat\/","og_locale":"ca_ES","og_type":"article","og_title":"Es reactiva el projecte de construcci\u00f3 del nou Casal de Joves de la Prosperitat - NouBarris.Net","og_description":"Un deute econ\u00f2mic sobre el solar va aturar la licitaci\u00f3 de les obres l\u2019any passat El Plenari de Nou Barris","og_url":"https:\/\/www.noubarris.net\/web40\/es-reactiva-el-projecte-de-construccio-del-nou-casal-de-joves-de-la-prosperitat\/","og_site_name":"NouBarris.Net","article_publisher":"https:\/\/www.facebook.com\/NouBarris.net\/?locale=es_ES","article_published_time":"2019-10-09T22:00:06+00:00","og_image":[{"width":768,"height":432,"url":"https:\/\/www.noubarris.net\/web40\/wp-content\/uploads\/2019\/10\/101019.jpg","type":"image\/jpeg"}],"author":"Informatius","twitter_card":"summary_large_image","twitter_creator":"@9BTV","twitter_site":"@9BTV","twitter_misc":{"Escrit per":"Informatius","Temps estimat de lectura":"2 minuts"},"schema":{"@context":"https:\/\/schema.org","@graph":[{"@type":"Article","@id":"https:\/\/www.noubarris.net\/web40\/es-reactiva-el-projecte-de-construccio-del-nou-casal-de-joves-de-la-prosperitat\/#article","isPartOf":{"@id":"https:\/\/www.noubarris.net\/web40\/es-reactiva-el-projecte-de-construccio-del-nou-casal-de-joves-de-la-prosperitat\/"},"author":{"name":"Informatius","@id":"https:\/\/www.noubarris.net\/web40\/#\/schema\/person\/1827f92aaa316c54abbf4dac0de76069"},"headline":"Es reactiva el projecte de construcci\u00f3 del nou Casal de Joves de la Prosperitat","datePublished":"2019-10-09T22:00:06+00:00","mainEntityOfPage":{"@id":"https:\/\/www.noubarris.net\/web40\/es-reactiva-el-projecte-de-construccio-del-nou-casal-de-joves-de-la-prosperitat\/"},"wordCount":454,"publisher":{"@id":"https:\/\/www.noubarris.net\/web40\/#organization"},"image":{"@id":"https:\/\/www.noubarris.net\/web40\/es-reactiva-el-projecte-de-construccio-del-nou-casal-de-joves-de-la-prosperitat\/#primaryimage"},"thumbnailUrl":"https:\/\/www.noubarris.net\/web40\/wp-content\/uploads\/2019\/10\/101019.jpg","keywords":["Casal de Joves de la Prosperitat","Nou Barris","Obres","Plenari"],"articleSection":["Nou Barris","Participaci\u00f3","Pol\u00edtica","Urbanisme"],"inLanguage":"ca"},{"@type":"WebPage","@id":"https:\/\/www.noubarris.net\/web40\/es-reactiva-el-projecte-de-construccio-del-nou-casal-de-joves-de-la-prosperitat\/","url":"https:\/\/www.noubarris.net\/web40\/es-reactiva-el-projecte-de-construccio-del-nou-casal-de-joves-de-la-prosperitat\/","name":"Es reactiva el projecte de construcci\u00f3 del nou Casal de Joves de la Prosperitat - NouBarris.Net","isPartOf":{"@id":"https:\/\/www.noubarris.net\/web40\/#website"},"primaryImageOfPage":{"@id":"https:\/\/www.noubarris.net\/web40\/es-reactiva-el-projecte-de-construccio-del-nou-casal-de-joves-de-la-prosperitat\/#primaryimage"},"image":{"@id":"https:\/\/www.noubarris.net\/web40\/es-reactiva-el-projecte-de-construccio-del-nou-casal-de-joves-de-la-prosperitat\/#primaryimage"},"thumbnailUrl":"https:\/\/www.noubarris.net\/web40\/wp-content\/uploads\/2019\/10\/101019.jpg","datePublished":"2019-10-09T22:00:06+00:00","breadcrumb":{"@id":"https:\/\/www.noubarris.net\/web40\/es-reactiva-el-projecte-de-construccio-del-nou-casal-de-joves-de-la-prosperitat\/#breadcrumb"},"inLanguage":"ca","potentialAction":[{"@type":"ReadAction","target":["https:\/\/www.noubarris.net\/web40\/es-reactiva-el-projecte-de-construccio-del-nou-casal-de-joves-de-la-prosperitat\/"]}]},{"@type":"ImageObject","inLanguage":"ca","@id":"https:\/\/www.noubarris.net\/web40\/es-reactiva-el-projecte-de-construccio-del-nou-casal-de-joves-de-la-prosperitat\/#primaryimage","url":"https:\/\/www.noubarris.net\/web40\/wp-content\/uploads\/2019\/10\/101019.jpg","contentUrl":"https:\/\/www.noubarris.net\/web40\/wp-content\/uploads\/2019\/10\/101019.jpg","width":768,"height":432},{"@type":"BreadcrumbList","@id":"https:\/\/www.noubarris.net\/web40\/es-reactiva-el-projecte-de-construccio-del-nou-casal-de-joves-de-la-prosperitat\/#breadcrumb","itemListElement":[{"@type":"ListItem","position":1,"name":"Inici","item":"https:\/\/www.noubarris.net\/web40\/"},{"@type":"ListItem","position":2,"name":"Es reactiva el projecte de construcci\u00f3 del nou Casal de Joves de la Prosperitat"}]},{"@type":"WebSite","@id":"https:\/\/www.noubarris.net\/web40\/#website","url":"https:\/\/www.noubarris.net\/web40\/","name":"NouBarris.Net","description":"Seguint la vida de Nou Barris des de 1985","publisher":{"@id":"https:\/\/www.noubarris.net\/web40\/#organization"},"potentialAction":[{"@type":"SearchAction","target":{"@type":"EntryPoint","urlTemplate":"https:\/\/www.noubarris.net\/web40\/?s={search_term_string}"},"query-input":{"@type":"PropertyValueSpecification","valueRequired":true,"valueName":"search_term_string"}}],"inLanguage":"ca"},{"@type":"Organization","@id":"https:\/\/www.noubarris.net\/web40\/#organization","name":"NouBarris.Net","url":"https:\/\/www.noubarris.net\/web40\/","logo":{"@type":"ImageObject","inLanguage":"ca","@id":"https:\/\/www.noubarris.net\/web40\/#\/schema\/logo\/image\/","url":"https:\/\/www.noubarris.net\/web40\/wp-content\/uploads\/2024\/11\/cropped-cropped-LOGO_9BTV-2024_Insta-1.jpg","contentUrl":"https:\/\/www.noubarris.net\/web40\/wp-content\/uploads\/2024\/11\/cropped-cropped-LOGO_9BTV-2024_Insta-1.jpg","width":512,"height":512,"caption":"NouBarris.Net"},"image":{"@id":"https:\/\/www.noubarris.net\/web40\/#\/schema\/logo\/image\/"},"sameAs":["https:\/\/www.facebook.com\/NouBarris.net\/?locale=es_ES","https:\/\/x.com\/9BTV"]},{"@type":"Person","@id":"https:\/\/www.noubarris.net\/web40\/#\/schema\/person\/1827f92aaa316c54abbf4dac0de76069","name":"Informatius","image":{"@type":"ImageObject","inLanguage":"ca","@id":"https:\/\/www.noubarris.net\/web40\/#\/schema\/person\/image\/","url":"https:\/\/secure.gravatar.com\/avatar\/87a3b47928835fc72c6ee5b0e1a7263ef0c2d05003a98189bc14926c5f11bcdb?s=96&d=mm&r=g","contentUrl":"https:\/\/secure.gravatar.com\/avatar\/87a3b47928835fc72c6ee5b0e1a7263ef0c2d05003a98189bc14926c5f11bcdb?s=96&d=mm&r=g","caption":"Informatius"},"url":"https:\/\/www.noubarris.net\/web40\/author\/tele\/"}]}},"_links":{"self":[{"href":"https:\/\/www.noubarris.net\/web40\/wp-json\/wp\/v2\/posts\/74776","targetHints":{"allow":["GET"]}}],"collection":[{"href":"https:\/\/www.noubarris.net\/web40\/wp-json\/wp\/v2\/posts"}],"about":[{"href":"https:\/\/www.noubarris.net\/web40\/wp-json\/wp\/v2\/types\/post"}],"author":[{"embeddable":true,"href":"https:\/\/www.noubarris.net\/web40\/wp-json\/wp\/v2\/users\/2"}],"replies":[{"embeddable":true,"href":"https:\/\/www.noubarris.net\/web40\/wp-json\/wp\/v2\/comments?post=74776"}],"version-history":[{"count":0,"href":"https:\/\/www.noubarris.net\/web40\/wp-json\/wp\/v2\/posts\/74776\/revisions"}],"wp:featuredmedia":[{"embeddable":true,"href":"https:\/\/www.noubarris.net\/web40\/wp-json\/wp\/v2\/media\/74777"}],"wp:attachment":[{"href":"https:\/\/www.noubarris.net\/web40\/wp-json\/wp\/v2\/media?parent=74776"}],"wp:term":[{"taxonomy":"category","embeddable":true,"href":"https:\/\/www.noubarris.net\/web40\/wp-json\/wp\/v2\/categories?post=74776"},{"taxonomy":"post_tag","embeddable":true,"href":"https:\/\/www.noubarris.net\/web40\/wp-json\/wp\/v2\/tags?post=74776"}],"curies":[{"name":"wp","href":"https:\/\/api.w.org\/{rel}","templated":true}]}}