{"id":74780,"date":"2019-10-11T00:00:30","date_gmt":"2019-10-10T22:00:30","guid":{"rendered":"http:\/\/www.noubarris.net\/web40\/?p=74780"},"modified":"2019-10-11T15:21:31","modified_gmt":"2019-10-11T13:21:31","slug":"bido-de-nou-barris-rep-el-premi-nacional-de-circ","status":"publish","type":"post","link":"https:\/\/www.noubarris.net\/web40\/bido-de-nou-barris-rep-el-premi-nacional-de-circ\/","title":{"rendered":"Bid\u00f3 de Nou Barris rep el Premi Nacional de Circ"},"content":{"rendered":"<p><strong>El guard\u00f3 reconeix la tasca de l&#8217;entitat en projectes &#8220;estretament vinculats i compromesos amb la realitat social i ciutadana<\/strong>\u201d<\/p>\n<p>Els gestors de l&#8217;Ateneu Popular de 9 Barris, Bid\u00f3 de Nou Barris, estan d&#8217;enhorabona, despr\u00e9s que s&#8217;anunci\u00e9s que han estat guardonats\u00a0amb el Premi Nacional de Circ 2019, del Ministeri de Cultura. El premi reconeix els vint anys de traject\u00f2ria de l&#8217;entitat generant projectes de creaci\u00f3, producci\u00f3 i formaci\u00f3 art\u00edstica en les arts de circ &#8220;estretament vinculats i compromesos amb la realitat social i ciutadana\u201d, com s\u00f3n els tallers i cursos adre\u00e7ats a joves, gent gran o persones amb discapacitat. I \u00e9s que l&#8217;Ateneu s&#8217;ha convertit en un referent del circ social, com una eina per aconseguir la transformaci\u00f3 social. \u00a0Al mateix temps, el premi reconeix la &#8220;llarga traject\u00f2ria a favor del projecte Circ d\u2019Hivern, que complir\u00e0 la 25a edici\u00f3 ininterrompuda el 2020\u2033. Precisament l\u2019espectacle \u2018Rod\u00f3\u2019, la desena producci\u00f3 nadalenca, va rebre la mateixa distinci\u00f3 l&#8217;any 2006.<\/p>\n<p>L\u2019associaci\u00f3 Bid\u00f3 de Nou Barris va n\u00e9ixer l&#8217;any 1999 de mans dels diversos col\u00b7lectius que donaven vida i projectes a l&#8217;antiga planta asf\u00e0ltica des de la seva ocupaci\u00f3 l&#8217;any 1976. La creaci\u00f3 de Bid\u00f3 tenia com a objectiu gestionar l&#8217;Ateneu Popular de 9Barris, despr\u00e9s que les naus es remodelessin i convertissin en l&#8217;equipament que tant havia demandat el ve\u00efnat. Els seus principals valors s\u00f3n els de la defensa de la gesti\u00f3 comunit\u00e0ria, la participaci\u00f3,\u00a0la dinamitzaci\u00f3 cultural i la promoci\u00f3 art\u00edstica. Tot plegat com a via per a la potenciaci\u00f3 de la cultura i la transformaci\u00f3 social.<\/p>\n<p>&nbsp;<\/p>\n","protected":false},"excerpt":{"rendered":"<p>El guard\u00f3 reconeix la tasca de l&#8217;entitat en projectes &#8220;estretament vinculats i compromesos amb la realitat social i ciutadana\u201d Els<\/p>\n","protected":false},"author":2,"featured_media":5436,"comment_status":"closed","ping_status":"closed","sticky":false,"template":"","format":"standard","meta":{"colormag_page_layout":"default_layout","_monsterinsights_skip_tracking":false,"_monsterinsights_sitenote_active":false,"_monsterinsights_sitenote_note":"","_monsterinsights_sitenote_category":0,"footnotes":""},"categories":[129,138],"tags":[77,52],"class_list":["post-74780","post","type-post","status-publish","format-standard","has-post-thumbnail","hentry","category-cultura","category-la-trinitat-nova","tag-ateneu-popular-de-nou-barris","tag-la-trinitat-nova"],"yoast_head":"<!-- This site is optimized with the Yoast SEO plugin v25.3 - https:\/\/yoast.com\/wordpress\/plugins\/seo\/ -->\n<title>Bid\u00f3 de Nou Barris rep el Premi Nacional de Circ - NouBarris.Net<\/title>\n<meta name=\"robots\" content=\"index, follow, max-snippet:-1, max-image-preview:large, max-video-preview:-1\" \/>\n<link rel=\"canonical\" href=\"https:\/\/www.noubarris.net\/web40\/bido-de-nou-barris-rep-el-premi-nacional-de-circ\/\" \/>\n<meta property=\"og:locale\" content=\"ca_ES\" \/>\n<meta property=\"og:type\" content=\"article\" \/>\n<meta property=\"og:title\" content=\"Bid\u00f3 de Nou Barris rep el Premi Nacional de Circ - NouBarris.Net\" \/>\n<meta property=\"og:description\" content=\"El guard\u00f3 reconeix la tasca de l&#8217;entitat en projectes &#8220;estretament vinculats i compromesos amb la realitat social i ciutadana\u201d Els\" \/>\n<meta property=\"og:url\" content=\"https:\/\/www.noubarris.net\/web40\/bido-de-nou-barris-rep-el-premi-nacional-de-circ\/\" \/>\n<meta property=\"og:site_name\" content=\"NouBarris.Net\" \/>\n<meta property=\"article:publisher\" content=\"https:\/\/www.facebook.com\/NouBarris.net\/?locale=es_ES\" \/>\n<meta property=\"article:published_time\" content=\"2019-10-10T22:00:30+00:00\" \/>\n<meta property=\"article:modified_time\" content=\"2019-10-11T13:21:31+00:00\" \/>\n<meta property=\"og:image\" content=\"https:\/\/www.noubarris.net\/web40\/wp-content\/uploads\/2015\/06\/ateneu_popular.jpg\" \/>\n\t<meta property=\"og:image:width\" content=\"1600\" \/>\n\t<meta property=\"og:image:height\" content=\"1107\" \/>\n\t<meta property=\"og:image:type\" content=\"image\/jpeg\" \/>\n<meta name=\"author\" content=\"Informatius\" \/>\n<meta name=\"twitter:card\" content=\"summary_large_image\" \/>\n<meta name=\"twitter:creator\" content=\"@9BTV\" \/>\n<meta name=\"twitter:site\" content=\"@9BTV\" \/>\n<meta name=\"twitter:label1\" content=\"Escrit per\" \/>\n\t<meta name=\"twitter:data1\" content=\"Informatius\" \/>\n\t<meta name=\"twitter:label2\" content=\"Temps estimat de lectura\" \/>\n\t<meta name=\"twitter:data2\" content=\"1 minut\" \/>\n<script type=\"application\/ld+json\" class=\"yoast-schema-graph\">{\"@context\":\"https:\/\/schema.org\",\"@graph\":[{\"@type\":\"Article\",\"@id\":\"https:\/\/www.noubarris.net\/web40\/bido-de-nou-barris-rep-el-premi-nacional-de-circ\/#article\",\"isPartOf\":{\"@id\":\"https:\/\/www.noubarris.net\/web40\/bido-de-nou-barris-rep-el-premi-nacional-de-circ\/\"},\"author\":{\"name\":\"Informatius\",\"@id\":\"https:\/\/www.noubarris.net\/web40\/#\/schema\/person\/1827f92aaa316c54abbf4dac0de76069\"},\"headline\":\"Bid\u00f3 de Nou Barris rep el Premi Nacional de Circ\",\"datePublished\":\"2019-10-10T22:00:30+00:00\",\"dateModified\":\"2019-10-11T13:21:31+00:00\",\"mainEntityOfPage\":{\"@id\":\"https:\/\/www.noubarris.net\/web40\/bido-de-nou-barris-rep-el-premi-nacional-de-circ\/\"},\"wordCount\":289,\"publisher\":{\"@id\":\"https:\/\/www.noubarris.net\/web40\/#organization\"},\"image\":{\"@id\":\"https:\/\/www.noubarris.net\/web40\/bido-de-nou-barris-rep-el-premi-nacional-de-circ\/#primaryimage\"},\"thumbnailUrl\":\"https:\/\/www.noubarris.net\/web40\/wp-content\/uploads\/2015\/06\/ateneu_popular.jpg\",\"keywords\":[\"Ateneu Popular de Nou Barris\",\"La Trinitat Nova\"],\"articleSection\":[\"Cultura\",\"La Trinitat Nova\"],\"inLanguage\":\"ca\"},{\"@type\":\"WebPage\",\"@id\":\"https:\/\/www.noubarris.net\/web40\/bido-de-nou-barris-rep-el-premi-nacional-de-circ\/\",\"url\":\"https:\/\/www.noubarris.net\/web40\/bido-de-nou-barris-rep-el-premi-nacional-de-circ\/\",\"name\":\"Bid\u00f3 de Nou Barris rep el Premi Nacional de Circ - NouBarris.Net\",\"isPartOf\":{\"@id\":\"https:\/\/www.noubarris.net\/web40\/#website\"},\"primaryImageOfPage\":{\"@id\":\"https:\/\/www.noubarris.net\/web40\/bido-de-nou-barris-rep-el-premi-nacional-de-circ\/#primaryimage\"},\"image\":{\"@id\":\"https:\/\/www.noubarris.net\/web40\/bido-de-nou-barris-rep-el-premi-nacional-de-circ\/#primaryimage\"},\"thumbnailUrl\":\"https:\/\/www.noubarris.net\/web40\/wp-content\/uploads\/2015\/06\/ateneu_popular.jpg\",\"datePublished\":\"2019-10-10T22:00:30+00:00\",\"dateModified\":\"2019-10-11T13:21:31+00:00\",\"breadcrumb\":{\"@id\":\"https:\/\/www.noubarris.net\/web40\/bido-de-nou-barris-rep-el-premi-nacional-de-circ\/#breadcrumb\"},\"inLanguage\":\"ca\",\"potentialAction\":[{\"@type\":\"ReadAction\",\"target\":[\"https:\/\/www.noubarris.net\/web40\/bido-de-nou-barris-rep-el-premi-nacional-de-circ\/\"]}]},{\"@type\":\"ImageObject\",\"inLanguage\":\"ca\",\"@id\":\"https:\/\/www.noubarris.net\/web40\/bido-de-nou-barris-rep-el-premi-nacional-de-circ\/#primaryimage\",\"url\":\"https:\/\/www.noubarris.net\/web40\/wp-content\/uploads\/2015\/06\/ateneu_popular.jpg\",\"contentUrl\":\"https:\/\/www.noubarris.net\/web40\/wp-content\/uploads\/2015\/06\/ateneu_popular.jpg\",\"width\":1600,\"height\":1107},{\"@type\":\"BreadcrumbList\",\"@id\":\"https:\/\/www.noubarris.net\/web40\/bido-de-nou-barris-rep-el-premi-nacional-de-circ\/#breadcrumb\",\"itemListElement\":[{\"@type\":\"ListItem\",\"position\":1,\"name\":\"Inici\",\"item\":\"https:\/\/www.noubarris.net\/web40\/\"},{\"@type\":\"ListItem\",\"position\":2,\"name\":\"Bid\u00f3 de Nou Barris rep el Premi Nacional de Circ\"}]},{\"@type\":\"WebSite\",\"@id\":\"https:\/\/www.noubarris.net\/web40\/#website\",\"url\":\"https:\/\/www.noubarris.net\/web40\/\",\"name\":\"NouBarris.Net\",\"description\":\"Seguint la vida de Nou Barris des de 1985\",\"publisher\":{\"@id\":\"https:\/\/www.noubarris.net\/web40\/#organization\"},\"potentialAction\":[{\"@type\":\"SearchAction\",\"target\":{\"@type\":\"EntryPoint\",\"urlTemplate\":\"https:\/\/www.noubarris.net\/web40\/?s={search_term_string}\"},\"query-input\":{\"@type\":\"PropertyValueSpecification\",\"valueRequired\":true,\"valueName\":\"search_term_string\"}}],\"inLanguage\":\"ca\"},{\"@type\":\"Organization\",\"@id\":\"https:\/\/www.noubarris.net\/web40\/#organization\",\"name\":\"NouBarris.Net\",\"url\":\"https:\/\/www.noubarris.net\/web40\/\",\"logo\":{\"@type\":\"ImageObject\",\"inLanguage\":\"ca\",\"@id\":\"https:\/\/www.noubarris.net\/web40\/#\/schema\/logo\/image\/\",\"url\":\"https:\/\/www.noubarris.net\/web40\/wp-content\/uploads\/2024\/11\/cropped-cropped-LOGO_9BTV-2024_Insta-1.jpg\",\"contentUrl\":\"https:\/\/www.noubarris.net\/web40\/wp-content\/uploads\/2024\/11\/cropped-cropped-LOGO_9BTV-2024_Insta-1.jpg\",\"width\":512,\"height\":512,\"caption\":\"NouBarris.Net\"},\"image\":{\"@id\":\"https:\/\/www.noubarris.net\/web40\/#\/schema\/logo\/image\/\"},\"sameAs\":[\"https:\/\/www.facebook.com\/NouBarris.net\/?locale=es_ES\",\"https:\/\/x.com\/9BTV\"]},{\"@type\":\"Person\",\"@id\":\"https:\/\/www.noubarris.net\/web40\/#\/schema\/person\/1827f92aaa316c54abbf4dac0de76069\",\"name\":\"Informatius\",\"image\":{\"@type\":\"ImageObject\",\"inLanguage\":\"ca\",\"@id\":\"https:\/\/www.noubarris.net\/web40\/#\/schema\/person\/image\/\",\"url\":\"https:\/\/secure.gravatar.com\/avatar\/87a3b47928835fc72c6ee5b0e1a7263ef0c2d05003a98189bc14926c5f11bcdb?s=96&d=mm&r=g\",\"contentUrl\":\"https:\/\/secure.gravatar.com\/avatar\/87a3b47928835fc72c6ee5b0e1a7263ef0c2d05003a98189bc14926c5f11bcdb?s=96&d=mm&r=g\",\"caption\":\"Informatius\"},\"url\":\"https:\/\/www.noubarris.net\/web40\/author\/tele\/\"}]}<\/script>\n<!-- \/ Yoast SEO plugin. -->","yoast_head_json":{"title":"Bid\u00f3 de Nou Barris rep el Premi Nacional de Circ - NouBarris.Net","robots":{"index":"index","follow":"follow","max-snippet":"max-snippet:-1","max-image-preview":"max-image-preview:large","max-video-preview":"max-video-preview:-1"},"canonical":"https:\/\/www.noubarris.net\/web40\/bido-de-nou-barris-rep-el-premi-nacional-de-circ\/","og_locale":"ca_ES","og_type":"article","og_title":"Bid\u00f3 de Nou Barris rep el Premi Nacional de Circ - NouBarris.Net","og_description":"El guard\u00f3 reconeix la tasca de l&#8217;entitat en projectes &#8220;estretament vinculats i compromesos amb la realitat social i ciutadana\u201d Els","og_url":"https:\/\/www.noubarris.net\/web40\/bido-de-nou-barris-rep-el-premi-nacional-de-circ\/","og_site_name":"NouBarris.Net","article_publisher":"https:\/\/www.facebook.com\/NouBarris.net\/?locale=es_ES","article_published_time":"2019-10-10T22:00:30+00:00","article_modified_time":"2019-10-11T13:21:31+00:00","og_image":[{"width":1600,"height":1107,"url":"https:\/\/www.noubarris.net\/web40\/wp-content\/uploads\/2015\/06\/ateneu_popular.jpg","type":"image\/jpeg"}],"author":"Informatius","twitter_card":"summary_large_image","twitter_creator":"@9BTV","twitter_site":"@9BTV","twitter_misc":{"Escrit per":"Informatius","Temps estimat de lectura":"1 minut"},"schema":{"@context":"https:\/\/schema.org","@graph":[{"@type":"Article","@id":"https:\/\/www.noubarris.net\/web40\/bido-de-nou-barris-rep-el-premi-nacional-de-circ\/#article","isPartOf":{"@id":"https:\/\/www.noubarris.net\/web40\/bido-de-nou-barris-rep-el-premi-nacional-de-circ\/"},"author":{"name":"Informatius","@id":"https:\/\/www.noubarris.net\/web40\/#\/schema\/person\/1827f92aaa316c54abbf4dac0de76069"},"headline":"Bid\u00f3 de Nou Barris rep el Premi Nacional de Circ","datePublished":"2019-10-10T22:00:30+00:00","dateModified":"2019-10-11T13:21:31+00:00","mainEntityOfPage":{"@id":"https:\/\/www.noubarris.net\/web40\/bido-de-nou-barris-rep-el-premi-nacional-de-circ\/"},"wordCount":289,"publisher":{"@id":"https:\/\/www.noubarris.net\/web40\/#organization"},"image":{"@id":"https:\/\/www.noubarris.net\/web40\/bido-de-nou-barris-rep-el-premi-nacional-de-circ\/#primaryimage"},"thumbnailUrl":"https:\/\/www.noubarris.net\/web40\/wp-content\/uploads\/2015\/06\/ateneu_popular.jpg","keywords":["Ateneu Popular de Nou Barris","La Trinitat Nova"],"articleSection":["Cultura","La Trinitat Nova"],"inLanguage":"ca"},{"@type":"WebPage","@id":"https:\/\/www.noubarris.net\/web40\/bido-de-nou-barris-rep-el-premi-nacional-de-circ\/","url":"https:\/\/www.noubarris.net\/web40\/bido-de-nou-barris-rep-el-premi-nacional-de-circ\/","name":"Bid\u00f3 de Nou Barris rep el Premi Nacional de Circ - NouBarris.Net","isPartOf":{"@id":"https:\/\/www.noubarris.net\/web40\/#website"},"primaryImageOfPage":{"@id":"https:\/\/www.noubarris.net\/web40\/bido-de-nou-barris-rep-el-premi-nacional-de-circ\/#primaryimage"},"image":{"@id":"https:\/\/www.noubarris.net\/web40\/bido-de-nou-barris-rep-el-premi-nacional-de-circ\/#primaryimage"},"thumbnailUrl":"https:\/\/www.noubarris.net\/web40\/wp-content\/uploads\/2015\/06\/ateneu_popular.jpg","datePublished":"2019-10-10T22:00:30+00:00","dateModified":"2019-10-11T13:21:31+00:00","breadcrumb":{"@id":"https:\/\/www.noubarris.net\/web40\/bido-de-nou-barris-rep-el-premi-nacional-de-circ\/#breadcrumb"},"inLanguage":"ca","potentialAction":[{"@type":"ReadAction","target":["https:\/\/www.noubarris.net\/web40\/bido-de-nou-barris-rep-el-premi-nacional-de-circ\/"]}]},{"@type":"ImageObject","inLanguage":"ca","@id":"https:\/\/www.noubarris.net\/web40\/bido-de-nou-barris-rep-el-premi-nacional-de-circ\/#primaryimage","url":"https:\/\/www.noubarris.net\/web40\/wp-content\/uploads\/2015\/06\/ateneu_popular.jpg","contentUrl":"https:\/\/www.noubarris.net\/web40\/wp-content\/uploads\/2015\/06\/ateneu_popular.jpg","width":1600,"height":1107},{"@type":"BreadcrumbList","@id":"https:\/\/www.noubarris.net\/web40\/bido-de-nou-barris-rep-el-premi-nacional-de-circ\/#breadcrumb","itemListElement":[{"@type":"ListItem","position":1,"name":"Inici","item":"https:\/\/www.noubarris.net\/web40\/"},{"@type":"ListItem","position":2,"name":"Bid\u00f3 de Nou Barris rep el Premi Nacional de Circ"}]},{"@type":"WebSite","@id":"https:\/\/www.noubarris.net\/web40\/#website","url":"https:\/\/www.noubarris.net\/web40\/","name":"NouBarris.Net","description":"Seguint la vida de Nou Barris des de 1985","publisher":{"@id":"https:\/\/www.noubarris.net\/web40\/#organization"},"potentialAction":[{"@type":"SearchAction","target":{"@type":"EntryPoint","urlTemplate":"https:\/\/www.noubarris.net\/web40\/?s={search_term_string}"},"query-input":{"@type":"PropertyValueSpecification","valueRequired":true,"valueName":"search_term_string"}}],"inLanguage":"ca"},{"@type":"Organization","@id":"https:\/\/www.noubarris.net\/web40\/#organization","name":"NouBarris.Net","url":"https:\/\/www.noubarris.net\/web40\/","logo":{"@type":"ImageObject","inLanguage":"ca","@id":"https:\/\/www.noubarris.net\/web40\/#\/schema\/logo\/image\/","url":"https:\/\/www.noubarris.net\/web40\/wp-content\/uploads\/2024\/11\/cropped-cropped-LOGO_9BTV-2024_Insta-1.jpg","contentUrl":"https:\/\/www.noubarris.net\/web40\/wp-content\/uploads\/2024\/11\/cropped-cropped-LOGO_9BTV-2024_Insta-1.jpg","width":512,"height":512,"caption":"NouBarris.Net"},"image":{"@id":"https:\/\/www.noubarris.net\/web40\/#\/schema\/logo\/image\/"},"sameAs":["https:\/\/www.facebook.com\/NouBarris.net\/?locale=es_ES","https:\/\/x.com\/9BTV"]},{"@type":"Person","@id":"https:\/\/www.noubarris.net\/web40\/#\/schema\/person\/1827f92aaa316c54abbf4dac0de76069","name":"Informatius","image":{"@type":"ImageObject","inLanguage":"ca","@id":"https:\/\/www.noubarris.net\/web40\/#\/schema\/person\/image\/","url":"https:\/\/secure.gravatar.com\/avatar\/87a3b47928835fc72c6ee5b0e1a7263ef0c2d05003a98189bc14926c5f11bcdb?s=96&d=mm&r=g","contentUrl":"https:\/\/secure.gravatar.com\/avatar\/87a3b47928835fc72c6ee5b0e1a7263ef0c2d05003a98189bc14926c5f11bcdb?s=96&d=mm&r=g","caption":"Informatius"},"url":"https:\/\/www.noubarris.net\/web40\/author\/tele\/"}]}},"_links":{"self":[{"href":"https:\/\/www.noubarris.net\/web40\/wp-json\/wp\/v2\/posts\/74780","targetHints":{"allow":["GET"]}}],"collection":[{"href":"https:\/\/www.noubarris.net\/web40\/wp-json\/wp\/v2\/posts"}],"about":[{"href":"https:\/\/www.noubarris.net\/web40\/wp-json\/wp\/v2\/types\/post"}],"author":[{"embeddable":true,"href":"https:\/\/www.noubarris.net\/web40\/wp-json\/wp\/v2\/users\/2"}],"replies":[{"embeddable":true,"href":"https:\/\/www.noubarris.net\/web40\/wp-json\/wp\/v2\/comments?post=74780"}],"version-history":[{"count":0,"href":"https:\/\/www.noubarris.net\/web40\/wp-json\/wp\/v2\/posts\/74780\/revisions"}],"wp:featuredmedia":[{"embeddable":true,"href":"https:\/\/www.noubarris.net\/web40\/wp-json\/wp\/v2\/media\/5436"}],"wp:attachment":[{"href":"https:\/\/www.noubarris.net\/web40\/wp-json\/wp\/v2\/media?parent=74780"}],"wp:term":[{"taxonomy":"category","embeddable":true,"href":"https:\/\/www.noubarris.net\/web40\/wp-json\/wp\/v2\/categories?post=74780"},{"taxonomy":"post_tag","embeddable":true,"href":"https:\/\/www.noubarris.net\/web40\/wp-json\/wp\/v2\/tags?post=74780"}],"curies":[{"name":"wp","href":"https:\/\/api.w.org\/{rel}","templated":true}]}}