{"id":75175,"date":"2020-01-13T00:00:22","date_gmt":"2020-01-12T22:00:22","guid":{"rendered":"http:\/\/www.noubarris.net\/web40\/?p=75175"},"modified":"2020-01-10T14:45:08","modified_gmt":"2020-01-10T12:45:08","slug":"canyelles-arriba-amb-retard-a-la-meitat-de-la-rehabilitacio-dels-blocs-amb-carbonatacio","status":"publish","type":"post","link":"https:\/\/www.noubarris.net\/web40\/canyelles-arriba-amb-retard-a-la-meitat-de-la-rehabilitacio-dels-blocs-amb-carbonatacio\/","title":{"rendered":"Canyelles arriba amb retard a la meitat de la rehabilitaci\u00f3 dels blocs amb carbonataci\u00f3"},"content":{"rendered":"<p><strong>Una trentena d\u2019edificis esperen el torn per estrenar a\u00efllament i colors a les fa\u00e7anes<\/strong><\/p>\n<p>L\u2019edifici m\u00e9s llarg de Canyelles ha dit adeu a la carbonataci\u00f3, una malaltia estructural que provoca esquerdes i petits despreniments. En els darrers dos anys s\u2019ha rehabilitat el conegut com el \u2018Barco\u2019, compost per 14 blocs, mig miler de pisos i uns 250 metres de llarg. Amb aquest edifici el barri arriba a la meitat del proc\u00e9s de rehabilitaci\u00f3, que ha de reparar uns 65 blocs de cinc tipologies diferents. Des de l\u2019AV Canyelles es combina la satisfacci\u00f3 en general pel nou aspecte dels edificis amb les queixes pel retard que acumula cada fase.<\/p>\n<p>En els prop de trenta blocs en qu\u00e8 s\u2019hi ha actuat fins ara, les reparacions han consistit en cobrir les fa\u00e7anes amb material a\u00efllant, per evitar que la humitat desengruni el formig\u00f3 i apareguin esquerdes i petits despreniments que ja havien provocat alguns ensurts al barri. Aquestes actuacions afavoreixen, a m\u00e9s, l\u2019estalvi energ\u00e8tic, tant a l\u2019estiu com a l\u2019hivern. \u201cEls ve\u00efns dels blocs rehabilitats estan molt contents.- assegura Manuel S\u00e1nchez, de l\u2019AV Canyelles- Han guanyat en estalvi energ\u00e8tic, no han de posar tant la calefacci\u00f3 o l\u2019aire condicionat, i a sobre guanyem en seguretat perqu\u00e8 no es tornaran a repetir els despreniments de trossets de fa\u00e7ana\u201d.<\/p>\n<p>Els ve\u00efns estan especialment orgullosos de la renovaci\u00f3 est\u00e8tica del barri. \u201cGuanyem en alegria. Quan mires Barcelona des de Collserola, tot s\u00f3n colors grisos, ocres&#8230; per\u00f2 ara el barri est\u00e0 ple de colors vius, sembla sortit d\u2019una postal\u201d, afirma S\u00e1nchez. Les fa\u00e7anes es renoven seguint un \u00a0Pla Director T\u00e8cnic i Crom\u00e0tic de Canyelles, acordat entre el Patronat Municipal de l\u2019Habitatge i l\u2019AV Canyelles. Els colors terra originals s\u00f3n substitu\u00efts per grocs, taronges, verds i vermells combinats amb tons grisos. El problema, per\u00f2, \u00e9s que en alguns edificis els colors estan perden vida tan sols tres anys despr\u00e9s d\u2019estrenar-los. \u201cNo s\u00e9 si la qualitat era l\u2019adequada per\u00f2 la q\u00fcesti\u00f3 \u00e9s que han perdut molt els tons. \u2013lamenta Miquel Abd\u00f3n, tamb\u00e9 de l\u2019AV Canyelles- En un parell d\u2019anys, els vermells que eren granes han quedat color salm\u00f3, uns taronges que eren taronges ara s\u00f3n mandarina, mandarines m\u00e9s aviat descolorides, i un verd festuc que ara ni \u00e9s festuc ni \u00e9s res.\u201d Per aix\u00f2 estan tramitant que es tornin a repassar els colors m\u00e9s afectats.<\/p>\n<p>La carbonataci\u00f3 \u00e9s present pr\u00e0cticament un 75% dels blocs del barri de Canyelles. Van ser constru\u00efts als setanta pel Patronat Municipal de l\u2019Habitatge i per aix\u00f2 les rehabilitacions estan finan\u00e7ades en un 60% per la Generalitat i l\u2019Estat, en un 25% pel Patronat Municipal de l&#8217;Habitatge i els ve\u00efns han d&#8217;assumir un 15% del cost. Aquest finan\u00e7ament p\u00fablic fa que les diverses fases de rehabilitaci\u00f3 hagin acumulat retards. En un principi es calculava que podria enllestir-se la remodelaci\u00f3 al 2021. Per\u00f2 el cert \u00e9s que encara no hi ha data per a la nova fase d\u2019obres.<\/p>\n","protected":false},"excerpt":{"rendered":"<p>Una trentena d\u2019edificis esperen el torn per estrenar a\u00efllament i colors a les fa\u00e7anes L\u2019edifici m\u00e9s llarg de Canyelles ha<\/p>\n","protected":false},"author":2,"featured_media":75176,"comment_status":"closed","ping_status":"closed","sticky":false,"template":"","format":"standard","meta":{"colormag_page_layout":"default_layout","_monsterinsights_skip_tracking":false,"_monsterinsights_sitenote_active":false,"_monsterinsights_sitenote_note":"","_monsterinsights_sitenote_category":0,"footnotes":""},"categories":[131,302],"tags":[48,360,315,69],"class_list":["post-75175","post","type-post","status-publish","format-standard","has-post-thumbnail","hentry","category-canyelles","category-urbanisme","tag-canyelles","tag-obres","tag-rehabilitacio","tag-urbanisme"],"yoast_head":"<!-- This site is optimized with the Yoast SEO plugin v25.3 - https:\/\/yoast.com\/wordpress\/plugins\/seo\/ -->\n<title>Canyelles arriba amb retard a la meitat de la rehabilitaci\u00f3 dels blocs amb carbonataci\u00f3 - NouBarris.Net<\/title>\n<meta name=\"robots\" content=\"index, follow, max-snippet:-1, max-image-preview:large, max-video-preview:-1\" \/>\n<link rel=\"canonical\" href=\"https:\/\/www.noubarris.net\/web40\/canyelles-arriba-amb-retard-a-la-meitat-de-la-rehabilitacio-dels-blocs-amb-carbonatacio\/\" \/>\n<meta property=\"og:locale\" content=\"ca_ES\" \/>\n<meta property=\"og:type\" content=\"article\" \/>\n<meta property=\"og:title\" content=\"Canyelles arriba amb retard a la meitat de la rehabilitaci\u00f3 dels blocs amb carbonataci\u00f3 - NouBarris.Net\" \/>\n<meta property=\"og:description\" content=\"Una trentena d\u2019edificis esperen el torn per estrenar a\u00efllament i colors a les fa\u00e7anes L\u2019edifici m\u00e9s llarg de Canyelles ha\" \/>\n<meta property=\"og:url\" content=\"https:\/\/www.noubarris.net\/web40\/canyelles-arriba-amb-retard-a-la-meitat-de-la-rehabilitacio-dels-blocs-amb-carbonatacio\/\" \/>\n<meta property=\"og:site_name\" content=\"NouBarris.Net\" \/>\n<meta property=\"article:publisher\" content=\"https:\/\/www.facebook.com\/NouBarris.net\/?locale=es_ES\" \/>\n<meta property=\"article:published_time\" content=\"2020-01-12T22:00:22+00:00\" \/>\n<meta property=\"og:image\" content=\"https:\/\/www.noubarris.net\/web40\/wp-content\/uploads\/2020\/01\/130120.jpg\" \/>\n\t<meta property=\"og:image:width\" content=\"768\" \/>\n\t<meta property=\"og:image:height\" content=\"432\" \/>\n\t<meta property=\"og:image:type\" content=\"image\/jpeg\" \/>\n<meta name=\"author\" content=\"Informatius\" \/>\n<meta name=\"twitter:card\" content=\"summary_large_image\" \/>\n<meta name=\"twitter:creator\" content=\"@9BTV\" \/>\n<meta name=\"twitter:site\" content=\"@9BTV\" \/>\n<meta name=\"twitter:label1\" content=\"Escrit per\" \/>\n\t<meta name=\"twitter:data1\" content=\"Informatius\" \/>\n\t<meta name=\"twitter:label2\" content=\"Temps estimat de lectura\" \/>\n\t<meta name=\"twitter:data2\" content=\"3 minuts\" \/>\n<script type=\"application\/ld+json\" class=\"yoast-schema-graph\">{\"@context\":\"https:\/\/schema.org\",\"@graph\":[{\"@type\":\"Article\",\"@id\":\"https:\/\/www.noubarris.net\/web40\/canyelles-arriba-amb-retard-a-la-meitat-de-la-rehabilitacio-dels-blocs-amb-carbonatacio\/#article\",\"isPartOf\":{\"@id\":\"https:\/\/www.noubarris.net\/web40\/canyelles-arriba-amb-retard-a-la-meitat-de-la-rehabilitacio-dels-blocs-amb-carbonatacio\/\"},\"author\":{\"name\":\"Informatius\",\"@id\":\"https:\/\/www.noubarris.net\/web40\/#\/schema\/person\/1827f92aaa316c54abbf4dac0de76069\"},\"headline\":\"Canyelles arriba amb retard a la meitat de la rehabilitaci\u00f3 dels blocs amb carbonataci\u00f3\",\"datePublished\":\"2020-01-12T22:00:22+00:00\",\"mainEntityOfPage\":{\"@id\":\"https:\/\/www.noubarris.net\/web40\/canyelles-arriba-amb-retard-a-la-meitat-de-la-rehabilitacio-dels-blocs-amb-carbonatacio\/\"},\"wordCount\":544,\"publisher\":{\"@id\":\"https:\/\/www.noubarris.net\/web40\/#organization\"},\"image\":{\"@id\":\"https:\/\/www.noubarris.net\/web40\/canyelles-arriba-amb-retard-a-la-meitat-de-la-rehabilitacio-dels-blocs-amb-carbonatacio\/#primaryimage\"},\"thumbnailUrl\":\"https:\/\/www.noubarris.net\/web40\/wp-content\/uploads\/2020\/01\/130120.jpg\",\"keywords\":[\"Canyelles\",\"Obres\",\"Rehabilitaci\u00f3\",\"Urbanisme\"],\"articleSection\":[\"Canyelles\",\"Urbanisme\"],\"inLanguage\":\"ca\"},{\"@type\":\"WebPage\",\"@id\":\"https:\/\/www.noubarris.net\/web40\/canyelles-arriba-amb-retard-a-la-meitat-de-la-rehabilitacio-dels-blocs-amb-carbonatacio\/\",\"url\":\"https:\/\/www.noubarris.net\/web40\/canyelles-arriba-amb-retard-a-la-meitat-de-la-rehabilitacio-dels-blocs-amb-carbonatacio\/\",\"name\":\"Canyelles arriba amb retard a la meitat de la rehabilitaci\u00f3 dels blocs amb carbonataci\u00f3 - NouBarris.Net\",\"isPartOf\":{\"@id\":\"https:\/\/www.noubarris.net\/web40\/#website\"},\"primaryImageOfPage\":{\"@id\":\"https:\/\/www.noubarris.net\/web40\/canyelles-arriba-amb-retard-a-la-meitat-de-la-rehabilitacio-dels-blocs-amb-carbonatacio\/#primaryimage\"},\"image\":{\"@id\":\"https:\/\/www.noubarris.net\/web40\/canyelles-arriba-amb-retard-a-la-meitat-de-la-rehabilitacio-dels-blocs-amb-carbonatacio\/#primaryimage\"},\"thumbnailUrl\":\"https:\/\/www.noubarris.net\/web40\/wp-content\/uploads\/2020\/01\/130120.jpg\",\"datePublished\":\"2020-01-12T22:00:22+00:00\",\"breadcrumb\":{\"@id\":\"https:\/\/www.noubarris.net\/web40\/canyelles-arriba-amb-retard-a-la-meitat-de-la-rehabilitacio-dels-blocs-amb-carbonatacio\/#breadcrumb\"},\"inLanguage\":\"ca\",\"potentialAction\":[{\"@type\":\"ReadAction\",\"target\":[\"https:\/\/www.noubarris.net\/web40\/canyelles-arriba-amb-retard-a-la-meitat-de-la-rehabilitacio-dels-blocs-amb-carbonatacio\/\"]}]},{\"@type\":\"ImageObject\",\"inLanguage\":\"ca\",\"@id\":\"https:\/\/www.noubarris.net\/web40\/canyelles-arriba-amb-retard-a-la-meitat-de-la-rehabilitacio-dels-blocs-amb-carbonatacio\/#primaryimage\",\"url\":\"https:\/\/www.noubarris.net\/web40\/wp-content\/uploads\/2020\/01\/130120.jpg\",\"contentUrl\":\"https:\/\/www.noubarris.net\/web40\/wp-content\/uploads\/2020\/01\/130120.jpg\",\"width\":768,\"height\":432},{\"@type\":\"BreadcrumbList\",\"@id\":\"https:\/\/www.noubarris.net\/web40\/canyelles-arriba-amb-retard-a-la-meitat-de-la-rehabilitacio-dels-blocs-amb-carbonatacio\/#breadcrumb\",\"itemListElement\":[{\"@type\":\"ListItem\",\"position\":1,\"name\":\"Inici\",\"item\":\"https:\/\/www.noubarris.net\/web40\/\"},{\"@type\":\"ListItem\",\"position\":2,\"name\":\"Canyelles arriba amb retard a la meitat de la rehabilitaci\u00f3 dels blocs amb carbonataci\u00f3\"}]},{\"@type\":\"WebSite\",\"@id\":\"https:\/\/www.noubarris.net\/web40\/#website\",\"url\":\"https:\/\/www.noubarris.net\/web40\/\",\"name\":\"NouBarris.Net\",\"description\":\"Seguint la vida de Nou Barris des de 1985\",\"publisher\":{\"@id\":\"https:\/\/www.noubarris.net\/web40\/#organization\"},\"potentialAction\":[{\"@type\":\"SearchAction\",\"target\":{\"@type\":\"EntryPoint\",\"urlTemplate\":\"https:\/\/www.noubarris.net\/web40\/?s={search_term_string}\"},\"query-input\":{\"@type\":\"PropertyValueSpecification\",\"valueRequired\":true,\"valueName\":\"search_term_string\"}}],\"inLanguage\":\"ca\"},{\"@type\":\"Organization\",\"@id\":\"https:\/\/www.noubarris.net\/web40\/#organization\",\"name\":\"NouBarris.Net\",\"url\":\"https:\/\/www.noubarris.net\/web40\/\",\"logo\":{\"@type\":\"ImageObject\",\"inLanguage\":\"ca\",\"@id\":\"https:\/\/www.noubarris.net\/web40\/#\/schema\/logo\/image\/\",\"url\":\"https:\/\/www.noubarris.net\/web40\/wp-content\/uploads\/2024\/11\/cropped-cropped-LOGO_9BTV-2024_Insta-1.jpg\",\"contentUrl\":\"https:\/\/www.noubarris.net\/web40\/wp-content\/uploads\/2024\/11\/cropped-cropped-LOGO_9BTV-2024_Insta-1.jpg\",\"width\":512,\"height\":512,\"caption\":\"NouBarris.Net\"},\"image\":{\"@id\":\"https:\/\/www.noubarris.net\/web40\/#\/schema\/logo\/image\/\"},\"sameAs\":[\"https:\/\/www.facebook.com\/NouBarris.net\/?locale=es_ES\",\"https:\/\/x.com\/9BTV\"]},{\"@type\":\"Person\",\"@id\":\"https:\/\/www.noubarris.net\/web40\/#\/schema\/person\/1827f92aaa316c54abbf4dac0de76069\",\"name\":\"Informatius\",\"image\":{\"@type\":\"ImageObject\",\"inLanguage\":\"ca\",\"@id\":\"https:\/\/www.noubarris.net\/web40\/#\/schema\/person\/image\/\",\"url\":\"https:\/\/secure.gravatar.com\/avatar\/87a3b47928835fc72c6ee5b0e1a7263ef0c2d05003a98189bc14926c5f11bcdb?s=96&d=mm&r=g\",\"contentUrl\":\"https:\/\/secure.gravatar.com\/avatar\/87a3b47928835fc72c6ee5b0e1a7263ef0c2d05003a98189bc14926c5f11bcdb?s=96&d=mm&r=g\",\"caption\":\"Informatius\"},\"url\":\"https:\/\/www.noubarris.net\/web40\/author\/tele\/\"}]}<\/script>\n<!-- \/ Yoast SEO plugin. -->","yoast_head_json":{"title":"Canyelles arriba amb retard a la meitat de la rehabilitaci\u00f3 dels blocs amb carbonataci\u00f3 - NouBarris.Net","robots":{"index":"index","follow":"follow","max-snippet":"max-snippet:-1","max-image-preview":"max-image-preview:large","max-video-preview":"max-video-preview:-1"},"canonical":"https:\/\/www.noubarris.net\/web40\/canyelles-arriba-amb-retard-a-la-meitat-de-la-rehabilitacio-dels-blocs-amb-carbonatacio\/","og_locale":"ca_ES","og_type":"article","og_title":"Canyelles arriba amb retard a la meitat de la rehabilitaci\u00f3 dels blocs amb carbonataci\u00f3 - NouBarris.Net","og_description":"Una trentena d\u2019edificis esperen el torn per estrenar a\u00efllament i colors a les fa\u00e7anes L\u2019edifici m\u00e9s llarg de Canyelles ha","og_url":"https:\/\/www.noubarris.net\/web40\/canyelles-arriba-amb-retard-a-la-meitat-de-la-rehabilitacio-dels-blocs-amb-carbonatacio\/","og_site_name":"NouBarris.Net","article_publisher":"https:\/\/www.facebook.com\/NouBarris.net\/?locale=es_ES","article_published_time":"2020-01-12T22:00:22+00:00","og_image":[{"width":768,"height":432,"url":"https:\/\/www.noubarris.net\/web40\/wp-content\/uploads\/2020\/01\/130120.jpg","type":"image\/jpeg"}],"author":"Informatius","twitter_card":"summary_large_image","twitter_creator":"@9BTV","twitter_site":"@9BTV","twitter_misc":{"Escrit per":"Informatius","Temps estimat de lectura":"3 minuts"},"schema":{"@context":"https:\/\/schema.org","@graph":[{"@type":"Article","@id":"https:\/\/www.noubarris.net\/web40\/canyelles-arriba-amb-retard-a-la-meitat-de-la-rehabilitacio-dels-blocs-amb-carbonatacio\/#article","isPartOf":{"@id":"https:\/\/www.noubarris.net\/web40\/canyelles-arriba-amb-retard-a-la-meitat-de-la-rehabilitacio-dels-blocs-amb-carbonatacio\/"},"author":{"name":"Informatius","@id":"https:\/\/www.noubarris.net\/web40\/#\/schema\/person\/1827f92aaa316c54abbf4dac0de76069"},"headline":"Canyelles arriba amb retard a la meitat de la rehabilitaci\u00f3 dels blocs amb carbonataci\u00f3","datePublished":"2020-01-12T22:00:22+00:00","mainEntityOfPage":{"@id":"https:\/\/www.noubarris.net\/web40\/canyelles-arriba-amb-retard-a-la-meitat-de-la-rehabilitacio-dels-blocs-amb-carbonatacio\/"},"wordCount":544,"publisher":{"@id":"https:\/\/www.noubarris.net\/web40\/#organization"},"image":{"@id":"https:\/\/www.noubarris.net\/web40\/canyelles-arriba-amb-retard-a-la-meitat-de-la-rehabilitacio-dels-blocs-amb-carbonatacio\/#primaryimage"},"thumbnailUrl":"https:\/\/www.noubarris.net\/web40\/wp-content\/uploads\/2020\/01\/130120.jpg","keywords":["Canyelles","Obres","Rehabilitaci\u00f3","Urbanisme"],"articleSection":["Canyelles","Urbanisme"],"inLanguage":"ca"},{"@type":"WebPage","@id":"https:\/\/www.noubarris.net\/web40\/canyelles-arriba-amb-retard-a-la-meitat-de-la-rehabilitacio-dels-blocs-amb-carbonatacio\/","url":"https:\/\/www.noubarris.net\/web40\/canyelles-arriba-amb-retard-a-la-meitat-de-la-rehabilitacio-dels-blocs-amb-carbonatacio\/","name":"Canyelles arriba amb retard a la meitat de la rehabilitaci\u00f3 dels blocs amb carbonataci\u00f3 - NouBarris.Net","isPartOf":{"@id":"https:\/\/www.noubarris.net\/web40\/#website"},"primaryImageOfPage":{"@id":"https:\/\/www.noubarris.net\/web40\/canyelles-arriba-amb-retard-a-la-meitat-de-la-rehabilitacio-dels-blocs-amb-carbonatacio\/#primaryimage"},"image":{"@id":"https:\/\/www.noubarris.net\/web40\/canyelles-arriba-amb-retard-a-la-meitat-de-la-rehabilitacio-dels-blocs-amb-carbonatacio\/#primaryimage"},"thumbnailUrl":"https:\/\/www.noubarris.net\/web40\/wp-content\/uploads\/2020\/01\/130120.jpg","datePublished":"2020-01-12T22:00:22+00:00","breadcrumb":{"@id":"https:\/\/www.noubarris.net\/web40\/canyelles-arriba-amb-retard-a-la-meitat-de-la-rehabilitacio-dels-blocs-amb-carbonatacio\/#breadcrumb"},"inLanguage":"ca","potentialAction":[{"@type":"ReadAction","target":["https:\/\/www.noubarris.net\/web40\/canyelles-arriba-amb-retard-a-la-meitat-de-la-rehabilitacio-dels-blocs-amb-carbonatacio\/"]}]},{"@type":"ImageObject","inLanguage":"ca","@id":"https:\/\/www.noubarris.net\/web40\/canyelles-arriba-amb-retard-a-la-meitat-de-la-rehabilitacio-dels-blocs-amb-carbonatacio\/#primaryimage","url":"https:\/\/www.noubarris.net\/web40\/wp-content\/uploads\/2020\/01\/130120.jpg","contentUrl":"https:\/\/www.noubarris.net\/web40\/wp-content\/uploads\/2020\/01\/130120.jpg","width":768,"height":432},{"@type":"BreadcrumbList","@id":"https:\/\/www.noubarris.net\/web40\/canyelles-arriba-amb-retard-a-la-meitat-de-la-rehabilitacio-dels-blocs-amb-carbonatacio\/#breadcrumb","itemListElement":[{"@type":"ListItem","position":1,"name":"Inici","item":"https:\/\/www.noubarris.net\/web40\/"},{"@type":"ListItem","position":2,"name":"Canyelles arriba amb retard a la meitat de la rehabilitaci\u00f3 dels blocs amb carbonataci\u00f3"}]},{"@type":"WebSite","@id":"https:\/\/www.noubarris.net\/web40\/#website","url":"https:\/\/www.noubarris.net\/web40\/","name":"NouBarris.Net","description":"Seguint la vida de Nou Barris des de 1985","publisher":{"@id":"https:\/\/www.noubarris.net\/web40\/#organization"},"potentialAction":[{"@type":"SearchAction","target":{"@type":"EntryPoint","urlTemplate":"https:\/\/www.noubarris.net\/web40\/?s={search_term_string}"},"query-input":{"@type":"PropertyValueSpecification","valueRequired":true,"valueName":"search_term_string"}}],"inLanguage":"ca"},{"@type":"Organization","@id":"https:\/\/www.noubarris.net\/web40\/#organization","name":"NouBarris.Net","url":"https:\/\/www.noubarris.net\/web40\/","logo":{"@type":"ImageObject","inLanguage":"ca","@id":"https:\/\/www.noubarris.net\/web40\/#\/schema\/logo\/image\/","url":"https:\/\/www.noubarris.net\/web40\/wp-content\/uploads\/2024\/11\/cropped-cropped-LOGO_9BTV-2024_Insta-1.jpg","contentUrl":"https:\/\/www.noubarris.net\/web40\/wp-content\/uploads\/2024\/11\/cropped-cropped-LOGO_9BTV-2024_Insta-1.jpg","width":512,"height":512,"caption":"NouBarris.Net"},"image":{"@id":"https:\/\/www.noubarris.net\/web40\/#\/schema\/logo\/image\/"},"sameAs":["https:\/\/www.facebook.com\/NouBarris.net\/?locale=es_ES","https:\/\/x.com\/9BTV"]},{"@type":"Person","@id":"https:\/\/www.noubarris.net\/web40\/#\/schema\/person\/1827f92aaa316c54abbf4dac0de76069","name":"Informatius","image":{"@type":"ImageObject","inLanguage":"ca","@id":"https:\/\/www.noubarris.net\/web40\/#\/schema\/person\/image\/","url":"https:\/\/secure.gravatar.com\/avatar\/87a3b47928835fc72c6ee5b0e1a7263ef0c2d05003a98189bc14926c5f11bcdb?s=96&d=mm&r=g","contentUrl":"https:\/\/secure.gravatar.com\/avatar\/87a3b47928835fc72c6ee5b0e1a7263ef0c2d05003a98189bc14926c5f11bcdb?s=96&d=mm&r=g","caption":"Informatius"},"url":"https:\/\/www.noubarris.net\/web40\/author\/tele\/"}]}},"_links":{"self":[{"href":"https:\/\/www.noubarris.net\/web40\/wp-json\/wp\/v2\/posts\/75175","targetHints":{"allow":["GET"]}}],"collection":[{"href":"https:\/\/www.noubarris.net\/web40\/wp-json\/wp\/v2\/posts"}],"about":[{"href":"https:\/\/www.noubarris.net\/web40\/wp-json\/wp\/v2\/types\/post"}],"author":[{"embeddable":true,"href":"https:\/\/www.noubarris.net\/web40\/wp-json\/wp\/v2\/users\/2"}],"replies":[{"embeddable":true,"href":"https:\/\/www.noubarris.net\/web40\/wp-json\/wp\/v2\/comments?post=75175"}],"version-history":[{"count":0,"href":"https:\/\/www.noubarris.net\/web40\/wp-json\/wp\/v2\/posts\/75175\/revisions"}],"wp:featuredmedia":[{"embeddable":true,"href":"https:\/\/www.noubarris.net\/web40\/wp-json\/wp\/v2\/media\/75176"}],"wp:attachment":[{"href":"https:\/\/www.noubarris.net\/web40\/wp-json\/wp\/v2\/media?parent=75175"}],"wp:term":[{"taxonomy":"category","embeddable":true,"href":"https:\/\/www.noubarris.net\/web40\/wp-json\/wp\/v2\/categories?post=75175"},{"taxonomy":"post_tag","embeddable":true,"href":"https:\/\/www.noubarris.net\/web40\/wp-json\/wp\/v2\/tags?post=75175"}],"curies":[{"name":"wp","href":"https:\/\/api.w.org\/{rel}","templated":true}]}}