{"id":75461,"date":"2020-03-17T00:00:48","date_gmt":"2020-03-16T22:00:48","guid":{"rendered":"http:\/\/www.noubarris.net\/web40\/?p=75461"},"modified":"2020-04-08T15:37:15","modified_gmt":"2020-04-08T13:37:15","slug":"enlloc-millor-com-a-casa","status":"publish","type":"post","link":"https:\/\/www.noubarris.net\/web40\/enlloc-millor-com-a-casa\/","title":{"rendered":"Enlloc millor com a casa"},"content":{"rendered":"<p><strong>Dies de confinament per aturar la propagaci\u00f3 de la covid-19<\/strong><\/p>\n<p>Vivim dies excepcionals, en qu\u00e8 s\u00f3n cabdals la precauci\u00f3 i el tenir cura uns dels altres, sobretot de les persones m\u00e9s vulnerables. La solidaritat tamb\u00e9 aflora, i s&#8217;estan creant xarxes de suport als nostres barris.<\/p>\n<p>L&#8217;equip de NouBarrisNet tamb\u00e9 ens hem sumat al confinament dictat per les autoritats i fins que no es recuperi la normalitat, serem a casa. Per aquesta ra\u00f3, les actualitzacions d&#8217;aquesta p\u00e0gina es veuran afectades, i no us podrem oferir l&#8217;actualitat habitual, ara per ara. En canvi, s\u00ed que us convidarem a con\u00e8ixer altres projectes, com el Relligant Nou Barris 360, de realitat virtual.<\/p>\n<p>En paral\u00b7lel, potser heu comprovat que l&#8217;informatiu btv not\u00edcies 73 ha desaparegut de les pantalles des de la setmana passada. Com a conseq\u00fc\u00e8ncia de la declaraci\u00f3 de l\u2019estat d\u2019alarma, betev\u00e9 ha adoptat mesures preventives per garantir tant la seguretat, com el servei p\u00fablic i el dret a la informaci\u00f3 de la ciutadania.\u00a0 S&#8217;ha refor\u00e7at la cobertura informativa relacionada amb la covid-19 i s&#8217;ha modificat la resta de programaci\u00f3. Es continuen emetent els informatius \u2018btv not\u00edcies migdia\u2019 i \u2018btv not\u00edcies vespre\u2019 en els horaris habituals (14 i 19.30 h), tot i que l\u2019actualitat i les mesures de seguretat en marcaran la durada i els horaris d\u2019emissi\u00f3 definitius. I s&#8217;han susp\u00e8s de moment l&#8217;emissi\u00f3 de programes com el btv not\u00edcies 73, a m\u00e9s d&#8217;altres\u00a0 com \u2018\u00c0rtic\u2019, \u2018La porteria\u2019, \u2018Catakrac\u2019, \u2018La cartellera\u2019, \u2018Feeel\u2019, \u2018La fam\u00edlia Barris\u2019, \u2018B\u00e0sics\u2019, \u2018btv esports\u2019 i el debat d\u2019\u2019El mat\u00ed de Barcelona\u2019.<\/p>\n<p>Esperem i desitgem recuperar aviat la normalitat. Fins aleshores, seguiu les recomanacions i quedeu-vos a casa.<\/p>\n","protected":false},"excerpt":{"rendered":"<p>Dies de confinament per aturar la propagaci\u00f3 de la covid-19 Vivim dies excepcionals, en qu\u00e8 s\u00f3n cabdals la precauci\u00f3 i<\/p>\n","protected":false},"author":2,"featured_media":75462,"comment_status":"closed","ping_status":"closed","sticky":false,"template":"","format":"standard","meta":{"colormag_page_layout":"default_layout","_monsterinsights_skip_tracking":false,"_monsterinsights_sitenote_active":false,"_monsterinsights_sitenote_note":"","_monsterinsights_sitenote_category":0,"footnotes":""},"categories":[1,124],"tags":[640,319,321,313],"class_list":["post-75461","post","type-post","status-publish","format-standard","has-post-thumbnail","hentry","category-nou-barris","category-societat","tag-coronavirus","tag-nou-barris","tag-nou-barris-tv","tag-projectart"],"yoast_head":"<!-- This site is optimized with the Yoast SEO plugin v25.3 - https:\/\/yoast.com\/wordpress\/plugins\/seo\/ -->\n<title>Enlloc millor com a casa - NouBarris.Net<\/title>\n<meta name=\"robots\" content=\"index, follow, max-snippet:-1, max-image-preview:large, max-video-preview:-1\" \/>\n<link rel=\"canonical\" href=\"https:\/\/www.noubarris.net\/web40\/enlloc-millor-com-a-casa\/\" \/>\n<meta property=\"og:locale\" content=\"ca_ES\" \/>\n<meta property=\"og:type\" content=\"article\" \/>\n<meta property=\"og:title\" content=\"Enlloc millor com a casa - NouBarris.Net\" \/>\n<meta property=\"og:description\" content=\"Dies de confinament per aturar la propagaci\u00f3 de la covid-19 Vivim dies excepcionals, en qu\u00e8 s\u00f3n cabdals la precauci\u00f3 i\" \/>\n<meta property=\"og:url\" content=\"https:\/\/www.noubarris.net\/web40\/enlloc-millor-com-a-casa\/\" \/>\n<meta property=\"og:site_name\" content=\"NouBarris.Net\" \/>\n<meta property=\"article:publisher\" content=\"https:\/\/www.facebook.com\/NouBarris.net\/?locale=es_ES\" \/>\n<meta property=\"article:published_time\" content=\"2020-03-16T22:00:48+00:00\" \/>\n<meta property=\"article:modified_time\" content=\"2020-04-08T13:37:15+00:00\" \/>\n<meta property=\"og:image\" content=\"https:\/\/www.noubarris.net\/web40\/wp-content\/uploads\/2020\/03\/170320.jpg\" \/>\n\t<meta property=\"og:image:width\" content=\"768\" \/>\n\t<meta property=\"og:image:height\" content=\"432\" \/>\n\t<meta property=\"og:image:type\" content=\"image\/jpeg\" \/>\n<meta name=\"author\" content=\"Informatius\" \/>\n<meta name=\"twitter:card\" content=\"summary_large_image\" \/>\n<meta name=\"twitter:creator\" content=\"@9BTV\" \/>\n<meta name=\"twitter:site\" content=\"@9BTV\" \/>\n<meta name=\"twitter:label1\" content=\"Escrit per\" \/>\n\t<meta name=\"twitter:data1\" content=\"Informatius\" \/>\n\t<meta name=\"twitter:label2\" content=\"Temps estimat de lectura\" \/>\n\t<meta name=\"twitter:data2\" content=\"1 minut\" \/>\n<script type=\"application\/ld+json\" class=\"yoast-schema-graph\">{\"@context\":\"https:\/\/schema.org\",\"@graph\":[{\"@type\":\"Article\",\"@id\":\"https:\/\/www.noubarris.net\/web40\/enlloc-millor-com-a-casa\/#article\",\"isPartOf\":{\"@id\":\"https:\/\/www.noubarris.net\/web40\/enlloc-millor-com-a-casa\/\"},\"author\":{\"name\":\"Informatius\",\"@id\":\"https:\/\/www.noubarris.net\/web40\/#\/schema\/person\/1827f92aaa316c54abbf4dac0de76069\"},\"headline\":\"Enlloc millor com a casa\",\"datePublished\":\"2020-03-16T22:00:48+00:00\",\"dateModified\":\"2020-04-08T13:37:15+00:00\",\"mainEntityOfPage\":{\"@id\":\"https:\/\/www.noubarris.net\/web40\/enlloc-millor-com-a-casa\/\"},\"wordCount\":298,\"publisher\":{\"@id\":\"https:\/\/www.noubarris.net\/web40\/#organization\"},\"image\":{\"@id\":\"https:\/\/www.noubarris.net\/web40\/enlloc-millor-com-a-casa\/#primaryimage\"},\"thumbnailUrl\":\"https:\/\/www.noubarris.net\/web40\/wp-content\/uploads\/2020\/03\/170320.jpg\",\"keywords\":[\"coronavirus\",\"Nou Barris\",\"Nou Barris TV\",\"Projectart\"],\"articleSection\":[\"Nou Barris\",\"Societat\"],\"inLanguage\":\"ca\"},{\"@type\":\"WebPage\",\"@id\":\"https:\/\/www.noubarris.net\/web40\/enlloc-millor-com-a-casa\/\",\"url\":\"https:\/\/www.noubarris.net\/web40\/enlloc-millor-com-a-casa\/\",\"name\":\"Enlloc millor com a casa - NouBarris.Net\",\"isPartOf\":{\"@id\":\"https:\/\/www.noubarris.net\/web40\/#website\"},\"primaryImageOfPage\":{\"@id\":\"https:\/\/www.noubarris.net\/web40\/enlloc-millor-com-a-casa\/#primaryimage\"},\"image\":{\"@id\":\"https:\/\/www.noubarris.net\/web40\/enlloc-millor-com-a-casa\/#primaryimage\"},\"thumbnailUrl\":\"https:\/\/www.noubarris.net\/web40\/wp-content\/uploads\/2020\/03\/170320.jpg\",\"datePublished\":\"2020-03-16T22:00:48+00:00\",\"dateModified\":\"2020-04-08T13:37:15+00:00\",\"breadcrumb\":{\"@id\":\"https:\/\/www.noubarris.net\/web40\/enlloc-millor-com-a-casa\/#breadcrumb\"},\"inLanguage\":\"ca\",\"potentialAction\":[{\"@type\":\"ReadAction\",\"target\":[\"https:\/\/www.noubarris.net\/web40\/enlloc-millor-com-a-casa\/\"]}]},{\"@type\":\"ImageObject\",\"inLanguage\":\"ca\",\"@id\":\"https:\/\/www.noubarris.net\/web40\/enlloc-millor-com-a-casa\/#primaryimage\",\"url\":\"https:\/\/www.noubarris.net\/web40\/wp-content\/uploads\/2020\/03\/170320.jpg\",\"contentUrl\":\"https:\/\/www.noubarris.net\/web40\/wp-content\/uploads\/2020\/03\/170320.jpg\",\"width\":768,\"height\":432},{\"@type\":\"BreadcrumbList\",\"@id\":\"https:\/\/www.noubarris.net\/web40\/enlloc-millor-com-a-casa\/#breadcrumb\",\"itemListElement\":[{\"@type\":\"ListItem\",\"position\":1,\"name\":\"Inici\",\"item\":\"https:\/\/www.noubarris.net\/web40\/\"},{\"@type\":\"ListItem\",\"position\":2,\"name\":\"Enlloc millor com a casa\"}]},{\"@type\":\"WebSite\",\"@id\":\"https:\/\/www.noubarris.net\/web40\/#website\",\"url\":\"https:\/\/www.noubarris.net\/web40\/\",\"name\":\"NouBarris.Net\",\"description\":\"Seguint la vida de Nou Barris des de 1985\",\"publisher\":{\"@id\":\"https:\/\/www.noubarris.net\/web40\/#organization\"},\"potentialAction\":[{\"@type\":\"SearchAction\",\"target\":{\"@type\":\"EntryPoint\",\"urlTemplate\":\"https:\/\/www.noubarris.net\/web40\/?s={search_term_string}\"},\"query-input\":{\"@type\":\"PropertyValueSpecification\",\"valueRequired\":true,\"valueName\":\"search_term_string\"}}],\"inLanguage\":\"ca\"},{\"@type\":\"Organization\",\"@id\":\"https:\/\/www.noubarris.net\/web40\/#organization\",\"name\":\"NouBarris.Net\",\"url\":\"https:\/\/www.noubarris.net\/web40\/\",\"logo\":{\"@type\":\"ImageObject\",\"inLanguage\":\"ca\",\"@id\":\"https:\/\/www.noubarris.net\/web40\/#\/schema\/logo\/image\/\",\"url\":\"https:\/\/www.noubarris.net\/web40\/wp-content\/uploads\/2024\/11\/cropped-cropped-LOGO_9BTV-2024_Insta-1.jpg\",\"contentUrl\":\"https:\/\/www.noubarris.net\/web40\/wp-content\/uploads\/2024\/11\/cropped-cropped-LOGO_9BTV-2024_Insta-1.jpg\",\"width\":512,\"height\":512,\"caption\":\"NouBarris.Net\"},\"image\":{\"@id\":\"https:\/\/www.noubarris.net\/web40\/#\/schema\/logo\/image\/\"},\"sameAs\":[\"https:\/\/www.facebook.com\/NouBarris.net\/?locale=es_ES\",\"https:\/\/x.com\/9BTV\"]},{\"@type\":\"Person\",\"@id\":\"https:\/\/www.noubarris.net\/web40\/#\/schema\/person\/1827f92aaa316c54abbf4dac0de76069\",\"name\":\"Informatius\",\"image\":{\"@type\":\"ImageObject\",\"inLanguage\":\"ca\",\"@id\":\"https:\/\/www.noubarris.net\/web40\/#\/schema\/person\/image\/\",\"url\":\"https:\/\/secure.gravatar.com\/avatar\/87a3b47928835fc72c6ee5b0e1a7263ef0c2d05003a98189bc14926c5f11bcdb?s=96&d=mm&r=g\",\"contentUrl\":\"https:\/\/secure.gravatar.com\/avatar\/87a3b47928835fc72c6ee5b0e1a7263ef0c2d05003a98189bc14926c5f11bcdb?s=96&d=mm&r=g\",\"caption\":\"Informatius\"},\"url\":\"https:\/\/www.noubarris.net\/web40\/author\/tele\/\"}]}<\/script>\n<!-- \/ Yoast SEO plugin. -->","yoast_head_json":{"title":"Enlloc millor com a casa - NouBarris.Net","robots":{"index":"index","follow":"follow","max-snippet":"max-snippet:-1","max-image-preview":"max-image-preview:large","max-video-preview":"max-video-preview:-1"},"canonical":"https:\/\/www.noubarris.net\/web40\/enlloc-millor-com-a-casa\/","og_locale":"ca_ES","og_type":"article","og_title":"Enlloc millor com a casa - NouBarris.Net","og_description":"Dies de confinament per aturar la propagaci\u00f3 de la covid-19 Vivim dies excepcionals, en qu\u00e8 s\u00f3n cabdals la precauci\u00f3 i","og_url":"https:\/\/www.noubarris.net\/web40\/enlloc-millor-com-a-casa\/","og_site_name":"NouBarris.Net","article_publisher":"https:\/\/www.facebook.com\/NouBarris.net\/?locale=es_ES","article_published_time":"2020-03-16T22:00:48+00:00","article_modified_time":"2020-04-08T13:37:15+00:00","og_image":[{"width":768,"height":432,"url":"https:\/\/www.noubarris.net\/web40\/wp-content\/uploads\/2020\/03\/170320.jpg","type":"image\/jpeg"}],"author":"Informatius","twitter_card":"summary_large_image","twitter_creator":"@9BTV","twitter_site":"@9BTV","twitter_misc":{"Escrit per":"Informatius","Temps estimat de lectura":"1 minut"},"schema":{"@context":"https:\/\/schema.org","@graph":[{"@type":"Article","@id":"https:\/\/www.noubarris.net\/web40\/enlloc-millor-com-a-casa\/#article","isPartOf":{"@id":"https:\/\/www.noubarris.net\/web40\/enlloc-millor-com-a-casa\/"},"author":{"name":"Informatius","@id":"https:\/\/www.noubarris.net\/web40\/#\/schema\/person\/1827f92aaa316c54abbf4dac0de76069"},"headline":"Enlloc millor com a casa","datePublished":"2020-03-16T22:00:48+00:00","dateModified":"2020-04-08T13:37:15+00:00","mainEntityOfPage":{"@id":"https:\/\/www.noubarris.net\/web40\/enlloc-millor-com-a-casa\/"},"wordCount":298,"publisher":{"@id":"https:\/\/www.noubarris.net\/web40\/#organization"},"image":{"@id":"https:\/\/www.noubarris.net\/web40\/enlloc-millor-com-a-casa\/#primaryimage"},"thumbnailUrl":"https:\/\/www.noubarris.net\/web40\/wp-content\/uploads\/2020\/03\/170320.jpg","keywords":["coronavirus","Nou Barris","Nou Barris TV","Projectart"],"articleSection":["Nou Barris","Societat"],"inLanguage":"ca"},{"@type":"WebPage","@id":"https:\/\/www.noubarris.net\/web40\/enlloc-millor-com-a-casa\/","url":"https:\/\/www.noubarris.net\/web40\/enlloc-millor-com-a-casa\/","name":"Enlloc millor com a casa - NouBarris.Net","isPartOf":{"@id":"https:\/\/www.noubarris.net\/web40\/#website"},"primaryImageOfPage":{"@id":"https:\/\/www.noubarris.net\/web40\/enlloc-millor-com-a-casa\/#primaryimage"},"image":{"@id":"https:\/\/www.noubarris.net\/web40\/enlloc-millor-com-a-casa\/#primaryimage"},"thumbnailUrl":"https:\/\/www.noubarris.net\/web40\/wp-content\/uploads\/2020\/03\/170320.jpg","datePublished":"2020-03-16T22:00:48+00:00","dateModified":"2020-04-08T13:37:15+00:00","breadcrumb":{"@id":"https:\/\/www.noubarris.net\/web40\/enlloc-millor-com-a-casa\/#breadcrumb"},"inLanguage":"ca","potentialAction":[{"@type":"ReadAction","target":["https:\/\/www.noubarris.net\/web40\/enlloc-millor-com-a-casa\/"]}]},{"@type":"ImageObject","inLanguage":"ca","@id":"https:\/\/www.noubarris.net\/web40\/enlloc-millor-com-a-casa\/#primaryimage","url":"https:\/\/www.noubarris.net\/web40\/wp-content\/uploads\/2020\/03\/170320.jpg","contentUrl":"https:\/\/www.noubarris.net\/web40\/wp-content\/uploads\/2020\/03\/170320.jpg","width":768,"height":432},{"@type":"BreadcrumbList","@id":"https:\/\/www.noubarris.net\/web40\/enlloc-millor-com-a-casa\/#breadcrumb","itemListElement":[{"@type":"ListItem","position":1,"name":"Inici","item":"https:\/\/www.noubarris.net\/web40\/"},{"@type":"ListItem","position":2,"name":"Enlloc millor com a casa"}]},{"@type":"WebSite","@id":"https:\/\/www.noubarris.net\/web40\/#website","url":"https:\/\/www.noubarris.net\/web40\/","name":"NouBarris.Net","description":"Seguint la vida de Nou Barris des de 1985","publisher":{"@id":"https:\/\/www.noubarris.net\/web40\/#organization"},"potentialAction":[{"@type":"SearchAction","target":{"@type":"EntryPoint","urlTemplate":"https:\/\/www.noubarris.net\/web40\/?s={search_term_string}"},"query-input":{"@type":"PropertyValueSpecification","valueRequired":true,"valueName":"search_term_string"}}],"inLanguage":"ca"},{"@type":"Organization","@id":"https:\/\/www.noubarris.net\/web40\/#organization","name":"NouBarris.Net","url":"https:\/\/www.noubarris.net\/web40\/","logo":{"@type":"ImageObject","inLanguage":"ca","@id":"https:\/\/www.noubarris.net\/web40\/#\/schema\/logo\/image\/","url":"https:\/\/www.noubarris.net\/web40\/wp-content\/uploads\/2024\/11\/cropped-cropped-LOGO_9BTV-2024_Insta-1.jpg","contentUrl":"https:\/\/www.noubarris.net\/web40\/wp-content\/uploads\/2024\/11\/cropped-cropped-LOGO_9BTV-2024_Insta-1.jpg","width":512,"height":512,"caption":"NouBarris.Net"},"image":{"@id":"https:\/\/www.noubarris.net\/web40\/#\/schema\/logo\/image\/"},"sameAs":["https:\/\/www.facebook.com\/NouBarris.net\/?locale=es_ES","https:\/\/x.com\/9BTV"]},{"@type":"Person","@id":"https:\/\/www.noubarris.net\/web40\/#\/schema\/person\/1827f92aaa316c54abbf4dac0de76069","name":"Informatius","image":{"@type":"ImageObject","inLanguage":"ca","@id":"https:\/\/www.noubarris.net\/web40\/#\/schema\/person\/image\/","url":"https:\/\/secure.gravatar.com\/avatar\/87a3b47928835fc72c6ee5b0e1a7263ef0c2d05003a98189bc14926c5f11bcdb?s=96&d=mm&r=g","contentUrl":"https:\/\/secure.gravatar.com\/avatar\/87a3b47928835fc72c6ee5b0e1a7263ef0c2d05003a98189bc14926c5f11bcdb?s=96&d=mm&r=g","caption":"Informatius"},"url":"https:\/\/www.noubarris.net\/web40\/author\/tele\/"}]}},"_links":{"self":[{"href":"https:\/\/www.noubarris.net\/web40\/wp-json\/wp\/v2\/posts\/75461","targetHints":{"allow":["GET"]}}],"collection":[{"href":"https:\/\/www.noubarris.net\/web40\/wp-json\/wp\/v2\/posts"}],"about":[{"href":"https:\/\/www.noubarris.net\/web40\/wp-json\/wp\/v2\/types\/post"}],"author":[{"embeddable":true,"href":"https:\/\/www.noubarris.net\/web40\/wp-json\/wp\/v2\/users\/2"}],"replies":[{"embeddable":true,"href":"https:\/\/www.noubarris.net\/web40\/wp-json\/wp\/v2\/comments?post=75461"}],"version-history":[{"count":0,"href":"https:\/\/www.noubarris.net\/web40\/wp-json\/wp\/v2\/posts\/75461\/revisions"}],"wp:featuredmedia":[{"embeddable":true,"href":"https:\/\/www.noubarris.net\/web40\/wp-json\/wp\/v2\/media\/75462"}],"wp:attachment":[{"href":"https:\/\/www.noubarris.net\/web40\/wp-json\/wp\/v2\/media?parent=75461"}],"wp:term":[{"taxonomy":"category","embeddable":true,"href":"https:\/\/www.noubarris.net\/web40\/wp-json\/wp\/v2\/categories?post=75461"},{"taxonomy":"post_tag","embeddable":true,"href":"https:\/\/www.noubarris.net\/web40\/wp-json\/wp\/v2\/tags?post=75461"}],"curies":[{"name":"wp","href":"https:\/\/api.w.org\/{rel}","templated":true}]}}