{"id":75488,"date":"2020-03-22T00:00:51","date_gmt":"2020-03-21T22:00:51","guid":{"rendered":"http:\/\/www.noubarris.net\/web40\/?p=75488"},"modified":"2020-03-21T19:21:06","modified_gmt":"2020-03-21T17:21:06","slug":"mor-ignasi-catalan-el-lider-veinal-que-va-crear-el-nom-de-nou-barris","status":"publish","type":"post","link":"https:\/\/www.noubarris.net\/web40\/mor-ignasi-catalan-el-lider-veinal-que-va-crear-el-nom-de-nou-barris\/","title":{"rendered":"Mor Ignasi Catal\u00e1n, el l\u00edder ve\u00efnal que va crear el nom de Nou Barris"},"content":{"rendered":"<p><strong>Va ser un dels fundadors de l\u2019Associaci\u00f3 de Ve\u00efns de la Secci\u00f3 Vallbona \u2013 Torre Bar\u00f3 \u2013 Trinitat<\/strong><\/p>\n<p>S\u00f3n dies tristos, amb m\u00e9s esqueles del que seria habitual. Fa un parell de dies el coronavirus es va emportar el moss\u00e8n Joan Quadrench, rector dels barris de Verdum i Roquetes, qui va impulsar la creaci\u00f3 del DISA, el servei de distribuci\u00f3 d\u2019aliments per a fam\u00edlies necessitades amb seu al barri de Porta. Estava vinculat al grup de capellans obrers de El Padr\u00f3.<\/p>\n<p>En el cas d&#8217;Ignasi Catal\u00e1n la COVID-19 no va tenir res a veure. Catal\u00e1n era un l\u00edder ve\u00efnal de la Trinitat Vella per\u00f2 amb un paper cabdal\u00a0 per a Nou Barris. I \u00e9s que va crear el nom amb qu\u00e8 anys m\u00e9s tard es va batejar el districte: Nou Barris. Havia participat molt activament en la creaci\u00f3 de l\u2019Associaci\u00f3 de Ve\u00efns de Trinitat Vella i, juntament amb altres activistes ve\u00efnals com ara Manuel Vital i Cirilo Poblador, va fundar l\u2019Associaci\u00f3 de Ve\u00efns de la Secci\u00f3 Vallbona \u2013 Torre Bar\u00f3 \u2013 Trinitat. Aquests nous barris situats al nord de Sant Andreu estaven aleshores afectats per un pla urban\u00edstic de l\u2019alcalde Josep Maria de Porcioles que pretenia reordenar-los. Els ve\u00efns es van mobilitzar i el mateix Ignasi Catal\u00e1n va poder fer sentir les seves protestes al plenari en qu\u00e8 es debatia el pla, que finalment no es va aprovar.<\/p>\n<p>Les mobilitzacions van anar acompanyades d\u2019una publicaci\u00f3 per difondre els avan\u00e7os i les reivindicacions dels barris: era la \u2018Hoja informativa de la Associaci\u00f3n de Vecinos del sector de Vallbona \u2013 Torre Bar\u00f3 \u2013 Trinidad, que comprende tambi\u00e9n los barrios de Verdun, Roquetas, Prosperidad, Canyelles y Ciudad Meridiana\u2019. Un nom que Ignasi Catal\u00e1n va considerar massa llarg i poc pr\u00e0ctic, aix\u00ed que va comptar els barris afectats i va decidir que el butllet\u00ed es diria dels \u2018Nou barris\u2019.<\/p>\n<p>El 1980 es va configurar el nou mapa dels districtes de la ciutat, basant-se en criteris de geografia, hist\u00f2ria i la voluntat dels habitants de la zona. En el cas de Nou Barris, va tenir prefer\u00e8ncia aquest \u00faltim i l\u2019Ajuntament va adoptar el nom proposat per Ignasi Catal\u00e1n. Calia dotar de personalitat el que fins llavors es coneixia com els Barris del Nord, perqu\u00e8 es trobaven al nord de Sant Andreu. I tanta fortuna va fer el nom d\u2019aquell butllet\u00ed ve\u00efnal que actualment \u00e9s el nom del districte, encara que ja no abasti nou barris, sin\u00f3 13.<\/p>\n<p>\u00c9s curi\u00f3s que precisament el creador del nom del districte, va quedar-ne fora, ja que el seu barri, la Trinitat Vella, va ser ubicada a Sant Andreu. Des d&#8217;all\u00e0 va continuar amb el seu activisme i va participar en moltes lluites ve\u00efnals.<\/p>\n","protected":false},"excerpt":{"rendered":"<p>Va ser un dels fundadors de l\u2019Associaci\u00f3 de Ve\u00efns de la Secci\u00f3 Vallbona \u2013 Torre Bar\u00f3 \u2013 Trinitat S\u00f3n dies<\/p>\n","protected":false},"author":2,"featured_media":75489,"comment_status":"closed","ping_status":"closed","sticky":false,"template":"","format":"standard","meta":{"colormag_page_layout":"default_layout","_monsterinsights_skip_tracking":false,"_monsterinsights_sitenote_active":false,"_monsterinsights_sitenote_note":"","_monsterinsights_sitenote_category":0,"footnotes":""},"categories":[1,124],"tags":[271,319,263],"class_list":["post-75488","post","type-post","status-publish","format-standard","has-post-thumbnail","hentry","category-nou-barris","category-societat","tag-historia","tag-nou-barris","tag-veins"],"yoast_head":"<!-- This site is optimized with the Yoast SEO plugin v25.3 - https:\/\/yoast.com\/wordpress\/plugins\/seo\/ -->\n<title>Mor Ignasi Catal\u00e1n, el l\u00edder ve\u00efnal que va crear el nom de Nou Barris - NouBarris.Net<\/title>\n<meta name=\"robots\" content=\"index, follow, max-snippet:-1, max-image-preview:large, max-video-preview:-1\" \/>\n<link rel=\"canonical\" href=\"https:\/\/www.noubarris.net\/web40\/mor-ignasi-catalan-el-lider-veinal-que-va-crear-el-nom-de-nou-barris\/\" \/>\n<meta property=\"og:locale\" content=\"ca_ES\" \/>\n<meta property=\"og:type\" content=\"article\" \/>\n<meta property=\"og:title\" content=\"Mor Ignasi Catal\u00e1n, el l\u00edder ve\u00efnal que va crear el nom de Nou Barris - NouBarris.Net\" \/>\n<meta property=\"og:description\" content=\"Va ser un dels fundadors de l\u2019Associaci\u00f3 de Ve\u00efns de la Secci\u00f3 Vallbona \u2013 Torre Bar\u00f3 \u2013 Trinitat S\u00f3n dies\" \/>\n<meta property=\"og:url\" content=\"https:\/\/www.noubarris.net\/web40\/mor-ignasi-catalan-el-lider-veinal-que-va-crear-el-nom-de-nou-barris\/\" \/>\n<meta property=\"og:site_name\" content=\"NouBarris.Net\" \/>\n<meta property=\"article:publisher\" content=\"https:\/\/www.facebook.com\/NouBarris.net\/?locale=es_ES\" \/>\n<meta property=\"article:published_time\" content=\"2020-03-21T22:00:51+00:00\" \/>\n<meta property=\"og:image\" content=\"https:\/\/www.noubarris.net\/web40\/wp-content\/uploads\/2020\/03\/220320-1.jpg\" \/>\n\t<meta property=\"og:image:width\" content=\"730\" \/>\n\t<meta property=\"og:image:height\" content=\"433\" \/>\n\t<meta property=\"og:image:type\" content=\"image\/jpeg\" \/>\n<meta name=\"author\" content=\"Informatius\" \/>\n<meta name=\"twitter:card\" content=\"summary_large_image\" \/>\n<meta name=\"twitter:creator\" content=\"@9BTV\" \/>\n<meta name=\"twitter:site\" content=\"@9BTV\" \/>\n<meta name=\"twitter:label1\" content=\"Escrit per\" \/>\n\t<meta name=\"twitter:data1\" content=\"Informatius\" \/>\n\t<meta name=\"twitter:label2\" content=\"Temps estimat de lectura\" \/>\n\t<meta name=\"twitter:data2\" content=\"2 minuts\" \/>\n<script type=\"application\/ld+json\" class=\"yoast-schema-graph\">{\"@context\":\"https:\/\/schema.org\",\"@graph\":[{\"@type\":\"Article\",\"@id\":\"https:\/\/www.noubarris.net\/web40\/mor-ignasi-catalan-el-lider-veinal-que-va-crear-el-nom-de-nou-barris\/#article\",\"isPartOf\":{\"@id\":\"https:\/\/www.noubarris.net\/web40\/mor-ignasi-catalan-el-lider-veinal-que-va-crear-el-nom-de-nou-barris\/\"},\"author\":{\"name\":\"Informatius\",\"@id\":\"https:\/\/www.noubarris.net\/web40\/#\/schema\/person\/1827f92aaa316c54abbf4dac0de76069\"},\"headline\":\"Mor Ignasi Catal\u00e1n, el l\u00edder ve\u00efnal que va crear el nom de Nou Barris\",\"datePublished\":\"2020-03-21T22:00:51+00:00\",\"mainEntityOfPage\":{\"@id\":\"https:\/\/www.noubarris.net\/web40\/mor-ignasi-catalan-el-lider-veinal-que-va-crear-el-nom-de-nou-barris\/\"},\"wordCount\":490,\"publisher\":{\"@id\":\"https:\/\/www.noubarris.net\/web40\/#organization\"},\"image\":{\"@id\":\"https:\/\/www.noubarris.net\/web40\/mor-ignasi-catalan-el-lider-veinal-que-va-crear-el-nom-de-nou-barris\/#primaryimage\"},\"thumbnailUrl\":\"https:\/\/www.noubarris.net\/web40\/wp-content\/uploads\/2020\/03\/220320-1.jpg\",\"keywords\":[\"Hist\u00f2ria\",\"Nou Barris\",\"Ve\u00efns\"],\"articleSection\":[\"Nou Barris\",\"Societat\"],\"inLanguage\":\"ca\"},{\"@type\":\"WebPage\",\"@id\":\"https:\/\/www.noubarris.net\/web40\/mor-ignasi-catalan-el-lider-veinal-que-va-crear-el-nom-de-nou-barris\/\",\"url\":\"https:\/\/www.noubarris.net\/web40\/mor-ignasi-catalan-el-lider-veinal-que-va-crear-el-nom-de-nou-barris\/\",\"name\":\"Mor Ignasi Catal\u00e1n, el l\u00edder ve\u00efnal que va crear el nom de Nou Barris - NouBarris.Net\",\"isPartOf\":{\"@id\":\"https:\/\/www.noubarris.net\/web40\/#website\"},\"primaryImageOfPage\":{\"@id\":\"https:\/\/www.noubarris.net\/web40\/mor-ignasi-catalan-el-lider-veinal-que-va-crear-el-nom-de-nou-barris\/#primaryimage\"},\"image\":{\"@id\":\"https:\/\/www.noubarris.net\/web40\/mor-ignasi-catalan-el-lider-veinal-que-va-crear-el-nom-de-nou-barris\/#primaryimage\"},\"thumbnailUrl\":\"https:\/\/www.noubarris.net\/web40\/wp-content\/uploads\/2020\/03\/220320-1.jpg\",\"datePublished\":\"2020-03-21T22:00:51+00:00\",\"breadcrumb\":{\"@id\":\"https:\/\/www.noubarris.net\/web40\/mor-ignasi-catalan-el-lider-veinal-que-va-crear-el-nom-de-nou-barris\/#breadcrumb\"},\"inLanguage\":\"ca\",\"potentialAction\":[{\"@type\":\"ReadAction\",\"target\":[\"https:\/\/www.noubarris.net\/web40\/mor-ignasi-catalan-el-lider-veinal-que-va-crear-el-nom-de-nou-barris\/\"]}]},{\"@type\":\"ImageObject\",\"inLanguage\":\"ca\",\"@id\":\"https:\/\/www.noubarris.net\/web40\/mor-ignasi-catalan-el-lider-veinal-que-va-crear-el-nom-de-nou-barris\/#primaryimage\",\"url\":\"https:\/\/www.noubarris.net\/web40\/wp-content\/uploads\/2020\/03\/220320-1.jpg\",\"contentUrl\":\"https:\/\/www.noubarris.net\/web40\/wp-content\/uploads\/2020\/03\/220320-1.jpg\",\"width\":730,\"height\":433},{\"@type\":\"BreadcrumbList\",\"@id\":\"https:\/\/www.noubarris.net\/web40\/mor-ignasi-catalan-el-lider-veinal-que-va-crear-el-nom-de-nou-barris\/#breadcrumb\",\"itemListElement\":[{\"@type\":\"ListItem\",\"position\":1,\"name\":\"Inici\",\"item\":\"https:\/\/www.noubarris.net\/web40\/\"},{\"@type\":\"ListItem\",\"position\":2,\"name\":\"Mor Ignasi Catal\u00e1n, el l\u00edder ve\u00efnal que va crear el nom de Nou Barris\"}]},{\"@type\":\"WebSite\",\"@id\":\"https:\/\/www.noubarris.net\/web40\/#website\",\"url\":\"https:\/\/www.noubarris.net\/web40\/\",\"name\":\"NouBarris.Net\",\"description\":\"Seguint la vida de Nou Barris des de 1985\",\"publisher\":{\"@id\":\"https:\/\/www.noubarris.net\/web40\/#organization\"},\"potentialAction\":[{\"@type\":\"SearchAction\",\"target\":{\"@type\":\"EntryPoint\",\"urlTemplate\":\"https:\/\/www.noubarris.net\/web40\/?s={search_term_string}\"},\"query-input\":{\"@type\":\"PropertyValueSpecification\",\"valueRequired\":true,\"valueName\":\"search_term_string\"}}],\"inLanguage\":\"ca\"},{\"@type\":\"Organization\",\"@id\":\"https:\/\/www.noubarris.net\/web40\/#organization\",\"name\":\"NouBarris.Net\",\"url\":\"https:\/\/www.noubarris.net\/web40\/\",\"logo\":{\"@type\":\"ImageObject\",\"inLanguage\":\"ca\",\"@id\":\"https:\/\/www.noubarris.net\/web40\/#\/schema\/logo\/image\/\",\"url\":\"https:\/\/www.noubarris.net\/web40\/wp-content\/uploads\/2024\/11\/cropped-cropped-LOGO_9BTV-2024_Insta-1.jpg\",\"contentUrl\":\"https:\/\/www.noubarris.net\/web40\/wp-content\/uploads\/2024\/11\/cropped-cropped-LOGO_9BTV-2024_Insta-1.jpg\",\"width\":512,\"height\":512,\"caption\":\"NouBarris.Net\"},\"image\":{\"@id\":\"https:\/\/www.noubarris.net\/web40\/#\/schema\/logo\/image\/\"},\"sameAs\":[\"https:\/\/www.facebook.com\/NouBarris.net\/?locale=es_ES\",\"https:\/\/x.com\/9BTV\"]},{\"@type\":\"Person\",\"@id\":\"https:\/\/www.noubarris.net\/web40\/#\/schema\/person\/1827f92aaa316c54abbf4dac0de76069\",\"name\":\"Informatius\",\"image\":{\"@type\":\"ImageObject\",\"inLanguage\":\"ca\",\"@id\":\"https:\/\/www.noubarris.net\/web40\/#\/schema\/person\/image\/\",\"url\":\"https:\/\/secure.gravatar.com\/avatar\/87a3b47928835fc72c6ee5b0e1a7263ef0c2d05003a98189bc14926c5f11bcdb?s=96&d=mm&r=g\",\"contentUrl\":\"https:\/\/secure.gravatar.com\/avatar\/87a3b47928835fc72c6ee5b0e1a7263ef0c2d05003a98189bc14926c5f11bcdb?s=96&d=mm&r=g\",\"caption\":\"Informatius\"},\"url\":\"https:\/\/www.noubarris.net\/web40\/author\/tele\/\"}]}<\/script>\n<!-- \/ Yoast SEO plugin. -->","yoast_head_json":{"title":"Mor Ignasi Catal\u00e1n, el l\u00edder ve\u00efnal que va crear el nom de Nou Barris - NouBarris.Net","robots":{"index":"index","follow":"follow","max-snippet":"max-snippet:-1","max-image-preview":"max-image-preview:large","max-video-preview":"max-video-preview:-1"},"canonical":"https:\/\/www.noubarris.net\/web40\/mor-ignasi-catalan-el-lider-veinal-que-va-crear-el-nom-de-nou-barris\/","og_locale":"ca_ES","og_type":"article","og_title":"Mor Ignasi Catal\u00e1n, el l\u00edder ve\u00efnal que va crear el nom de Nou Barris - NouBarris.Net","og_description":"Va ser un dels fundadors de l\u2019Associaci\u00f3 de Ve\u00efns de la Secci\u00f3 Vallbona \u2013 Torre Bar\u00f3 \u2013 Trinitat S\u00f3n dies","og_url":"https:\/\/www.noubarris.net\/web40\/mor-ignasi-catalan-el-lider-veinal-que-va-crear-el-nom-de-nou-barris\/","og_site_name":"NouBarris.Net","article_publisher":"https:\/\/www.facebook.com\/NouBarris.net\/?locale=es_ES","article_published_time":"2020-03-21T22:00:51+00:00","og_image":[{"width":730,"height":433,"url":"https:\/\/www.noubarris.net\/web40\/wp-content\/uploads\/2020\/03\/220320-1.jpg","type":"image\/jpeg"}],"author":"Informatius","twitter_card":"summary_large_image","twitter_creator":"@9BTV","twitter_site":"@9BTV","twitter_misc":{"Escrit per":"Informatius","Temps estimat de lectura":"2 minuts"},"schema":{"@context":"https:\/\/schema.org","@graph":[{"@type":"Article","@id":"https:\/\/www.noubarris.net\/web40\/mor-ignasi-catalan-el-lider-veinal-que-va-crear-el-nom-de-nou-barris\/#article","isPartOf":{"@id":"https:\/\/www.noubarris.net\/web40\/mor-ignasi-catalan-el-lider-veinal-que-va-crear-el-nom-de-nou-barris\/"},"author":{"name":"Informatius","@id":"https:\/\/www.noubarris.net\/web40\/#\/schema\/person\/1827f92aaa316c54abbf4dac0de76069"},"headline":"Mor Ignasi Catal\u00e1n, el l\u00edder ve\u00efnal que va crear el nom de Nou Barris","datePublished":"2020-03-21T22:00:51+00:00","mainEntityOfPage":{"@id":"https:\/\/www.noubarris.net\/web40\/mor-ignasi-catalan-el-lider-veinal-que-va-crear-el-nom-de-nou-barris\/"},"wordCount":490,"publisher":{"@id":"https:\/\/www.noubarris.net\/web40\/#organization"},"image":{"@id":"https:\/\/www.noubarris.net\/web40\/mor-ignasi-catalan-el-lider-veinal-que-va-crear-el-nom-de-nou-barris\/#primaryimage"},"thumbnailUrl":"https:\/\/www.noubarris.net\/web40\/wp-content\/uploads\/2020\/03\/220320-1.jpg","keywords":["Hist\u00f2ria","Nou Barris","Ve\u00efns"],"articleSection":["Nou Barris","Societat"],"inLanguage":"ca"},{"@type":"WebPage","@id":"https:\/\/www.noubarris.net\/web40\/mor-ignasi-catalan-el-lider-veinal-que-va-crear-el-nom-de-nou-barris\/","url":"https:\/\/www.noubarris.net\/web40\/mor-ignasi-catalan-el-lider-veinal-que-va-crear-el-nom-de-nou-barris\/","name":"Mor Ignasi Catal\u00e1n, el l\u00edder ve\u00efnal que va crear el nom de Nou Barris - NouBarris.Net","isPartOf":{"@id":"https:\/\/www.noubarris.net\/web40\/#website"},"primaryImageOfPage":{"@id":"https:\/\/www.noubarris.net\/web40\/mor-ignasi-catalan-el-lider-veinal-que-va-crear-el-nom-de-nou-barris\/#primaryimage"},"image":{"@id":"https:\/\/www.noubarris.net\/web40\/mor-ignasi-catalan-el-lider-veinal-que-va-crear-el-nom-de-nou-barris\/#primaryimage"},"thumbnailUrl":"https:\/\/www.noubarris.net\/web40\/wp-content\/uploads\/2020\/03\/220320-1.jpg","datePublished":"2020-03-21T22:00:51+00:00","breadcrumb":{"@id":"https:\/\/www.noubarris.net\/web40\/mor-ignasi-catalan-el-lider-veinal-que-va-crear-el-nom-de-nou-barris\/#breadcrumb"},"inLanguage":"ca","potentialAction":[{"@type":"ReadAction","target":["https:\/\/www.noubarris.net\/web40\/mor-ignasi-catalan-el-lider-veinal-que-va-crear-el-nom-de-nou-barris\/"]}]},{"@type":"ImageObject","inLanguage":"ca","@id":"https:\/\/www.noubarris.net\/web40\/mor-ignasi-catalan-el-lider-veinal-que-va-crear-el-nom-de-nou-barris\/#primaryimage","url":"https:\/\/www.noubarris.net\/web40\/wp-content\/uploads\/2020\/03\/220320-1.jpg","contentUrl":"https:\/\/www.noubarris.net\/web40\/wp-content\/uploads\/2020\/03\/220320-1.jpg","width":730,"height":433},{"@type":"BreadcrumbList","@id":"https:\/\/www.noubarris.net\/web40\/mor-ignasi-catalan-el-lider-veinal-que-va-crear-el-nom-de-nou-barris\/#breadcrumb","itemListElement":[{"@type":"ListItem","position":1,"name":"Inici","item":"https:\/\/www.noubarris.net\/web40\/"},{"@type":"ListItem","position":2,"name":"Mor Ignasi Catal\u00e1n, el l\u00edder ve\u00efnal que va crear el nom de Nou Barris"}]},{"@type":"WebSite","@id":"https:\/\/www.noubarris.net\/web40\/#website","url":"https:\/\/www.noubarris.net\/web40\/","name":"NouBarris.Net","description":"Seguint la vida de Nou Barris des de 1985","publisher":{"@id":"https:\/\/www.noubarris.net\/web40\/#organization"},"potentialAction":[{"@type":"SearchAction","target":{"@type":"EntryPoint","urlTemplate":"https:\/\/www.noubarris.net\/web40\/?s={search_term_string}"},"query-input":{"@type":"PropertyValueSpecification","valueRequired":true,"valueName":"search_term_string"}}],"inLanguage":"ca"},{"@type":"Organization","@id":"https:\/\/www.noubarris.net\/web40\/#organization","name":"NouBarris.Net","url":"https:\/\/www.noubarris.net\/web40\/","logo":{"@type":"ImageObject","inLanguage":"ca","@id":"https:\/\/www.noubarris.net\/web40\/#\/schema\/logo\/image\/","url":"https:\/\/www.noubarris.net\/web40\/wp-content\/uploads\/2024\/11\/cropped-cropped-LOGO_9BTV-2024_Insta-1.jpg","contentUrl":"https:\/\/www.noubarris.net\/web40\/wp-content\/uploads\/2024\/11\/cropped-cropped-LOGO_9BTV-2024_Insta-1.jpg","width":512,"height":512,"caption":"NouBarris.Net"},"image":{"@id":"https:\/\/www.noubarris.net\/web40\/#\/schema\/logo\/image\/"},"sameAs":["https:\/\/www.facebook.com\/NouBarris.net\/?locale=es_ES","https:\/\/x.com\/9BTV"]},{"@type":"Person","@id":"https:\/\/www.noubarris.net\/web40\/#\/schema\/person\/1827f92aaa316c54abbf4dac0de76069","name":"Informatius","image":{"@type":"ImageObject","inLanguage":"ca","@id":"https:\/\/www.noubarris.net\/web40\/#\/schema\/person\/image\/","url":"https:\/\/secure.gravatar.com\/avatar\/87a3b47928835fc72c6ee5b0e1a7263ef0c2d05003a98189bc14926c5f11bcdb?s=96&d=mm&r=g","contentUrl":"https:\/\/secure.gravatar.com\/avatar\/87a3b47928835fc72c6ee5b0e1a7263ef0c2d05003a98189bc14926c5f11bcdb?s=96&d=mm&r=g","caption":"Informatius"},"url":"https:\/\/www.noubarris.net\/web40\/author\/tele\/"}]}},"_links":{"self":[{"href":"https:\/\/www.noubarris.net\/web40\/wp-json\/wp\/v2\/posts\/75488","targetHints":{"allow":["GET"]}}],"collection":[{"href":"https:\/\/www.noubarris.net\/web40\/wp-json\/wp\/v2\/posts"}],"about":[{"href":"https:\/\/www.noubarris.net\/web40\/wp-json\/wp\/v2\/types\/post"}],"author":[{"embeddable":true,"href":"https:\/\/www.noubarris.net\/web40\/wp-json\/wp\/v2\/users\/2"}],"replies":[{"embeddable":true,"href":"https:\/\/www.noubarris.net\/web40\/wp-json\/wp\/v2\/comments?post=75488"}],"version-history":[{"count":0,"href":"https:\/\/www.noubarris.net\/web40\/wp-json\/wp\/v2\/posts\/75488\/revisions"}],"wp:featuredmedia":[{"embeddable":true,"href":"https:\/\/www.noubarris.net\/web40\/wp-json\/wp\/v2\/media\/75489"}],"wp:attachment":[{"href":"https:\/\/www.noubarris.net\/web40\/wp-json\/wp\/v2\/media?parent=75488"}],"wp:term":[{"taxonomy":"category","embeddable":true,"href":"https:\/\/www.noubarris.net\/web40\/wp-json\/wp\/v2\/categories?post=75488"},{"taxonomy":"post_tag","embeddable":true,"href":"https:\/\/www.noubarris.net\/web40\/wp-json\/wp\/v2\/tags?post=75488"}],"curies":[{"name":"wp","href":"https:\/\/api.w.org\/{rel}","templated":true}]}}