{"id":75648,"date":"2020-04-26T00:00:31","date_gmt":"2020-04-25T22:00:31","guid":{"rendered":"http:\/\/www.noubarris.net\/web40\/?p=75648"},"modified":"2020-04-25T17:18:33","modified_gmt":"2020-04-25T15:18:33","slug":"histories-de-covid-es-des-de-la-farmacia","status":"publish","type":"post","link":"https:\/\/www.noubarris.net\/web40\/histories-de-covid-es-des-de-la-farmacia\/","title":{"rendered":"Hist\u00f2ries de covid-es: des de la farm\u00e0cia"},"content":{"rendered":"<p><strong>La Pilar: \u201cVivim moments d\u2019estr\u00e8s. No deixem de dispensar, dispensar i desinfectar\u201d<\/strong><\/p>\n<p>Des de NouBarrisNet hem volgut obrir una finestra i colar-nos en diverses llars noubarrienques per descobrir com estan vivint els ve\u00efns i ve\u00efnes aquest temps tan excepcional. Cada dia us apropem un punt de vista particular i les preocupacions, la professionalitat, l\u2019optimisme, l\u2019entrega i la solidaritat dels noubarriencs.<\/p>\n<p>Una altra de les professions a primera fila \u00e9s el personal farmac\u00e8utic. La Pilar treballa en una farm\u00e0cia de tota la vida, a la Prosperitat. At\u00e9n els clients entre tensions, moltes normes de seguretat i paci\u00e8ncia. \u201cVisc amb la meva filla, el meu home i dos gossos. Surto a treballar per\u00f2 hi ha moments que m\u2019agradaria ser a casa, perqu\u00e8 la situaci\u00f3 a la feina sovint \u00e9s una mica estressant. \u00c9s el que t\u00e9 de dolent anar a treballar a un lloc que potser entres en contacte amb gent que potser est\u00e0 patint aquesta pand\u00e8mia.\u201d<\/p>\n<p><iframe loading=\"lazy\" src=\"https:\/\/www.youtube.com\/embed\/bOoI9W6Zqk0\" width=\"560\" height=\"315\" frameborder=\"0\" allowfullscreen=\"allowfullscreen\"><\/iframe><\/p>\n<p>L\u2019arribada de la pand\u00e8mia va emp\u00e8nyer moltes persones cap a la farm\u00e0cia, a la recerca de mascaretes, gel desinfectant, alcohol, term\u00f2metres i guants, per\u00f2 tamb\u00e9 de respostes. \u201cAl principi la gent venia angoixada a la m\u00ednima que tenia febre. Els term\u00f2metres es van acabar en un tres i no res, i encara no en tenim. Et preguntaven si tenien la covid-19 o no, i clar, nosaltres els hav\u00edem de dirigir al 061, per\u00f2 el 061 estava col\u00b7lapsat. L\u2019alternativa era trucar al CAP, per\u00f2 no sempre contestaven. Nosaltres no els pod\u00edem dir res. A banda de la feina de dispensar, estem en una acci\u00f3 social. A m\u00e9s dels medicaments, sempre els fas algunes recomanacions, perqu\u00e8 et trobes de tot. En ser una farm\u00e0cia de barri, som com una fam\u00edlia.\u201d<\/p>\n<p>Precisament per ser una farm\u00e0cia amb una clientela bastant fixa, li sap greu que les presses i l\u2019estr\u00e8s del dia a dia no li permeten fer un seguiment de persones que fa temps que no apareixen. \u201cNormalment li preguntes a alguna ve\u00efna o truques si tens el tel\u00e8fon, perqu\u00e8 veus que triga a venir i saps que aquella persona viu sola i potser li ha passat alguna cosa. Ara \u00e9s la gent qui ve i et diu que li ha passat aix\u00f2 o all\u00f2 altre, perqu\u00e8 la veritat \u00e9s que no tenim temps, no parem de dispensar. S\u00ed que hi penses per\u00f2 no tens el temps de poder trucar. Dispensar, dispensar&#8230; i poca cosa m\u00e9s.\u201d<\/p>\n<p><strong>Prevenci\u00f3 a la farm\u00e0cia<\/strong><\/p>\n<p>Com altres comer\u00e7os, van haver d\u2019augmentar la seguretat a l\u2019establiment. \u201cA la farm\u00e0cia vivim moments d\u2019estr\u00e8s. Al principi despatx\u00e0vem amb la porta oberta per\u00f2 la gent no respectava les dist\u00e0ncies, hav\u00edem posat una senyal a la terra per\u00f2 la traspassaven&#8230; i est\u00e0vem una mica inquietes, perqu\u00e8 per moltes mascaretes que ens pos\u00e9ssim, hav\u00edem d\u2019anar desinfectant.\u201d Per aquesta ra\u00f3, van decidir comen\u00e7ar a atendre a trav\u00e9s de la finestreta. \u201cAra, encara que sembla que estiguis dins una peixera, tenim m\u00e9s tranquil\u00b7litat. Hi ha gent que entra per la finestra, per\u00f2 ja t\u2019apartes tu.\u201d \u00c9s una altra m\u00e9s de les moltes normes de seguretat que han de vigilar constantment. \u201cAnem de client en client, portem els guants, portem la mascareta, ara portem tamb\u00e9 una que \u00e9s com una pantalla de pl\u00e0stic, perqu\u00e8 a vegades la mascareta ofega molt. Entre client i client anem rentant-nos les mans amb el gel hidroalcoh\u00f2lic, no toquem les coses que venen de fora, les monedes&#8230;\u201d<\/p>\n<p>Molta clientela<\/p>\n<p>\u201cCr\u00e8iem que amb aix\u00f2 del \u2018queda\u2019t a casa\u2019, no vindria tanta gent, per\u00f2 resulta que cada cop hi ha m\u00e9s gent. Suposo que ser\u00e0 una excusa per poder sortir de casa.\u201d Els productes m\u00e9s sol\u00b7licitats s\u00f3n, \u00f2bviament, les mascaretes. \u201cEls gels hidroh\u00f2lics al principi es va acabar de seguida per\u00f2 ara ja tenim subministre. L\u2019alcohol de 90 i 96 \u00e9s el que va en entregues de 5 o 6 cada certs dies. Els guants els anem donant en sobres de 10, per anar repartint entre la gent. Per cert, es poden netejar i reutilitzar. Perqu\u00e8 abans anaves pel carrer i et trobaves burilles, per\u00f2 ara s\u00f3n els guants i les mascaretes. L\u2019inc\u00edvic continua llen\u00e7ant coses al terra.\u201d<\/p>\n<p><strong>Algunes persones, poc conscienciades<\/strong><\/p>\n<p>Malgrat que ja portem dies de confinament, i de les dades de malalts i defuncions, la Pilar assegura que es troba amb ve\u00efns i ve\u00efnes que encara no s\u00f3n conscients del risc. \u201cVeus persones que sembla que el tema no vagi amb ells, que estan anant a la pla\u00e7a sense mascaretes, sense guants, sense res. Pel carrer i tan tranquils. I li dius i et diuen que no passa res.\u201d Encara la sorpr\u00e8n m\u00e9s en els casos de coronavirus confirmats. \u201cHi ha qui ve des de l\u2019hospital, de la Vall d\u2019Hebron, amb un coronavirus positiu i et ve sense guants, sense mascareta&#8230; no hi dones cr\u00e8dit&#8230; I estan tan tranquils. \u00c9s una cosa que va en funci\u00f3 de la consci\u00e8ncia de cada persona o que no li han vist prou les orelles al llop.\u201d Tot plegat, afirma, fa que costi mantenir sempre el somriure.<\/p>\n<p><strong>Fot\u00f2grafa del confinament<\/strong><\/p>\n<p>A banda de la seva professi\u00f3, la Pilar t\u00e9 una gran afici\u00f3 per la fotografia. Pertany als col\u00b7lectius 9 Barris Imatge i el Grup Foto Roquetes. Aquests dies aprofita les vistes des de casa, des del pati de llums. \u201cEs veuen totes les cases, la gent estenent, el gat que va per all\u00e0, el que surt amb el gosset&#8230;\u201d I tamb\u00e9 el cam\u00ed entre casa seva, a les Roquetes, i la farm\u00e0cia, a la Prosperitat, per capturar algunes imatges in\u00e8dites del paisatge. \u201cNo surt amb la c\u00e0mera de fotos, sin\u00f3 el m\u00f2bil. No has de pensar en par\u00e0metres ni res i \u00e9s m\u00e9s discret. I faig unes fotos molt bones. Soc fot\u00f2grafa per\u00f2 no soc t\u00e8cnica. M\u2019agrada captar el moment. M\u2019agrada compartir fotografies i vaig pensar que els que s\u00f3n a casa no veuen qu\u00e8 passa fora, per\u00f2 jo que haig de sortir, ho veig. No em surto del meu cercle. No puc anar fins a \u00c0ngel Pestanya. Faig Joaquim Valls i per darrera el mercat de Montserrat, que \u00e9s el meu territori. Em sap greu perqu\u00e8 m\u2019agradaria fer fotos de la gent que estem treballant, per\u00f2 fer fotos de persones ja \u00e9s una mica m\u00e9s complicat pels drets d\u2019imatge i aquestes coses. Per\u00f2 de lluny he pillat al del but\u00e0, a l\u2019afilador, als que van amb els gossos. De lluny i si pot ser que no se li vegin les cares.\u201d<\/p>\n<p>La Pilar ha trobat una gran difer\u00e8ncia entre la quantitat de gent que es troba al mat\u00ed i a la tarda. \u201cPels matins a les Roquetes hi ha gent a discreci\u00f3. Com agafo el carrer de les Torres, que va cap al Mercadona i el Mercadona a les 8.45h ja t\u00e9 una bona cua. O la gent que va al mercat. Veus a vegades el senyor gran amb el carro, sense la mascareta, passejant-se&#8230; I a la nit, poca gent n\u2019hi ha.\u201d<\/p>\n<p><strong>A casa<\/strong><\/p>\n<p>Quan arriba a casa, gaudeix dels experiments culinaris que fan el seu marit i la filla. \u201cUn cuina i l\u2019altre fa d\u2019ajudant, he provat \u2018platillus\u2019 variats. \u00c9s un avantatge. I despr\u00e9s poder estar junts en fam\u00edlia. Arribes a casa i dius \u2018gr\u00e0cies per haver arribat i que tot estigui b\u00e9\u201d S\u00ed que troba a faltar, per\u00f2, els seus pares. \u201cEls tinc a prop i fa un mes que no els veig. El meu marit o la filla els porten el menjar.\u201d<\/p>\n<p>Tanmateix, reconeix que no aconsegueix deixar dins la farm\u00e0cia l\u2019obsessi\u00f3 per la desinfecci\u00f3. \u201cSoc d\u2019aquelles de \u2018ja t\u2019has rentat b\u00e9 les mans?\u2019 I a casa em diuen \u2018ja est\u00e0s de nou amb el mateix\u2019. Clar, abans ja ho feia, per\u00f2 ara m\u00e9s accentuat. Ja t\u2019has rentat? Ja t\u2019has desinfectat? Has tocat res? Has desinfectat les potes als gossos?\u201d Confessa que prefereix no seguir les not\u00edcies. \u201cPrefereixo fer-me la meva bombolla. Faig el que puc, amb la meva professi\u00f3, ja contribueixo el que puc. I no vull obsessionar-me. El que s\u2019apr\u00e8n \u00e9s valorar el dia a dia i que no fa falta res m\u00e9s que el que ja tenim. Almenys en el meu cas. Dono gr\u00e0cies per poder explicar la situaci\u00f3 i perqu\u00e8 contribueixo amb la meva feina a que tot vagi b\u00e9. I que quedi en un record d\u2019una cosa que va passar.\u201d<\/p>\n","protected":false},"excerpt":{"rendered":"<p>La Pilar: \u201cVivim moments d\u2019estr\u00e8s. No deixem de dispensar, dispensar i desinfectar\u201d Des de NouBarrisNet hem volgut obrir una finestra<\/p>\n","protected":false},"author":2,"featured_media":75651,"comment_status":"closed","ping_status":"closed","sticky":false,"template":"","format":"standard","meta":{"colormag_page_layout":"default_layout","_monsterinsights_skip_tracking":false,"_monsterinsights_sitenote_active":false,"_monsterinsights_sitenote_note":"","_monsterinsights_sitenote_category":0,"footnotes":""},"categories":[1,124],"tags":[640,319],"class_list":["post-75648","post","type-post","status-publish","format-standard","has-post-thumbnail","hentry","category-nou-barris","category-societat","tag-coronavirus","tag-nou-barris"],"yoast_head":"<!-- This site is optimized with the Yoast SEO plugin v25.3 - https:\/\/yoast.com\/wordpress\/plugins\/seo\/ -->\n<title>Hist\u00f2ries de covid-es: des de la farm\u00e0cia - NouBarris.Net<\/title>\n<meta name=\"robots\" content=\"index, follow, max-snippet:-1, max-image-preview:large, max-video-preview:-1\" \/>\n<link rel=\"canonical\" href=\"https:\/\/www.noubarris.net\/web40\/histories-de-covid-es-des-de-la-farmacia\/\" \/>\n<meta property=\"og:locale\" content=\"ca_ES\" \/>\n<meta property=\"og:type\" content=\"article\" \/>\n<meta property=\"og:title\" content=\"Hist\u00f2ries de covid-es: des de la farm\u00e0cia - NouBarris.Net\" \/>\n<meta property=\"og:description\" content=\"La Pilar: \u201cVivim moments d\u2019estr\u00e8s. No deixem de dispensar, dispensar i desinfectar\u201d Des de NouBarrisNet hem volgut obrir una finestra\" \/>\n<meta property=\"og:url\" content=\"https:\/\/www.noubarris.net\/web40\/histories-de-covid-es-des-de-la-farmacia\/\" \/>\n<meta property=\"og:site_name\" content=\"NouBarris.Net\" \/>\n<meta property=\"article:publisher\" content=\"https:\/\/www.facebook.com\/NouBarris.net\/?locale=es_ES\" \/>\n<meta property=\"article:published_time\" content=\"2020-04-25T22:00:31+00:00\" \/>\n<meta property=\"og:image\" content=\"https:\/\/www.noubarris.net\/web40\/wp-content\/uploads\/2020\/04\/260420.jpg\" \/>\n\t<meta property=\"og:image:width\" content=\"768\" \/>\n\t<meta property=\"og:image:height\" content=\"432\" \/>\n\t<meta property=\"og:image:type\" content=\"image\/jpeg\" \/>\n<meta name=\"author\" content=\"Informatius\" \/>\n<meta name=\"twitter:card\" content=\"summary_large_image\" \/>\n<meta name=\"twitter:creator\" content=\"@9BTV\" \/>\n<meta name=\"twitter:site\" content=\"@9BTV\" \/>\n<meta name=\"twitter:label1\" content=\"Escrit per\" \/>\n\t<meta name=\"twitter:data1\" content=\"Informatius\" \/>\n\t<meta name=\"twitter:label2\" content=\"Temps estimat de lectura\" \/>\n\t<meta name=\"twitter:data2\" content=\"7 minuts\" \/>\n<script type=\"application\/ld+json\" class=\"yoast-schema-graph\">{\"@context\":\"https:\/\/schema.org\",\"@graph\":[{\"@type\":\"Article\",\"@id\":\"https:\/\/www.noubarris.net\/web40\/histories-de-covid-es-des-de-la-farmacia\/#article\",\"isPartOf\":{\"@id\":\"https:\/\/www.noubarris.net\/web40\/histories-de-covid-es-des-de-la-farmacia\/\"},\"author\":{\"name\":\"Informatius\",\"@id\":\"https:\/\/www.noubarris.net\/web40\/#\/schema\/person\/1827f92aaa316c54abbf4dac0de76069\"},\"headline\":\"Hist\u00f2ries de covid-es: des de la farm\u00e0cia\",\"datePublished\":\"2020-04-25T22:00:31+00:00\",\"mainEntityOfPage\":{\"@id\":\"https:\/\/www.noubarris.net\/web40\/histories-de-covid-es-des-de-la-farmacia\/\"},\"wordCount\":1485,\"publisher\":{\"@id\":\"https:\/\/www.noubarris.net\/web40\/#organization\"},\"image\":{\"@id\":\"https:\/\/www.noubarris.net\/web40\/histories-de-covid-es-des-de-la-farmacia\/#primaryimage\"},\"thumbnailUrl\":\"https:\/\/www.noubarris.net\/web40\/wp-content\/uploads\/2020\/04\/260420.jpg\",\"keywords\":[\"coronavirus\",\"Nou Barris\"],\"articleSection\":[\"Nou Barris\",\"Societat\"],\"inLanguage\":\"ca\"},{\"@type\":\"WebPage\",\"@id\":\"https:\/\/www.noubarris.net\/web40\/histories-de-covid-es-des-de-la-farmacia\/\",\"url\":\"https:\/\/www.noubarris.net\/web40\/histories-de-covid-es-des-de-la-farmacia\/\",\"name\":\"Hist\u00f2ries de covid-es: des de la farm\u00e0cia - NouBarris.Net\",\"isPartOf\":{\"@id\":\"https:\/\/www.noubarris.net\/web40\/#website\"},\"primaryImageOfPage\":{\"@id\":\"https:\/\/www.noubarris.net\/web40\/histories-de-covid-es-des-de-la-farmacia\/#primaryimage\"},\"image\":{\"@id\":\"https:\/\/www.noubarris.net\/web40\/histories-de-covid-es-des-de-la-farmacia\/#primaryimage\"},\"thumbnailUrl\":\"https:\/\/www.noubarris.net\/web40\/wp-content\/uploads\/2020\/04\/260420.jpg\",\"datePublished\":\"2020-04-25T22:00:31+00:00\",\"breadcrumb\":{\"@id\":\"https:\/\/www.noubarris.net\/web40\/histories-de-covid-es-des-de-la-farmacia\/#breadcrumb\"},\"inLanguage\":\"ca\",\"potentialAction\":[{\"@type\":\"ReadAction\",\"target\":[\"https:\/\/www.noubarris.net\/web40\/histories-de-covid-es-des-de-la-farmacia\/\"]}]},{\"@type\":\"ImageObject\",\"inLanguage\":\"ca\",\"@id\":\"https:\/\/www.noubarris.net\/web40\/histories-de-covid-es-des-de-la-farmacia\/#primaryimage\",\"url\":\"https:\/\/www.noubarris.net\/web40\/wp-content\/uploads\/2020\/04\/260420.jpg\",\"contentUrl\":\"https:\/\/www.noubarris.net\/web40\/wp-content\/uploads\/2020\/04\/260420.jpg\",\"width\":768,\"height\":432},{\"@type\":\"BreadcrumbList\",\"@id\":\"https:\/\/www.noubarris.net\/web40\/histories-de-covid-es-des-de-la-farmacia\/#breadcrumb\",\"itemListElement\":[{\"@type\":\"ListItem\",\"position\":1,\"name\":\"Inici\",\"item\":\"https:\/\/www.noubarris.net\/web40\/\"},{\"@type\":\"ListItem\",\"position\":2,\"name\":\"Hist\u00f2ries de covid-es: des de la farm\u00e0cia\"}]},{\"@type\":\"WebSite\",\"@id\":\"https:\/\/www.noubarris.net\/web40\/#website\",\"url\":\"https:\/\/www.noubarris.net\/web40\/\",\"name\":\"NouBarris.Net\",\"description\":\"Seguint la vida de Nou Barris des de 1985\",\"publisher\":{\"@id\":\"https:\/\/www.noubarris.net\/web40\/#organization\"},\"potentialAction\":[{\"@type\":\"SearchAction\",\"target\":{\"@type\":\"EntryPoint\",\"urlTemplate\":\"https:\/\/www.noubarris.net\/web40\/?s={search_term_string}\"},\"query-input\":{\"@type\":\"PropertyValueSpecification\",\"valueRequired\":true,\"valueName\":\"search_term_string\"}}],\"inLanguage\":\"ca\"},{\"@type\":\"Organization\",\"@id\":\"https:\/\/www.noubarris.net\/web40\/#organization\",\"name\":\"NouBarris.Net\",\"url\":\"https:\/\/www.noubarris.net\/web40\/\",\"logo\":{\"@type\":\"ImageObject\",\"inLanguage\":\"ca\",\"@id\":\"https:\/\/www.noubarris.net\/web40\/#\/schema\/logo\/image\/\",\"url\":\"https:\/\/www.noubarris.net\/web40\/wp-content\/uploads\/2024\/11\/cropped-cropped-LOGO_9BTV-2024_Insta-1.jpg\",\"contentUrl\":\"https:\/\/www.noubarris.net\/web40\/wp-content\/uploads\/2024\/11\/cropped-cropped-LOGO_9BTV-2024_Insta-1.jpg\",\"width\":512,\"height\":512,\"caption\":\"NouBarris.Net\"},\"image\":{\"@id\":\"https:\/\/www.noubarris.net\/web40\/#\/schema\/logo\/image\/\"},\"sameAs\":[\"https:\/\/www.facebook.com\/NouBarris.net\/?locale=es_ES\",\"https:\/\/x.com\/9BTV\"]},{\"@type\":\"Person\",\"@id\":\"https:\/\/www.noubarris.net\/web40\/#\/schema\/person\/1827f92aaa316c54abbf4dac0de76069\",\"name\":\"Informatius\",\"image\":{\"@type\":\"ImageObject\",\"inLanguage\":\"ca\",\"@id\":\"https:\/\/www.noubarris.net\/web40\/#\/schema\/person\/image\/\",\"url\":\"https:\/\/secure.gravatar.com\/avatar\/87a3b47928835fc72c6ee5b0e1a7263ef0c2d05003a98189bc14926c5f11bcdb?s=96&d=mm&r=g\",\"contentUrl\":\"https:\/\/secure.gravatar.com\/avatar\/87a3b47928835fc72c6ee5b0e1a7263ef0c2d05003a98189bc14926c5f11bcdb?s=96&d=mm&r=g\",\"caption\":\"Informatius\"},\"url\":\"https:\/\/www.noubarris.net\/web40\/author\/tele\/\"}]}<\/script>\n<!-- \/ Yoast SEO plugin. -->","yoast_head_json":{"title":"Hist\u00f2ries de covid-es: des de la farm\u00e0cia - NouBarris.Net","robots":{"index":"index","follow":"follow","max-snippet":"max-snippet:-1","max-image-preview":"max-image-preview:large","max-video-preview":"max-video-preview:-1"},"canonical":"https:\/\/www.noubarris.net\/web40\/histories-de-covid-es-des-de-la-farmacia\/","og_locale":"ca_ES","og_type":"article","og_title":"Hist\u00f2ries de covid-es: des de la farm\u00e0cia - NouBarris.Net","og_description":"La Pilar: \u201cVivim moments d\u2019estr\u00e8s. No deixem de dispensar, dispensar i desinfectar\u201d Des de NouBarrisNet hem volgut obrir una finestra","og_url":"https:\/\/www.noubarris.net\/web40\/histories-de-covid-es-des-de-la-farmacia\/","og_site_name":"NouBarris.Net","article_publisher":"https:\/\/www.facebook.com\/NouBarris.net\/?locale=es_ES","article_published_time":"2020-04-25T22:00:31+00:00","og_image":[{"width":768,"height":432,"url":"https:\/\/www.noubarris.net\/web40\/wp-content\/uploads\/2020\/04\/260420.jpg","type":"image\/jpeg"}],"author":"Informatius","twitter_card":"summary_large_image","twitter_creator":"@9BTV","twitter_site":"@9BTV","twitter_misc":{"Escrit per":"Informatius","Temps estimat de lectura":"7 minuts"},"schema":{"@context":"https:\/\/schema.org","@graph":[{"@type":"Article","@id":"https:\/\/www.noubarris.net\/web40\/histories-de-covid-es-des-de-la-farmacia\/#article","isPartOf":{"@id":"https:\/\/www.noubarris.net\/web40\/histories-de-covid-es-des-de-la-farmacia\/"},"author":{"name":"Informatius","@id":"https:\/\/www.noubarris.net\/web40\/#\/schema\/person\/1827f92aaa316c54abbf4dac0de76069"},"headline":"Hist\u00f2ries de covid-es: des de la farm\u00e0cia","datePublished":"2020-04-25T22:00:31+00:00","mainEntityOfPage":{"@id":"https:\/\/www.noubarris.net\/web40\/histories-de-covid-es-des-de-la-farmacia\/"},"wordCount":1485,"publisher":{"@id":"https:\/\/www.noubarris.net\/web40\/#organization"},"image":{"@id":"https:\/\/www.noubarris.net\/web40\/histories-de-covid-es-des-de-la-farmacia\/#primaryimage"},"thumbnailUrl":"https:\/\/www.noubarris.net\/web40\/wp-content\/uploads\/2020\/04\/260420.jpg","keywords":["coronavirus","Nou Barris"],"articleSection":["Nou Barris","Societat"],"inLanguage":"ca"},{"@type":"WebPage","@id":"https:\/\/www.noubarris.net\/web40\/histories-de-covid-es-des-de-la-farmacia\/","url":"https:\/\/www.noubarris.net\/web40\/histories-de-covid-es-des-de-la-farmacia\/","name":"Hist\u00f2ries de covid-es: des de la farm\u00e0cia - NouBarris.Net","isPartOf":{"@id":"https:\/\/www.noubarris.net\/web40\/#website"},"primaryImageOfPage":{"@id":"https:\/\/www.noubarris.net\/web40\/histories-de-covid-es-des-de-la-farmacia\/#primaryimage"},"image":{"@id":"https:\/\/www.noubarris.net\/web40\/histories-de-covid-es-des-de-la-farmacia\/#primaryimage"},"thumbnailUrl":"https:\/\/www.noubarris.net\/web40\/wp-content\/uploads\/2020\/04\/260420.jpg","datePublished":"2020-04-25T22:00:31+00:00","breadcrumb":{"@id":"https:\/\/www.noubarris.net\/web40\/histories-de-covid-es-des-de-la-farmacia\/#breadcrumb"},"inLanguage":"ca","potentialAction":[{"@type":"ReadAction","target":["https:\/\/www.noubarris.net\/web40\/histories-de-covid-es-des-de-la-farmacia\/"]}]},{"@type":"ImageObject","inLanguage":"ca","@id":"https:\/\/www.noubarris.net\/web40\/histories-de-covid-es-des-de-la-farmacia\/#primaryimage","url":"https:\/\/www.noubarris.net\/web40\/wp-content\/uploads\/2020\/04\/260420.jpg","contentUrl":"https:\/\/www.noubarris.net\/web40\/wp-content\/uploads\/2020\/04\/260420.jpg","width":768,"height":432},{"@type":"BreadcrumbList","@id":"https:\/\/www.noubarris.net\/web40\/histories-de-covid-es-des-de-la-farmacia\/#breadcrumb","itemListElement":[{"@type":"ListItem","position":1,"name":"Inici","item":"https:\/\/www.noubarris.net\/web40\/"},{"@type":"ListItem","position":2,"name":"Hist\u00f2ries de covid-es: des de la farm\u00e0cia"}]},{"@type":"WebSite","@id":"https:\/\/www.noubarris.net\/web40\/#website","url":"https:\/\/www.noubarris.net\/web40\/","name":"NouBarris.Net","description":"Seguint la vida de Nou Barris des de 1985","publisher":{"@id":"https:\/\/www.noubarris.net\/web40\/#organization"},"potentialAction":[{"@type":"SearchAction","target":{"@type":"EntryPoint","urlTemplate":"https:\/\/www.noubarris.net\/web40\/?s={search_term_string}"},"query-input":{"@type":"PropertyValueSpecification","valueRequired":true,"valueName":"search_term_string"}}],"inLanguage":"ca"},{"@type":"Organization","@id":"https:\/\/www.noubarris.net\/web40\/#organization","name":"NouBarris.Net","url":"https:\/\/www.noubarris.net\/web40\/","logo":{"@type":"ImageObject","inLanguage":"ca","@id":"https:\/\/www.noubarris.net\/web40\/#\/schema\/logo\/image\/","url":"https:\/\/www.noubarris.net\/web40\/wp-content\/uploads\/2024\/11\/cropped-cropped-LOGO_9BTV-2024_Insta-1.jpg","contentUrl":"https:\/\/www.noubarris.net\/web40\/wp-content\/uploads\/2024\/11\/cropped-cropped-LOGO_9BTV-2024_Insta-1.jpg","width":512,"height":512,"caption":"NouBarris.Net"},"image":{"@id":"https:\/\/www.noubarris.net\/web40\/#\/schema\/logo\/image\/"},"sameAs":["https:\/\/www.facebook.com\/NouBarris.net\/?locale=es_ES","https:\/\/x.com\/9BTV"]},{"@type":"Person","@id":"https:\/\/www.noubarris.net\/web40\/#\/schema\/person\/1827f92aaa316c54abbf4dac0de76069","name":"Informatius","image":{"@type":"ImageObject","inLanguage":"ca","@id":"https:\/\/www.noubarris.net\/web40\/#\/schema\/person\/image\/","url":"https:\/\/secure.gravatar.com\/avatar\/87a3b47928835fc72c6ee5b0e1a7263ef0c2d05003a98189bc14926c5f11bcdb?s=96&d=mm&r=g","contentUrl":"https:\/\/secure.gravatar.com\/avatar\/87a3b47928835fc72c6ee5b0e1a7263ef0c2d05003a98189bc14926c5f11bcdb?s=96&d=mm&r=g","caption":"Informatius"},"url":"https:\/\/www.noubarris.net\/web40\/author\/tele\/"}]}},"_links":{"self":[{"href":"https:\/\/www.noubarris.net\/web40\/wp-json\/wp\/v2\/posts\/75648","targetHints":{"allow":["GET"]}}],"collection":[{"href":"https:\/\/www.noubarris.net\/web40\/wp-json\/wp\/v2\/posts"}],"about":[{"href":"https:\/\/www.noubarris.net\/web40\/wp-json\/wp\/v2\/types\/post"}],"author":[{"embeddable":true,"href":"https:\/\/www.noubarris.net\/web40\/wp-json\/wp\/v2\/users\/2"}],"replies":[{"embeddable":true,"href":"https:\/\/www.noubarris.net\/web40\/wp-json\/wp\/v2\/comments?post=75648"}],"version-history":[{"count":0,"href":"https:\/\/www.noubarris.net\/web40\/wp-json\/wp\/v2\/posts\/75648\/revisions"}],"wp:featuredmedia":[{"embeddable":true,"href":"https:\/\/www.noubarris.net\/web40\/wp-json\/wp\/v2\/media\/75651"}],"wp:attachment":[{"href":"https:\/\/www.noubarris.net\/web40\/wp-json\/wp\/v2\/media?parent=75648"}],"wp:term":[{"taxonomy":"category","embeddable":true,"href":"https:\/\/www.noubarris.net\/web40\/wp-json\/wp\/v2\/categories?post=75648"},{"taxonomy":"post_tag","embeddable":true,"href":"https:\/\/www.noubarris.net\/web40\/wp-json\/wp\/v2\/tags?post=75648"}],"curies":[{"name":"wp","href":"https:\/\/api.w.org\/{rel}","templated":true}]}}